{"id":61083,"date":"2021-10-22T12:23:36","date_gmt":"2021-10-22T09:23:36","guid":{"rendered":"https:\/\/tautastribunals.eu\/?p=61083"},"modified":"2021-10-23T18:48:52","modified_gmt":"2021-10-23T15:48:52","slug":"j-kalns-nezin-kapec-jus-tur-neaicinaja-g-astra-kauna-traips-patiesibai","status":"publish","type":"post","link":"https:\/\/tautastribunals.eu\/?p=61083","title":{"rendered":"J. Kalns. Nezin, k\u0101p\u0113c J\u016bs tur neaicin\u0101ja ?(G. Astra- kauna traips Paties\u012bbai)"},"content":{"rendered":"\n<figure class=\"wp-block-image size-large is-resized\"><img decoding=\"async\" loading=\"lazy\" src=\"https:\/\/tautastribunals.eu\/wp-content\/uploads\/2020\/08\/Helsinki-86.-LRTT.-Granti\u0146\u0161.Bord\u0101ns.Stuk\u0101ns-4.png\" alt=\"\" class=\"wp-image-57036\" width=\"1450\" height=\"159\"\/><\/figure>\n\n\n\n<p class=\"has-text-align-center has-white-color has-black-background-color has-text-color has-background\" style=\"font-size:19px\">K\u0101ds J\u0101nis Kalns man e- past\u0101 jaut\u0101: Nezin, k\u0101p\u0113c J\u016bs tur neaicina ? \u0160eit ir mana atbilde Vi\u0146am: <\/p>\n\n\n\n<p class=\"has-text-align-center has-white-color has-black-background-color has-text-color has-background\" style=\"font-size:19px\">K\u0101p\u0113c lai mani aicin\u0101tu, ja pret mani ir ierosin\u0101ta krimin\u0101llieta ? Gun\u0101ru Astru slavina t\u0101p\u0113c, ka vi\u0146\u0161 ir 4. maija kli\u0137es DISIDENTS, t\u0101ds pats k\u0101 C\u0101l\u012btis, Ziemelis, \u017dukovskis, Ro\u017ekalns&#8230;.Lasmane. Es neiederos \u0161aj\u0101 komand\u0101, jo neparakst\u012bju sadarb\u012bbu ar VI\u0145IEM. <\/p>\n\n\n\n<p class=\"has-text-align-center has-white-color has-black-background-color has-text-color has-background\" style=\"font-size:25px\">Astra ir kauna traips Latvijai un Paties\u012bbai !<\/p>\n\n\n\n<figure class=\"wp-block-embed is-type-wp-embed is-provider-iegult wp-block-embed-iegult\"><div class=\"wp-block-embed__wrapper\">\n<blockquote class=\"wp-embedded-content\" data-secret=\"hNfY7J4s67\"><a href=\"https:\/\/tautastribunals.eu\/?p=48475\">Ints C\u0101l\u012btis ir no\u017e\u0113lojams stuka\u010ds jau tre\u0161aj\u0101 paaudz\u0113 (zieme\u013ci, \u017eukovski, titavi, pupuri&#8230;)<\/a><\/blockquote><iframe class=\"wp-embedded-content\" sandbox=\"allow-scripts\" security=\"restricted\" style=\"position: absolute; clip: rect(1px, 1px, 1px, 1px);\" title=\"&#8220;Ints C\u0101l\u012btis ir no\u017e\u0113lojams stuka\u010ds jau tre\u0161aj\u0101 paaudz\u0113 (zieme\u013ci, \u017eukovski, titavi, pupuri&#8230;)&#8221; &#8212; \" src=\"https:\/\/tautastribunals.eu\/?p=48475&#038;embed=true#?secret=hNfY7J4s67\" data-secret=\"hNfY7J4s67\" width=\"500\" height=\"282\" frameborder=\"0\" marginwidth=\"0\" marginheight=\"0\" scrolling=\"no\"><\/iframe>\n<\/div><\/figure>\n\n\n\n<p class=\"has-text-align-center has-white-color has-black-background-color has-text-color has-background\" style=\"font-size:23px\">L\u016bk, G. Astras komandas locek\u013ca zi\u0146ojums par L. Granti\u0146u:<\/p>\n\n\n\n<figure class=\"wp-block-image size-large is-resized\"><img decoding=\"async\" loading=\"lazy\" src=\"https:\/\/tautastribunals.eu\/wp-content\/uploads\/2020\/11\/Ints-CalitisL.-Grantins.G.Astra_.J.Ziemelis.LRTT_-800x396.png\" alt=\"\" class=\"wp-image-58463\" width=\"1450\" height=\"718\" srcset=\"https:\/\/tautastribunals.eu\/wp-content\/uploads\/2020\/11\/Ints-CalitisL.-Grantins.G.Astra_.J.Ziemelis.LRTT_-800x396.png 800w, https:\/\/tautastribunals.eu\/wp-content\/uploads\/2020\/11\/Ints-CalitisL.-Grantins.G.Astra_.J.Ziemelis.LRTT_-300x149.png 300w, https:\/\/tautastribunals.eu\/wp-content\/uploads\/2020\/11\/Ints-CalitisL.-Grantins.G.Astra_.J.Ziemelis.LRTT_-768x380.png 768w, https:\/\/tautastribunals.eu\/wp-content\/uploads\/2020\/11\/Ints-CalitisL.-Grantins.G.Astra_.J.Ziemelis.LRTT_.png 822w\" sizes=\"(max-width: 1450px) 100vw, 1450px\" \/><\/figure>\n\n\n\n<p class=\"has-text-align-center has-white-color has-black-background-color has-text-color has-background\" style=\"font-size:19px\">Gun\u0101rs Astra uzskat\u012bja par vajadz\u012bbu tikties ar mani tikai tad, kad atrados jau vilcien\u0101 ce\u013c\u0101 uz IZRAID\u012aJUMU no Latvijas. Kliedza uz mani, ka vi\u0146a slapj\u0101 dikcija \u0161\u013c\u0101c\u0101s man sej\u0101: K\u0101p\u0113c es par H- 86 vad\u012bt\u0101ju neatst\u0101ju Juri Ziemeli ! K\u0101 m\u0113s \u0161odien zin\u0101m, tad Ziemelis bija t\u0101ds pats &#8220;disidents&#8221; k\u0101 C\u0101l\u012btis&#8230; .<\/p>\n\n\n\n<p class=\"has-text-align-center has-white-color has-vivid-red-background-color has-text-color has-background has-medium-font-size\">Pateicoties \u0161o &#8220;DISIDENTU&#8221; sadarb\u012bbai ar VDK, Latvija ir TUR KUR VI\u0145A ir un pret L. Granti\u0146u notiek M\u016a\u017d\u012aG\u0100S tiesas !<\/p>\n\n\n\n<p class=\"has-black-color has-text-color\">Janis Vilders &lt;janis.vilders@protonmail.com&gt;Mi, 13.10.2021 11:43Labdien,<\/p>\n\n\n\n<p class=\"has-black-color has-text-color\">\u0160odien tiesas s\u0113de tika atlikta, lai tiesa izpras\u012btu papildus zi\u0146as no J\u016bsu abu diagno\u017eu \u0101rst\u0113jo\u0161ajiem \u0101rstiem, vai n\u0101kam\u0101 tiesas s\u0113de var\u0113tu notikt videokonferences re\u017e\u012bm\u0101. Pl\u0101notais n\u0101kam\u0101s tiesas s\u0113des videokonferences re\u017e\u012bm\u0101 datums v\u0113l nav noteikts, ta\u010du tas var\u0113tu b\u016bt 2022.gada janv\u0101ris.<\/p>\n\n\n\n<p class=\"has-black-color has-text-color\">Ar cie\u0146u,<\/p>\n\n\n\n<p class=\"has-black-color has-text-color\">J\u0101nis Vilders<br>mob.26319840<\/p>\n\n\n\n<p>22.10.21<\/p>\n\n\n\n<p class=\"has-text-align-center has-white-color has-black-background-color has-text-color has-background has-large-font-size\">J\u0101nis Kalns<\/p>\n\n\n\n<p class=\"has-text-align-center\">Nezin, kapec Jus tur neaicinaaja?<em>\ue946<\/em>Sie haben am Fr, 22.10.2021 10:42 geantwortet.<em>\uf782<\/em><a href=\"javascript:void(0);\">Nachricht \u00fcbersetzen in: Deutsch<\/a> | <a href=\"javascript:void(0);\">Nie \u00fcbersetzen aus: Lettisch<\/a>Sie haben am Fr, 22.10.2021 10:42 geantwortet.Janis Kalns &lt;dzeimss2a@inbox.lv&gt;Fr, 22.10.2021 09:16<\/p>\n\n\n\n<h1>Notiks Latvijas br\u012bv\u012bbas c\u012bn\u012bt\u0101jam Gun\u0101ram Astram velt\u012bts piemi\u0146as pas\u0101kums<\/h1>\n\n\n\n<p class=\"has-black-color has-text-color\" style=\"font-size:19px\">Tie\u0161saist\u0113 \u0161odien plkst.11 notiks Latvijas Nacion\u0101l\u0101s preto\u0161an\u0101s kust\u012bbas dal\u012bbnieka Gun\u0101ra Astras jubilejas piemi\u0146as pas\u0101kums, ko r\u012bko Latvijas Okup\u0101cijas muzejs (LOM).K\u0101 inform\u0113ja LOM p\u0101rst\u0101ve Inese Jansone, Astra nesamierin\u0101j\u0101s ar padomju okup\u0101ciju Latvij\u0101 un nevardarb\u012bgi pretoj\u0101s okup\u0101cijas varai pag\u0101ju\u0161\u0101 gadsimta 60. un 80.gados. Okup\u0101cijas re\u017e\u012bms Astru ties\u0101ja divas reizes. 1961.gad\u0101 vi\u0146u aps\u016bdz\u0113ja da\u017e\u0101d\u0101s pretpadomju darb\u012bb\u0101s un piesprieda 15 gadus pastiprin\u0101t\u0101 re\u017e\u012bma labo\u0161anas darbu kolonij\u0101. Otro reizi 1983.gad\u0101 par pretpadomju a\u0123it\u0101ciju un propagandu, piesprie\u017eot septi\u0146us gadus ieslodz\u012bjum\u0101 sevi\u0161\u0137a re\u017e\u012bma labo\u0161anas darbu kolonij\u0101, piecus gadus izs\u016bt\u012bjum\u0101, k\u0101 ar\u012b atz\u012bstot par sevi\u0161\u0137i b\u012bstamu recid\u012bvistu. 1988.gada janv\u0101r\u012b uz Astru tika attiecin\u0101ts PSRS Augst\u0101k\u0101s padomes dekr\u0113ts par amnestiju un 1.febru\u0101r\u012b vi\u0146\u0161 tika atbr\u012bvots. P\u0113c diviem m\u0113ne\u0161iem vi\u0146\u0161 m\u012bklainos apst\u0101k\u013cos mira \u013be\u0146ingradas kara hospit\u0101l\u012b. Jansone atz\u012bm\u0113ja, ka \u012bpa\u0161a noz\u012bme ir Astras runai &#8211; 1983.gada 15.decembr\u012b LPSR Augst\u0101kaj\u0101 ties\u0101 teiktajam p\u0113d\u0113jam v\u0101rdam, kas beidzas ar m\u016bsdien\u0101s daudz cit\u0113to fr\u0101zi &#8220;Es ticu, ka \u0161is laiks izgais\u012bs k\u0101 \u013cauns murgs. Tas dod man sp\u0113ku \u0161eit st\u0101v\u0113t un elpot&#8221;. \u0160\u012b runa, iesp\u0113jams, ir viena no noz\u012bm\u012bg\u0101kaj\u0101m politiskaj\u0101m run\u0101m Latvijas valsts v\u0113stur\u0113. T\u0101 pier\u0101da, ka Latvijas valsts neatkar\u012bbas ideja bija dz\u012bva visu padomju okup\u0101cijas periodu. LOM p\u0101rst\u0101ve nor\u0101d\u012bja, ka par Astras vair\u0101k nek\u0101 19 ieslodz\u012bjum\u0101 pavad\u012btajiem gadiem sevi\u0161\u0137a re\u017e\u012bma labo\u0161anas darbu kolonij\u0101 liecina priek\u0161meti, kurus tuvinieki ir d\u0101vin\u0101ju\u0161i muzejam. Piem\u0113ram, 57 v\u0113stules, kuras Astra rakst\u012bja no ieslodz\u012bjuma Larionam R\u012bg\u0101. \u0160\u012bs v\u0113stules muzejam 2011.gad\u0101 d\u0101vin\u0101ja Astras vec\u0101kais br\u0101lis Harijs Astra. LOM ik gadu Astras dzim\u0161anas dien\u0101 22.oktobr\u012b r\u012bko piemi\u0146as pas\u0101kumus. \u0160ogad Covid-19 pand\u0113mijas noteikto ierobe\u017eojumu d\u0113\u013c pas\u0101kums notiks tie\u0161saist\u0113 platform\u0101 &#8220;Zoom&#8221;. Pas\u0101kuma dal\u012bbniekus uzrun\u0101s Astras br\u0101lis Leons Astra, Latvijas Neatkar\u012bbas kust\u012bbas dal\u012bbnieks, Astras laika un domu biedrs J\u0101nis Ro\u017ekalns, teolo\u0123ijas doktors Guntis Kalme un LOM v\u0113sturnieks Gints Apals. Astras v\u0113stu\u013cu fragmentus, kas glab\u0101jas LOM kr\u0101jum\u0101, las\u012bs aktieris \u0112riks Vilsons.<\/p>\n\n\n\n<p class=\"has-text-align-center has-white-color has-vivid-red-background-color has-text-color has-background has-medium-font-size\">L\u016bk, \u012bsts Latvijas patriots, kur\u0161 tikko mira nabadz\u012bb\u0101 un pamest\u012bb\u0101 ! G. Astra, ja j\u0101sal\u012bdzina vi\u0146u ar \u0122edertu Melngaili, ir tikai smird\u012bgs un nodev\u012bgs m\u0113sla gabals uz pu\u013c\u0137a gala !<\/p>\n\n\n\n<figure class=\"wp-block-image size-large is-resized\"><img decoding=\"async\" loading=\"lazy\" src=\"https:\/\/tautastribunals.eu\/wp-content\/uploads\/2021\/10\/Gederts-Melngaili.L.Grantins.LRTT_.png\" alt=\"\" class=\"wp-image-60999\" width=\"821\" height=\"594\" srcset=\"https:\/\/tautastribunals.eu\/wp-content\/uploads\/2021\/10\/Gederts-Melngaili.L.Grantins.LRTT_.png 644w, https:\/\/tautastribunals.eu\/wp-content\/uploads\/2021\/10\/Gederts-Melngaili.L.Grantins.LRTT_-300x217.png 300w\" sizes=\"(max-width: 821px) 100vw, 821px\" \/><\/figure>\n\n\n\n<p><\/p>\n\n\n\n<p><\/p>\n","protected":false},"excerpt":{"rendered":"<p>K\u0101ds J\u0101nis Kalns man e- past\u0101 jaut\u0101: Nezin, k\u0101p\u0113c J\u016bs tur neaicina ? \u0160eit ir mana atbilde Vi\u0146am: K\u0101p\u0113c lai mani aicin\u0101tu, ja pret mani ir ierosin\u0101ta krimin\u0101llieta ? Gun\u0101ru Astru slavina t\u0101p\u0113c, ka&#46;&#46;&#46;<\/p>\n","protected":false},"author":1,"featured_media":53501,"comment_status":"open","ping_status":"open","sticky":false,"template":"","format":"standard","meta":[],"categories":[1],"tags":[],"_links":{"self":[{"href":"https:\/\/tautastribunals.eu\/index.php?rest_route=\/wp\/v2\/posts\/61083"}],"collection":[{"href":"https:\/\/tautastribunals.eu\/index.php?rest_route=\/wp\/v2\/posts"}],"about":[{"href":"https:\/\/tautastribunals.eu\/index.php?rest_route=\/wp\/v2\/types\/post"}],"author":[{"embeddable":true,"href":"https:\/\/tautastribunals.eu\/index.php?rest_route=\/wp\/v2\/users\/1"}],"replies":[{"embeddable":true,"href":"https:\/\/tautastribunals.eu\/index.php?rest_route=%2Fwp%2Fv2%2Fcomments&post=61083"}],"version-history":[{"count":10,"href":"https:\/\/tautastribunals.eu\/index.php?rest_route=\/wp\/v2\/posts\/61083\/revisions"}],"predecessor-version":[{"id":61096,"href":"https:\/\/tautastribunals.eu\/index.php?rest_route=\/wp\/v2\/posts\/61083\/revisions\/61096"}],"wp:featuredmedia":[{"embeddable":true,"href":"https:\/\/tautastribunals.eu\/index.php?rest_route=\/wp\/v2\/media\/53501"}],"wp:attachment":[{"href":"https:\/\/tautastribunals.eu\/index.php?rest_route=%2Fwp%2Fv2%2Fmedia&parent=61083"}],"wp:term":[{"taxonomy":"category","embeddable":true,"href":"https:\/\/tautastribunals.eu\/index.php?rest_route=%2Fwp%2Fv2%2Fcategories&post=61083"},{"taxonomy":"post_tag","embeddable":true,"href":"https:\/\/tautastribunals.eu\/index.php?rest_route=%2Fwp%2Fv2%2Ftags&post=61083"}],"curies":[{"name":"wp","href":"https:\/\/api.w.org\/{rel}","templated":true}]}}