{"id":6092,"date":"2011-06-28T20:54:51","date_gmt":"2011-06-28T17:54:51","guid":{"rendered":"http:\/\/tautastribunals.eu\/?p=6092"},"modified":"2011-06-28T20:54:51","modified_gmt":"2011-06-28T17:54:51","slug":"antiglobalists-andris-orols-saka","status":"publish","type":"post","link":"https:\/\/tautastribunals.eu\/?p=6092","title":{"rendered":"Antiglob\u0101lists Andris Orols saka"},"content":{"rendered":"<p><span style=\"color: #000080\"><em><strong><img decoding=\"async\" loading=\"lazy\" class=\"alignleft size-full wp-image-6094\" src=\"http:\/\/tautastribunals.eu\/wp-content\/uploads\/2011\/06\/Andris-Orols1.jpg\" alt=\"Andris-Orols1\" width=\"114\" height=\"144\" \/>Andris Orols<\/strong><\/em> saka: <\/span><\/p>\n<p><a href=\"http:\/\/tautastribunals.eu\/?p=5883&amp;cpage=2#comment-8321\"><span style=\"color: #333399\">2011. gada 22. j\u016bnijs 21.16<\/span><\/a><span style=\"color: #333399\">\u00a0\u00a0<\/span><a title=\"Labot koment\u0101ru\" href=\"http:\/\/tautastribunals.eu\/wp-admin\/comment.php?action=editcomment&amp;c=8321\"><span style=\"color: #333399\">(Labot)<\/span><\/a><\/p>\n<p><span style=\"color: #333399\">Kas \u0161os te murgus sarakst\u012bja? Galva saspiesta b\u0113rn\u012bb\u0101, vai k\u0101 cit\u0101di?<br \/>\n<strong>Antiglob\u0101listiem<\/strong> nav nek\u0101 kop\u012bga ne ar <strong>Maskavu<\/strong>, ne <strong>Va\u0161ingtonu,<\/strong> ne <strong>Briseli<\/strong>, ne jel ko citu! Piln\u012bgs v\u0101jpr\u0101ts! Z\u0101l\u012bti maz\u0101k vajag p\u012bp\u0113t un vis\u0101dus dra\u0146\u0137us dzert!<br \/>\nP.S. Starp citu <strong>Sigurds Graudi\u0146\u0161<\/strong> maij\u0101 jau ir izsl\u0113gts no<em> AG biedr\u012bbas par zemas kult\u016bras komunik\u0101ciju<\/em>, <span style=\"text-decoration: underline\">bet sal\u012bdzino\u0161i vi\u0146a komunik\u0101ciju stils ir v\u0113l jauks sal\u012bdzino\u0161i ar \u0161aj\u0101 www atrodamo<\/span>.&#8212;&#8212;&#8212;&#8212;&#8212;&#8212;&#8212;&#8212;&#8212;&#8212;&#8212;&#8212;&#8212;&#8212;&#8212;&#8212;&#8212;&#8212;&#8212;&#8212;&#8212;&#8212;&#8212;&#8212;&#8212;&#8212;&#8212;&#8212;&#8212;-<\/span><span style=\"color: #0000ff\">L.Granti\u0146 \u2013 tu ar\u012b mani nosauci par noziedznieku? Ko? Un v\u0113l Maskavas a\u0123entu?<br \/>\nTavai zin\u0101\u0161anai \u2013 pirmo reizi dz\u012bvu \u010dekistu ieraudz\u012bju 16 gadu vecum\u0101, kad septi\u0146desmitajos gados 18.nov. atz\u012bm\u0113j\u0101m pie Br\u012bv\u012bbas pieminek\u013ca dziedot valsts himnu.<strong> Mums uzklupa vesels bars ar mili\u010diem<\/strong>. T\u0101 k\u0101 bij\u0101m nepilngad\u012bgi, mums tik draud\u012bgi pakrat\u012bja ar pirkstu utt. Un 1981.gad\u0101 vidusskolas izlaiduma turpin\u0101jums notika manu vec\u0101ku m\u0101j\u0101 (net\u0101lu no skolas) un ar sarkanbaltsarkanu karogu pie sienas! <strong>Un tu mani nosauc par nodev\u0113ju?<\/strong> K\u0101 nodev\u0113ju?<br \/>\n<strong><span style=\"color: #ff0000\">Gadiem ritot esmu apjautis daudzas lietas un izpratne gan par nacion\u0101lismu, gan par patriotismu ir krietni pilnveidojusies.<br \/>\n<\/span><\/strong>P.S. Sigurds Graudi\u0146\u0161 kop\u0161 maija vairs nav m\u016bsu rind\u0101s un visas vi\u0146a aktivit\u0101tes ir j\u0101v\u0113rt\u0113 tikai un vien\u012bgi k\u0101 vi\u0146a person\u012bg\u0101s.<\/span><\/p>\n<p><span style=\"color: #008000\"><strong>===================================================<\/strong><\/span><\/p>\n<p><span style=\"color: #008000\">K\u0101p\u0113c tad tik agres\u012bvi, <strong>Andri Orol ?<\/strong><\/span><\/p>\n<p><span style=\"color: #008000\">\u00a0Kaut gan p\u0113d\u0113jais koment\u0101rs jau mazliet piekl\u0101j\u012bg\u0101ks: <\/span><a href=\"http:\/\/tautastribunals.eu\/?p=6013#comment-8356\"><span style=\"color: #0000ff\">http:\/\/tautastribunals.eu\/?p=6013#comment-8356<\/span><\/a><span style=\"color: #008000\"><span style=\"color: #0000ff\">\u00a0<\/span><\/span><\/p>\n<p><span style=\"color: #008000\">Neviens person\u012bgi J\u016bs nav apvainojis nodev\u012bb\u0101, bet k\u0101 jau pirmaj\u0101 rakst\u0101 teikts, lai run\u0101 foto: <\/span><a href=\"http:\/\/tautastribunals.eu\/?p=5883\"><span style=\"color: #0000ff\">http:\/\/tautastribunals.eu\/?p=5883<\/span><\/a><span style=\"color: #008000\">\u00a0 Foto &#8220;run\u0101&#8221; <strong>ne to!!!<\/strong>, ko saka pats <strong>Orola kungs<\/strong>. <\/span><\/p>\n<p><span style=\"color: #008000\">Viss jau it k\u0101 pareizi, bet tr\u016bkst tikai pats agres\u012bv\u0101kais m\u016bsu tautas ienaidnieks, <strong>slepkavniecisk\u0101 Krievija<\/strong>. <\/span><\/p>\n<h1><span style=\"color: #008000\">K\u0101p\u0113c ?\u00a0<\/span><\/h1>\n<p><span style=\"color: #008000\">Nekur un nevien\u0101 viet\u0101 <strong>Orola kungs<\/strong> nepiesauc <strong>Tiesiskumu.<\/strong> Bez <strong>Tiesiskuma<\/strong> atjauno\u0161anas<strong> Latvij\u0101<\/strong> m\u0113s neko nepan\u0101ksim. <strong><em>Netiek ar\u012b atkl\u0101ti nosaukti vain\u012bgie&#8230;<\/em><\/strong> . T\u0101tad,<strong> Orola kungs<\/strong>, no j\u016bsu organiz\u0101cijas puses notiek tuk\u0161a v\u0101r\u012b\u0161an\u0101s, c\u012b\u0146as imit\u0113\u0161ana. Un \u0161in\u012b gad\u012bjum\u0101 tas <em><span style=\"text-decoration: underline\">kalpo latvie\u0161u tautas ienaidnieku interes\u0113m<\/span><\/em>. <\/span><\/p>\n<p><span style=\"color: #008000\">J\u016bsu <strong>&#8220;biju\u0161ais&#8221;<\/strong> biedrs pat s\u016bdz\u0113jas prezidentam par latvie\u0161u valodas m\u0101c\u012b\u0161anu:<span style=\"color: #0000ff\"> <\/span><\/span><a href=\"http:\/\/baltijalv.lv\/news\/read\/16880\"><span style=\"color: #0000ff\">http:\/\/baltijalv.lv\/news\/read\/16880<\/span><\/a><span style=\"color: #008000\">\u00a0<\/span><\/p>\n<p><span style=\"color: #008000\">Vai esat \u0161o izl\u0113cienu nosod\u012bjis ? <\/span><\/p>\n<h2><span style=\"color: #008000\">Atbilde skan:\u00a0N\u0112 !!!\u00a0<\/span><\/h2>\n<p><span style=\"color: #008000\">T\u0101tad, k\u0101 interes\u0113m kalpo <strong>Antiglob\u0101listi,<\/strong> koment\u0101rus neprasa. Un ko noz\u012bm\u0113 \u0161is J\u016bsu teiktais:<\/span><span style=\"color: #008000\"><span style=\"color: #0000ff\">&#8220;<strong>Gadiem ritot esmu apjautis daudzas lietas un izpratne gan par nacion\u0101lismu, gan par patriotismu ir krietni pilnveidojusies.&#8221;<\/strong><\/span> <\/span><\/p>\n<p><span style=\"color: #008000\">Dom\u0101jams,<strong>\u00a0nevis pilnveidojusies, bet gan degrad\u0113jusies !<\/strong><\/span><\/p>\n<p><span style=\"color: #008000\"><strong>Andri Orol,<\/strong> nekas nav <strong>&#8220;j\u0101pilnveido&#8221;,<\/strong> kas attiecas uz <strong><em>nacion\u0101lismu un patriotismu<\/em><\/strong>, bet gan j\u0101iev\u0113ro vienm\u0113r un visur <strong>TIESISKUMS<\/strong>. <\/span><\/p>\n<h2><span style=\"color: #008000\">Tad viss nost\u0101sies sav\u0101s viet\u0101s. <\/span><\/h2>\n<p><span style=\"color: #008000\">J\u0101, <strong>Andri Orol<\/strong>, tad krieviem b\u016bs j\u0101brauc m\u0101j\u0101s, un <strong><em><span style=\"text-decoration: underline\">godma\u0146veid\u012bgie izdzimte\u0146i<\/span><\/em><\/strong> tiks pak\u0101rti stacijas laukum\u0101, jo to paredz <strong>TIESISKUMS<\/strong> <em>(starptautiskie likumi-konvencijas).<\/em><\/span><\/p>\n<p><span style=\"color: #008000\"><em>Un pats galvenais,<strong> Andri Orol,<\/strong> Jums vairs nevajadz\u0113s medit\u0113t un izmedit\u0113t t\u0101das mu\u013c\u0137\u012bbas:<span style=\"color: #0000ff\">&#8220;Lai samazin\u0101tu Zemes iedz\u012bvot\u0101ju skaitu, p\u0101rtikai tiek pievienotas \u0137\u012bmiskas piedevas un tiek izplat\u012bta modific\u0113ta p\u0101rtika, kas bend\u0113 cilv\u0113ku vesel\u012bbu, lai tie k\u013c\u016btu sterili un vairs nesp\u0113tu rad\u012bt p\u0113cn\u0101c\u0113jus.&#8221;:\u00a0 <\/span><\/em><\/span><a href=\"http:\/\/www.saskarsmei.lv\/2010\/06\/dzives-jega-ir-pati-dzive\/\">http:\/\/www.saskarsmei.lv\/2010\/06\/dzives-jega-ir-pati-dzive\/<\/a><\/p>\n<p>LRTT. 26.06.11<\/p>\n","protected":false},"excerpt":{"rendered":"<p>Andris Orols saka: 2011. gada 22. j\u016bnijs 21.16\u00a0\u00a0(Labot) Kas \u0161os te murgus sarakst\u012bja? Galva saspiesta b\u0113rn\u012bb\u0101, vai k\u0101 cit\u0101di? Antiglob\u0101listiem nav nek\u0101 kop\u012bga ne ar Maskavu, ne Va\u0161ingtonu, ne Briseli, ne jel ko citu!&#46;&#46;&#46;<\/p>\n","protected":false},"author":6,"featured_media":0,"comment_status":"open","ping_status":"open","sticky":false,"template":"","format":"standard","meta":[],"categories":[1],"tags":[],"_links":{"self":[{"href":"https:\/\/tautastribunals.eu\/index.php?rest_route=\/wp\/v2\/posts\/6092"}],"collection":[{"href":"https:\/\/tautastribunals.eu\/index.php?rest_route=\/wp\/v2\/posts"}],"about":[{"href":"https:\/\/tautastribunals.eu\/index.php?rest_route=\/wp\/v2\/types\/post"}],"author":[{"embeddable":true,"href":"https:\/\/tautastribunals.eu\/index.php?rest_route=\/wp\/v2\/users\/6"}],"replies":[{"embeddable":true,"href":"https:\/\/tautastribunals.eu\/index.php?rest_route=%2Fwp%2Fv2%2Fcomments&post=6092"}],"version-history":[{"count":22,"href":"https:\/\/tautastribunals.eu\/index.php?rest_route=\/wp\/v2\/posts\/6092\/revisions"}],"predecessor-version":[{"id":6127,"href":"https:\/\/tautastribunals.eu\/index.php?rest_route=\/wp\/v2\/posts\/6092\/revisions\/6127"}],"wp:attachment":[{"href":"https:\/\/tautastribunals.eu\/index.php?rest_route=%2Fwp%2Fv2%2Fmedia&parent=6092"}],"wp:term":[{"taxonomy":"category","embeddable":true,"href":"https:\/\/tautastribunals.eu\/index.php?rest_route=%2Fwp%2Fv2%2Fcategories&post=6092"},{"taxonomy":"post_tag","embeddable":true,"href":"https:\/\/tautastribunals.eu\/index.php?rest_route=%2Fwp%2Fv2%2Ftags&post=6092"}],"curies":[{"name":"wp","href":"https:\/\/api.w.org\/{rel}","templated":true}]}}