{"id":60819,"date":"2021-09-23T19:11:15","date_gmt":"2021-09-23T16:11:15","guid":{"rendered":"https:\/\/tautastribunals.eu\/?p=60819"},"modified":"2021-09-23T19:12:55","modified_gmt":"2021-09-23T16:12:55","slug":"ja-kads-saka-covids-nav-tad-iesplauj-tadam-purna","status":"publish","type":"post","link":"https:\/\/tautastribunals.eu\/?p=60819","title":{"rendered":"Ja k\u0101ds saka: COVIDs nav, tad iesp\u013cauj t\u0101dam purn\u0101 !"},"content":{"rendered":"\n<figure class=\"wp-block-image size-large is-resized\"><img decoding=\"async\" loading=\"lazy\" src=\"https:\/\/tautastribunals.eu\/wp-content\/uploads\/2020\/05\/L.Granti\u0146\u0161.J.Z\u012bvertsBord\u0101nsBut\u0101nsLRTT-1-800x116.png\" alt=\"\" class=\"wp-image-55995\" width=\"1450\" height=\"210\" srcset=\"https:\/\/tautastribunals.eu\/wp-content\/uploads\/2020\/05\/L.Granti\u0146\u0161.J.Z\u012bvertsBord\u0101nsBut\u0101nsLRTT-1-800x116.png 800w, https:\/\/tautastribunals.eu\/wp-content\/uploads\/2020\/05\/L.Granti\u0146\u0161.J.Z\u012bvertsBord\u0101nsBut\u0101nsLRTT-1-300x44.png 300w, https:\/\/tautastribunals.eu\/wp-content\/uploads\/2020\/05\/L.Granti\u0146\u0161.J.Z\u012bvertsBord\u0101nsBut\u0101nsLRTT-1-768x112.png 768w, https:\/\/tautastribunals.eu\/wp-content\/uploads\/2020\/05\/L.Granti\u0146\u0161.J.Z\u012bvertsBord\u0101nsBut\u0101nsLRTT-1.png 1073w\" sizes=\"(max-width: 1450px) 100vw, 1450px\" \/><\/figure>\n\n\n\n<p class=\"has-text-align-center has-background has-medium-font-size\" style=\"background-color:#d9fbee\"><a href=\"https:\/\/www.tvnet.lv\/7345036\/savu-mazuli-redzeja-tikai-fotografijas-kapec-cinu-ar-covid-19-zaudeja-19-gadus-veca-mamina\">https:\/\/www.tvnet.lv\/7345036\/savu-mazuli-redzeja-tikai-fotografijas-kapec-cinu-ar-covid-19-zaudeja-19-gadus-veca-mamina<\/a><\/p>\n\n\n\n<p class=\"has-black-color has-text-color has-background\" style=\"background-color:#dff6ee;font-size:19px\">Latviet, ja k\u0101ds tev saka, ka <strong>COVID<\/strong>s nav, tad iesp\u013cauj t\u0101dam purn\u0101 ! J\u0101, tu nep\u0101rklaus\u012bjies, jo seja ir tikai cilv\u0113kiem\u2026 . Noklausieties \u0161eit ievietoto video un, dom\u0101ju, ka tad saprat\u012bsiet kas ir <strong>COVID<\/strong>s un kas ir akt\u012bvie <strong>ANTIVAKSERI<\/strong>. <\/p>\n\n\n\n<p class=\"has-black-color has-text-color has-background\" style=\"background-color:#dff6ee;font-size:19px\">Vai tev, latviet, pat nav no cepures iespiest\u0101 rieva smadzen\u0113s, ja neredzi vi\u0146u sludin\u0101t\u0101 piln\u012bgu lo\u0123ikas tr\u016bkumu. Apskaties raksta beig\u0101s tos purnus un paskaties tad spogul\u012b uz sevi ! Kur\u0101 no tiem purniem tu redzi kaut maz\u0101ko intelekta paz\u012bmi ? <\/p>\n\n\n\n<p class=\"has-black-color has-text-color has-background\" style=\"background-color:#dff6ee;font-size:19px\">Un, uz kuru <strong>DEBESS PUSI<\/strong> ir v\u0113rsti \u0161o paraz\u012btu skatieni ? Skat\u2019, ko viens no antivakseriem<em>(Sandris To\u010ds) <\/em>raksta <strong>Feisbuk\u0101: <\/strong><em>\u201cVladimirs Putins 20 gados Krieviju no v\u0101jas valsts ir pac\u0113lis par stipru un att\u012bst\u012btu valsti, ar ko j\u0101r\u0113\u0137in\u0101s vis\u0101 Pasaul\u0113\u2026!\u201d<\/em> <\/p>\n\n\n\n<p class=\"has-black-color has-text-color has-background\" style=\"background-color:#dff6ee;font-size:19px\">Protams, ka <strong>\u201cstipra\u201d ! <\/strong>Ja m\u0113rka\u0137im iedos gran\u0101tu, vai b\u016bs k\u0101ds, kur\u0161 nebaid\u012bsies ? Tikai k\u0101p\u0113c \u0161ai <strong>\u201cstipriniecei\u201d<\/strong> nav ties\u012bbas olimpi\u0101d\u0113s uzst\u0101ties ar savu karogu ? Interesanti tikai, ka \u0161aj\u0101 <strong>\u201catt\u012bst\u012btaj\u0101 valsti\u201d<\/strong> visi sazin\u0101s ar \u0101rzemju telefoniem, skat\u0101s \u0101rzemju televizorus, brauc ar \u0101rzemju ma\u0161\u012bn\u0101m\u2026 . Vai tu, latviet, v\u0113lies dz\u012bvot <strong>To\u010da <\/strong>slavin\u0101taj\u0101 <strong>\u201catt\u012bst\u012bbas pasaul\u0113\u201d<\/strong> ? Vai nesaproti, ka vi\u0146i \u0161o pasaules s\u0113rgu- <strong>COVID,<\/strong> izmanto politiskos nol\u016bkos, lai izn\u012bcin\u0101tu m\u016bsu <strong>Dzimteni <\/strong>? <\/p>\n\n\n\n<p class=\"has-black-color has-text-color has-background\" style=\"background-color:#dff6ee;font-size:19px\">J\u0101, \u0161odien m\u016bsu <strong>T\u0113vzem\u0113 <\/strong>pie teik\u0161anas ir noziedznieki, bet m\u0113s tom\u0113r esam <strong>DE JURE Latvija<\/strong> ! Pien\u0101ks diena, kad \u0161ie noziedznieki <strong>\u201cs\u0113d\u0113s vai kar\u0101sies\u201d<\/strong> un m\u0113s atkal var\u0113sim baud\u012bt savu<strong> Br\u012bv\u012bbu<\/strong>&nbsp; !&nbsp; Uzsp\u013cauj \u0161iem de\u0123ener\u0101tiem, dom\u0101 par savu vesel\u012bbu un valsti, jo sav\u0101d\u0101k m\u016bs var <strong>Eiropa <\/strong>noblo\u0137\u0113t, ka paliksim bez r\u016bpniec\u012bbas un visa p\u0101r\u0113j\u0101. Tas ir \u0161o putinisko antivakseru m\u0113r\u0137is, bet vai tas ir ar\u012b tavs ?<\/p>\n\n\n\n<p><\/p>\n\n\n\n<p class=\"has-text-align-center has-white-color has-text-color has-background\" style=\"background-color:#ad279d;font-size:22px\">\u0413\u043b\u0430\u0432\u043d\u044b\u0439 \u0441\u043f\u0435\u0446\u0438\u0430\u043b\u0438\u0441\u0442 \u043f\u043e COVID \u0413\u043e\u043b\u0443\u0431\u043e\u0432\u0441\u043a\u0430\u044f. \u041a\u0430\u043a \u0441\u043f\u0430\u0441\u0442\u0438\u0441\u044c \u043e\u0442 \u043a\u043e\u0440\u043e\u043d\u0430\u0432\u0438\u0440\u0443\u0441\u0430, \u00ab\u0414\u0435\u043b\u044c\u0442\u0430\u00bb. \u0412 \u0433\u043e\u0441\u0442\u044f\u0445 \u0443 \u0413\u043e\u0440\u0434\u043e\u043d\u0430<\/p>\n\n\n\n<figure class=\"wp-block-embed is-type-video is-provider-youtube wp-block-embed-youtube wp-embed-aspect-16-9 wp-has-aspect-ratio\"><div class=\"wp-block-embed__wrapper\">\n<div class=\"video-container\"><iframe loading=\"lazy\" title=\"\u0413\u043b\u0430\u0432\u043d\u044b\u0439 \u0441\u043f\u0435\u0446\u0438\u0430\u043b\u0438\u0441\u0442 \u043f\u043e COVID \u0413\u043e\u043b\u0443\u0431\u043e\u0432\u0441\u043a\u0430\u044f. \u041a\u0430\u043a \u0441\u043f\u0430\u0441\u0442\u0438\u0441\u044c \u043e\u0442 \u043a\u043e\u0440\u043e\u043d\u0430\u0432\u0438\u0440\u0443\u0441\u0430, \u00ab\u0414\u0435\u043b\u044c\u0442\u0430\u00bb. \u0412 \u0433\u043e\u0441\u0442\u044f\u0445 \u0443 \u0413\u043e\u0440\u0434\u043e\u043d\u0430\" width=\"500\" height=\"281\" src=\"https:\/\/www.youtube.com\/embed\/S3VjqaFOx1Y?feature=oembed&#038;wmode=opaque\" frameborder=\"0\" allow=\"accelerometer; autoplay; clipboard-write; encrypted-media; gyroscope; picture-in-picture\" allowfullscreen><\/iframe><\/div>\n<\/div><\/figure>\n\n\n\n<p>23.09.21<\/p>\n\n\n\n<figure class=\"wp-block-image size-large is-resized\"><img decoding=\"async\" loading=\"lazy\" src=\"https:\/\/tautastribunals.eu\/wp-content\/uploads\/2021\/09\/L.GrantinsJeremejevs-tautas-fronte.godmanis.Berzins.LRTT_-504x800.png\" alt=\"\" class=\"wp-image-60823\" width=\"1450\" height=\"2302\" srcset=\"https:\/\/tautastribunals.eu\/wp-content\/uploads\/2021\/09\/L.GrantinsJeremejevs-tautas-fronte.godmanis.Berzins.LRTT_-504x800.png 504w, https:\/\/tautastribunals.eu\/wp-content\/uploads\/2021\/09\/L.GrantinsJeremejevs-tautas-fronte.godmanis.Berzins.LRTT_-189x300.png 189w, https:\/\/tautastribunals.eu\/wp-content\/uploads\/2021\/09\/L.GrantinsJeremejevs-tautas-fronte.godmanis.Berzins.LRTT_-768x1219.png 768w, https:\/\/tautastribunals.eu\/wp-content\/uploads\/2021\/09\/L.GrantinsJeremejevs-tautas-fronte.godmanis.Berzins.LRTT_.png 800w\" sizes=\"(max-width: 1450px) 100vw, 1450px\" \/><\/figure>\n\n\n\n<p><\/p>\n\n\n\n<p><\/p>\n","protected":false},"excerpt":{"rendered":"<p>https:\/\/www.tvnet.lv\/7345036\/savu-mazuli-redzeja-tikai-fotografijas-kapec-cinu-ar-covid-19-zaudeja-19-gadus-veca-mamina Latviet, ja k\u0101ds tev saka, ka COVIDs nav, tad iesp\u013cauj t\u0101dam purn\u0101 ! J\u0101, tu nep\u0101rklaus\u012bjies, jo seja ir tikai cilv\u0113kiem\u2026 . Noklausieties \u0161eit ievietoto video un, dom\u0101ju, ka tad saprat\u012bsiet kas ir&#46;&#46;&#46;<\/p>\n","protected":false},"author":1,"featured_media":58802,"comment_status":"open","ping_status":"open","sticky":false,"template":"","format":"standard","meta":[],"categories":[1],"tags":[],"_links":{"self":[{"href":"https:\/\/tautastribunals.eu\/index.php?rest_route=\/wp\/v2\/posts\/60819"}],"collection":[{"href":"https:\/\/tautastribunals.eu\/index.php?rest_route=\/wp\/v2\/posts"}],"about":[{"href":"https:\/\/tautastribunals.eu\/index.php?rest_route=\/wp\/v2\/types\/post"}],"author":[{"embeddable":true,"href":"https:\/\/tautastribunals.eu\/index.php?rest_route=\/wp\/v2\/users\/1"}],"replies":[{"embeddable":true,"href":"https:\/\/tautastribunals.eu\/index.php?rest_route=%2Fwp%2Fv2%2Fcomments&post=60819"}],"version-history":[{"count":6,"href":"https:\/\/tautastribunals.eu\/index.php?rest_route=\/wp\/v2\/posts\/60819\/revisions"}],"predecessor-version":[{"id":60826,"href":"https:\/\/tautastribunals.eu\/index.php?rest_route=\/wp\/v2\/posts\/60819\/revisions\/60826"}],"wp:featuredmedia":[{"embeddable":true,"href":"https:\/\/tautastribunals.eu\/index.php?rest_route=\/wp\/v2\/media\/58802"}],"wp:attachment":[{"href":"https:\/\/tautastribunals.eu\/index.php?rest_route=%2Fwp%2Fv2%2Fmedia&parent=60819"}],"wp:term":[{"taxonomy":"category","embeddable":true,"href":"https:\/\/tautastribunals.eu\/index.php?rest_route=%2Fwp%2Fv2%2Fcategories&post=60819"},{"taxonomy":"post_tag","embeddable":true,"href":"https:\/\/tautastribunals.eu\/index.php?rest_route=%2Fwp%2Fv2%2Ftags&post=60819"}],"curies":[{"name":"wp","href":"https:\/\/api.w.org\/{rel}","templated":true}]}}