{"id":60730,"date":"2021-09-02T12:48:45","date_gmt":"2021-09-02T09:48:45","guid":{"rendered":"https:\/\/tautastribunals.eu\/?p=60730"},"modified":"2021-09-03T13:41:29","modified_gmt":"2021-09-03T10:41:29","slug":"lato-lapsa-egila-levita-asinsbralis","status":"publish","type":"post","link":"https:\/\/tautastribunals.eu\/?p=60730","title":{"rendered":"Lato Lapsa Egila Levita asinsbr\u0101lis"},"content":{"rendered":"\n<p><\/p>\n\n\n\n<figure class=\"wp-block-image size-large is-resized\"><img decoding=\"async\" loading=\"lazy\" src=\"https:\/\/tautastribunals.eu\/wp-content\/uploads\/2020\/02\/L.Granti\u0146\u0161.J.Z\u012bvertsBord\u0101nsBut\u0101nsLRTT-1-2-800x116.png\" alt=\"\" class=\"wp-image-54931\" width=\"1450\" height=\"210\" srcset=\"https:\/\/tautastribunals.eu\/wp-content\/uploads\/2020\/02\/L.Granti\u0146\u0161.J.Z\u012bvertsBord\u0101nsBut\u0101nsLRTT-1-2-800x116.png 800w, https:\/\/tautastribunals.eu\/wp-content\/uploads\/2020\/02\/L.Granti\u0146\u0161.J.Z\u012bvertsBord\u0101nsBut\u0101nsLRTT-1-2-300x44.png 300w, https:\/\/tautastribunals.eu\/wp-content\/uploads\/2020\/02\/L.Granti\u0146\u0161.J.Z\u012bvertsBord\u0101nsBut\u0101nsLRTT-1-2-768x112.png 768w, https:\/\/tautastribunals.eu\/wp-content\/uploads\/2020\/02\/L.Granti\u0146\u0161.J.Z\u012bvertsBord\u0101nsBut\u0101nsLRTT-1-2.png 1073w\" sizes=\"(max-width: 1450px) 100vw, 1450px\" \/><\/figure>\n\n\n\n<p><\/p>\n\n\n\n<figure class=\"wp-block-image size-large is-resized\"><img decoding=\"async\" loading=\"lazy\" src=\"https:\/\/tautastribunals.eu\/wp-content\/uploads\/2020\/05\/Urbanovi\u010ds.\u0160mits.Lato-Lapsa.Borovkovs-Kopie-800x238.png\" alt=\"\" class=\"wp-image-56039\" width=\"1450\" height=\"431\" srcset=\"https:\/\/tautastribunals.eu\/wp-content\/uploads\/2020\/05\/Urbanovi\u010ds.\u0160mits.Lato-Lapsa.Borovkovs-Kopie-800x238.png 800w, https:\/\/tautastribunals.eu\/wp-content\/uploads\/2020\/05\/Urbanovi\u010ds.\u0160mits.Lato-Lapsa.Borovkovs-Kopie-300x89.png 300w, https:\/\/tautastribunals.eu\/wp-content\/uploads\/2020\/05\/Urbanovi\u010ds.\u0160mits.Lato-Lapsa.Borovkovs-Kopie-768x229.png 768w, https:\/\/tautastribunals.eu\/wp-content\/uploads\/2020\/05\/Urbanovi\u010ds.\u0160mits.Lato-Lapsa.Borovkovs-Kopie.png 887w\" sizes=\"(max-width: 1450px) 100vw, 1450px\" \/><\/figure>\n\n\n\n<p><\/p>\n\n\n\n<p class=\"has-text-align-center has-white-color has-black-background-color has-text-color has-background has-medium-font-size\">26. min. Lato Lapsa par\u0101da\/ apliecina, ka ir Latvijas un latvie\u0161u tautas ienaidnieks. Un, ieklausieties tikai, ar k\u0101diem argumentiem vi\u0146\u0161 atbalsta Lembergu un \u0160\u0137\u0113li&#8230;<\/p>\n\n\n\n<figure class=\"wp-block-embed is-type-video is-provider-youtube wp-block-embed-youtube wp-embed-aspect-16-9 wp-has-aspect-ratio\"><div class=\"wp-block-embed__wrapper\">\n<div class=\"video-container\"><iframe loading=\"lazy\" title=\"LATO LAPSA | Sarunas par j\u016bt\u012bg\u0101m t\u0113m\u0101m\" width=\"500\" height=\"281\" src=\"https:\/\/www.youtube.com\/embed\/z0mKOve0Fzw?feature=oembed&#038;wmode=opaque\" frameborder=\"0\" allow=\"accelerometer; autoplay; clipboard-write; encrypted-media; gyroscope; picture-in-picture\" allowfullscreen><\/iframe><\/div>\n<\/div><\/figure>\n\n\n\n<p><\/p>\n\n\n\n<p class=\"has-black-color has-text-color has-background\" style=\"background-color:#e0f3eb;font-size:19px\"><strong>Lato Lapsa:<\/strong> \u201cMaza valsti\u0146a, kura pie savas neatkar\u012bbas ir tikusi laim\u012bgas sakrit\u012bbas d\u0113\u013c, tad p\u0101rdesmit gadus v\u0113l\u0101k vi\u0146a ir par\u0101d\u012bjusi, ka vi\u0146ai \u0161\u012b neatkar\u012bba ir <strong>\u201cpie k\u0101jas\u201d. <\/strong>Tad, lai ko mums teiktu par okup\u0101ciju, aneksiju un visu p\u0101r\u0113jo, nek\u0101du <strong>valstiskumu <\/strong>nav peln\u012bjusi zeme, kuru okup\u0113 ar p\u0101ris desmit \u0161\u0101vieniem un p\u0101ris l\u012b\u0137iem\u2026.un otrreiz atkal fantastiskas sakrit\u012bbas d\u0113\u013c neatkar\u012bbu atg\u016bst\u2026\u201d<em> To visu var dzird\u0113t s\u0101kot no 26. min\u016btes\u2026 <\/em>Un, interesanti, ka tie <strong>divi karikat\u016briskie interv\u0113t\u0101ji <\/strong>ne ar v\u0101rdu neiebilda \u0161\u012bm<strong> L.L. <\/strong>sac\u012btajam\u2026 . <\/p>\n\n\n\n<p class=\"has-black-color has-text-color has-background\" style=\"background-color:#e0f3eb;font-size:19px\">Vai v\u0113l k\u0101dam ir \u0161aubas, ka <strong>L. Lapsa<\/strong> ir m\u016bsu tautas un valsts visliel\u0101kais ienaidnieks ? T\u0101 ta\u010du ir <strong>Padomju laiku propaganda<\/strong> ! Un tad \u0161is ebrejs- komunistu p\u0113ctecis<em>(L.L. t\u0113vs un vect\u0113vs bija zv\u0113rin\u0101ti komunisti), <\/em>non\u0101k pie secin\u0101juma, ka jau tad, kad <strong>m\u0113rka\u0137is \u0100frik\u0101 nok\u0101pa no koka, <\/strong>vi\u0146\u0161 saprata, ka, lai izdz\u012bvotu, ir j\u0101apvienojas\u2026, bet tie saucamie latvie\u0161i to v\u0113l \u0161odien nav sapratu\u0161i !!! <\/p>\n\n\n\n<p class=\"has-black-color has-text-color has-background\" style=\"background-color:#e0f3eb;font-size:19px\">Katrs, kuram smadzen\u0113s ir kaut vai viena rieva un t\u0101 pati no cepures, pajaut\u0101tu \u0161im kret\u012bnam<em>(pa\u0161a L.L. lietotais apz\u012bm\u0113jums):<\/em> ar cik \u0161\u0101vieniem un l\u012b\u0137iem savu neatkar\u012bbu <strong>\u201czaud\u0113ja\u201d Igaunija, Lietuva, D\u0101nija, Norv\u0113\u0123ija, \u010cehoslov\u0101kija, Austrija, Holande un Be\u013c\u0123ija, varb\u016bt <\/strong>kret\u012bns<strong> L. Lapsa <\/strong>\u0161\u012bm <strong>\u201ctauti\u0146\u0101m\u201d <\/strong>ar\u012b paskaidros to, ko cen\u0161as iezomb\u0113t latvie\u0161iem ? Varb\u016bt ar\u012b fran\u010dus apgaismos \u0161aj\u0101 jaut\u0101jum\u0101, jo tie savu neatkar\u012bbu atdeva ar <strong>\u201cdivdesmit pieciem\u201d <\/strong>\u0161\u0101vieniem ? K\u0101ds varb\u016bt sac\u012bs, ka <strong>Somija<\/strong> tom\u0113r c\u012bn\u012bj\u0101s un savu neatkar\u012bbu aizst\u0101v\u0113ja- patur\u0113ja ! Tas, ka vi\u0146i pamat\u012bgi <strong>\u201c\u0161aud\u012bj\u0101s\u201d<\/strong> ir taisn\u012bba, bet neatkar\u012bbu vi\u0146i patur\u0113ja pavisam citu iemeslu d\u0113\u013c\u2026 . Ja k\u0101ds v\u0113l p\u0113c \u0161\u012b video noskat\u012b\u0161an\u0101s <strong>L. Lapsu <\/strong>uzskata par <strong>Latvijas patriotu,<\/strong> tad steidz\u012bgi j\u0101v\u0113r\u0161as pie psihiatra ! V\u0113l tikai piebild\u012b\u0161u, kad<strong> L. Granti\u0146\u0161 <\/strong>1987. gad\u0101 <strong>\u201cs\u0113d\u0113ja\u201d \u0160\u0137irotavas darba nometn\u0113 <\/strong>par <strong>14. j\u016bnija<\/strong> organiz\u0113\u0161anu, tad jauni\u0146ais <strong>L. Lapsa \u201cskraid\u012bja\u201d <\/strong>kop\u0101 ar \u010dekistiem, t\u0101 teikt: apguva vajadz\u012bg\u0101s darba iema\u0146as\u2026 .<\/p>\n\n\n\n<p>02.09.21<\/p>\n\n\n\n<figure class=\"wp-block-image size-large is-resized\"><img decoding=\"async\" loading=\"lazy\" src=\"https:\/\/tautastribunals.eu\/wp-content\/uploads\/2021\/09\/Lato-Lapsa.-Levits.Grantins.LRTT_-545x800.png\" alt=\"\" class=\"wp-image-60736\" width=\"1194\" height=\"1753\" srcset=\"https:\/\/tautastribunals.eu\/wp-content\/uploads\/2021\/09\/Lato-Lapsa.-Levits.Grantins.LRTT_-545x800.png 545w, https:\/\/tautastribunals.eu\/wp-content\/uploads\/2021\/09\/Lato-Lapsa.-Levits.Grantins.LRTT_-204x300.png 204w, https:\/\/tautastribunals.eu\/wp-content\/uploads\/2021\/09\/Lato-Lapsa.-Levits.Grantins.LRTT_-768x1128.png 768w, https:\/\/tautastribunals.eu\/wp-content\/uploads\/2021\/09\/Lato-Lapsa.-Levits.Grantins.LRTT_.png 800w\" sizes=\"(max-width: 1194px) 100vw, 1194px\" \/><\/figure>\n\n\n\n<p><\/p>\n","protected":false},"excerpt":{"rendered":"<p>26. min. Lato Lapsa par\u0101da\/ apliecina, ka ir Latvijas un latvie\u0161u tautas ienaidnieks. Un, ieklausieties tikai, ar k\u0101diem argumentiem vi\u0146\u0161 atbalsta Lembergu un \u0160\u0137\u0113li&#8230; Lato Lapsa: \u201cMaza valsti\u0146a, kura pie savas neatkar\u012bbas ir tikusi&#46;&#46;&#46;<\/p>\n","protected":false},"author":1,"featured_media":56039,"comment_status":"open","ping_status":"open","sticky":false,"template":"","format":"standard","meta":[],"categories":[1],"tags":[],"_links":{"self":[{"href":"https:\/\/tautastribunals.eu\/index.php?rest_route=\/wp\/v2\/posts\/60730"}],"collection":[{"href":"https:\/\/tautastribunals.eu\/index.php?rest_route=\/wp\/v2\/posts"}],"about":[{"href":"https:\/\/tautastribunals.eu\/index.php?rest_route=\/wp\/v2\/types\/post"}],"author":[{"embeddable":true,"href":"https:\/\/tautastribunals.eu\/index.php?rest_route=\/wp\/v2\/users\/1"}],"replies":[{"embeddable":true,"href":"https:\/\/tautastribunals.eu\/index.php?rest_route=%2Fwp%2Fv2%2Fcomments&post=60730"}],"version-history":[{"count":7,"href":"https:\/\/tautastribunals.eu\/index.php?rest_route=\/wp\/v2\/posts\/60730\/revisions"}],"predecessor-version":[{"id":60744,"href":"https:\/\/tautastribunals.eu\/index.php?rest_route=\/wp\/v2\/posts\/60730\/revisions\/60744"}],"wp:featuredmedia":[{"embeddable":true,"href":"https:\/\/tautastribunals.eu\/index.php?rest_route=\/wp\/v2\/media\/56039"}],"wp:attachment":[{"href":"https:\/\/tautastribunals.eu\/index.php?rest_route=%2Fwp%2Fv2%2Fmedia&parent=60730"}],"wp:term":[{"taxonomy":"category","embeddable":true,"href":"https:\/\/tautastribunals.eu\/index.php?rest_route=%2Fwp%2Fv2%2Fcategories&post=60730"},{"taxonomy":"post_tag","embeddable":true,"href":"https:\/\/tautastribunals.eu\/index.php?rest_route=%2Fwp%2Fv2%2Ftags&post=60730"}],"curies":[{"name":"wp","href":"https:\/\/api.w.org\/{rel}","templated":true}]}}