{"id":60693,"date":"2021-08-23T14:22:46","date_gmt":"2021-08-23T11:22:46","guid":{"rendered":"https:\/\/tautastribunals.eu\/?p=60693"},"modified":"2021-08-23T14:22:47","modified_gmt":"2021-08-23T11:22:47","slug":"tautas-fronte-inter-frontes-merku-realizetaja","status":"publish","type":"post","link":"https:\/\/tautastribunals.eu\/?p=60693","title":{"rendered":"Tautas Fronte Inter- Frontes m\u0113r\u0137u realiz\u0113t\u0101ja"},"content":{"rendered":"\n<figure class=\"wp-block-image size-large is-resized\"><img decoding=\"async\" loading=\"lazy\" src=\"https:\/\/tautastribunals.eu\/wp-content\/uploads\/2020\/02\/L.Granti\u0146\u0161.J.Z\u012bvertsBord\u0101nsBut\u0101nsLRTT-1-4-800x116.png\" alt=\"\" class=\"wp-image-55084\" width=\"1450\" height=\"210\" srcset=\"https:\/\/tautastribunals.eu\/wp-content\/uploads\/2020\/02\/L.Granti\u0146\u0161.J.Z\u012bvertsBord\u0101nsBut\u0101nsLRTT-1-4-800x116.png 800w, https:\/\/tautastribunals.eu\/wp-content\/uploads\/2020\/02\/L.Granti\u0146\u0161.J.Z\u012bvertsBord\u0101nsBut\u0101nsLRTT-1-4-300x44.png 300w, https:\/\/tautastribunals.eu\/wp-content\/uploads\/2020\/02\/L.Granti\u0146\u0161.J.Z\u012bvertsBord\u0101nsBut\u0101nsLRTT-1-4-768x112.png 768w, https:\/\/tautastribunals.eu\/wp-content\/uploads\/2020\/02\/L.Granti\u0146\u0161.J.Z\u012bvertsBord\u0101nsBut\u0101nsLRTT-1-4.png 1073w\" sizes=\"(max-width: 1450px) 100vw, 1450px\" \/><\/figure>\n\n\n\n<p class=\"has-text-align-center has-medium-font-size\"><a href=\"https:\/\/www.delfi.lv\/news\/national\/politics\/konference-par-latvijas-atzisanu-de-facto-pirms-30-gadiem-video-tiesraide.d?id=53507119\">https:\/\/www.delfi.lv\/news\/national\/politics\/konference-par-latvijas-atzisanu-de-facto-pirms-30-gadiem-video-tiesraide.d?id=53507119<\/a><\/p>\n\n\n\n<p class=\"has-black-color has-text-color has-background\" style=\"background-color:#def1ea;font-size:19px\"><strong>LRTT:<\/strong> \u201c<strong>Aprit 30 gadi kop\u0161 Latvijas atz\u012b\u0161anas de facto\u201d<\/strong> \u2014\u2013<strong>DE FACTO <\/strong>defin\u0113jas:<em><strong>\u201cstarptautiskaj\u0101s ties\u012bb\u0101s- ofici\u0101la, bet <u>nepiln\u012bga valsts<\/u> vai vald\u012bbas atz\u012b\u0161ana.\u201d<\/strong><\/em><\/p>\n\n\n\n<p class=\"has-black-color has-text-color has-background\" style=\"background-color:#def1ea;font-size:19px\"><strong>DE JURE<\/strong> defin\u0113jas: <em><strong>\u201cstarptautiskaj\u0101s ties\u012bb\u0101s- <u>piln\u012bga valsts<\/u> vai vald\u012bbas atz\u012b\u0161ana.\u201d<\/strong><\/em><\/p>\n\n\n\n<p class=\"has-black-color has-text-color has-background\" style=\"background-color:#def1ea;font-size:19px\">M\u0113s t\u0101da<em>(de facto)<\/em> skait\u012bj\u0101mies <strong>PSRS<\/strong> sast\u0101v\u0101, bet tagad esam atkal <strong>DE JURE<\/strong> , vai tom\u0113r n\u0113 ! T\u0101tad, ir j\u0101saprot, ka pa\u0161laik esam atz\u012bti par <strong>NEPILN\u012aGIEM <\/strong>!?<\/p>\n\n\n\n<p class=\"has-text-align-center has-black-color has-text-color has-background\" style=\"background-color:#d7d0d0;font-size:22px\"><strong>Konference par Latvijas atz\u012b\u0161anu de facto pirms 30 gadiem. \u00a0<\/strong><\/p>\n\n\n\n<p class=\"has-black-color has-text-color has-background\" style=\"background-color:#d7d0d0;font-size:19px\">23. un 24. august\u0101, atz\u012bm\u0113jot Latvijas valsts neatkar\u012bbas atjauno\u0161anas 30. gadadienu, notiek konference &#8220;Sapnis un piepild\u012bjums. Br\u012bv\u012bba un neatkar\u012bba&#8221;, lai atskat\u012btos uz Latvijas neatkar\u012bbas atg\u016b\u0161anas laiku. Konferences tie\u0161raidei iesp\u0113jams sekot l\u012bdzi port\u0101l\u0101 &#8220;Delfi&#8221;. Konference pulc\u0113s Augst\u0101k\u0101s padomes deput\u0101tus, augst\u0101k\u0101s valsts amatpersonas, <a href=\"https:\/\/www.delfi.lv\/temas\/latvijas-tautas-fronte\" target=\"_blank\" rel=\"noreferrer noopener\">Latvijas Tautas frontes<\/a> p\u0101rst\u0101vjus, konstitucion\u0101lo ties\u012bbu ekspertus, v\u0113sturniekus, toreiz\u0113jos diplom\u0101tus un \u0101rvalstu politiskos l\u012bderus.<\/p>\n\n\n\n<p class=\"has-black-color has-text-color has-background\" style=\"background-color:#e9fff6;font-size:19px\"><strong>LRTT:<\/strong> M\u0113s redzam, ka pulc\u0113ju\u0161ies ir visi tie, <strong>kuri vain\u012bgi pie Latvijas \u0161odienas st\u0101vok\u013ca- KOMUNISTI- STARPTAUTISK\u0100S INTERNACION\u0100LES P\u0100RST\u0100VJI ! <em>In\u0101ra M\u016brniece, Kri\u0161j\u0101nis Kari\u0146\u0161, Andris Vilks, Egils Levits, Dainis \u012av\u0101ns, Sarm\u012bte \u0112lerte, J\u0101nis Din\u0113vi\u010ds, Ivars Godmanis, Ilma \u010cep\u0101ne &amp; Co <\/em>! <\/strong><\/p>\n\n\n\n<p class=\"has-text-align-center has-black-color has-text-color has-background has-large-font-size\" style=\"background-color:#e9fff6\">Un, par ko tad \u0161\u012b \u013ce\u0146inistu banda spried\u012bs ? <\/p>\n\n\n\n<p class=\"has-text-align-center has-black-color has-text-color has-background has-medium-font-size\" style=\"background-color:#e9fff6\">Vi\u0146i slav\u0113s savus pan\u0101kums, ka: <strong>Latvija <em>de fakcto<\/em><\/strong> starptautiskaj\u0101s ties\u012bb\u0101s- ofici\u0101la, bet nepiln\u012bga valsts ! Tie\u0161i t\u0101da, k\u0101da t\u0101 <strong><u>skait\u012bj\u0101s PSRS sast\u0101v\u0101<\/u><\/strong> ! <\/p>\n\n\n\n<p class=\"has-text-align-center has-black-color has-text-color has-background\" style=\"background-color:#e9fff6;font-size:28px\">Vai Tu, latviet, saproti, ka \u0161\u012b KLI\u0136E ir likvid\u0113jusi <strong>LATVIJAS BR\u012aVVALSTI<\/strong> !<\/p>\n\n\n\n<p class=\"has-black-color has-text-color has-background\" style=\"background-color:#e9fff6;font-size:19px\"><strong><em>De facto<\/em><\/strong> nav nek\u0101da sakara ar NEATKAR\u012aBU ! \u0160eit piemin\u0113tie ta\u010du ir vis\u012bst\u0101kais <strong>NIRNBERGA- 2<\/strong> kontingents !<\/p>\n\n\n\n<p>23.08.21<\/p>\n\n\n\n<p><\/p>\n\n\n\n<figure class=\"wp-block-image size-large is-resized\"><img decoding=\"async\" loading=\"lazy\" src=\"https:\/\/tautastribunals.eu\/wp-content\/uploads\/2021\/08\/Tautas-fronte.-Grantins.LRTT_-568x800.png\" alt=\"\" class=\"wp-image-60696\" width=\"1450\" height=\"2042\" srcset=\"https:\/\/tautastribunals.eu\/wp-content\/uploads\/2021\/08\/Tautas-fronte.-Grantins.LRTT_-568x800.png 568w, https:\/\/tautastribunals.eu\/wp-content\/uploads\/2021\/08\/Tautas-fronte.-Grantins.LRTT_-213x300.png 213w, https:\/\/tautastribunals.eu\/wp-content\/uploads\/2021\/08\/Tautas-fronte.-Grantins.LRTT_.png 756w\" sizes=\"(max-width: 1450px) 100vw, 1450px\" \/><\/figure>\n","protected":false},"excerpt":{"rendered":"<p>https:\/\/www.delfi.lv\/news\/national\/politics\/konference-par-latvijas-atzisanu-de-facto-pirms-30-gadiem-video-tiesraide.d?id=53507119 LRTT: \u201cAprit 30 gadi kop\u0161 Latvijas atz\u012b\u0161anas de facto\u201d \u2014\u2013DE FACTO defin\u0113jas:\u201cstarptautiskaj\u0101s ties\u012bb\u0101s- ofici\u0101la, bet nepiln\u012bga valsts vai vald\u012bbas atz\u012b\u0161ana.\u201d DE JURE defin\u0113jas: \u201cstarptautiskaj\u0101s ties\u012bb\u0101s- piln\u012bga valsts vai vald\u012bbas atz\u012b\u0161ana.\u201d M\u0113s t\u0101da(de facto)&#46;&#46;&#46;<\/p>\n","protected":false},"author":1,"featured_media":57858,"comment_status":"open","ping_status":"open","sticky":false,"template":"","format":"standard","meta":[],"categories":[1],"tags":[],"_links":{"self":[{"href":"https:\/\/tautastribunals.eu\/index.php?rest_route=\/wp\/v2\/posts\/60693"}],"collection":[{"href":"https:\/\/tautastribunals.eu\/index.php?rest_route=\/wp\/v2\/posts"}],"about":[{"href":"https:\/\/tautastribunals.eu\/index.php?rest_route=\/wp\/v2\/types\/post"}],"author":[{"embeddable":true,"href":"https:\/\/tautastribunals.eu\/index.php?rest_route=\/wp\/v2\/users\/1"}],"replies":[{"embeddable":true,"href":"https:\/\/tautastribunals.eu\/index.php?rest_route=%2Fwp%2Fv2%2Fcomments&post=60693"}],"version-history":[{"count":7,"href":"https:\/\/tautastribunals.eu\/index.php?rest_route=\/wp\/v2\/posts\/60693\/revisions"}],"predecessor-version":[{"id":60701,"href":"https:\/\/tautastribunals.eu\/index.php?rest_route=\/wp\/v2\/posts\/60693\/revisions\/60701"}],"wp:featuredmedia":[{"embeddable":true,"href":"https:\/\/tautastribunals.eu\/index.php?rest_route=\/wp\/v2\/media\/57858"}],"wp:attachment":[{"href":"https:\/\/tautastribunals.eu\/index.php?rest_route=%2Fwp%2Fv2%2Fmedia&parent=60693"}],"wp:term":[{"taxonomy":"category","embeddable":true,"href":"https:\/\/tautastribunals.eu\/index.php?rest_route=%2Fwp%2Fv2%2Fcategories&post=60693"},{"taxonomy":"post_tag","embeddable":true,"href":"https:\/\/tautastribunals.eu\/index.php?rest_route=%2Fwp%2Fv2%2Ftags&post=60693"}],"curies":[{"name":"wp","href":"https:\/\/api.w.org\/{rel}","templated":true}]}}