{"id":60683,"date":"2021-08-21T15:12:25","date_gmt":"2021-08-21T12:12:25","guid":{"rendered":"https:\/\/tautastribunals.eu\/?p=60683"},"modified":"2021-08-21T19:06:07","modified_gmt":"2021-08-21T16:06:07","slug":"latvija-sodien-de-fakcto-vai-de-jure","status":"publish","type":"post","link":"https:\/\/tautastribunals.eu\/?p=60683","title":{"rendered":"Latvija \u0161odien DE FAKCTO vai DE JURE &#8220;?"},"content":{"rendered":"\n<figure class=\"wp-block-image size-large is-resized\"><img decoding=\"async\" loading=\"lazy\" src=\"https:\/\/tautastribunals.eu\/wp-content\/uploads\/2021\/02\/melns.-www.tautastribunals.eu-14111-1-800x112.png\" alt=\"\" class=\"wp-image-59529\" width=\"1450\" height=\"203\" srcset=\"https:\/\/tautastribunals.eu\/wp-content\/uploads\/2021\/02\/melns.-www.tautastribunals.eu-14111-1-800x112.png 800w, https:\/\/tautastribunals.eu\/wp-content\/uploads\/2021\/02\/melns.-www.tautastribunals.eu-14111-1-300x42.png 300w, https:\/\/tautastribunals.eu\/wp-content\/uploads\/2021\/02\/melns.-www.tautastribunals.eu-14111-1-768x108.png 768w, https:\/\/tautastribunals.eu\/wp-content\/uploads\/2021\/02\/melns.-www.tautastribunals.eu-14111-1.png 950w\" sizes=\"(max-width: 1450px) 100vw, 1450px\" \/><\/figure>\n\n\n\n<p><\/p>\n\n\n\n<p class=\"has-text-align-center has-white-color has-black-background-color has-text-color has-background\" style=\"font-size:23px\">Jaut\u0101jums tikai: par k\u0101du Latviju \u0161\u012b \u010dekistu atlas\u012bt\u0101 varza noliek ziedus, par Latviju DE JURE vai Latviju DE FACTO ! K\u0101 redzam no DELFI inform\u0101cijas, tad par Latvijas surog\u0101t Republiku !<\/p>\n\n\n\n<figure class=\"wp-block-embed is-type-rich is-provider-flickr wp-block-embed-flickr\"><div class=\"wp-block-embed__wrapper\">\n<a data-flickr-embed='true' href='https:\/\/www.flickr.com\/photos\/valstsprezidents\/sets\/72157719763411480\/' title='21.08.2021. Valsts prezidents Egils Levits noliek ziedus pie Br\u012bv\u012bbas pieminek\u013ca, atz\u012bm\u0113jot Konstitucion\u0101l\u0101 likuma \u201cPar Latvijas Republikas valstisko statusu\u201d 30. gadadienu. by Valsts prezidents, on Flickr'><img src='https:\/\/live.staticflickr.com\/65535\/51393103314_bf34e3e4a8.jpg' width='800' height='600' alt='Valsts prezidents Egils Levits noliek ziedus pie Br\u012bv\u012bbas pieminek\u013ca, atz\u012bm\u0113jot Konstitucion\u0101l\u0101 likuma \u201cPar Latvijas Republikas valstisko statusu\u201d 30. gadadienu. Foto autors: Ilm\u0101rs Znoti\u0146\u0161, Valsts prezidenta kanceleja.'><\/a><script async src='https:\/\/embedr.flickr.com\/assets\/client-code.js' charset='utf-8'><\/script>\n<\/div><\/figure>\n\n\n\n<p class=\"has-white-color has-black-background-color has-text-color has-background has-large-font-size\">21.08 21 DELFI LV<\/p>\n\n\n\n<p><a href=\"https:\/\/www.delfi.lv\/news\/national\/politics\/aprit-30-gadi-kops-latvijas-atzisanas-de-facto.d?id=53502377\">https:\/\/www.delfi.lv\/news\/national\/politics\/aprit-30-gadi-kops-latvijas-atzisanas-de-facto.d?id=53502377<\/a><\/p>\n\n\n\n<p class=\"has-black-color has-text-color has-background\" style=\"background-color:#f6f9fb;font-size:19px\">1991. gada 21. august\u0101 Latvijas Republikas Augst\u0101k\u0101 padome pie\u0146\u0113ma konstitucion\u0101lo likumu &#8220;Par Latvijas Republikas valstisko statusu&#8221;, t\u0101d\u0113j\u0101di de facto atjaunojot Latvijas valsts neatkar\u012bbu un iez\u012bm\u0113jot valsts atgrie\u0161anos demokr\u0101tisko Rietumeiropas valstu saim\u0113. L\u012bdz ar konstitucion\u0101l\u0101 likuma pie\u0146em\u0161anu savu juridisko sp\u0113ku Latvij\u0101 zaud\u0113ja PSRS likumi. Tie\u0161i atsaucoties uz 21. august\u0101 pie\u0146emto likumu, citas valstis atzina Latvijas neatkar\u012bbas atjauno\u0161anu.<\/p>\n\n\n\n<p class=\"has-black-color has-text-color has-background\" style=\"background-color:#f6f9fb;font-size:19px\"><strong>LRTT:<\/strong> &#8220;<strong>Aprit 30 gadi kop\u0161 Latvijas atz\u012b\u0161anas de facto&#8221;<\/strong> &#8212;&#8211;<strong>DE FACTO <\/strong>defin\u0113jas:<strong> <em>\u201cstarptautiskaj\u0101s ties\u012bb\u0101s- ofici\u0101la, bet nepiln\u012bga valsts vai vald\u012bbas atz\u012b\u0161ana.\u201d<\/em><\/strong><\/p>\n\n\n\n<p class=\"has-black-color has-text-color has-background\" style=\"background-color:#f6f9fb;font-size:19px\"><strong>DE JURE<\/strong> defin\u0113jas: <strong><em>\u201cstarptautiskaj\u0101s ties\u012bb\u0101s- piln\u012bga valsts vai vald\u012bbas atz\u012b\u0161ana.\u201d<\/em><\/strong><\/p>\n\n\n\n<p class=\"has-black-color has-text-color has-background\" style=\"background-color:#f6f9fb;font-size:19px\">M\u0113s t\u0101da<em>(de facto)<\/em> skait\u012bj\u0101mies <strong>PSRS<\/strong> sast\u0101v\u0101, bet tagad esam atkal <strong>DE JURE<\/strong> , vai tom\u0113r n\u0113 ! T\u0101tad, ir j\u0101saprot, ka pa\u0161laik esam atz\u012bti par <strong>NEPILN\u012aGIEM <\/strong>!?<\/p>\n\n\n\n<p>21.08.21.<\/p>\n\n\n\n<figure class=\"wp-block-image size-large is-resized\"><img decoding=\"async\" loading=\"lazy\" src=\"https:\/\/tautastribunals.eu\/wp-content\/uploads\/2021\/08\/Dainis-Ivans.-L.-Grantins-Godmanis.LRTT_-556x800.png\" alt=\"\" class=\"wp-image-60685\" width=\"1450\" height=\"2086\" srcset=\"https:\/\/tautastribunals.eu\/wp-content\/uploads\/2021\/08\/Dainis-Ivans.-L.-Grantins-Godmanis.LRTT_-556x800.png 556w, https:\/\/tautastribunals.eu\/wp-content\/uploads\/2021\/08\/Dainis-Ivans.-L.-Grantins-Godmanis.LRTT_-209x300.png 209w, https:\/\/tautastribunals.eu\/wp-content\/uploads\/2021\/08\/Dainis-Ivans.-L.-Grantins-Godmanis.LRTT_-768x1105.png 768w, https:\/\/tautastribunals.eu\/wp-content\/uploads\/2021\/08\/Dainis-Ivans.-L.-Grantins-Godmanis.LRTT_.png 800w\" sizes=\"(max-width: 1450px) 100vw, 1450px\" \/><\/figure>\n\n\n\n<p><\/p>\n","protected":false},"excerpt":{"rendered":"<p>Jaut\u0101jums tikai: par k\u0101du Latviju \u0161\u012b \u010dekistu atlas\u012bt\u0101 varza noliek ziedus, par Latviju DE JURE vai Latviju DE FACTO ! K\u0101 redzam no DELFI inform\u0101cijas, tad par Latvijas surog\u0101t Republiku ! 21.08 21 DELFI&#46;&#46;&#46;<\/p>\n","protected":false},"author":1,"featured_media":58700,"comment_status":"open","ping_status":"open","sticky":false,"template":"","format":"standard","meta":[],"categories":[1],"tags":[],"_links":{"self":[{"href":"https:\/\/tautastribunals.eu\/index.php?rest_route=\/wp\/v2\/posts\/60683"}],"collection":[{"href":"https:\/\/tautastribunals.eu\/index.php?rest_route=\/wp\/v2\/posts"}],"about":[{"href":"https:\/\/tautastribunals.eu\/index.php?rest_route=\/wp\/v2\/types\/post"}],"author":[{"embeddable":true,"href":"https:\/\/tautastribunals.eu\/index.php?rest_route=\/wp\/v2\/users\/1"}],"replies":[{"embeddable":true,"href":"https:\/\/tautastribunals.eu\/index.php?rest_route=%2Fwp%2Fv2%2Fcomments&post=60683"}],"version-history":[{"count":5,"href":"https:\/\/tautastribunals.eu\/index.php?rest_route=\/wp\/v2\/posts\/60683\/revisions"}],"predecessor-version":[{"id":60690,"href":"https:\/\/tautastribunals.eu\/index.php?rest_route=\/wp\/v2\/posts\/60683\/revisions\/60690"}],"wp:featuredmedia":[{"embeddable":true,"href":"https:\/\/tautastribunals.eu\/index.php?rest_route=\/wp\/v2\/media\/58700"}],"wp:attachment":[{"href":"https:\/\/tautastribunals.eu\/index.php?rest_route=%2Fwp%2Fv2%2Fmedia&parent=60683"}],"wp:term":[{"taxonomy":"category","embeddable":true,"href":"https:\/\/tautastribunals.eu\/index.php?rest_route=%2Fwp%2Fv2%2Fcategories&post=60683"},{"taxonomy":"post_tag","embeddable":true,"href":"https:\/\/tautastribunals.eu\/index.php?rest_route=%2Fwp%2Fv2%2Ftags&post=60683"}],"curies":[{"name":"wp","href":"https:\/\/api.w.org\/{rel}","templated":true}]}}