{"id":60659,"date":"2021-08-16T18:19:45","date_gmt":"2021-08-16T15:19:45","guid":{"rendered":"https:\/\/tautastribunals.eu\/?p=60659"},"modified":"2021-08-16T18:20:45","modified_gmt":"2021-08-16T15:20:45","slug":"par-antivakseri-a-kadisu-latviesu-nideju","status":"publish","type":"post","link":"https:\/\/tautastribunals.eu\/?p=60659","title":{"rendered":"Par antivakseri A. Kadi\u0161u, latvie\u0161u n\u012bd\u0113ju !"},"content":{"rendered":"\n<figure class=\"wp-block-image size-large is-resized\"><img decoding=\"async\" loading=\"lazy\" src=\"https:\/\/tautastribunals.eu\/wp-content\/uploads\/2020\/08\/Helsinki-86.-LRTT.-Granti\u0146\u0161.Bord\u0101ns.Stuk\u0101ns-5.png\" alt=\"\" class=\"wp-image-57074\" width=\"1450\" height=\"159\"\/><\/figure>\n\n\n\n<p class=\"has-black-color has-text-color has-background\" style=\"background-color:#f1f5f3;font-size:19px\"><a href=\"https:\/\/www.facebook.com\/ainars.kadiss?__cft__[0]=AZWgZA7VLR4AuEN_0-iXWYdkBG3t853p2xAxSgXws2iHZgaLVnGtrcByTOhWU38OGeWahLdyDcqa8nnQpqc5Hp1_TWUgBOugJUUpP51R-aPQ3pP37l8LuwYGvSIr1idQdaRbdKjd7wCtZ29-cq80X4_2ptXUIWqfGFPdZdLMWy6gZA&amp;__tn__=%3C%2CP-R\"><\/a><strong>LRTT:<\/strong> Ja palasa \u0161o <strong>ANTIVAKSERI Kadi\u0161u<\/strong>, ar k\u0101du naidu vi\u0146\u0161 izsak\u0101s pret latvie\u0161iem, tad zos\u0101da uzmetas. Varb\u016bt var\u0113tu par savas tautas pieder\u012bgajiem, ko <strong>\u201cinteresantu\u201d<\/strong> pasac\u012bt, bet n\u0113, \u0161is kurina naidu uz latvie\u0161iem ! <\/p>\n\n\n\n<p class=\"has-black-color has-text-color has-background\" style=\"background-color:#f1f5f3;font-size:19px\">Tas viss ir <strong>Krem\u013ca HIBR\u012aD-KARA elements,<\/strong> noniecin\u0101t latvie\u0161us, patais\u012bt tos par mu\u013c\u0137iem vai p\u0113d\u0113jiem nelie\u0161iem citu tautu ac\u012bs. \u0160is <strong>Krem\u013ca de\u0123ener\u0101ts <\/strong>nost\u0101jas pret vakcin\u0101ciju, pret to, lai <strong>valsts ieietu atkal norm\u0101l\u0101s slied\u0113s<\/strong>. Un atrodas ar pr\u0101tu apdal\u012btie, kuri vi\u0146am piekr\u012bt, protams, tie, kuriem intelektu\u0101lais l\u012bmenis ir zem\u0101ks par z\u0101baka zoli. Tas izpau\u017eas vi\u0146u zemiski rupjaj\u0101 leksik\u0101. <\/p>\n\n\n\n<p class=\"has-black-color has-text-color has-background\" style=\"background-color:#f1f5f3;font-size:19px\">Tiek mel\u012bgi apgalvots, ka tiks ar varu pot\u0113ti\u2026un aicina jau uz iero\u010du ieg\u0101di. T\u0101 ir \u0161ausmu atmosf\u0113ras rad\u012b\u0161ana, kas uz <strong>primit\u012bviem elementiem <\/strong>atst\u0101j graujo\u0161u iespaidu, tas ar\u012b ir putinistu m\u0113r\u0137is. Un rakstur\u012bgs ir \u0161o provokatoru <strong>\u201cinform\u0101cijas stils<\/strong>\u201d- nenosaukt konkr\u0113tus gad\u012bjumus, bet pielietots: <strong>VIENA TANTE TEICA<\/strong> !&nbsp; Apbr\u012bnojami, ka <strong>Feisbuks<\/strong> \u0161os nelie\u0161us, k\u016bd\u012bt\u0101jus uz varm\u0101c\u012bbu, neblo\u0137\u0113 !<strong> Latvijas VDD <\/strong>vi\u0146iem at\u013cauj piln\u012bgu va\u013cu !<\/p>\n\n\n\n<p><\/p>\n\n\n\n<h4 id=\"jsc_c_81i\"><a href=\"https:\/\/www.facebook.com\/ainars.kadiss?__cft__[0]=AZWgZA7VLR4AuEN_0-iXWYdkBG3t853p2xAxSgXws2iHZgaLVnGtrcByTOhWU38OGeWahLdyDcqa8nnQpqc5Hp1_TWUgBOugJUUpP51R-aPQ3pP37l8LuwYGvSIr1idQdaRbdKjd7wCtZ29-cq80X4_2ptXUIWqfGFPdZdLMWy6gZA&amp;__tn__=-UC%2CP-R\"><strong>Ain\u0101rs Kadi\u0161s<\/strong><\/a><\/h4>\n\n\n\n<p class=\"has-white-color has-black-background-color has-text-color has-background\" style=\"font-size:19px\"><a href=\"https:\/\/www.facebook.com\/ainars.kadiss\/posts\/1206855049788141?__cft__[0]=AZWgZA7VLR4AuEN_0-iXWYdkBG3t853p2xAxSgXws2iHZgaLVnGtrcByTOhWU38OGeWahLdyDcqa8nnQpqc5Hp1_TWUgBOugJUUpP51R-aPQ3pP37l8LuwYGvSIr1idQdaRbdKjd7wCtZ29-cq80X4_2ptXUIWqfGFPdZdLMWy6gZA&amp;__tn__=%2CO%2CP-R\">14 min.<\/a>&nbsp; \u00b7 Hmm&#8230;Vakar bija interesanta saruna ar k\u0101das pils\u0113tas pa\u0161vald\u012bbas policijas priek\u0161nieku. Es pajaut\u0101ju, vai vi\u0146am ir b\u0113rni, un vai vi\u0146\u0161 tos vakcin\u0113s. &#8211; Vi\u0146a pati grib! &#8211; atbild\u0113ja \u0161is cilv\u0113ks. Lieki teikt, ka savu viedokli, attiec\u012bb\u0101 uz pieaugu\u0161o un b\u0113rnu vakcin\u0101ciju, nesl\u0113pu. Policijas priek\u0161nieks pats, lo\u0123iski, bija jau &#8220;novakcin\u0113jies&#8221;. Tagad k\u0101rta vi\u0146a meiti\u0146ai&#8230;Mani sen jau izbr\u012bna vakcin\u0113to cilv\u0113ku nesl\u0113pta v\u0113lme novakcin\u0113t visus p\u0101r\u0113jos. Bet \u0161odien man k\u0101ds tuvs cilv\u0113ks saprotami paskaidroja: &#8211; Ja latvietim ir slikti, tad vi\u0146\u0161 grib, lai slikti b\u016btu ar\u012b visiem p\u0101r\u0113jiem. Pirmie novakcin\u0113tie tagad, kad ir tik daudz inform\u0101cijas, saprot, ka &#8220;ier\u012bv\u0113ju\u0161ies&#8221;. T\u0101d\u0113\u013c vi\u0146i cent\u012bsies pan\u0101kt ar\u012b p\u0101r\u0113jo cilv\u0113ku novakcin\u0113\u0161anu. Da\u017ei &#8211; \u012bpa\u0161i nozomb\u0113tie &#8211; gatavi novakcin\u0113t pat savus b\u0113rnus&#8230;Man atmi\u0146\u0101 atausa anekdote par zelta zivti\u0146u un latvieti..T\u0101tad &#8211; latvietis no\u0137er zelta zivti\u0146u. &#8211; Atlaid mani &#8211; \u0161\u012b l\u016bdzas, &#8211; do\u0161u tev visu, ko v\u0113lies. Tikai tavam kaimi\u0146am &#8211; divreiz vair\u0101k! &#8211; Lai man nospr\u0101gst govs! &#8211; leti\u0146\u0161 bez garas dom\u0101\u0161anas sper va\u013c\u0101&#8230;\u0160\u0137iet, ka \u0161is ir aktualiz\u0113jies vakcin\u0113to cilv\u0113ku attieksm\u0113 pret tiem, kuri &#8220;vakcin\u0101cijai&#8221; pretojas&#8230;Atkl\u0101t\u0101s sarunas gait\u0101 paudu savu skaidro poz\u012bciju, ka mani novakcin\u0113t b\u016bs iesp\u0113jams, tikai pielietojot iero\u010dus.- Pietiks ar elektro\u0161okeri! &#8211; mans sarunu biedrs &#8211; sp\u0113ka strukt\u016bru p\u0101rst\u0101vis &#8211; iebilda&#8230;Tad es sapratu, ka ir p\u0113d\u0113jais laiks interes\u0113ties par leg\u0101l\u0101m iesp\u0113j\u0101m ieg\u0101d\u0101ties \u0161aujamieroci pa\u0161aizsardz\u012bbai un savu tuvinieku aizst\u0101v\u012bbai.Vai ir citi varianti?..<\/p>\n\n\n\n<p>16.08.21<\/p>\n\n\n\n<figure class=\"wp-block-image size-large is-resized\"><img decoding=\"async\" loading=\"lazy\" src=\"https:\/\/tautastribunals.eu\/wp-content\/uploads\/2021\/08\/Ainars-Kadiss.Berzins.Grantins.LRTT_-462x800.png\" alt=\"\" class=\"wp-image-60662\" width=\"1450\" height=\"2511\" srcset=\"https:\/\/tautastribunals.eu\/wp-content\/uploads\/2021\/08\/Ainars-Kadiss.Berzins.Grantins.LRTT_-462x800.png 462w, https:\/\/tautastribunals.eu\/wp-content\/uploads\/2021\/08\/Ainars-Kadiss.Berzins.Grantins.LRTT_-173x300.png 173w, https:\/\/tautastribunals.eu\/wp-content\/uploads\/2021\/08\/Ainars-Kadiss.Berzins.Grantins.LRTT_-768x1329.png 768w, https:\/\/tautastribunals.eu\/wp-content\/uploads\/2021\/08\/Ainars-Kadiss.Berzins.Grantins.LRTT_.png 800w\" sizes=\"(max-width: 1450px) 100vw, 1450px\" \/><\/figure>\n\n\n\n<p><\/p>\n\n\n\n<p><\/p>\n","protected":false},"excerpt":{"rendered":"<p>LRTT: Ja palasa \u0161o ANTIVAKSERI Kadi\u0161u, ar k\u0101du naidu vi\u0146\u0161 izsak\u0101s pret latvie\u0161iem, tad zos\u0101da uzmetas. Varb\u016bt var\u0113tu par savas tautas pieder\u012bgajiem, ko \u201cinteresantu\u201d pasac\u012bt, bet n\u0113, \u0161is kurina naidu uz latvie\u0161iem ! Tas&#46;&#46;&#46;<\/p>\n","protected":false},"author":1,"featured_media":58615,"comment_status":"open","ping_status":"open","sticky":false,"template":"","format":"standard","meta":[],"categories":[1],"tags":[],"_links":{"self":[{"href":"https:\/\/tautastribunals.eu\/index.php?rest_route=\/wp\/v2\/posts\/60659"}],"collection":[{"href":"https:\/\/tautastribunals.eu\/index.php?rest_route=\/wp\/v2\/posts"}],"about":[{"href":"https:\/\/tautastribunals.eu\/index.php?rest_route=\/wp\/v2\/types\/post"}],"author":[{"embeddable":true,"href":"https:\/\/tautastribunals.eu\/index.php?rest_route=\/wp\/v2\/users\/1"}],"replies":[{"embeddable":true,"href":"https:\/\/tautastribunals.eu\/index.php?rest_route=%2Fwp%2Fv2%2Fcomments&post=60659"}],"version-history":[{"count":4,"href":"https:\/\/tautastribunals.eu\/index.php?rest_route=\/wp\/v2\/posts\/60659\/revisions"}],"predecessor-version":[{"id":60665,"href":"https:\/\/tautastribunals.eu\/index.php?rest_route=\/wp\/v2\/posts\/60659\/revisions\/60665"}],"wp:featuredmedia":[{"embeddable":true,"href":"https:\/\/tautastribunals.eu\/index.php?rest_route=\/wp\/v2\/media\/58615"}],"wp:attachment":[{"href":"https:\/\/tautastribunals.eu\/index.php?rest_route=%2Fwp%2Fv2%2Fmedia&parent=60659"}],"wp:term":[{"taxonomy":"category","embeddable":true,"href":"https:\/\/tautastribunals.eu\/index.php?rest_route=%2Fwp%2Fv2%2Fcategories&post=60659"},{"taxonomy":"post_tag","embeddable":true,"href":"https:\/\/tautastribunals.eu\/index.php?rest_route=%2Fwp%2Fv2%2Ftags&post=60659"}],"curies":[{"name":"wp","href":"https:\/\/api.w.org\/{rel}","templated":true}]}}