{"id":60569,"date":"2021-07-31T19:23:41","date_gmt":"2021-07-31T16:23:41","guid":{"rendered":"https:\/\/tautastribunals.eu\/?p=60569"},"modified":"2021-08-01T00:11:27","modified_gmt":"2021-07-31T21:11:27","slug":"putina-zalais-cilvecins-pagaidam-vel-balta-zakete-n-valdovskis","status":"publish","type":"post","link":"https:\/\/tautastribunals.eu\/?p=60569","title":{"rendered":"Putina &#8220;za\u013cais cilv\u0113ci\u0146\u0161&#8221; pagaid\u0101m v\u0113l balt\u0101 \u017eaket\u0113 !(N. Valdovskis)"},"content":{"rendered":"\n<figure class=\"wp-block-image size-large is-resized\"><img decoding=\"async\" loading=\"lazy\" src=\"https:\/\/tautastribunals.eu\/wp-content\/uploads\/2021\/07\/Migla-sarkana.-Remes.Zaharjins.LRTT_-800x179.png\" alt=\"\" class=\"wp-image-60503\" width=\"1450\" height=\"324\" srcset=\"https:\/\/tautastribunals.eu\/wp-content\/uploads\/2021\/07\/Migla-sarkana.-Remes.Zaharjins.LRTT_-800x179.png 800w, https:\/\/tautastribunals.eu\/wp-content\/uploads\/2021\/07\/Migla-sarkana.-Remes.Zaharjins.LRTT_-300x67.png 300w, https:\/\/tautastribunals.eu\/wp-content\/uploads\/2021\/07\/Migla-sarkana.-Remes.Zaharjins.LRTT_-768x172.png 768w, https:\/\/tautastribunals.eu\/wp-content\/uploads\/2021\/07\/Migla-sarkana.-Remes.Zaharjins.LRTT_.png 1018w\" sizes=\"(max-width: 1450px) 100vw, 1450px\" \/><\/figure>\n\n\n\n<figure class=\"wp-block-image size-large is-resized\"><img decoding=\"async\" loading=\"lazy\" src=\"https:\/\/tautastribunals.eu\/wp-content\/uploads\/2021\/07\/Nauris-Vldovskis.L.-Grantins.Vasilevskis.LRTT_.png\" alt=\"\" class=\"wp-image-60570\" width=\"1450\" height=\"484\" srcset=\"https:\/\/tautastribunals.eu\/wp-content\/uploads\/2021\/07\/Nauris-Vldovskis.L.-Grantins.Vasilevskis.LRTT_.png 800w, https:\/\/tautastribunals.eu\/wp-content\/uploads\/2021\/07\/Nauris-Vldovskis.L.-Grantins.Vasilevskis.LRTT_-300x100.png 300w, https:\/\/tautastribunals.eu\/wp-content\/uploads\/2021\/07\/Nauris-Vldovskis.L.-Grantins.Vasilevskis.LRTT_-768x256.png 768w\" sizes=\"(max-width: 1450px) 100vw, 1450px\" \/><\/figure>\n\n\n\n<p class=\"has-text-align-center has-white-color has-black-background-color has-text-color has-background has-large-font-size\">LRTT:<\/p>\n\n\n\n<p class=\"has-text-align-center has-white-color has-black-background-color has-text-color has-background has-large-font-size\">Slepkava, latviet, ir tev l\u012bdz\u0101s !<\/p>\n\n\n\n<p class=\"has-text-align-center has-white-color has-black-background-color has-text-color has-background has-medium-font-size\">\u0160is uzbrukums Granti\u0146am rad\u0101s t\u016bl\u012bt p\u0113c \u0161\u012bs publik\u0101cijas:<\/p>\n\n\n\n<figure class=\"wp-block-embed is-type-wp-embed is-provider-iegult wp-block-embed-iegult\"><div class=\"wp-block-embed__wrapper\">\n<blockquote class=\"wp-embedded-content\" data-secret=\"MWJfKDrqFg\"><a href=\"https:\/\/tautastribunals.eu\/?p=60565\">Uzman\u012bbu ! Putina \u201cIH TAM \u0145ETi\u201d (za\u013cie cilv\u0113ci\u0146i) ir aktiviz\u0113ti !<\/a><\/blockquote><iframe class=\"wp-embedded-content\" sandbox=\"allow-scripts\" security=\"restricted\" style=\"position: absolute; clip: rect(1px, 1px, 1px, 1px);\" title=\"&#8220;Uzman\u012bbu ! Putina \u201cIH TAM \u0145ETi\u201d (za\u013cie cilv\u0113ci\u0146i) ir aktiviz\u0113ti !&#8221; &#8212; \" src=\"https:\/\/tautastribunals.eu\/?p=60565&#038;embed=true#?secret=MWJfKDrqFg\" data-secret=\"MWJfKDrqFg\" width=\"500\" height=\"282\" frameborder=\"0\" marginwidth=\"0\" marginheight=\"0\" scrolling=\"no\"><\/iframe>\n<\/div><\/figure>\n\n\n\n<p class=\"has-white-color has-black-background-color has-text-color has-background has-medium-font-size\">Izlasot \u0161o teikumu: <em>\u201c Lai ar\u012b, dro\u0161vien labi zini, ka p\u0113c v\u0101rda noz\u012bmes \u2013 \u201c\u0431\u043e\u043b\u044c\u0448\u0435\u0432\u0438\u043a\u201d \u044d\u0442\u043e \u0442\u043e\u0442 \u043a\u0442\u043e \u0437\u0430\u0431\u043e\u0442\u0438\u0442\u0441\u044f \u043e \u0431\u043b\u0430\u0433\u0435 \u0431\u043e\u043b\u044c\u0448\u0438\u043d\u0441\u0442\u0432\u0430 &#8211; \u0432\u043e\u043f\u0440\u0435\u043a\u0438 \u043c\u0435\u043d\u044c\u0448\u0435\u0432\u0438\u043a\u0430\u043c \u2013 kuri \u0161obr\u012bd agres\u012bvi \u012bsteno savu jauno pasaules k\u0101rt\u012bbu.\u201d&#8212;<\/em> ir zudusi jebk\u0101da vajadz\u012bba ar \u0161o rindu autoru diskut\u0113t. Vi\u0146\u0161 nep\u0101rprotami ir pasac\u012bjis, ka ir bo\u013c\u0161eviku asinsdarbu atbalst\u012bt\u0101js un pie pirm\u0101s izdev\u012bbas<strong> \u201cStabu ielas pagrabos\u201d <\/strong>turpin\u0101s veikt bo\u013c\u0161eviku nepabeigtos asinsdarbus pret latvie\u0161u tautu ! T\u0101diem izdzimte\u0146iem, ka \u0161iem \u201cvaldovskiem un vasi\u013cevskiem\u201d, vieta ir aiz rest\u0113m l\u012bdz m\u016b\u017ea galam. P\u0113c uzv\u0101rdiem ar\u012b redzam, ka ir \u012bstie latv\u0113\u0161i !!! Nu nevar t\u0101di izdzimte\u0146i uzdarboties bez <strong>4. maija kli\u0137es VDD Me\u017evieta &amp; co<\/strong> zi\u0146as un atbalsta. Varb\u016bt<strong> Rids Bruners <\/strong>\u0161im sarkanajam bo\u013c\u0161eviku spermas produktam dos k\u0101du <strong>\u201cpadomu\u201d\u2026<\/strong> . J\u0101, latviet, nu nav pazudu\u0161i aizmirst\u012bbas mukl\u0101j\u0101 m\u016bsu tautas un Valsts bendes, vi\u0146i caur savu s\u0101tanisko spermu ir nodevu\u0161i inform\u0101ciju saviem p\u0113cn\u0101c\u0113jiem. Ne jau bez iemesla no <strong>Mauzoleja <\/strong>nav izmests s\u0101taniskais puveklis-<strong> Antikrists <\/strong>! Bet izlasi pats, latviet, ko saka \u0161is izdzimtenis &amp; co !<\/p>\n\n\n\n<p class=\"has-text-align-center has-white-color has-black-background-color has-text-color has-background has-medium-font-size\">\u0160eit \u012bss mans koment\u0101rs Valdovskim Feisbuk\u0101: <a href=\"https:\/\/www.facebook.com\/Linards-Granti%C5%86%C5%A1-100839788740960\/?comment_id=Y29tbWVudDoxNzUwMDM1NjQ2NTc5MTVfMTg1MDM0Mjk2OTg4MTc1&amp;__cft__%5b0%5d=AZUFUmFCDSkzoZtU9e8DtFY_1ZaGnyPxglxQREyF3Uumz__sN9EH_9K_x3jU-ur-2vT8949buq1xhtYjhp3uMqgqCINTNntZ7KW_TeK5ENi-IC_c-M8YbhsAtv4roDqaT1vXtQbPWWnfi2Zj1j3Zi82kGsn-93BqaN0Zx5BKyJNt2g&amp;__tn__=R%5d-R\"><span class=\"has-inline-color has-vivid-cyan-blue-color\">Linards Granti\u0146\u0161<\/span><\/a><\/p>\n\n\n\n<p class=\"has-white-color has-black-background-color has-text-color has-background has-medium-font-size\">&nbsp;K\u0101 var saprast \u0161o v\u0101rdu savienojumu:<strong> &#8220;neatst\u0101j retoriskus TUK\u0160UMUS&#8221; ? <\/strong>Retorika un tuk\u0161ums ir sinon\u012bmi v\u0101rdi, t\u0101tad, <strong>Jums <\/strong>nav izpratne par <strong>LO\u0122IKU,<\/strong> ko ar\u012b pier\u0101da viss garais demago\u0123iskais vervel\u0113jums. Un, \u0161is teikums par\u0101da, kam\/kuriem J\u016bs kalpojat:<em> &#8220;Tas, ka Tu nesp\u0113j izv\u0113rt\u0113t tie\u0161i Valdimira Putina paveikto kop\u0161 2000 gada ar\u012b liecina par Tava pr\u0101ta aprobe\u017eot\u012bbu, kad Krievija t\u0101 viet\u0101, lai sadegtu maidanos \u2013 ar katru dienu atg\u016bst arvien vair\u0101k suverenit\u0101ti.&#8221;<\/em> T\u0101p\u0113c jau ar\u012b tik s\u0101p\u012bgi rea\u0123\u0113j\u0101t uz manis sac\u012bto. Slepkavu, k\u0101ds ir Putins, var aizst\u0101v\u0113t tikai vi\u0146am l\u012bdz\u012bgie&#8230;.( Bet pajaut\u0101jiet tam pa\u0161am Kalnam, k\u0101p\u0113c vi\u0146\u0161 jau n\u0101ko\u0161aj\u0101 dien\u0101 bija<strong> &#8220;izt\u012br\u012bjis&#8221; <\/strong>savu<strong> Feisbuku<\/strong> no vis\u0101m putiniskaj\u0101m draz\u0101m, kas mud\u017e\u0113ja no t\u0101m ?) &#8211;V\u0113lu Jums veiksmi un vesel\u012bbu un apg\u016bt izpratni- atgriezties pie savas Sirdsapzi\u0146as. P.S. Jums ir tuvs Vasi\u013cevskis, kur\u0161 pateica, ka latvie\u0161u te\u0101tra trupas- <strong>SKATUVE <\/strong>no\u0161au\u0161ana bija attaisnojama, jo vi\u0146i esot biju\u0161i trockisti ! Par \u0161iem v\u0101rdiem b\u016btu uz ilgiem gadiem nos\u0113din\u0101ms pie para\u0161as un p\u0113c atbr\u012bvo\u0161anas uzkabin\u0101ma slepkavas birka uz muguras.<\/p>\n\n\n\n<p>31.07.21<\/p>\n\n\n\n<p class=\"has-text-align-center has-white-color has-vivid-red-background-color has-text-color has-background has-large-font-size\">Nauris Valdovskis<\/p>\n\n\n\n<p class=\"has-text-align-center has-white-color has-vivid-red-background-color has-text-color has-background\" style=\"font-size:25px\">Mana atbilde Linardam Granti\u0146am uz vi\u0146a apmelojumu rakstu par J\u0101ni Kalnu un Aivi Vasi\u013cevski: <a href=\"https:\/\/tautastribunals.eu\/?p=60518\" data-type=\"URL\" data-id=\"https:\/\/tautastribunals.eu\/?p=60518\"><span class=\"has-inline-color has-black-color\">Materializ\u0113jies \u0101rpr\u0101ts J\u0101\u0146a Kalna form\u0101t\u0101 (Valsts un tautas nodev\u012bba)<\/span><\/a><\/p>\n\n\n\n<p><\/p>\n\n\n\n<p class=\"has-white-color has-black-background-color has-text-color has-background has-medium-font-size\">\u201c\u0160odien, kad Latvij\u0101 valda bo\u013c\u0161eviku izaudz\u0113t\u0101 un kultiv\u0113t\u0101 Latvijas izlaup\u012bt\u0101ju banda, ir viegli da\u017e\u0101diem \u201ckaimi\u0146valsts\u201d a\u0123entiem ar demago\u0123iskiem pazi\u0146ojumiem g\u016bt popularit\u0101ti.\u201d<\/p>\n\n\n\n<p class=\"has-black-color has-text-color has-background\" style=\"background-color:#f4f8fb;font-size:24px\">Linard Granti\u0146!<\/p>\n\n\n\n<p class=\"has-black-color has-text-color has-background\" style=\"background-color:#f4f8fb;font-size:19px\">Ja Tu nesp\u0113j saprast J\u0101\u0146a Kalna ieguld\u012bjumu ne tikai Latvijas, bet visu tautu iedz\u012bvot\u0101jos, tad tas vien jau ir pier\u0101d\u012bjums Tav\u0101m aprobe\u017eotaj\u0101m pr\u0101ta sp\u0113j\u0101m, kas sen vairs nav t\u0101das, k\u0101 iesp\u0113jams bija H-86 dibin\u0101\u0161anas laik\u0101. Ja b\u016btu izlas\u012bjis gr\u0101matu \u201cDv\u0113sele\u201d, varb\u016bt saprastu. Jau pirmaj\u0101 teikum\u0101 aiz\u0161auts piln\u012bgi gar\u0101m, jo trockisti ar bo\u013csevikiem ir sajaukti vien\u0101 putr\u0101, prec\u012bz\u0101k \u2013 trockistu noziegumus pied\u0113v\u0113 bo\u013c\u0161evikiem. Lai ar\u012b, dro\u0161vien labi zini, ka p\u0113c v\u0101rda noz\u012bmes \u2013 \u201c\u0431\u043e\u043b\u044c\u0448\u0435\u0432\u0438\u043a\u201d \u044d\u0442\u043e \u0442\u043e\u0442 \u043a\u0442\u043e \u0437\u0430\u0431\u043e\u0442\u0438\u0442\u0441\u044f \u043e \u0431\u043b\u0430\u0433\u0435 \u0431\u043e\u043b\u044c\u0448\u0438\u043d\u0441\u0442\u0432\u0430 &#8211; \u0432\u043e\u043f\u0440\u0435\u043a\u0438 \u043c\u0435\u043d\u044c\u0448\u0435\u0432\u0438\u043a\u0430\u043c \u2013 kuri \u0161obr\u012bd agres\u012bvi \u012bsteno savu jauno pasaules k\u0101rt\u012bbu. Un kopum\u0101 izskat\u0101s, ka Tu to dedz\u012bgi atbalsti jau ar saviem pazi\u0146ojumiem par vakcin\u0101ciju, kas dr\u012bzum\u0101 var k\u013c\u016bt ne tikai par Tavu \u013caun\u0101ko murgu.<\/p>\n\n\n\n<p class=\"has-white-color has-black-background-color has-text-color has-background has-medium-font-size\">\u201cGan pie valsts st\u016bres eso\u0161ie zag\u013ci, gan vi\u0146u kriti\u0137i, tiek vad\u012bti no viena centra.\u201d<\/p>\n\n\n\n<p class=\"has-black-color has-text-color has-background\" style=\"background-color:#f4f8fb;font-size:19px\">J\u0101, \u0161eit da\u013c\u0113ji var piekrist. Tas jau nav ar\u012b nekas jauns, ka glob\u0101listu p\u0101rst\u0101vji vienm\u0113r cen\u0161as iefiltr\u0113ties abos flangos, jo pret\u0113j\u0101 gad\u012bjum\u0101 no vad\u012bbas nekas pr\u0101t\u012bgs nesan\u0101k.<\/p>\n\n\n\n<p class=\"has-white-color has-black-background-color has-text-color has-background has-medium-font-size\">\u201c\u0160\u012b CENTRA uzdevums ir rad\u012bt jukas- haosu valst\u012b.\u201d<\/p>\n\n\n\n<p class=\"has-black-color has-text-color has-background\" style=\"background-color:#f4f8fb;font-size:19px\">Ne tikai Latvij\u0101, k\u0101 redzams, jukas tiek rad\u012btas vis\u0101s valst\u012bs.<\/p>\n\n\n\n<p class=\"has-white-color has-black-background-color has-text-color has-background has-medium-font-size\">\u201cAr kaut cik lo\u0123isku pr\u0101tu apvelt\u012btais apj\u0113gs, ka katrs \u0161\u012b J. Kalna sac\u012btais teikums ir meli vai retorisks TUK\u0160UMS. Tas tik vien skan k\u0101: mums vajag, mums vajag un mums vajag\u2026 .\u201d<\/p>\n\n\n\n<p class=\"has-black-color has-text-color has-background\" style=\"background-color:#f4f8fb;font-size:19px\">Tie\u0161i ar lo\u0123isku pr\u0101tu apvelt\u012btais apj\u0113dz, ka J\u0101\u0146a teiktais par v\u012brusu un vakc\u012bn\u0101m saskan ne tikai ar visas pasaules god\u012bgo \u0101rstu br\u012bdin\u0101jumiem, bet ar\u012b ar t\u016bksto\u0161iem cietu\u0161o liec\u012bb\u0101m par vakc\u012bnu rad\u012btaj\u0101m sek\u0101m un miljoniem lo\u0123iski dom\u0101jo\u0161ajiem, kuri saprot, ka t\u0101 visa ir af\u0113ra.<\/p>\n\n\n\n<p class=\"has-white-color has-black-background-color has-text-color has-background has-medium-font-size\">\u201cK\u0101d\u0101 VIDEO reiz \u0161is \u201ckungs\u201d nep\u0101rprotami pasac\u012bja, k\u0101 vi\u0146u VDK salauza, protams, tas netika tie\u0161i pasac\u012bts un parastais klaus\u012bt\u0101js to nemaz neiev\u0113roja.\u201d<\/p>\n\n\n\n<p class=\"has-black-color has-text-color has-background\" style=\"background-color:#f4f8fb;font-size:19px\">Linard, ja fabric\u0113 lietu, tad pacenties vismaz pats neiet pretrun\u0101s ar sevi un neatst\u0101j retoriskus TUK\u0160UMUS, bet sniedz saiti uz konkr\u0113to video ar prec\u012bzu laiku, lai visi var paskat\u012bties no kurienes Tu to izfantaz\u0113, jo \u0161obr\u012bd fant\u0101ziju l\u012bmen\u012b tas ar\u012b paliek.<\/p>\n\n\n\n<p class=\"has-white-color has-black-background-color has-text-color has-background has-medium-font-size\">\u201cEs (Linards Granti\u0146\u0161) reiz 1985.g. biju nok\u013cuvis t\u0101d\u0101 pa\u0161\u0101 situ\u0101cij\u0101. Es no \u0161\u012bs situ\u0101cijas 8. st. gar\u0101 \u201cdiskusij\u0101\u201d ar \u010dekistiem tiku \u0101r\u0101 bez sadarb\u012bbas APLIECIN\u0100JUMA, \u201cBET J\u016bs, Kalna Kungs, n\u0113\u201d\u2026un t\u0101p\u0113c varu ar 100% p\u0101rliec\u012bbu sac\u012bt: J\u016bs str\u0101d\u0101jiet biju\u0161o \u010dekistu vad\u012bb\u0101 !\u201d<\/p>\n\n\n\n<p class=\"has-black-color has-text-color has-background\" style=\"background-color:#f4f8fb;font-size:19px\">Uz retoriska tuk\u0161uma pamatots apgalvojums. Tie\u0161i \u0161eit, kad vajag konkr\u0113tus pier\u0101d\u012bjumus, pirms rakst\u012bt publiskus apvainojumus ,Tu, Linard Granti\u0146, aprobe\u017eojies ar tuk\u0161umu \u2013 nav pamatojuma!<\/p>\n\n\n\n<p class=\"has-white-color has-black-background-color has-text-color has-background has-medium-font-size\">\u201cT\u0101du nodev\u012bbas stulbumu nevar gvelzt BR\u012aVS CILV\u0112KS. Runas stils atg\u0101dina nodev\u0113ju, Atmodas bendi, Valdi \u0160teinu:\u201d<\/p>\n\n\n\n<p class=\"has-black-color has-text-color has-background\" style=\"background-color:#f4f8fb;font-size:19px\">Valdi \u0160teinu nepaz\u012bstu, bet nek\u0101das atmodas nav bijis un t\u0101 ar\u012b nebija paredz\u0113ta. Ko j\u0113dz\u012bgu bez grau\u0161anas, Tu pats pied\u0101v\u0101ji? Tikai glob\u0101listu utopiju, kur cilv\u0113ki p\u0101rv\u0113rsti par elektroniski vad\u0101miem zombijiem, bet t\u0101da \u201ck\u0101rt\u012bba\u201d Dievam nav vajadz\u012bga un k\u0101rt\u0113jo reizi viss var beigties ar glob\u0101lu katastrofu, k\u0101 tas jau ir bijis iepriek\u0161, pateicoties \u0161iem utopistiem. Tu esi piln\u012bg\u0101 virsvad\u012bb\u0101 no Rida Brunera, kur\u0161 pat nesl\u0113pj, ka ir masons un cer\u012bbu, ka Tu var\u0113tu atj\u0113gties no \u0161\u012b \u201cmiega\u201d ir maz.<\/p>\n\n\n\n<p class=\"has-white-color has-black-background-color has-text-color has-background has-medium-font-size\">\u201cIeklausieties tikai: aicina g\u0101zt pa\u0161reiz\u0113jo koal\u012bciju un apvienoties ap mums NEZIN\u0100MO LABO CILV\u0112KU ! Tas ir sl\u0113pts aicin\u0101jums g\u0101zt to, kur\u0161 \u0161aj\u0101 KOAL\u012aCIJ\u0100 c\u012bn\u0101s pret J\u0101\u0146a Kalna darba dev\u0113jiem ! T\u0101 ir c\u012b\u0146a pret J\u0101ni Bord\u0101nu(JKP), kur\u0161 ir kop\u0101 ar ASV anti- korupcijas iest\u0101d\u0113m un kuram, cik noprotam, ir Kato\u013cu BAZN\u012aCAS atbalsts. Un tas jau ir izn\u012bc\u012bbas drauds vecajiem \u010dekistiem- Latvijas Republikas bend\u0113m. Tiek aktiviz\u0113tas visas rezerves, s\u0101kot no \u0161\u012b J\u0101\u0146a Kalna un beidzot ar visiem zin\u0101mo noziedznieku A. \u0160leseri !\u201d<\/p>\n\n\n\n<p class=\"has-black-color has-text-color has-background\" style=\"background-color:#f4f8fb;font-size:19px\">Nu k\u0101 \u012bsts glob\u0101listu rupors. Varb\u016bt Linardam ar\u012b vajag aizbraukt apciemot p\u0101vestu, l\u012bdz\u012bgi k\u0101 Levitam? Sve\u010dturus d\u0101van\u0101 aizvest, jo \u010dirkainais sveces jau aizveda. Un p\u016b\u013ca \u2013 elites sist\u0113m\u0101, kur\u0101 m\u0113s visi dz\u012bvojam \u2013 rakst\u012btais par ar anti-korupcijas iest\u0101d\u0113m b\u016btu smiekl\u012bgi, ja neb\u016btu tik tra\u0123iski. Kam\u0113r b\u016bs t\u0101 saucam\u0101 \u201celite\u201d un neko nesaproto\u0161s p\u016blis, b\u016bs ar\u012b korupcija, tie\u0161i t\u0101pat k\u0101 aitas un cirp\u0113ji. Jo vienm\u0113r b\u016bs cilv\u0113ki, kuri ar\u012b grib b\u016bt da\u013ca no \u201celites\u201d un ceps kuku\u013cus no vakara l\u012bdz r\u012btam. Visaptvero\u0161u dom\u0101\u0161anu veicino\u0161as zin\u0101\u0161anas nedr\u012bkst b\u016bt tikai \u201celit\u0101ro\u201d skolu satur\u0101 \u2013 t\u0101s ir j\u0101m\u0101ca vis\u0101s skol\u0101s, lai visi cilv\u0113ki saprot, k\u0101das sekas ir no m\u0101ksl\u012bga iztr\u016bkuma veido\u0161anas. Ne jau velti, p\u0113c iemeslu un seku likuma, J\u016bsu piram\u012bda ar visiem \u010detrst\u016briem un cirku\u013ciem br\u016bk.<\/p>\n\n\n\n<p class=\"has-white-color has-black-background-color has-text-color has-background has-medium-font-size\">\u201cEs J\u016bs aps\u016bdzu LR un latvie\u0161u tautas nodev\u012bb\u0101 !\u201d<\/p>\n\n\n\n<p class=\"has-black-color has-text-color has-background\" style=\"background-color:#f4f8fb;font-size:19px\">Ko gan citu var cilv\u0113ks, kur\u0161 neko v\u0113rt\u012bgu sabiedr\u012bbai nav pied\u0101v\u0101jis. Tikai aps\u016bdz\u0113t taj\u0101, kad k\u0101ds trauc\u0113 \u012bstenot Brunera anticilv\u0113ciskos pl\u0101nus. Tam cilv\u0113kveid\u012bgajam jau sej\u0101 redzams, ka dv\u0113sele ir p\u0101rprogramm\u0113ta un nav vairs palikusi neviena labsird\u012bga vaibsta \u2013 tikai naida un viltus grumbas.<\/p>\n\n\n\n<p class=\"has-white-color has-black-background-color has-text-color has-background has-medium-font-size\">\u201cLRTT: Par \u0161\u012bs 5t\u0101s KOLONAS darbo\u0146iem pietieko\u0161i objekt\u012bvi ir pasac\u012bts zem\u0101k dotaj\u0101s nor\u0101d\u0113s. Visiem labiem cilv\u0113kiem ir j\u0101apvienojas ap \u0161o LABO CILV\u0112KU ! Kur\u0161 tad ir \u0161is LABAIS CILV\u0112KS, nav ilgi j\u0101mekl\u0113, tas nav neviens cits k\u0101 Aivis Vasi\u013cevskis. \u201dVat\u0146iks Aivis (atv\u0113rt) ir iest\u0101jies putnu vecenes INGUNAS SUDRABAS jaunaj\u0101 partij\u0101 ATMODA. Abi divi politiskie mar\u0123in\u0101\u013ci ac\u012bmredzot ir iepazinu\u0161ies PUTINA sektantu organiz\u0101cijas URANTIJA pas\u0101kumos, t\u0101 k\u0101 gan Sudraba, gan Vasi\u013cevskis ir biju\u0161i \u0161\u012bs sektas locek\u013ci.\u201d<\/p>\n\n\n\n<p class=\"has-black-color has-text-color has-background\" style=\"background-color:#f4f8fb;font-size:19px\">Linard, kad pirmo reizi las\u012bju un centos v\u0113l atrast k\u0101du sapr\u0101t\u012bgu domu graudu starp Taviem pie\u0146\u0113mumiem, tad p\u0113c \u0161\u012b \u201ckro\u0146a numura\u201d rindi\u0146u izlas\u012b\u0161anas, il\u016bzijas pazuda. Es parasti cen\u0161os v\u0113rt\u0113t vilt\u012bg\u0101k veidotus rakstus, bet lasot Tavu spilgti format\u0113to tekstu, \u0161eit t\u0101 k\u0101 p\u0113c scen\u0101rija bija j\u0101b\u016bt sp\u0113c\u012bg\u0101kajam argumentam, kas no\u0146em jebk\u0101das il\u016bzijas par aps\u016bdzam\u0101 cilv\u0113ka vainu, bet te ne pa t\u0113mu kautkas gal\u012bgi gar\u0101m samurgots \u2013 nu t\u0101 ka pat ne tuvu. Un no kurienes t\u0101ds naids pret Aivi? Varb\u016bt no turienes, ka tie\u0161i Aivis ir pietiekami izstud\u0113jis tav\u0101 n\u012bstaj\u0101 Krievij\u0101 rad\u012bto vad\u012bbas teor\u0113tisko b\u0101zi \u041a\u041e\u0411 un \u0414\u041e\u0422\u0423, pret kuru vilt\u012bgi uzst\u0101jas Bruners. Te ir \u013coti spilgti redzams, ka Tev \u013coti nepat\u012bk, ka cilv\u0113ki Latvij\u0101 uzzin par glob\u0101listu pl\u0101niem un visu, kas tiek gatavots aiz \u0161vakcin\u0101cij\u0101m un Zemes nokl\u0101\u0161anu ar jaun\u0101k\u0101s paaudzes raidtor\u0146iem. Stulb\u0101kais Tav\u0101 un Brunera gad\u012bjum\u0101 ir tas, ka velni\u0161\u0137aj\u0101 hierarhij\u0101, lai sl\u0113ptu p\u0113das no n\u0101kamaj\u0101m paaudz\u0113m, ar pl\u0101na \u012bstenot\u0101jiem vi\u0146u pa\u0161u kuratori izr\u012bkojas p\u0113c principa: \u201cMavrs darbi\u0146u izdar\u012bja, Mavram j\u0101aiziet\u201d. K\u0101 tas var patikt, man ir gr\u016bti saprotams. Grib\u0113tos, protams, lai Tev izdotos atbr\u012bvoties no \u0161\u012b vilt\u012bg\u0101 masona virsvad\u012bbas.<\/p>\n\n\n\n<p class=\"has-white-color has-black-background-color has-text-color has-background has-medium-font-size\">\u201c\u0160is J\u0101nis Kalns pazi\u0146o, ka j\u0101patriec valdo\u0161\u0101 koal\u012bcija, bet ne ar zilbi nepiemin \u201copoz\u012bciju\u201d, kas putino\u012bdisk\u0101s Krievijas rupors Latvij\u0101 !!!\u201d<\/p>\n\n\n\n<p class=\"has-black-color has-text-color has-background\" style=\"background-color:#f4f8fb;font-size:19px\">Tas, ka Tu nesp\u0113j izv\u0113rt\u0113t tie\u0161i Valdimira Putina paveikto kop\u0161 2000 gada ar\u012b liecina par Tava pr\u0101ta aprobe\u017eot\u012bbu, kad Krievija t\u0101 viet\u0101, lai sadegtu maidanos \u2013 ar katru dienu atg\u016bst arvien vair\u0101k suverenit\u0101ti. Tu tikai proti sajaukt vi\u0146u kop\u0101 ar Medve\u0123evu un tam l\u012bdz\u012bgajiem.Saukt pie atbild\u012bbas noziedzniekus nav viegls pien\u0101kums, bet l\u012bdz\u012bgi k\u0101 policistiem \u2013 jo ilg\u0101k cilv\u0113ks ir saist\u012bts ar krimin\u0101lu, jo vair\u0101k p\u0101rprogramm\u0113jas un pats k\u013c\u016bst par noziedznieku. T\u0101d\u0113\u013c ik p\u0113c k\u0101da laika vajag \u0146emt ilg\u0101ku p\u0101rtraukumu un nodarboties ar kautko rado\u0161u un ar\u012b visai sabiedr\u012bbai vajadz\u012bgu.<\/p>\n\n\n\n<p><\/p>\n","protected":false},"excerpt":{"rendered":"<p>LRTT: Slepkava, latviet, ir tev l\u012bdz\u0101s ! \u0160is uzbrukums Granti\u0146am rad\u0101s t\u016bl\u012bt p\u0113c \u0161\u012bs publik\u0101cijas: Izlasot \u0161o teikumu: \u201c Lai ar\u012b, dro\u0161vien labi zini, ka p\u0113c v\u0101rda noz\u012bmes \u2013 \u201c\u0431\u043e\u043b\u044c\u0448\u0435\u0432\u0438\u043a\u201d \u044d\u0442\u043e \u0442\u043e\u0442 \u043a\u0442\u043e \u0437\u0430\u0431\u043e\u0442\u0438\u0442\u0441\u044f&#46;&#46;&#46;<\/p>\n","protected":false},"author":1,"featured_media":60570,"comment_status":"open","ping_status":"open","sticky":false,"template":"","format":"standard","meta":[],"categories":[1],"tags":[],"_links":{"self":[{"href":"https:\/\/tautastribunals.eu\/index.php?rest_route=\/wp\/v2\/posts\/60569"}],"collection":[{"href":"https:\/\/tautastribunals.eu\/index.php?rest_route=\/wp\/v2\/posts"}],"about":[{"href":"https:\/\/tautastribunals.eu\/index.php?rest_route=\/wp\/v2\/types\/post"}],"author":[{"embeddable":true,"href":"https:\/\/tautastribunals.eu\/index.php?rest_route=\/wp\/v2\/users\/1"}],"replies":[{"embeddable":true,"href":"https:\/\/tautastribunals.eu\/index.php?rest_route=%2Fwp%2Fv2%2Fcomments&post=60569"}],"version-history":[{"count":13,"href":"https:\/\/tautastribunals.eu\/index.php?rest_route=\/wp\/v2\/posts\/60569\/revisions"}],"predecessor-version":[{"id":60583,"href":"https:\/\/tautastribunals.eu\/index.php?rest_route=\/wp\/v2\/posts\/60569\/revisions\/60583"}],"wp:featuredmedia":[{"embeddable":true,"href":"https:\/\/tautastribunals.eu\/index.php?rest_route=\/wp\/v2\/media\/60570"}],"wp:attachment":[{"href":"https:\/\/tautastribunals.eu\/index.php?rest_route=%2Fwp%2Fv2%2Fmedia&parent=60569"}],"wp:term":[{"taxonomy":"category","embeddable":true,"href":"https:\/\/tautastribunals.eu\/index.php?rest_route=%2Fwp%2Fv2%2Fcategories&post=60569"},{"taxonomy":"post_tag","embeddable":true,"href":"https:\/\/tautastribunals.eu\/index.php?rest_route=%2Fwp%2Fv2%2Ftags&post=60569"}],"curies":[{"name":"wp","href":"https:\/\/api.w.org\/{rel}","templated":true}]}}