{"id":60518,"date":"2021-07-16T15:27:45","date_gmt":"2021-07-16T12:27:45","guid":{"rendered":"https:\/\/tautastribunals.eu\/?p=60518"},"modified":"2021-07-16T18:32:11","modified_gmt":"2021-07-16T15:32:11","slug":"materializejies-arprats-jana-kalna-formata-valsts-un-tautas-nodeviba","status":"publish","type":"post","link":"https:\/\/tautastribunals.eu\/?p=60518","title":{"rendered":"Materializ\u0113jies \u0101rpr\u0101ts J\u0101\u0146a Kalna form\u0101t\u0101 (Valsts un tautas nodev\u012bba)"},"content":{"rendered":"\n<figure class=\"wp-block-image size-large is-resized\"><img decoding=\"async\" loading=\"lazy\" src=\"https:\/\/tautastribunals.eu\/wp-content\/uploads\/2021\/02\/melns.-www.tautastribunals.eu-14111-800x112.png\" alt=\"\" class=\"wp-image-59495\" width=\"1450\" height=\"203\" srcset=\"https:\/\/tautastribunals.eu\/wp-content\/uploads\/2021\/02\/melns.-www.tautastribunals.eu-14111-800x112.png 800w, https:\/\/tautastribunals.eu\/wp-content\/uploads\/2021\/02\/melns.-www.tautastribunals.eu-14111-300x42.png 300w, https:\/\/tautastribunals.eu\/wp-content\/uploads\/2021\/02\/melns.-www.tautastribunals.eu-14111-768x108.png 768w, https:\/\/tautastribunals.eu\/wp-content\/uploads\/2021\/02\/melns.-www.tautastribunals.eu-14111.png 950w\" sizes=\"(max-width: 1450px) 100vw, 1450px\" \/><\/figure>\n\n\n\n<p class=\"has-white-color has-black-background-color has-text-color has-background\" style=\"font-size:19px\">\u0160odien, kad Latvij\u0101 valda bo\u013c\u0161eviku izaudz\u0113t\u0101 un kultiv\u0113t\u0101 Latvijas izlaup\u012bt\u0101ju banda, ir viegli da\u017e\u0101diem \u201ckaimi\u0146valsts\u201d a\u0123entiem ar demago\u0123iskiem pazi\u0146ojumiem g\u016bt popularit\u0101ti. <\/p>\n\n\n\n<p class=\"has-white-color has-black-background-color has-text-color has-background\" style=\"font-size:19px\">Gan pie valsts st\u016bres eso\u0161ie zag\u013ci, gan vi\u0146u kriti\u0137i, tiek vad\u012bti no viena centra. \u0160\u012b CENTRA uzdevums ir rad\u012bt jukas- haosu valst\u012b. Ar kaut cik lo\u0123isku pr\u0101tu apvelt\u012btais apj\u0113gs, ka katrs \u0161\u012b J. Kalna sac\u012btais teikums ir meli vai retorisks TUK\u0160UMS. Tas tik vien skan k\u0101: mums vajag, mums vajag un mums vajag\u2026 . <\/p>\n\n\n\n<p class=\"has-white-color has-black-background-color has-text-color has-background\" style=\"font-size:19px\">K\u0101d\u0101 VIDEO reiz \u0161is \u201ckungs\u201d nep\u0101rprotami pasac\u012bja, k\u0101 vi\u0146u VDK salauza, protams, tas netika tie\u0161i pasac\u012bts un parastais klaus\u012bt\u0101js to nemaz neiev\u0113roja. Es (Linards Granti\u0146\u0161) reiz 1985.g. biju nok\u013cuvis t\u0101d\u0101 pa\u0161\u0101 situ\u0101cij\u0101. Es no \u0161\u012bs situ\u0101cijas 8. st. gar\u0101 \u201cdiskusij\u0101\u201d ar \u010dekistiem tiku \u0101r\u0101 bez sadarb\u012bbas APLIECIN\u0100JUMA,<strong> \u201cBET J\u016bs, Kalna Kungs, n\u0113\u201d\u2026<\/strong>un t\u0101p\u0113c varu ar 100% p\u0101rliec\u012bbu sac\u012bt: <\/p>\n\n\n\n<p class=\"has-text-align-center has-white-color has-vivid-red-background-color has-text-color has-background\" style=\"font-size:25px\">J\u016bs str\u0101d\u0101jiet biju\u0161o \u010dekistu vad\u012bb\u0101 ! <\/p>\n\n\n\n<p class=\"has-white-color has-black-background-color has-text-color has-background\" style=\"font-size:19px\">T\u0101du nodev\u012bbas stulbumu nevar gvelzt BR\u012aVS CILV\u0112KS. Runas stils atg\u0101dina nodev\u0113ju, Atmodas bendi, Valdi \u0160teinu:<\/p>\n\n\n\n<figure class=\"wp-block-embed is-type-wp-embed is-provider-iegult wp-block-embed-iegult\"><div class=\"wp-block-embed__wrapper\">\n<blockquote class=\"wp-embedded-content\" data-secret=\"eGcWr3KRXy\"><a href=\"https:\/\/tautastribunals.eu\/?p=17286\">K\u0101ds meln\u0101s nodev\u012bbs vieplis<\/a><\/blockquote><iframe class=\"wp-embedded-content\" sandbox=\"allow-scripts\" security=\"restricted\" style=\"position: absolute; clip: rect(1px, 1px, 1px, 1px);\" title=\"&#8220;K\u0101ds meln\u0101s nodev\u012bbs vieplis&#8221; &#8212; \" src=\"https:\/\/tautastribunals.eu\/?p=17286&#038;embed=true#?secret=eGcWr3KRXy\" data-secret=\"eGcWr3KRXy\" width=\"500\" height=\"282\" frameborder=\"0\" marginwidth=\"0\" marginheight=\"0\" scrolling=\"no\"><\/iframe>\n<\/div><\/figure>\n\n\n\n<p class=\"has-white-color has-black-background-color has-text-color has-background\" style=\"font-size:19px\">Ieklausieties tikai: aicina g\u0101zt pa\u0161reiz\u0113jo koal\u012bciju un apvienoties ap mums NEZIN\u0100MO LABO CILV\u0112KU ! Tas ir sl\u0113pts aicin\u0101jums g\u0101zt to, kur\u0161 \u0161aj\u0101 KOAL\u012aCIJ\u0100 c\u012bn\u0101s pret J\u0101\u0146a Kalna darba dev\u0113jiem ! T\u0101 ir c\u012b\u0146a pret J\u0101ni Bord\u0101nu(JKP), kur\u0161 ir kop\u0101 ar ASV anti- korupcijas iest\u0101d\u0113m un kuram, cik noprotam, ir Kato\u013cu BAZN\u012aCAS atbalsts. Un tas jau ir izn\u012bc\u012bbas drauds vecajiem \u010dekistiem- Latvijas Republikas bend\u0113m. Tiek aktiviz\u0113tas visas rezerves, s\u0101kot no \u0161\u012b J\u0101\u0146a Kalna un beidzot ar visiem zin\u0101mo noziedznieku A. \u0160leseri ! <\/p>\n\n\n\n<p class=\"has-text-align-center has-white-color has-vivid-red-background-color has-text-color has-background\" style=\"font-size:25px\">Es J\u016bs aps\u016bdzu LR un latvie\u0161u tautas nodev\u012bb\u0101 !<\/p>\n\n\n\n<p class=\"has-black-color has-text-color\" style=\"font-size:18px\"><em>16.07.21                   Linards Granti\u0146\u0161 LRTT &amp; H- 86<\/em><\/p>\n\n\n\n<figure class=\"wp-block-embed is-type-video is-provider-youtube wp-block-embed-youtube wp-embed-aspect-16-9 wp-has-aspect-ratio\"><div class=\"wp-block-embed__wrapper\">\n<div class=\"video-container\"><iframe loading=\"lazy\" title=\"Br\u012bvvalsts TV visa intervija ar J\u0101ni Kalnu\" width=\"500\" height=\"281\" src=\"https:\/\/www.youtube.com\/embed\/mpPiyDl2NOI?start=1031&#038;feature=oembed&#038;wmode=opaque\" frameborder=\"0\" allow=\"accelerometer; autoplay; clipboard-write; encrypted-media; gyroscope; picture-in-picture\" allowfullscreen><\/iframe><\/div>\n<\/div><\/figure>\n\n\n\n<p class=\"has-text-align-center has-white-color has-vivid-red-background-color has-text-color has-background\" style=\"font-size:21px\">LRTT: Par \u0161\u012bs 5t\u0101s KOLONAS darbo\u0146iem pietieko\u0161i objekt\u012bvi ir pasac\u012bts zem\u0101k dotaj\u0101s nor\u0101d\u0113s.<\/p>\n\n\n\n<p class=\"has-black-color has-text-color has-background\" style=\"background-color:#eaecee;font-size:19px\">Visiem labiem cilv\u0113kiem ir j\u0101apvienojas ap \u0161o LABO CILV\u0112KU ! Kur\u0161 tad ir \u0161is LABAIS CILV\u0112KS, nav ilgi j\u0101mekl\u0113, tas nav neviens cits k\u0101 Aivis Vasi\u013cevskis.<em>\u201dVat\u0146iks Aivis<a href=\"https:\/\/vatastan.com\/2019\/03\/26\/dienas-vatniks-aivis-vasilevskis\/\"> <\/a><span class=\"has-inline-color has-vivid-purple-color\">(atv\u0113rt)<\/span> ir iest\u0101jies putnu vecenes INGUNAS SUDRABAS jaunaj\u0101 partij\u0101 ATMODA. Abi divi politiskie mar\u0123in\u0101\u013ci ac\u012bmredzot ir iepazinu\u0161ies PUTINA sektantu organiz\u0101cijas URANTIJA pas\u0101kumos, t\u0101 k\u0101 gan Sudraba, gan Vasi\u013cevskis ir biju\u0161i \u0161\u012bs sektas locek\u013ci.\u201d<\/em><\/p>\n\n\n\n<p class=\"has-white-color has-black-background-color has-text-color has-background\" style=\"font-size:19px\">\u0160is J\u0101nis Kalns pazi\u0146o, ka j\u0101patriec valdo\u0161\u0101 koal\u012bcija, bet ne ar zilbi nepiemin &#8220;opoz\u012bciju&#8221;, kas putino\u012bdisk\u0101s Krievijas rupors Latvij\u0101 !!!<\/p>\n\n\n\n<p class=\"has-black-color has-text-color has-background\" style=\"background-color:#eaecee;font-size:19px\">\u0160eit<a href=\"https:\/\/www.delfi.lv\/interaktivie-stasti\/viltotie-reportieri-ar-ko-flirte-un-baida-interneta-maldu-televizijas-veidotaji.d?id=53115891\" data-type=\"URL\" data-id=\"https:\/\/www.delfi.lv\/interaktivie-stasti\/viltotie-reportieri-ar-ko-flirte-un-baida-interneta-maldu-televizijas-veidotaji.d?id=53115891\" target=\"_blank\" rel=\"noreferrer noopener\"><em><span class=\"has-inline-color has-vivid-purple-color\"> (atvert) <\/span><\/em><\/a>par \u0161iem LR gr\u0101v\u0113jiem ir pietieko\u0161i objekt\u012bvi aprakst\u012bts. Un, tas pats d\u012bvain\u0101kais, ka VDD nu nek\u0101di nerea\u0123\u0113 uz \u0161o 5t\u0101s kolonas darb\u012bbu pret LR ! Te vairs nav runa par da\u013c\u0113ju dezinform\u0101ciju, ko veic \u0161\u012b \u013be\u0123\u0101jevistu st\u016br\u0113t\u0101 s\u0101tanistu sekta, bet gan par 100% dezinform\u0101ciju.<\/p>\n\n\n\n<p><\/p>\n\n\n\n<p class=\"has-text-align-center has-white-color has-vivid-red-background-color has-text-color has-background\" style=\"font-size:31px\">\u0160eit variet iepaz\u012bties ar LABO CILV\u0112KU !<\/p>\n\n\n\n<figure class=\"wp-block-image size-large is-resized\"><img decoding=\"async\" loading=\"lazy\" src=\"https:\/\/tautastribunals.eu\/wp-content\/uploads\/2021\/07\/Aivis-Vasilevskis.L.-Grantins.Godmanis.LRTT_-433x800.png\" alt=\"\" class=\"wp-image-60527\" width=\"1450\" height=\"2679\" srcset=\"https:\/\/tautastribunals.eu\/wp-content\/uploads\/2021\/07\/Aivis-Vasilevskis.L.-Grantins.Godmanis.LRTT_-433x800.png 433w, https:\/\/tautastribunals.eu\/wp-content\/uploads\/2021\/07\/Aivis-Vasilevskis.L.-Grantins.Godmanis.LRTT_-162x300.png 162w, https:\/\/tautastribunals.eu\/wp-content\/uploads\/2021\/07\/Aivis-Vasilevskis.L.-Grantins.Godmanis.LRTT_.png 765w\" sizes=\"(max-width: 1450px) 100vw, 1450px\" \/><\/figure>\n\n\n\n<p><\/p>\n\n\n\n<p><\/p>\n","protected":false},"excerpt":{"rendered":"<p>\u0160odien, kad Latvij\u0101 valda bo\u013c\u0161eviku izaudz\u0113t\u0101 un kultiv\u0113t\u0101 Latvijas izlaup\u012bt\u0101ju banda, ir viegli da\u017e\u0101diem \u201ckaimi\u0146valsts\u201d a\u0123entiem ar demago\u0123iskiem pazi\u0146ojumiem g\u016bt popularit\u0101ti. Gan pie valsts st\u016bres eso\u0161ie zag\u013ci, gan vi\u0146u kriti\u0137i, tiek vad\u012bti no viena&#46;&#46;&#46;<\/p>\n","protected":false},"author":1,"featured_media":60503,"comment_status":"open","ping_status":"open","sticky":false,"template":"","format":"standard","meta":[],"categories":[1],"tags":[],"_links":{"self":[{"href":"https:\/\/tautastribunals.eu\/index.php?rest_route=\/wp\/v2\/posts\/60518"}],"collection":[{"href":"https:\/\/tautastribunals.eu\/index.php?rest_route=\/wp\/v2\/posts"}],"about":[{"href":"https:\/\/tautastribunals.eu\/index.php?rest_route=\/wp\/v2\/types\/post"}],"author":[{"embeddable":true,"href":"https:\/\/tautastribunals.eu\/index.php?rest_route=\/wp\/v2\/users\/1"}],"replies":[{"embeddable":true,"href":"https:\/\/tautastribunals.eu\/index.php?rest_route=%2Fwp%2Fv2%2Fcomments&post=60518"}],"version-history":[{"count":16,"href":"https:\/\/tautastribunals.eu\/index.php?rest_route=\/wp\/v2\/posts\/60518\/revisions"}],"predecessor-version":[{"id":60536,"href":"https:\/\/tautastribunals.eu\/index.php?rest_route=\/wp\/v2\/posts\/60518\/revisions\/60536"}],"wp:featuredmedia":[{"embeddable":true,"href":"https:\/\/tautastribunals.eu\/index.php?rest_route=\/wp\/v2\/media\/60503"}],"wp:attachment":[{"href":"https:\/\/tautastribunals.eu\/index.php?rest_route=%2Fwp%2Fv2%2Fmedia&parent=60518"}],"wp:term":[{"taxonomy":"category","embeddable":true,"href":"https:\/\/tautastribunals.eu\/index.php?rest_route=%2Fwp%2Fv2%2Fcategories&post=60518"},{"taxonomy":"post_tag","embeddable":true,"href":"https:\/\/tautastribunals.eu\/index.php?rest_route=%2Fwp%2Fv2%2Ftags&post=60518"}],"curies":[{"name":"wp","href":"https:\/\/api.w.org\/{rel}","templated":true}]}}