{"id":60454,"date":"2021-07-08T13:59:18","date_gmt":"2021-07-08T10:59:18","guid":{"rendered":"https:\/\/tautastribunals.eu\/?p=60454"},"modified":"2021-07-08T17:14:25","modified_gmt":"2021-07-08T14:14:25","slug":"a-merkeles-cels-uz-vfr-kancleres-kreslu-un-sekas-tam","status":"publish","type":"post","link":"https:\/\/tautastribunals.eu\/?p=60454","title":{"rendered":"A. Merkeles ce\u013cs uz VFR kancleres kr\u0113slu un sekas tam&#8230;"},"content":{"rendered":"\n<figure class=\"wp-block-image size-large is-resized\"><img decoding=\"async\" loading=\"lazy\" src=\"https:\/\/tautastribunals.eu\/wp-content\/uploads\/2020\/08\/Helsinki-86.-LRTT.-Granti\u0146\u0161.Bord\u0101ns.Stuk\u0101ns-6.png\" alt=\"\" class=\"wp-image-57101\" width=\"1450\" height=\"159\"\/><\/figure>\n\n\n\n<p><\/p>\n\n\n\n<p class=\"has-text-align-center has-black-color has-text-color has-background\" style=\"background-color:#eff3f6;font-size:34px\">Kas gan viss nenotiek \u0161ai d\u012bvainaj\u0101 pasaul\u0113 ! <\/p>\n\n\n\n<figure class=\"wp-block-image size-large is-resized\"><img decoding=\"async\" loading=\"lazy\" src=\"https:\/\/tautastribunals.eu\/wp-content\/uploads\/2021\/07\/2.Merkele.Kols-Grantins.LRTT_.jpg\" alt=\"\" class=\"wp-image-60462\" width=\"1450\" height=\"571\" srcset=\"https:\/\/tautastribunals.eu\/wp-content\/uploads\/2021\/07\/2.Merkele.Kols-Grantins.LRTT_.jpg 800w, https:\/\/tautastribunals.eu\/wp-content\/uploads\/2021\/07\/2.Merkele.Kols-Grantins.LRTT_-300x118.jpg 300w, https:\/\/tautastribunals.eu\/wp-content\/uploads\/2021\/07\/2.Merkele.Kols-Grantins.LRTT_-768x302.jpg 768w\" sizes=\"(max-width: 1450px) 100vw, 1450px\" \/><\/figure>\n\n\n\n<p class=\"has-black-color has-text-color has-background\" style=\"background-color:#eff3f6;font-size:19px\"><strong>\u201cHoneker- jugendmeitene\u201d A. Merkele<\/strong> k\u013c\u016bst par <strong>VFR <\/strong>kancleri ! Tas bija <strong>Kanclera H. Kola<\/strong> pan\u0101kums, kur\u0161 pats bija <strong>VDR a\u0123ents<\/strong>, nevis vi\u0146a sekret\u0101rs, k\u0101 to izbaz\u016bn\u0113ja pres\u0113. Nerun\u0101\u0161u par<strong> A. Merkeles <\/strong>uzspiesto<em>(bez tautas nobalso\u0161anas)<\/em> integr\u0101cijas politiku, kas beidzot izg\u0101z\u0101s, bet par pa\u0161u galveno: <strong>V\u0101cijas aizsardz\u012bbas sp\u0113kiem,<\/strong> kuri ir tikt\u0101l marginaliz\u0113ti, ka ja vajadz\u0113tu st\u0101ties pret\u012b <strong>Polijai<\/strong>, tad cer\u0113t par uzvaru b\u016btu neaizsniedzams sapnis. Un tas jau ar\u012b ir imperi\u0101lista <strong>Putina galvenais m\u0113r\u0137is.<\/strong> <\/p>\n\n\n\n<p class=\"has-black-color has-text-color has-background\" style=\"background-color:#eff3f6;font-size:19px\"> Noziegums ir ar\u012b pirkt putinisk\u0101s <strong>Krievijas<\/strong> naftu un g\u0101zi, lai <strong>Putinam<\/strong> b\u016btu l\u012bdzek\u013ci iekarot sve\u0161as teritorijas un masveid\u0101 slepkavot pamat iedz\u012bvot\u0101jus.Iegaum\u0113sim:<strong> Urzula fon der Leiena<\/strong> no 2013. gada vi\u0146a bija <strong>V\u0101cijas Aizsardz\u012bbas ministre Angelas Merkeles tre\u0161aj\u0101 kabinet\u0101, <\/strong>pirm\u0101 sieviete <strong>V\u0101cijas v\u0113stur\u0113,<\/strong> kura vad\u012bja Aizsardz\u012bbas ministriju. 2015. gada 27. septembr\u012b par\u0101d\u012bj\u0101s baumas par ministres iesp\u0113jamo pla\u0123i\u0101tismu doktora disert\u0101cij\u0101.<sup><a href=\"https:\/\/lv.wikipedia.org\/wiki\/Urzula_fon_der_Leiena#cite_note-3\"><em><span class=\"has-inline-color has-vivid-purple-color\">[3]<\/span><\/em><\/a> <\/sup>2019. gada 2. j\u016blij\u0101 <a href=\"https:\/\/lv.wikipedia.org\/wiki\/Eiropadome\"><em><span class=\"has-inline-color has-vivid-purple-color\">Eiropadome<\/span><\/em><\/a> izvirz\u012bja <strong>Urzulas fon der Leienas <\/strong>kandidat\u016bru<em> <a href=\"https:\/\/lv.wikipedia.org\/wiki\/Eiropas_Komisija\"><span class=\"has-inline-color has-vivid-purple-color\">Eiropas Komisijas<\/span><\/a><\/em> prezidentes amatam. 16. j\u016blij\u0101 <em><a href=\"https:\/\/lv.wikipedia.org\/wiki\/Eiropas_Parlaments\"><span class=\"has-inline-color has-vivid-purple-color\"><strong>Eiropas Parlaments<\/strong><\/span><\/a> <\/em>ar balsu vair\u0101kumu (383 par, 327 pret) vi\u0146u iev\u0113l\u0113ja \u0161aj\u0101 amat\u0101.<sup><a href=\"https:\/\/lv.wikipedia.org\/wiki\/Urzula_fon_der_Leiena#cite_note-4\"><em><span class=\"has-inline-color has-vivid-purple-color\">[4]<\/span><\/em><\/a><\/sup> Savus pien\u0101kumus vi\u0146a s\u0101ka pild\u012bt 2019. gada 1. decembr\u012b. <\/p>\n\n\n\n<p class=\"has-black-color has-text-color has-background\" style=\"background-color:#eff3f6;font-size:19px\">Izn\u0101k interesanta <strong>\u201crot\u0101cija\u201d.<\/strong> Par <strong>\u201cveikm\u012bgu\u201d V\u0101cijas <\/strong>armijas vad\u012bbu, vi\u0146a tiek <strong>\u201ciev\u0113l\u0113ta\u201d <\/strong>par <strong>EK<\/strong> prezidenti ! Kur\u0101 virzien\u0101 tad \u0161\u012b <strong>KUNDZE<\/strong> st\u016bres<strong> Eiropu <\/strong>? <\/p>\n\n\n\n<p class=\"has-black-color has-text-color has-background\" style=\"background-color:#eff3f6;font-size:19px\">Tikai pateicoties <strong>Polijas un Lietuvas akt\u012bvai pretdarb\u012bbai<\/strong> pret <strong>Leiena &amp; Merkel, <\/strong>m\u0113s ar visu <strong>ES<\/strong> neesam non\u0101ku\u0161i <strong>Putina \u201cdraudz\u012bgaj\u0101 pasp\u0101rn\u0113\u201d<\/strong> ! Un paldies <strong>Dievam<\/strong>, ka <strong>Putina<\/strong> a\u0123ents <strong>D. Tramps <\/strong>ir ticis padz\u012bts, kur\u0161 gandr\u012bz sa\u0161\u0137aid\u012bja <strong>ES un NATO <\/strong>!<\/p>\n\n\n\n<p>08.07.21<\/p>\n\n\n\n<figure class=\"wp-block-image size-large is-resized\"><img decoding=\"async\" loading=\"lazy\" src=\"https:\/\/tautastribunals.eu\/wp-content\/uploads\/2021\/07\/1.Merkel.Grantins.LRTT_-607x800.png\" alt=\"\" class=\"wp-image-60457\" width=\"1450\" height=\"1911\" srcset=\"https:\/\/tautastribunals.eu\/wp-content\/uploads\/2021\/07\/1.Merkel.Grantins.LRTT_-607x800.png 607w, https:\/\/tautastribunals.eu\/wp-content\/uploads\/2021\/07\/1.Merkel.Grantins.LRTT_-228x300.png 228w, https:\/\/tautastribunals.eu\/wp-content\/uploads\/2021\/07\/1.Merkel.Grantins.LRTT_.png 709w\" sizes=\"(max-width: 1450px) 100vw, 1450px\" \/><\/figure>\n\n\n\n<p><\/p>\n\n\n\n<p><\/p>\n","protected":false},"excerpt":{"rendered":"<p>Kas gan viss nenotiek \u0161ai d\u012bvainaj\u0101 pasaul\u0113 ! \u201cHoneker- jugendmeitene\u201d A. Merkele k\u013c\u016bst par VFR kancleri ! Tas bija Kanclera H. Kola pan\u0101kums, kur\u0161 pats bija VDR a\u0123ents, nevis vi\u0146a sekret\u0101rs, k\u0101 to izbaz\u016bn\u0113ja&#46;&#46;&#46;<\/p>\n","protected":false},"author":1,"featured_media":60462,"comment_status":"open","ping_status":"open","sticky":false,"template":"","format":"standard","meta":[],"categories":[1],"tags":[],"_links":{"self":[{"href":"https:\/\/tautastribunals.eu\/index.php?rest_route=\/wp\/v2\/posts\/60454"}],"collection":[{"href":"https:\/\/tautastribunals.eu\/index.php?rest_route=\/wp\/v2\/posts"}],"about":[{"href":"https:\/\/tautastribunals.eu\/index.php?rest_route=\/wp\/v2\/types\/post"}],"author":[{"embeddable":true,"href":"https:\/\/tautastribunals.eu\/index.php?rest_route=\/wp\/v2\/users\/1"}],"replies":[{"embeddable":true,"href":"https:\/\/tautastribunals.eu\/index.php?rest_route=%2Fwp%2Fv2%2Fcomments&post=60454"}],"version-history":[{"count":10,"href":"https:\/\/tautastribunals.eu\/index.php?rest_route=\/wp\/v2\/posts\/60454\/revisions"}],"predecessor-version":[{"id":60466,"href":"https:\/\/tautastribunals.eu\/index.php?rest_route=\/wp\/v2\/posts\/60454\/revisions\/60466"}],"wp:featuredmedia":[{"embeddable":true,"href":"https:\/\/tautastribunals.eu\/index.php?rest_route=\/wp\/v2\/media\/60462"}],"wp:attachment":[{"href":"https:\/\/tautastribunals.eu\/index.php?rest_route=%2Fwp%2Fv2%2Fmedia&parent=60454"}],"wp:term":[{"taxonomy":"category","embeddable":true,"href":"https:\/\/tautastribunals.eu\/index.php?rest_route=%2Fwp%2Fv2%2Fcategories&post=60454"},{"taxonomy":"post_tag","embeddable":true,"href":"https:\/\/tautastribunals.eu\/index.php?rest_route=%2Fwp%2Fv2%2Ftags&post=60454"}],"curies":[{"name":"wp","href":"https:\/\/api.w.org\/{rel}","templated":true}]}}