{"id":60236,"date":"2021-04-13T09:09:51","date_gmt":"2021-04-13T06:09:51","guid":{"rendered":"https:\/\/tautastribunals.eu\/?p=60236"},"modified":"2021-04-13T09:12:23","modified_gmt":"2021-04-13T06:12:23","slug":"vel-par-vatniku-edgaru-kraminu","status":"publish","type":"post","link":"https:\/\/tautastribunals.eu\/?p=60236","title":{"rendered":"V\u0113l par vat\u0146iku Edgaru Krami\u0146u"},"content":{"rendered":"\n<figure class=\"wp-block-image size-large is-resized\"><img decoding=\"async\" loading=\"lazy\" src=\"https:\/\/tautastribunals.eu\/wp-content\/uploads\/2020\/08\/Helsinki-86.-LRTT.-Granti\u0146\u0161.Bord\u0101ns.Stuk\u0101ns-6.png\" alt=\"\" class=\"wp-image-57101\" width=\"1450\" height=\"159\"\/><\/figure>\n\n\n\n<figure class=\"wp-block-image size-large is-resized\"><img decoding=\"async\" loading=\"lazy\" src=\"https:\/\/tautastribunals.eu\/wp-content\/uploads\/2021\/04\/Kramins.Puke_.Grantins.LRTT_.png\" alt=\"\" class=\"wp-image-60233\" width=\"1401\" height=\"934\" srcset=\"https:\/\/tautastribunals.eu\/wp-content\/uploads\/2021\/04\/Kramins.Puke_.Grantins.LRTT_.png 519w, https:\/\/tautastribunals.eu\/wp-content\/uploads\/2021\/04\/Kramins.Puke_.Grantins.LRTT_-300x200.png 300w\" sizes=\"(max-width: 1401px) 100vw, 1401px\" \/><\/figure>\n\n\n\n<h2 id=\"jsc_c_x4\"><a href=\"https:\/\/www.facebook.com\/edgars.kramins.1?__cft__[0]=AZVpWXnqR5xgE0Oc2nkvrcmBirzqX3wKBo3e_MMBlRsfMshR-wzvhfPlKSsgbqdkpbRwylShWmwAuFX08dFceAc8HNVuYkTEapeJBCeMpHILllPR7mzePgnrf0zDV7VImCo&amp;__tn__=-UC%2CP-R\"><strong>Edgars Krami\u0146\u0161<\/strong><\/a><\/h2>\n\n\n\n<p class=\"has-black-color has-text-color\" style=\"font-size:19px\"><span class=\"has-inline-color has-vivid-purple-color\"><a href=\"https:\/\/www.facebook.com\/edgars.kramins.1\/posts\/3975768365799608?__cft__[0]=AZVpWXnqR5xgE0Oc2nkvrcmBirzqX3wKBo3e_MMBlRsfMshR-wzvhfPlKSsgbqdkpbRwylShWmwAuFX08dFceAc8HNVuYkTEapeJBCeMpHILllPR7mzePgnrf0zDV7VImCo&amp;__tn__=%2CO%2CP-R\"><strong>5. apr\u012blis plkst. 10:58<\/strong><\/a>&nbsp;<\/span> \u00b7 T\u012br\u0101k\u0101 apmelo\u0161ana un manipul\u0101cija ar nezino\u0161u cilv\u0113ku apzi\u0146u! Noziegums! Ar k\u0101d\u0101m ties\u012bb\u0101m st\u0101stot vienu, r\u0101da kaut ko citu? Katr\u0101 zi\u0146\u0101 paldies par \u013coti korekto sadarb\u012bbu BR\u012aVVALSTS TV un es piln\u012bb\u0101 norobe\u017eojos no \u013bedjaeva, Gobzema, \u0160lesera, Amerika, Stepa\u0146enko, \u0160\u0137\u0113les kasiera \u0100rga\u013ca un daudzu, daudzu citu \u0161auri personiskaj\u0101m interes\u0113m. Bet J\u0101nis P\u013cavi\u0146\u0161, Roberts K\u013cimovi\u010ds, Kaspars Pudniks nu gan nav k\u0101das sektas locek\u013ci. Par to esmu absol\u016bti p\u0101rliecin\u0101ts. Vai tie\u0161\u0101m nevienam \u0161aj\u0101 valst\u012b vairs nav ties\u012bbas b\u016bt kritiskiem pret \u0161o Briseles atbalst\u012btro vispasaules af\u0113ru?<\/p>\n\n\n\n<p><\/p>\n\n\n\n<p class=\"has-white-color has-text-color has-background\" style=\"background-color:#103e2d;font-size:23px\">\u201cJaun\u0101s paaudzes\u201d l\u012bderis Aleksejs \u013bedjaevs veido jaunu telev\u012bziju \u201cBr\u012bvvalsts TV\u201d, ap kuru vienojas Covid-19 noliedz\u0113ji, zi\u0146o TV3 raid\u012bjums \u201cNek\u0101 person\u012bga\u201d.<\/p>\n\n\n\n<p class=\"has-black-color has-text-color has-background\" style=\"background-color:#dff6ee;font-size:18px\"><strong>Andris Latvers:  <\/strong>Tas ta\u010du nav nek\u0101ds nosl\u0113pums ka &#8220;putina pav\u0101rs&#8221; jeb Prigo\u017eins, kuram pieder &#8220;tro\u013c\u013cu fermas&#8221; ir \u013coti ieinteres\u0113ts atbalst\u012bt &#8220;noder\u012bgos idiotus&#8221;, da\u017e\u0101dus margin\u0101lus un ugolov\u0146ikus \u0161eit Latvij\u0101. Jo tie\u0161i Latvija ir tas v\u0101j\u0101kais posms starp Baltijas valst\u012bm, kur da\u017e\u0101dus antivakcinierus, 5G pretiniekus, feiku zi\u0146as, konspir\u0101cijas u.tt. tiek uz\u0146emts uz urr\u0101. M\u0113r\u0137is, lai no politisk\u0101s skatuves Latvij\u0101 no\u0146emtu prorietumnieciskus sp\u0113kus, to viet\u0101 ielikt prokrieviskus un krimin\u0101lus sp\u0113kus. Ja notic\u0113sim vi\u0146iem &#8211; pazaud\u0113sim valsti un r\u012btdienu! T\u0101p\u0113c tagad visi sp\u0113ki tiek likti uz pretvakcin\u0101cijas kampa\u0146\u0101m. Jo vi\u0146i labi apzin\u0101s ja vakcin\u0101cija b\u016bs veiksm\u012bga, tad visi ierobe\u017eojumi atce\u013cas, ekonomika iet uz aug\u0161u, cilv\u0113ki atgrie\u017eas pirms pand\u0113mijas dz\u012bves ritmos k\u0101 rezult\u0101t\u0101 piepras\u012bjums p\u0113c populistiem un margin\u0101liem dramatiski kr\u012btas. Atceramies, kad nebija Covid-19 ierobe\u017eojumi, tie pa\u0161i proputiniskie antiglob\u0101listi un Tautas varas frontes savus piketos maksimums var\u0113ja sav\u0101kt 10-15 d\u012bvai\u0146us un alka\u0161us. T\u0101p\u0113c aicinu uztic\u0113ties zin\u0101tnei un medic\u012bnai, vakcin\u0113ties un ar savu piem\u0113ru aicin\u0101t citus. Jo tikai ar sapr\u0101tu un atbild\u012bbu m\u0113s varam iziet no \u0161iem ierobe\u017eojumiem un neatdot Latviju krimin\u0101lajam Putina re\u017e\u012bmam.<\/p>\n\n\n\n<p class=\"has-white-color has-black-background-color has-text-color has-background has-large-font-size\">LRTT<\/p>\n\n\n\n<p class=\"has-black-color has-text-color\" style=\"font-size:18px\">Ko tad vi\u0146\u0161 propagand\u0113 \u0161aj\u0101<strong> &#8220;br\u012bvvalst\u012b&#8221; <\/strong>?  Nepiedal\u012bties v\u0113l\u0113\u0161an\u0101s, kas ir <strong>Kremlim k\u0101 sviestmaize,<\/strong> krievi ta\u010du noteikti aizies un nov\u0113l\u0113s, un uzvar\u0113s ! Un galvenais, visa \u0161\u012b demago\u0123isk\u0101 vervel\u0113jum\u0101 uzdevums bija<strong>&#8211; nomelnot Bord\u0101nu. <\/strong>Pats galvenais <strong>Krem\u013ca uzdevums,<\/strong> ir nov\u0101kt <strong>Bord\u0101nu !<\/strong> <strong>Andris Latvers <\/strong>sav\u0101 koment\u0101r\u0101 prec\u012bzi pasaka <strong>E. Krami\u0146a &amp; Co <\/strong>m\u0113r\u0137i. Pa\u0161a <strong>Krami\u0146a<\/strong> rakst\u012btais atg\u0101dina alkoholi\u0137a murgus, kur teikuma beig\u0101s vairs neatceras, ko sac\u012bjis \u0161\u012b pa\u0161a teikuma s\u0101kum\u0101. Vi\u0146\u0161, l\u016bk, norobe\u017eojoties no <strong>\u013bedjajeva,<\/strong> kur\u0161 ir <strong>BR\u012aVVALSTS.LV <\/strong>finas\u0113t\u0101js un ideologs, bet pateicas <strong>BR\u012aVVALSTIJ<\/strong> par korekto sadarb\u012bbu.<\/p>\n\n\n\n<p style=\"font-size:23px\"><a href=\"https:\/\/www.facebook.com\/BrivvalstsTV\/videos\/799085664374642\">https:\/\/www.facebook.com\/BrivvalstsTV\/videos\/799085664374642<\/a><\/p>\n\n\n\n<p class=\"has-black-color has-text-color\" style=\"font-size:18px\">Un, tad v\u0113l t\u0101l\u0101kie murgojumi: <strong>&#8220;Bet J\u0101nis P\u013cavi\u0146\u0161, Roberts K\u013cimovi\u010ds, Kaspars Pudniks nu gan nav k\u0101das sektas locek\u013ci. Par to esmu absol\u016bti p\u0101rliecin\u0101ts.&#8221;<\/strong> <strong>J\u0101nis P\u013cavi\u0146\u0161<\/strong>, kur\u0161 piedal\u0101s <strong>\u013bedjajeva<\/strong> video raid\u012bjumos neesot<strong> &#8220;sektas&#8221;<\/strong> loceklis ? Visi, kuriem ir sakars ar <strong>\u013bedjajevu<\/strong>, ir vi\u0146a sektas<strong>(Krievijas-Izra\u0113las KGB)<\/strong> locek\u013ci. <strong>K\u013cimovi\u010ds, <\/strong>vis\u012bst\u0101kais <strong>Izra\u0113las darboni<\/strong>s. \u012ast\u0101 sekta nav t\u0101, kur aptaur\u0113tie v\u0101rt\u0101s un b\u013caust\u0101s, bet<strong> Izra\u0113las MOSSAD <\/strong>provokatoru banda, kuru vada <strong>\u013bedjajevs<\/strong> &#8211; kuras v\u0101rds ir <strong>JAUN\u0100 PAAUDZE<\/strong>&#8211; vis\u012bst\u0101kie s\u0101tanisti.<strong> Edgars Krami\u0146\u0161<\/strong> ir ties\u0101jams k\u0101 latvie\u0161u tautas un <strong>Latvijas Republikas nodev\u0113js<\/strong>.<\/p>\n\n\n\n<p>13.04.21<\/p>\n\n\n\n<p><\/p>\n","protected":false},"excerpt":{"rendered":"<p>Edgars Krami\u0146\u0161 5. apr\u012blis plkst. 10:58&nbsp; \u00b7 T\u012br\u0101k\u0101 apmelo\u0161ana un manipul\u0101cija ar nezino\u0161u cilv\u0113ku apzi\u0146u! Noziegums! Ar k\u0101d\u0101m ties\u012bb\u0101m st\u0101stot vienu, r\u0101da kaut ko citu? Katr\u0101 zi\u0146\u0101 paldies par \u013coti korekto sadarb\u012bbu BR\u012aVVALSTS TV&#46;&#46;&#46;<\/p>\n","protected":false},"author":1,"featured_media":60177,"comment_status":"open","ping_status":"open","sticky":false,"template":"","format":"standard","meta":[],"categories":[1],"tags":[],"_links":{"self":[{"href":"https:\/\/tautastribunals.eu\/index.php?rest_route=\/wp\/v2\/posts\/60236"}],"collection":[{"href":"https:\/\/tautastribunals.eu\/index.php?rest_route=\/wp\/v2\/posts"}],"about":[{"href":"https:\/\/tautastribunals.eu\/index.php?rest_route=\/wp\/v2\/types\/post"}],"author":[{"embeddable":true,"href":"https:\/\/tautastribunals.eu\/index.php?rest_route=\/wp\/v2\/users\/1"}],"replies":[{"embeddable":true,"href":"https:\/\/tautastribunals.eu\/index.php?rest_route=%2Fwp%2Fv2%2Fcomments&post=60236"}],"version-history":[{"count":10,"href":"https:\/\/tautastribunals.eu\/index.php?rest_route=\/wp\/v2\/posts\/60236\/revisions"}],"predecessor-version":[{"id":60249,"href":"https:\/\/tautastribunals.eu\/index.php?rest_route=\/wp\/v2\/posts\/60236\/revisions\/60249"}],"wp:featuredmedia":[{"embeddable":true,"href":"https:\/\/tautastribunals.eu\/index.php?rest_route=\/wp\/v2\/media\/60177"}],"wp:attachment":[{"href":"https:\/\/tautastribunals.eu\/index.php?rest_route=%2Fwp%2Fv2%2Fmedia&parent=60236"}],"wp:term":[{"taxonomy":"category","embeddable":true,"href":"https:\/\/tautastribunals.eu\/index.php?rest_route=%2Fwp%2Fv2%2Fcategories&post=60236"},{"taxonomy":"post_tag","embeddable":true,"href":"https:\/\/tautastribunals.eu\/index.php?rest_route=%2Fwp%2Fv2%2Ftags&post=60236"}],"curies":[{"name":"wp","href":"https:\/\/api.w.org\/{rel}","templated":true}]}}