{"id":60221,"date":"2021-04-11T11:28:23","date_gmt":"2021-04-11T08:28:23","guid":{"rendered":"https:\/\/tautastribunals.eu\/?p=60221"},"modified":"2021-04-11T11:28:24","modified_gmt":"2021-04-11T08:28:24","slug":"edgars-kramins-un-5-kolonna","status":"publish","type":"post","link":"https:\/\/tautastribunals.eu\/?p=60221","title":{"rendered":"Edgars Krami\u0146\u0161 un 5. kolonna !"},"content":{"rendered":"\n<figure class=\"wp-block-image size-large is-resized\"><img decoding=\"async\" loading=\"lazy\" src=\"https:\/\/tautastribunals.eu\/wp-content\/uploads\/2021\/02\/melns.-www.tautastribunals.eu-14111-1-800x112.png\" alt=\"\" class=\"wp-image-59529\" width=\"1450\" height=\"203\" srcset=\"https:\/\/tautastribunals.eu\/wp-content\/uploads\/2021\/02\/melns.-www.tautastribunals.eu-14111-1-800x112.png 800w, https:\/\/tautastribunals.eu\/wp-content\/uploads\/2021\/02\/melns.-www.tautastribunals.eu-14111-1-300x42.png 300w, https:\/\/tautastribunals.eu\/wp-content\/uploads\/2021\/02\/melns.-www.tautastribunals.eu-14111-1-768x108.png 768w, https:\/\/tautastribunals.eu\/wp-content\/uploads\/2021\/02\/melns.-www.tautastribunals.eu-14111-1.png 950w\" sizes=\"(max-width: 1450px) 100vw, 1450px\" \/><\/figure>\n\n\n\n<p class=\"has-white-color has-vivid-red-background-color has-text-color has-background\" style=\"font-size:18px\">Iepakojums agr\u0101k vai v\u0113l\u0101k, bet atrais\u0101s un nokr\u012bt no<strong> IZSR\u0100D\u0100JUMA <\/strong>un redzam, ka konditorejas izstr\u0101d\u0101juma viet\u0101 gl\u012btaj\u0101 pap\u012br\u0101 ir bijis iet\u012bts izk\u0101rn\u012bjums. T\u0101 tas \u0161orei ir ar\u012b noticis ar biju\u0161o prezidenta kandid\u0101tu <strong>Edgaru Krami\u0146u<\/strong>. T\u0101das klusas aizdomas jau raiz bija, kad vi\u0146\u0161 st\u0101st\u012bja par saviem vec\u0101kiem- tie bija<strong> SARKANI<\/strong>. Un tagad m\u0113s p\u0101rliecin\u0101mies, ka <strong>\u0100BOLS T\u0100LU NO ZIRGA NEKR\u012aT !<\/strong> Nespriedel\u0113sim \u0161eit gari un pla\u0161i par \u0161o prezidenta kandid\u0101tu. Izlas\u012bsim to, ko vi\u0146\u0161 p\u0101rpublic\u0113jis sav\u0101 Feisbuk\u0101 un j\u016bs par visiem 100% p\u0101rliecin\u0101sieties, ka vi\u0146\u0161 gaida atgrie\u017eamies okup\u0101cijas armiju putinisma<strong> M\u0112RC\u0112<\/strong>. Nek\u0101di sav\u0101d\u0101k \u0161o \u0101kstu k\u0101 par nodev\u0113ju- kolaboracionistu, nod\u0113v\u0113t nevaram. P\u0113c <strong>Krem\u013ca rupora Vasi\u013cevska<\/strong> raksta p\u0101rpublic\u0113\u0161anas, ja<strong> Latvija<\/strong> b\u016btu demokr\u0101tiska valsts, vi\u0146\u0161 nekav\u0113joties tiktu arest\u0113ts. Izlasiet, ko saka <strong>Vasi\u013cevski<\/strong>s un jums zud\u012bs jebkuras latviskas iluzijas, kas par <strong>&#8220;putniem&#8221; <\/strong>ir \u0161ie \u0101ksti. Neviens ta\u010du neuzdro\u0161in\u0101sies sac\u012bt, ka<strong> Krami\u0146\u0161<\/strong> ir gar\u012bgi atpalicis daunis, t\u0101tad provokators !<\/p>\n\n\n\n<p style=\"font-size:18px\"><strong>Edgars Krami\u0146\u0161 <\/strong>dzimis 1964. gada 14. mart\u0101 <a href=\"https:\/\/lv.wikipedia.org\/wiki\/Sanktp%C4%93terburga\">Sanktp\u0113terburg\u0101<\/a> (tolaik \u013be\u0146ingrada). Kop\u0161 1965. gada Edgara Krami\u0146a \u0123imene dz\u012bvoja <a href=\"https:\/\/lv.wikipedia.org\/wiki\/R%C4%ABga\">R\u012bg\u0101<\/a>, bet kop\u0161 1988. gada <a href=\"https:\/\/lv.wikipedia.org\/wiki\/Talsu_rajons\">Talsu rajon\u0101<\/a> (Latvija).<sup><a href=\"https:\/\/lv.wikipedia.org\/wiki\/Edgars_Krami%C5%86%C5%A1#cite_note-:0-1\">[1]<\/a><\/sup><\/p>\n\n\n\n<p style=\"font-size:18px\"><span class=\"has-inline-color has-black-color\">Jau 2002 gad\u0101 &#8220;m\u016bsu&#8221;<strong> E. Krami\u0146\u0161<\/strong> paredz\u0113ja <strong>Rietumu pasaules<\/strong> galu<\/span>:<a href=\"http:\/\/fronte.lv\/wp-content\/uploads\/2018\/01\/DDD-2376.pdf\"> http:\/\/fronte.lv\/wp-content\/uploads\/2018\/01\/DDD-2376.pdf <\/a> <span class=\"has-inline-color has-black-color\">bet gals nepien\u0101ca. Nu taisni vai sk\u0101de.<\/span><\/p>\n\n\n\n<p class=\"has-text-align-center has-white-color has-vivid-red-background-color has-text-color has-background\" style=\"font-size:23px\">Turpin\u0101jums sekos, jo provokatori j\u0101izgaismo<\/p>\n\n\n\n<figure class=\"wp-block-image size-large is-resized\"><img decoding=\"async\" loading=\"lazy\" src=\"https:\/\/tautastribunals.eu\/wp-content\/uploads\/2021\/04\/Edvins-Puke.-Edgars-Kramins.LRTT_.png\" alt=\"\" class=\"wp-image-60234\" width=\"860\" height=\"573\" srcset=\"https:\/\/tautastribunals.eu\/wp-content\/uploads\/2021\/04\/Edvins-Puke.-Edgars-Kramins.LRTT_.png 519w, https:\/\/tautastribunals.eu\/wp-content\/uploads\/2021\/04\/Edvins-Puke.-Edgars-Kramins.LRTT_-300x200.png 300w\" sizes=\"(max-width: 860px) 100vw, 860px\" \/><\/figure>\n\n\n\n<p><\/p>\n\n\n\n<p class=\"has-black-color has-text-color\" style=\"font-size:19px\">Sav\u0101 FB profil\u0101 vi\u0146\u0161 dal\u0101s ar SPUTNIK rakstiem, kas diskredit\u0113 Latvijas aizsardz\u012bbas sp\u0113jas, da\u017e\u0101diem FAKE NEWS rakstiem no nevienam nezin\u0101m\u0101m zi\u0146u lap\u0101m, dal\u0101s ar DZELTENO VESTU atbalst\u012bt\u0101ju ierakstiem, gaudo par to, cik Latvij\u0101 viss ir slikt un pat ATBALSTA M\u016a\u017d\u012aGO MOCEKLI TA\u0145\u0136U \u017dDA\u0145\u0136U.<\/p>\n\n\n\n<figure class=\"wp-block-embed is-type-link is-provider-vatastanas-hronika wp-block-embed-vatastanas-hronika\"><div class=\"wp-block-embed__wrapper\">\n<a href=\"https:\/\/vatastan.com\/2019\/03\/12\/dienas-vatniks-edgars-kramins\/\">DIENAS VAT\u0145IKS &#8211; Edgars&nbsp;Krami\u0146\u0161<\/a>\n<\/div><\/figure>\n\n\n\n<figure class=\"wp-block-embed is-type-video is-provider-youtube wp-block-embed-youtube wp-embed-aspect-16-9 wp-has-aspect-ratio\"><div class=\"wp-block-embed__wrapper\">\n<div class=\"video-container\"><iframe loading=\"lazy\" title=\"\u0411\u043e\u043b\u044c\u043d\u044b\u0435 \u043a\u0440\u0435\u043c\u043b\u0451\u0432\u0441\u043a\u0438\u0435 \u0444\u0430\u043d\u0442\u0430\u0437\u0438\u0438: \u041a\u0438\u0442\u0430\u0439 \u043f\u043e\u0441\u043b\u0443\u0448\u0430\u043b \u0431\u0440\u0435\u0434 \u041b\u0430\u0432\u0440\u043e\u0432\u0430 \u0438 \u043e\u0442\u043a\u0430\u0437\u0430\u043b\u0441\u044f \u043a\u0440\u0435\u0434\u0438\u0442\u043e\u0432\u0430\u0442\u044c \u00ab\u0421\u0438\u043b\u0443 \u0421\u0438\u0431\u0438\u0440\u0438\u00bb\" width=\"500\" height=\"281\" src=\"https:\/\/www.youtube.com\/embed\/81M7NGvqNO4?feature=oembed&#038;wmode=opaque\" frameborder=\"0\" allow=\"accelerometer; autoplay; clipboard-write; encrypted-media; gyroscope; picture-in-picture\" allowfullscreen><\/iframe><\/div>\n<\/div><\/figure>\n\n\n\n<figure class=\"wp-block-image size-large is-resized\"><img decoding=\"async\" loading=\"lazy\" src=\"https:\/\/tautastribunals.eu\/wp-content\/uploads\/2021\/04\/Edgars-Karamins.Vasilevskis.Grantins.LRTT_.png\" alt=\"\" class=\"wp-image-60223\" width=\"1450\" height=\"720\" srcset=\"https:\/\/tautastribunals.eu\/wp-content\/uploads\/2021\/04\/Edgars-Karamins.Vasilevskis.Grantins.LRTT_.png 800w, https:\/\/tautastribunals.eu\/wp-content\/uploads\/2021\/04\/Edgars-Karamins.Vasilevskis.Grantins.LRTT_-300x149.png 300w, https:\/\/tautastribunals.eu\/wp-content\/uploads\/2021\/04\/Edgars-Karamins.Vasilevskis.Grantins.LRTT_-768x381.png 768w\" sizes=\"(max-width: 1450px) 100vw, 1450px\" \/><\/figure>\n\n\n\n<h2 id=\"jsc_c_6ri\"><a href=\"https:\/\/www.facebook.com\/edgars.kramins.1?__cft__[0]=AZVX8XmbfZgui487LTuFtQuTTjRYnV6xHY1kvwglvp35QHv0F1lD2gk-V9L_bsrFLqWgpSJi9tnwO1iWKQFsYKT1Ylm0ceZpnlZblZWAd0Sv7uKQBPTVopCnFyM6KXp5OJwx6EvROrpwcL1DzL4JcXGu9cV8LD4QYtBcfQiCiJdv3A&amp;__tn__=-UC%2CP-R\"><strong>Edgars Krami\u0146\u0161<\/strong><\/a><\/h2>\n\n\n\n<p><a href=\"https:\/\/www.facebook.com\/edgars.kramins.1\/posts\/3977320045644440?__cft__[0]=AZVX8XmbfZgui487LTuFtQuTTjRYnV6xHY1kvwglvp35QHv0F1lD2gk-V9L_bsrFLqWgpSJi9tnwO1iWKQFsYKT1Ylm0ceZpnlZblZWAd0Sv7uKQBPTVopCnFyM6KXp5OJwx6EvROrpwcL1DzL4JcXGu9cV8LD4QYtBcfQiCiJdv3A&amp;__tn__=%2CO%2CP-R\"><strong>5. apr\u012blis plkst. 22:44<\/strong><\/a>&nbsp; \u00b7<\/p>\n\n\n\n<h3><a href=\"https:\/\/www.facebook.com\/profile.php?id=100011540556700&amp;__cft__[0]=AZVX8XmbfZgui487LTuFtQuTTjRYnV6xHY1kvwglvp35QHv0F1lD2gk-V9L_bsrFLqWgpSJi9tnwO1iWKQFsYKT1Ylm0ceZpnlZblZWAd0Sv7uKQBPTVopCnFyM6KXp5OJwx6EvROrpwcL1DzL4JcXGu9cV8LD4QYtBcfQiCiJdv3A&amp;__tn__=-UC%2CP-y-R\"><strong>Aivis Vasilevskis<\/strong><\/a><\/h3>\n\n\n\n<p style=\"font-size:18px\"><a href=\"https:\/\/www.facebook.com\/permalink.php?story_fbid=1250279582033382&amp;id=100011540556700&amp;__cft__[0]=AZVX8XmbfZgui487LTuFtQuTTjRYnV6xHY1kvwglvp35QHv0F1lD2gk-V9L_bsrFLqWgpSJi9tnwO1iWKQFsYKT1Ylm0ceZpnlZblZWAd0Sv7uKQBPTVopCnFyM6KXp5OJwx6EvROrpwcL1DzL4JcXGu9cV8LD4QYtBcfQiCiJdv3A&amp;__tn__=%2CO%2CP-y-R\"><strong>5. apr\u012blis plkst. 18:09<\/strong><\/a>&nbsp; \u00b7 <span class=\"has-inline-color has-black-color\">ASV un Krievijas pretst\u0101ve Ukrain\u0101 &#8211; vai milit\u0101rs konflikts?Kam\u0113r pasaule nodarbin\u0101ta ar v\u012brusa af\u0113ru, tikm\u0113r notiek ar\u012b citas, ne maz\u0101k svar\u012bgas lietas. Kop\u0161 Baidena iezag\u0161an\u0101s ASV prezidenta amat\u0101 ikvienam strat\u0113\u0123iski dom\u0101jo\u0161am cilv\u0113kam bija saprotams \u2013 pasaulei draud kar\u0161.Patreiz\u0113j\u0101 ASV administr\u0101cija saprot tikai vienu veidu, k\u0101 notur\u0113t br\u016bko\u0161\u0101s ASV hegemonijas varen\u012bbu. Ir nepiecie\u0161ams k\u0101rt\u0113jais konflikts Eiropas kontinent\u0101, pa\u0161iem s\u0113\u017eot dro\u0161\u012bb\u0101 aiz oke\u0101na. Vi\u0146i nesaprot to, ka tas vairs nav iesp\u0113jams \u2013 bet vi\u0146iem atmi\u0146\u0101 ir abi p\u0113d\u0113jie pasaules kari, no kuriem ASV izg\u0101ja k\u0101 uzvar\u0113t\u0101js un pasaules p\u0101rvaldnieks.Par \u0161\u0101da konflikta vietu izv\u0113l\u0113ta Ukraina. Jau kop\u0161 2014.gada apv\u0113rsuma tur \u0161is konflikts burbu\u013co, bet \u0161obr\u012bd tas non\u0101cis gandr\u012bz l\u012bdz atkl\u0101tai konfront\u0101cijai. Ukrainas puse gatavo liela apm\u0113ra uzbrukumu no t\u0101s neatkar\u012bbu pasludin\u0101ju\u0161\u0101m Donbasa republik\u0101m. Un \u0161\u012b konflikta nol\u016bks ir beidzot iesaist\u012bt atkl\u0101t\u0101 kar\u0101 ar\u012b Krieviju. Starp citu, t\u0101 pati Nulande, kas Eiromaidaun\u0101 dal\u012bja p\u012br\u0101dzi\u0146us, atkal ie\u0146em amatu patreiz\u0113j\u0101 Baidena administr\u0101cij\u0101. V\u0113rt\u012bgi un pieredz\u0113ju\u0161i kadri apk\u0101rt nem\u0113t\u0101jas.Saprotams, ka starp Ukrainu un Krieviju nav iesp\u0113jams noz\u012bm\u012bgs kar\u0161 \u2013 tur ir p\u0101r\u0101k da\u017e\u0101das svara kategorijas. Ukraina nav sp\u0113j\u012bga iekarot ar\u012b Donbasu un to notur\u0113t. Kijevas iesaist\u012b\u0161an\u0101s t\u0101d\u0101 kar\u0101 ar KF noz\u012bm\u0113t t\u0101s beigas k\u0101 politiskam veidojumam. T\u0101p\u0113c Kijevas uzdevums ir tikai b\u016bt par s\u0101kotn\u0113jo provokatoru, lai iesaist\u012btu Krieviju un t\u0101l\u0101k starptautisko sabiedr\u012bbu.T\u0101l\u0101k ASV pl\u0101nos ir izrais\u012bt Eiropas m\u0113roga karu, lai taj\u0101 iesaist\u0101s vismaz vair\u0101kas NATO valstis. Tad tiktu veikts politisks spiediens un Eiropa tiktu nost\u0101d\u012bta izv\u0113les priek\u0161\u0101 \u2013 vai nu ar NATO, vai Maskavu. L\u012bdz\u012bgi, k\u0101 ASV to dar\u012bja p\u0113c dv\u012b\u0146u tor\u0146u demol\u0113\u0161anas \u2013visai pasaulei tika pav\u0113st\u012bts \u2013 vai nu j\u016bs esat ar mums, vai ar\u012b esat ar starptautisko terorismu.Tagad vi\u0146i grib izv\u0113rst l\u012bdz\u012bgu retoriku, bet jau attiec\u012bb\u0101 uz Krieviju. Un t\u0101s ir \u013coti nopietnas lamatas un izv\u0113le. Jo izv\u0113l\u0113ties Krievijas pusi jeb nekarot ASV interes\u0113s, tas noz\u012bm\u0113 sagraut visu p\u0113d\u0113jos gadsimtos past\u0101vo\u0161o Rietumu pasaules k\u0101rt\u012bbu, kur\u0101 t\u0101 \u013coti labi jut\u0101s, nemit\u012bgi piekopjot rusofobisko politiku un klausot Londonas\/Va\u0161ingtonas pav\u0113l\u0113m.Bet karot br\u016bko\u0161\u0101s ASV hegemonijas interes\u0113s ar\u012b eiropie\u0161iem nav nek\u0101das intereses, iz\u0146emot atsevi\u0161\u0137us k\u016bd\u012bt\u0101jus un kara vanagus, k\u0101 da\u017ei m\u016bsu pa\u0161u eirodeput\u0101ti, pla\u0161s atbalsts tam diez vai b\u016bs, jo risks ir p\u0101r\u0101k liels.Lai vai k\u0101, bet patreiz briesto\u0161ais konflikts nav tikai k\u0101rt\u0113j\u0101 iek\u0161\u0113j\u0101 Ukrainas\/Donbasa probl\u0113ma un pat ne Ukrainas\/Krievijas attiec\u012bbas. Viss ir daudz b\u012bstam\u0101k un nopietn\u0101k.Tas atkal ir milz\u012bgs \u0123eopolitisks un pat glob\u0101ls konflikts \u2013 t\u0101 ir pulvera muca, ko pl\u0101no uzspridzin\u0101t patreiz\u0113j\u0101 ASV administr\u0101cija un uz to vi\u0146i iet visiem sp\u0113kiem, jo citu variantu tiem ar\u012b nav \u2013 iek\u0161\u0113j\u0101s probl\u0113mas un br\u016bko\u0161o ekonomiku vi\u0146i pl\u0101no atrisin\u0101t t\u0101pat, k\u0101 pieradu\u0161i to dar\u012bt iepriek\u0161 \u2013 sar\u012bkot karu sve\u0161\u0101m rok\u0101m un iziet k\u0101 uzvar\u0113t\u0101jiem, atkal p\u0101r\u0146emot vad\u012bbu p\u0101r pasauli, kas tiem jau sen z\u016bd no rok\u0101m. Turkl\u0101t Baidena d\u0113l\u0113ns ir tie\u0161\u0101 veid\u0101 iesaist\u012bts Ukrainas korupcij\u0101 un \u0161\u012b valsts ir faktiski Baidenu \u0123imenes uz\u0146\u0113mums.Diplom\u0101tisk\u0101 atmosf\u0113ra starp ASV un Krieviju ir nokait\u0113ta l\u012bdz baltkv\u0113lei \u2013 t\u0101 nav bijis kop\u0161 Kubas ra\u0137e\u0161u kr\u012bzes. Ta\u010du pat toreiz abu valstu vad\u012bbas akt\u012bvi diskut\u0113ja, lai konfliktu risin\u0101tu, bet \u0161oreiz ASV Baidena person\u0101 grib tikai vienu- un tas ir kar\u0161 par katru cenu.T\u0101p\u0113c ASV karasp\u0113ks Eirop\u0101 ir maksim\u0101l\u0101 kaujas gatav\u012bb\u0101. Ar\u012b Krievijas puse koncentr\u0113 karasp\u0113ku net\u0101lu no Ukrainas robe\u017eas. Bet tr\u012bs t\u0101s zem\u016bdenes nesen vienlaic\u012bgi uzpeld\u0113ja Arktik\u0101 un veica ra\u0137e\u0161u paraugdemonstr\u0113jumus. Tas ar\u012b dom\u0101ts, lai nomierin\u0101tu sakarsu\u0161os pr\u0101tus Va\u0161ington\u0101 un atg\u0101din\u0101tu KF prezidenta teikto par to, ka agresijas gad\u012bjum\u0101 atbildes trieciens b\u016bs ar\u012b pa vad\u012bbas centriem. Kur tie ir, visiem ir zin\u0101ms un t\u0101 nav ne Ukraina, ne Eiropa.Ar\u012b pa\u0161\u0101s Luganskas un Do\u0146eckas republik\u0101s izdots to v\u0113stur\u0113 pirmais iesaukums armij\u0101 \u2013pagaid\u0101m iesaukti vien 400 cilv\u0113ki, bet tas ar\u012b demonstr\u0113 \u0161o republiku gatav\u012bbu izv\u0113rst procesus pla\u0161\u0101k. Tur eso\u0161\u0101s noliktavas princip\u0101 \u013cauj apbru\u0146ot v\u0113l 2-3 reizes liel\u0101ku armiju, k\u0101da t\u0101 ir \u0161obr\u012bd.T\u0101 izskat\u0101s \u0161aha galdi\u0146\u0161 \u0161obr\u012bd \u2013 situ\u0101cija izveidota t\u0101da, lai iesaist\u012btajiem neb\u016btu, kur atk\u0101pties \u2013 Maskava nevar pie\u013caut \u0161o republiku izpost\u012b\u0161anu, ASV vad\u012bba nevar iztikt bez kara \u2013 diplom\u0101tisk\u0101s iesp\u0113jas \u0161obr\u012bd ir praktiski izsmeltas. Tagad viss balans\u0113 uz na\u017ea asmens \u2013 kur\u0161 noraust\u012bsies pirmais. Uz sp\u0113les likta visa ASV l\u012bdz\u0161in\u0113j\u0101 vara un pasaules p\u0101rvaldes sist\u0113ma \u2013 ja to neizdodas nostiprin\u0101t, tad tuv\u0101kajos gados ASV piln\u012bb\u0101 sabruks un pasaules ietekm\u0113 s\u0101k domin\u0113t citas valstis, \u0136\u012bnas\/Krievijas tand\u0113ms un ar\u012b Eiropai par\u0101d\u0101s iesp\u0113jas atkrat\u012bties no ASV okup\u0101cijas.K\u0101di tad ir varianti? Princip\u0101 bez asins izlie\u0161anas iztikt var tikai tad, ja ASV atk\u0101pjas un p\u0101rtrauc teroriz\u0113t Eiropu, Krieviju un Ukrainu. Vai ar\u012b pati Ukrainas puse tom\u0113r nerisk\u0113 veikt p\u0113d\u0113jo soli un p\u0101riet uz atkl\u0101tu kara f\u0101zi. Kaut ar\u012b vi\u0146i tur \u2018karo ar Krieviju\u2019 jau 6 gadus sav\u0101s av\u012bz\u0113s, re\u0101lo situ\u0101ciju vi\u0146i saprot t\u012bri labi, kas notiks tad, ja sadursme patie\u0161\u0101m b\u016bs \u012bsta. Un tas nav klaig\u0101t par Krievijas \u2018agresiju\u2019 un iet l\u0101pu g\u0101jienos Banderas kulta pas\u0101kumos.Otrs variants, ja konflikts ir tik ziben\u012bgs, ka KF trieciens aptur visu Ukrainas kaujas ma\u0161\u012bnu tik \u0101tri, ka apk\u0101rt\u0113jie pat nepasp\u0113j rea\u0123\u0113t.Pa\u0161ai Krievijas pusei \u0161eit variantu vairs nav \u2013 ja otra puse nerea\u0123\u0113 uz centieniem noregul\u0113t konfliktu mier\u012bg\u0101 ce\u013c\u0101, tad KF atk\u0101pties vairs nav kur \u2013 \u0161eit iz\u0161\u0137iras ar\u012b t\u0101s suverenit\u0101tes jaut\u0101jums un sp\u0113ja aizst\u0101v\u0113t savas intereses, k\u0101 ar\u012b tautie\u0161us pret \u0161o agresiju un kara pl\u0101niem.Pasaule atrodas \u013coti nopietn\u0101 izv\u0113les priek\u0161\u0101 \u2013 nek\u0101ds feik v\u012bruss tam nest\u0101v kl\u0101t. Nav \u0161aubu par to, kuru pusi izv\u0113l\u0113sies Latviju p\u0101rvaldo\u0161ais re\u017e\u012bms. Vi\u0146i to demonstr\u0113ja jau pirms krietna laika ar kv\u0113lu D\u017eo Baidena apsveik\u0161anu amat\u0101, kad pasaule v\u0113l nesp\u0113ja notic\u0113t tik \u0161ok\u0113jo\u0161ai v\u0113l\u0113\u0161anu nozag\u0161anai un demokr\u0101tijas demont\u0101\u017eai.Tom\u0113r tas ir noticis un tagad deep state uzdevums ir viens \u2013 kar\u0161 visiem l\u012bdzek\u013ciem, vai ar\u012b poz\u012bciju zaud\u0113\u0161ana uz visiem laikiem. T\u0101p\u0113c p\u0113d\u0113jos m\u0113ne\u0161os ASV darb\u012bbas un retorika ir tie\u0161i tik agres\u012bva, cik t\u0101 ir -apvainojums Krievijas prezidentam bija sign\u0101ls ar\u012b viet\u0113jai 5tai kolonnai akt\u012bvi s\u0101kt graut valsti no iek\u0161as, lai destabiliz\u0113tu to ar\u012b no \u0101rpuses.Tie\u0161i \u0161\u012b ir iz\u0161\u0137iro\u0161\u0101 pretst\u0101ve ar milz\u012bgu noz\u012bmi visai pasaulei \u2013 no t\u0101s atkar\u012bgs ar\u012b viss p\u0101r\u0113jais, Resets, kovid\u0161ovs un citas lietas. \u0160is ir br\u012bdis, kad l\u012bdz\u0161in\u0113j\u0101 planet\u0101\u0157\u0101 p\u0101rvaldes sist\u0113ma var piln\u012bb\u0101 sabrukt un tam ar\u012b ir j\u0101notiek, lai visp\u0101r s\u0101ktos kaut k\u0101das pozit\u012bvas izmai\u0146as \u2013 viss planet\u0101rais \u013caunums koncentr\u0113jas ASV-Ukrainas alians\u0113. Vai tam b\u016bs drosme atkl\u0101ti r\u0101d\u012bt zobus? To m\u0113s dr\u012bz redz\u0113sim<\/span>.<a rel=\"noreferrer noopener\" href=\"https:\/\/aivisvasilevskis.info\/2021\/04\/05\/asv-un-krievijas-pretstave-ukraina-vai-militars-konflikts\/?fbclid=IwAR1INcoDGi9Cr0NsTFpMzstJ-2ctGRteuaRrHrffvpUPMcjTDf_z6-ORwvc\" target=\"_blank\">https:\/\/aivisvasilevskis.info\/&#8230;\/asv-un-krievijas&#8230;\/<\/a><a rel=\"noreferrer noopener\" href=\"https:\/\/t.me\/aivisvasilevskis\/86?fbclid=IwAR2GrIE_1DQtmtr3LGtzpumeeC0qLM2C4OhH3NJvYT7To8X0RTJi3tAutV0\" target=\"_blank\">https:\/\/t.me\/aivisvasilevskis\/86<\/a><\/p>\n\n\n\n<figure class=\"wp-block-image size-large is-resized\"><img decoding=\"async\" loading=\"lazy\" src=\"https:\/\/tautastribunals.eu\/wp-content\/uploads\/2021\/04\/Aivis-Vasilevskis.L.-Grantins.Godmanis.LRTT_-433x800.png\" alt=\"\" class=\"wp-image-60230\" width=\"1450\" height=\"2679\" srcset=\"https:\/\/tautastribunals.eu\/wp-content\/uploads\/2021\/04\/Aivis-Vasilevskis.L.-Grantins.Godmanis.LRTT_-433x800.png 433w, https:\/\/tautastribunals.eu\/wp-content\/uploads\/2021\/04\/Aivis-Vasilevskis.L.-Grantins.Godmanis.LRTT_-162x300.png 162w, https:\/\/tautastribunals.eu\/wp-content\/uploads\/2021\/04\/Aivis-Vasilevskis.L.-Grantins.Godmanis.LRTT_.png 765w\" sizes=\"(max-width: 1450px) 100vw, 1450px\" \/><\/figure>\n\n\n\n<p>11.04.21<\/p>\n\n\n\n<p><\/p>\n","protected":false},"excerpt":{"rendered":"<p>Iepakojums agr\u0101k vai v\u0113l\u0101k, bet atrais\u0101s un nokr\u012bt no IZSR\u0100D\u0100JUMA un redzam, ka konditorejas izstr\u0101d\u0101juma viet\u0101 gl\u012btaj\u0101 pap\u012br\u0101 ir bijis iet\u012bts izk\u0101rn\u012bjums. T\u0101 tas \u0161orei ir ar\u012b noticis ar biju\u0161o prezidenta kandid\u0101tu Edgaru Krami\u0146u.&#46;&#46;&#46;<\/p>\n","protected":false},"author":1,"featured_media":60177,"comment_status":"open","ping_status":"open","sticky":false,"template":"","format":"standard","meta":[],"categories":[1],"tags":[],"_links":{"self":[{"href":"https:\/\/tautastribunals.eu\/index.php?rest_route=\/wp\/v2\/posts\/60221"}],"collection":[{"href":"https:\/\/tautastribunals.eu\/index.php?rest_route=\/wp\/v2\/posts"}],"about":[{"href":"https:\/\/tautastribunals.eu\/index.php?rest_route=\/wp\/v2\/types\/post"}],"author":[{"embeddable":true,"href":"https:\/\/tautastribunals.eu\/index.php?rest_route=\/wp\/v2\/users\/1"}],"replies":[{"embeddable":true,"href":"https:\/\/tautastribunals.eu\/index.php?rest_route=%2Fwp%2Fv2%2Fcomments&post=60221"}],"version-history":[{"count":11,"href":"https:\/\/tautastribunals.eu\/index.php?rest_route=\/wp\/v2\/posts\/60221\/revisions"}],"predecessor-version":[{"id":60239,"href":"https:\/\/tautastribunals.eu\/index.php?rest_route=\/wp\/v2\/posts\/60221\/revisions\/60239"}],"wp:featuredmedia":[{"embeddable":true,"href":"https:\/\/tautastribunals.eu\/index.php?rest_route=\/wp\/v2\/media\/60177"}],"wp:attachment":[{"href":"https:\/\/tautastribunals.eu\/index.php?rest_route=%2Fwp%2Fv2%2Fmedia&parent=60221"}],"wp:term":[{"taxonomy":"category","embeddable":true,"href":"https:\/\/tautastribunals.eu\/index.php?rest_route=%2Fwp%2Fv2%2Fcategories&post=60221"},{"taxonomy":"post_tag","embeddable":true,"href":"https:\/\/tautastribunals.eu\/index.php?rest_route=%2Fwp%2Fv2%2Ftags&post=60221"}],"curies":[{"name":"wp","href":"https:\/\/api.w.org\/{rel}","templated":true}]}}