{"id":59880,"date":"2021-03-08T11:08:43","date_gmt":"2021-03-08T09:08:43","guid":{"rendered":"https:\/\/tautastribunals.eu\/?p=59880"},"modified":"2021-03-08T11:08:43","modified_gmt":"2021-03-08T09:08:43","slug":"r-bruners-marts-riga","status":"publish","type":"post","link":"https:\/\/tautastribunals.eu\/?p=59880","title":{"rendered":"R. Bruners. Marts R\u012bg\u0101"},"content":{"rendered":"\n<figure class=\"wp-block-image size-large is-resized\"><img decoding=\"async\" loading=\"lazy\" src=\"https:\/\/tautastribunals.eu\/wp-content\/uploads\/2020\/09\/1.-Rids-Bruners.L.Grantins.J.Ziverts.Latvija.LRTT_-768x144-1-1.png\" alt=\"\" class=\"wp-image-57571\" width=\"1450\" height=\"272\" srcset=\"https:\/\/tautastribunals.eu\/wp-content\/uploads\/2020\/09\/1.-Rids-Bruners.L.Grantins.J.Ziverts.Latvija.LRTT_-768x144-1-1.png 768w, https:\/\/tautastribunals.eu\/wp-content\/uploads\/2020\/09\/1.-Rids-Bruners.L.Grantins.J.Ziverts.Latvija.LRTT_-768x144-1-1-300x56.png 300w\" sizes=\"(max-width: 1450px) 100vw, 1450px\" \/><\/figure>\n\n\n\n<p><\/p>\n\n\n\n<p><\/p>\n\n\n\n<p class=\"has-text-align-center has-light-green-cyan-color has-text-color has-background\" style=\"background-color:#0f412f;font-size:30px\">R. Bruners. Marts R\u012bg\u0101<\/p>\n\n\n\n<figure class=\"wp-block-image size-large is-resized\"><img decoding=\"async\" loading=\"lazy\" src=\"https:\/\/tautastribunals.eu\/wp-content\/uploads\/2021\/03\/Rids-Bruners.L.-Grantins.LRTT_.png\" alt=\"\" class=\"wp-image-59882\" width=\"1450\" height=\"1244\" srcset=\"https:\/\/tautastribunals.eu\/wp-content\/uploads\/2021\/03\/Rids-Bruners.L.-Grantins.LRTT_.png 698w, https:\/\/tautastribunals.eu\/wp-content\/uploads\/2021\/03\/Rids-Bruners.L.-Grantins.LRTT_-300x257.png 300w\" sizes=\"(max-width: 1450px) 100vw, 1450px\" \/><\/figure>\n\n\n\n<p><\/p>\n\n\n\n<p class=\"has-black-color has-text-color has-background\" style=\"background-color:#ebf4f1\">Esmu t\u0101lu no dzimtenes, tom\u0113r identiskos platuma gr\u0101dos pavasara tuvums j\u016btams t\u0101pat k\u0101 Latvij\u0101. Atceros R\u012bgu pirms gadiem 20 vai 30, kad pils\u0113tas centr\u0101 v\u0113l bija saglab\u0101jies nefriz\u0113tais \u0161arms. Melnais sniegs un pe\u013c\u0137es liecin\u0101ja, ka dr\u012bz s\u0101ksies, un dz\u012bv\u012bbas procesi uz\u0146em apgriezienus. Gribas izbaud\u012bt pa\u0101trin\u0101jumu, traukties kaut kur, m\u012bl\u0113t un trakot. Dien\u0101 cilv\u0113ku domas bie\u017ei novirz\u0101s no ierast\u0101s rut\u012bnas, bet nakt\u012b dzirdams, k\u0101 br\u012bvie run\u010di risina jaut\u0101jumus pagalmos un v\u0101rtu r\u016bm\u0113s.<\/p>\n\n\n\n<p class=\"has-black-color has-text-color has-background\" style=\"background-color:#ebf4f1\">No t\u0101lienes raugoties, cen\u0161os saprast Latvij\u0101 notieko\u0161o. Patlaban p\u0101rdomas izraisa aps\u016bdz\u012bba &#8220;kolaboranta liet\u0101&#8221;, kas uzr\u0101d\u012bta Lato Lapsam. Ar\u012b es esmu, pa\u0161a aps\u016bdz\u0113t\u0101 v\u0101rdiem izsakoties, viens no tiem &#8220;kas ce\u013c gaism\u0101 v\u0113sturisko paties\u012bbu un nebaid\u0101s paust savu kolaborantiem net\u012bkamo viedokli&#8221;. Esmu iepaz\u012bstin\u0101jis sabiedr\u012bbu ar vair\u0101kiem b\u016btiskiem un patiesiem faktiem. \u0160o faktu interpret\u0101cij\u0101 un secin\u0101jumos neesmu pie\u013c\u0101vis nek\u0101du ideolo\u0123isku vai \u0123eopolitisku tendenci.<\/p>\n\n\n\n<p class=\"has-black-color has-text-color has-background\" style=\"background-color:#ebf4f1\">Citiem v\u0101rdiem, mana vadl\u012bnija ir sabiedriskais labums, nevis politisk\u0101 konjunkt\u016bra. T\u0101p\u0113c uzskatu par vajadz\u012bgu izteikt savu viedokli &#8220;kolaboranta liet\u0101&#8221;, un viedoklis ir t\u0101ds &#8211; \u0161is gad\u012bjums nav tas, ar kuru Latvijas tiesu sist\u0113mai vajadz\u0113tu censties pier\u0101d\u012bt savu var\u0113\u0161anu.<\/p>\n\n\n\n<p class=\"has-black-color has-text-color has-background\" style=\"background-color:#ebf4f1\">Min\u0113tais gad\u012bjums attiecas uz &#8220;gai\u0161o&#8221; sp\u0113ku c\u012b\u0146u, kuri iest\u0101jas par viedok\u013cu daudzveid\u012bbu un cilv\u0113ku ties\u012bb\u0101m savu viedokli izteikt. Tiem preti st\u0101v &#8220;tum\u0161ie&#8221; sp\u0113ki, kuri savu viedokli un m\u0113r\u0137us sl\u0113pj. &#8220;Kolaboranta lieta&#8221; ir tik absurda, ka &#8220;tum\u0161ajiem&#8221; nav nek\u0101du izred\u017eu gad\u012bjum\u0101, ja lietu izties\u0101 taisn\u012bgi, un t\u0101 ieg\u016bst rezonansi sabiedr\u012bb\u0101. \u0160aj\u0101 gad\u012bjum\u0101 &#8220;gai\u0161ie&#8221; nos\u016bta &#8220;tum\u0161os&#8221; bezcer\u012bg\u0101 nokaut\u0101.<\/p>\n\n\n\n<p class=\"has-black-color has-text-color has-background\" style=\"background-color:#ebf4f1\">Man\u0101 skat\u012bjum\u0101 Lato Lapsa ir Latvijas redzam\u0101kais \u017eurn\u0101lists un port\u0101la PIETIEK ideologs. Savuk\u0101rt port\u0101ls PIETIEK ir p\u0113d\u0113jais popul\u0101rais Latvijas m\u0113dijs, kas pie\u013cauj paties\u012bbas public\u0113\u0161anu, viedok\u013cu daudzveid\u012bbu un izteiksmes br\u012bv\u012bbu. L\u016bdzu palabojiet, ja es k\u013c\u016bdos. Situ\u0101cija k\u013c\u016bs dramatiska, ja min\u0113to aps\u016bdz\u012bbu rezult\u0101t\u0101 izdosies piegriezt p\u0113d\u0113jo sk\u0101bek\u013ca kr\u0101nu. Ja sabiedr\u012bb\u0101 oficiozs kontrol\u0113 visus m\u0113dijus, tad ar \u0161o sabiedr\u012bbu var dar\u012bt visu, kas oficiozam ien\u0101k pr\u0101t\u0101.<\/p>\n\n\n\n<p class=\"has-black-color has-text-color has-background\" style=\"background-color:#ebf4f1\">Tad v\u0101rda br\u012bv\u012bba k\u013c\u016bs tikai par \u0101rzem\u0113s dz\u012bvojo\u0161o latvie\u0161u prerogat\u012bvu. Tas noz\u012bm\u0113, ka m\u0113s te var\u0113sim rakst\u012bt visu, kas ien\u0101k pr\u0101t\u0101, bet no Latvijas sabiedr\u012bbas tas atleks k\u0101 \u016bdens no p\u012bles. M\u0113s neesam &#8220;sav\u0113jie&#8221;, un tas nav tikai Latvijas iedz\u012bvot\u0101ju aizsardz\u012bbas reflekss. Dz\u012bvojot \u0101rzem\u0113s, main\u0101s cilv\u0113ka uztvere, izteiksmes veids un viss p\u0101r\u0113jais. Pilnv\u0113rt\u012bgam Latvijas m\u0113dijam fiziski j\u0101atrodas Latvij\u0101, j\u0101kontakt\u0113 ar cilv\u0113kiem, iest\u0101d\u0113m, uz\u0146\u0113mumiem u.c. T\u0101 sakot, j\u0101tur roka uz pulsa.<\/p>\n\n\n\n<p class=\"has-black-color has-text-color has-background\" style=\"background-color:#ebf4f1\">K\u0101p\u0113c aps\u016bdz\u012bba ar steigu uzr\u0101d\u012bta tie\u0161i tagad? Tas vair\u0101k izskat\u0101s p\u0113c uzbrukuma v\u0101rda br\u012bv\u012bbai kopum\u0101, ar iebied\u0113\u0161anas pal\u012bdz\u012bbu. K\u0101p\u0113c otraj\u0101 pl\u0101n\u0101 atk\u0101pjas &#8220;oligarhi&#8221;? K\u0101p\u0113c uz skatuves par\u0101d\u0101s kolaboranta Vonsovi\u010da kol\u0113\u0123i &#8211; vecie \u010dekisti un vi\u0146u (jaunie) izpal\u012bgi?<\/p>\n\n\n\n<p class=\"has-black-color has-text-color has-background\" style=\"background-color:#ebf4f1\">Port\u0101ls DELFI ar entuziasmu sludina, ka Latvijas sports nevar past\u0101v\u0113t bez Jura Savicka. Dro\u0161i vien, t\u0101 ar\u012b ir. Turpat blakus liela intervija ar Andri Bunku, kur\u0161 smag\u0101 c\u012b\u0146\u0101 pieveicis v\u012brusu. Br\u012bnums, ka nav varo\u0146eposu ar Indriksonu un Plaudi galvenaj\u0101s lom\u0101s, bet gan jau b\u016bs. Vilis Kri\u0161topans pla\u0161\u0101 intervij\u0101 run\u0101 apm\u0113ram t\u0101d\u0101 gar\u0101, ka, redz, Gobzemu \u0161ie nokoda, t\u0101p\u0113c man uzdots vi\u0146a viet\u0101 start\u0113t k\u0101 premjera kandid\u0101tam.<\/p>\n\n\n\n<p class=\"has-black-color has-text-color has-background\" style=\"background-color:#ebf4f1\">Ja min\u0113t\u0101s paz\u012bmes nor\u0101da, ka p\u0101rejam uz klaji autorit\u0101ru re\u017e\u012bmu ar cenz\u016bras ievie\u0161anu, tad tas k\u013c\u016bsredzams &#8220;kolaboranta lietas&#8221; gait\u0101. Turpretim, ja saglab\u0101jam v\u0101rda br\u012bv\u012bbas elementus, tad &#8220;lieta&#8221; izg\u0101z\u012bsies. \u0160aj\u0101 sakar\u0101 grib\u0113tu aicin\u0101t iesaist\u012btos prokurorus un tiesne\u0161us uzdot sev eksistenci\u0101lo jaut\u0101jumu &#8211; a man to vajag?<\/p>\n\n\n\n<p class=\"has-black-color has-text-color has-background\" style=\"background-color:#ebf4f1\">Visa aps\u016bdz\u012bba it k\u0101 balst\u0101s uz to, ka kolaborants Vonsovi\u010ds nod\u0113v\u0113ts par &#8220;klitoru&#8221;, un vi\u0146am pret to ir iebildumi. P\u0101r\u0113jie materi\u0101li ir pamatoti ar dokumentiem un nav apstr\u012bdami.<\/p>\n\n\n\n<p class=\"has-black-color has-text-color has-background\" style=\"background-color:#ebf4f1\">Ja t\u0101, tad \u0161\u012b situ\u0101cija \u013coti atg\u0101dina kom\u0113diju, ko pirms aptuveni 7 gadiem izsp\u0113l\u0113ja toreiz\u0113jais Londonas m\u0113rs Boriss D\u017eonsons. Sarunas karstum\u0101 vi\u0146\u0161 publiski nod\u0113v\u0113ja premjerministra vietnieku Niku Klegu par &#8220;kondomu&#8221;, un velt\u012bja tam v\u0113l da\u017eus kr\u0101\u0161\u0146us epitetus. Klegs par to j\u016btami apvainoj\u0101s, un teica, ka nebija gaid\u012bjis sa\u0146emt t\u0101du d\u0101vanu sav\u0101 dzim\u0161anas dien\u0101. V\u0113l vi\u0146\u0161 piebilda, ka D\u017eonsonam vajadz\u0113tu &#8220;vair\u0101k koncentr\u0113ties uz dienas laik\u0101 dar\u0101majiem darbiem&#8221;. Ar to incidents bija izsmelts. Abi v\u0113l apmain\u012bj\u0101s dz\u0113l\u012bb\u0101m, bet beig\u0101s nosm\u0113j\u0101s, ka esot san\u0101cis varen labs \u0161ovs auditorijai par prieku.<\/p>\n\n\n\n<p class=\"has-black-color has-text-color has-background\" style=\"background-color:#ebf4f1\">Nezinu, vai min\u0113to piem\u0113ru var izmantot Latvijas tiesu praks\u0113 k\u0101 judikat\u016bru. Dom\u0101ju, ka n\u0113, jo abos gad\u012bjumos konflikta l\u012bmenis visp\u0101r nevelk l\u012bdz ties\u0101\u0161anai. Ja nu vien\u012bgi cietu\u0161ais kolaborants v\u0113las eskal\u0113t konfliktu ar m\u0113r\u0137i atriebties, izpild\u012bt sev dotu uzdevumu, vai ar\u012b g\u016bt labumu.<\/p>\n\n\n\n<p>08.03.21           <\/p>\n","protected":false},"excerpt":{"rendered":"<p>R. Bruners. Marts R\u012bg\u0101 Esmu t\u0101lu no dzimtenes, tom\u0113r identiskos platuma gr\u0101dos pavasara tuvums j\u016btams t\u0101pat k\u0101 Latvij\u0101. Atceros R\u012bgu pirms gadiem 20 vai 30, kad pils\u0113tas centr\u0101 v\u0113l bija saglab\u0101jies nefriz\u0113tais \u0161arms. Melnais&#46;&#46;&#46;<\/p>\n","protected":false},"author":1,"featured_media":57571,"comment_status":"open","ping_status":"open","sticky":false,"template":"","format":"standard","meta":[],"categories":[1,11],"tags":[],"_links":{"self":[{"href":"https:\/\/tautastribunals.eu\/index.php?rest_route=\/wp\/v2\/posts\/59880"}],"collection":[{"href":"https:\/\/tautastribunals.eu\/index.php?rest_route=\/wp\/v2\/posts"}],"about":[{"href":"https:\/\/tautastribunals.eu\/index.php?rest_route=\/wp\/v2\/types\/post"}],"author":[{"embeddable":true,"href":"https:\/\/tautastribunals.eu\/index.php?rest_route=\/wp\/v2\/users\/1"}],"replies":[{"embeddable":true,"href":"https:\/\/tautastribunals.eu\/index.php?rest_route=%2Fwp%2Fv2%2Fcomments&post=59880"}],"version-history":[{"count":5,"href":"https:\/\/tautastribunals.eu\/index.php?rest_route=\/wp\/v2\/posts\/59880\/revisions"}],"predecessor-version":[{"id":59886,"href":"https:\/\/tautastribunals.eu\/index.php?rest_route=\/wp\/v2\/posts\/59880\/revisions\/59886"}],"wp:featuredmedia":[{"embeddable":true,"href":"https:\/\/tautastribunals.eu\/index.php?rest_route=\/wp\/v2\/media\/57571"}],"wp:attachment":[{"href":"https:\/\/tautastribunals.eu\/index.php?rest_route=%2Fwp%2Fv2%2Fmedia&parent=59880"}],"wp:term":[{"taxonomy":"category","embeddable":true,"href":"https:\/\/tautastribunals.eu\/index.php?rest_route=%2Fwp%2Fv2%2Fcategories&post=59880"},{"taxonomy":"post_tag","embeddable":true,"href":"https:\/\/tautastribunals.eu\/index.php?rest_route=%2Fwp%2Fv2%2Ftags&post=59880"}],"curies":[{"name":"wp","href":"https:\/\/api.w.org\/{rel}","templated":true}]}}