{"id":59634,"date":"2021-02-19T10:18:26","date_gmt":"2021-02-19T08:18:26","guid":{"rendered":"https:\/\/tautastribunals.eu\/?p=59634"},"modified":"2021-02-19T13:28:12","modified_gmt":"2021-02-19T11:28:12","slug":"r-akmens-uzsakt-parbaudi-par-e-levita-atbilstibu-lr-prezidenta-kreslam","status":"publish","type":"post","link":"https:\/\/tautastribunals.eu\/?p=59634","title":{"rendered":"R. Akmens. Uzs\u0101kt p\u0101rbaudi par E. Levita atbilst\u012bbu LR prezidenta &#8220;kr\u0113slam&#8221;!"},"content":{"rendered":"\n<figure class=\"wp-block-image size-large is-resized\"><img decoding=\"async\" loading=\"lazy\" src=\"https:\/\/tautastribunals.eu\/wp-content\/uploads\/2020\/08\/Helsinki-86.-LRTT.-Granti\u0146\u0161.Bord\u0101ns.Stuk\u0101ns-5.png\" alt=\"\" class=\"wp-image-57074\" width=\"1450\" height=\"159\"\/><\/figure>\n\n\n\n<p><\/p>\n\n\n\n<p><\/p>\n\n\n\n<p class=\"has-black-color has-text-color has-background\" style=\"background-color:#fef1f1\"><\/p>\n\n\n\n<p class=\"has-black-color has-text-color has-background has-medium-font-size\" style=\"background-color:#f6c1c1\">Labdien,<br>pielikum\u0101 iesniegums ar e-parakstu:<\/p>\n\n\n\n<p class=\"has-black-color has-text-color has-background\" style=\"background-color:#fef1f1\"><strong>Latvijas Republikas <\/strong>Pilson\u012bbas un migr\u0101cijas lietu p\u0101rvaldes priek\u0161niekam-<br>A.&nbsp;God. <strong>Vilnim J\u0113kabsona k-gam<\/strong><\/p>\n\n\n\n<p class=\"has-black-color has-text-color has-background has-medium-font-size\" style=\"background-color:#fef1f1\"><strong>Raimonds Roberts Akmens-Alksnis<\/strong><\/p>\n\n\n\n<p class=\"has-black-color has-text-color has-background has-medium-font-size\" style=\"background-color:#f9c7c7\"><strong>P I E T E I K U M S<\/strong><br>uzs\u0101kt p\u0101rbaudes lietu<\/p>\n\n\n\n<p class=\"has-black-color has-text-color has-background\" style=\"background-color:#fef1f1\"><strong>Latvijas Valsts Pamatlikum\u0101 <\/strong>rakst\u012bts:<\/p>\n\n\n\n<p class=\"has-black-color has-text-color has-background\" style=\"background-color:#fef1f1\">37. Par<strong> Valsts Prezidentu<\/strong> var iev\u0113l\u0113t pilnties\u012bgu<strong> Latvijas pilsoni<\/strong>, kur\u0161 sasniedzis \u010detrdesmit gadu vecumu. Par<strong> Valsts Prezidentu<\/strong> nevar iev\u0113l\u0113t pilsoni ar dubultpilson\u012bbu.<\/p>\n\n\n\n<p class=\"has-black-color has-text-color has-background\" style=\"background-color:#fef1f1\">L\u012bdz ar to, l\u016bdzu <strong>J\u016bs, J\u0113kabsona k-gs.<\/strong>, darba pien\u0101kumu ietvaros, uzs\u0101kt p\u0101rbaudes lietu un noskaidrot Valsts prezidenta <strong>Egila Levita <\/strong>atbilst\u012bbu Satversmes 37. pantam &#8211; Valsts prezidenta Egila Levita V\u0101cijas vai Izra\u0113las pilson\u012bbu esam\u012bbu.<\/p>\n\n\n\n<p class=\"has-black-color has-text-color has-background\" style=\"background-color:#fef1f1\">Konkr\u0113taj\u0101 gad\u012bjum\u0101 ties\u012bbu ierobe\u017eojums ir noteikts Satversm\u0113. Savuk\u0101rt, ar Konstitucion\u0101lu l\u012bkumu 5.p. noteic, ka \u201c<span class=\"has-inline-color has-vivid-red-color\"><em>Visi pilso\u0146i neatkar\u012bgi no pilson\u012bbas ieg\u016b\u0161anas veida ties\u012bb\u0101s un pien\u0101kumos <strong>ir vienl\u012bdz\u012bgi<\/strong>. Latvijas Republikas pilson\u012bbu var ieg\u016bt, saglab\u0101t vai zaud\u0113t tikai likum\u0101 noteiktaj\u0101 k\u0101rt\u012bb\u0101. Uz\u0146emot Latvijas Republikas pilson\u012bb\u0101, nedr\u012bkst izveidoties dubult\u0101 pilson\u012bba<\/em>\u201d.<\/span><\/p>\n\n\n\n<p class=\"has-black-color has-text-color has-background\" style=\"background-color:#fef1f1\">\u0160aj\u0101 panta nekas nav min\u0113ts par to personu grupu, kuras b\u016bdamas V\u0101cijas vai \/ un Izra\u0113las pilso\u0146i bija pie\u0146\u0113mu\u0161i dubulto pilson\u012bbu. Ar \u0161o pantu tiek apstiprin\u0101ta doktr\u012bna, ka VISI pilso\u0146i ir vienl\u012bdz\u012bgi un valstij nav pie\u0161\u0137irtas ties\u012bbas no Latvijas pilso\u0146iem veidot atsevi\u0161\u0137as grupas vai pilso\u0146u kategorijas.<\/p>\n\n\n\n<p class=\"has-black-color has-text-color has-background\" style=\"background-color:#fef1f1\">Valsts varas avots un t\u0101s nes\u0113js <strong>ir Latvijas tauta<\/strong> Satversmes<strong> 2.panta <\/strong>izpratn\u0113, kuru p\u0101rst\u0101v pilso\u0146u kopums k\u0101 ties\u012bbsp\u0113j\u012bga un r\u012bc\u012bbsp\u0113j\u012bga valsts konstitucion\u0101la instit\u016bcija, kas aptver visus pilnties\u012bgos<strong> Latvijas pilso\u0146us. <\/strong>Demokr\u0101tijas pamats, t\u0101tad, ir valsts pilso\u0146i, kas apvienoju\u0161ies politiski funkcion\u0113jo\u0161\u0101 sabiedr\u012bb\u0101. <strong>Pilso\u0146u liktenis<\/strong> ir nesaraujami saist\u012bts ar valsts likteni, kuru tie veido <em>(sk. Pleps J., Pastars E., Plakane I. Konstitucion\u0101l\u0101s ties\u012bbas. R\u012bga: Latvijas V\u0113stnesis, 2004, 120.-121.lpp.).<\/em><\/p>\n\n\n\n<p class=\"has-black-color has-text-color has-background\" style=\"background-color:#fef1f1\">Konstat\u0113jot <strong>Egilam Levitam Izra\u0113las pilson\u012bbas esam\u012bbu,<\/strong> l\u016bdzu p\u0101rbaud\u012bt, vai saska\u0146\u0101 ar izmai\u0146\u0101m <strong>Pilson\u012bbas likum\u0101, Latvijas pilsonis Egils Levit<\/strong>s bija iesniedzis l\u016bgumu, saska\u0146\u0101 ar izmai\u0146\u0101m Pilson\u012bbas l\u012bkuma un \u0161\u012b l\u012bkuma<strong> 9.panta 1.da\u013cas 5.punktu <\/strong>noteikumiem,<strong> Ministru kabinetam <\/strong>at\u013caujas sa\u0146em\u0161anai, lai saglab\u0101tu <strong>Latvijas pilson\u012bbu, <\/strong>atst\u0101jot sev <strong>Izra\u0113las pilson\u012bbu<\/strong>, saska\u0146\u0101 ar kuru starp latvijas pilso\u0146iem ir apstiprin\u0101ta at\u0161\u0137ir\u012bga kart\u012bba par vien\u0101du regul\u0113jumu attiec\u012bb\u0101 uz dubultpilson\u012bbas esam\u012bbu.<\/p>\n\n\n\n<p class=\"has-black-color has-text-color has-background\" style=\"background-color:#fef1f1\">Pilson\u012bbas likuma 9.p.l.d. vec\u0101 redakcija paredz\u0113ja, ka personai, kura tiek uz\u0146emta<strong> Latvija<\/strong>s pilson\u012bb\u0101, nedr\u012bkst izveidoties dubult\u0101 pilson\u012bba. T\u0101tad, Pilson\u012bbas likums iepriek\u0161 nepie\u013c\u0101va dubulto pilson\u012bbu izveido\u0161anos t\u0101m person\u0101m, kuriem ir citas valsts pilson\u012bba<strong> LR pilson\u012bbas<\/strong> pretend\u0113\u0161anas vai sa\u0146em\u0161anas br\u012bd\u012b.<\/p>\n\n\n\n<p class=\"has-black-color has-text-color has-background\" style=\"background-color:#fef1f1\">Konkr\u0113taj\u0101 gad\u012bjum\u0101 ir izveidojusies situ\u0101cija, kad viena pilso\u0146u grupa bauda maz\u0101ku likumu un tiesas aizsardz\u012bbu un izv\u0113li r\u012bkoties ar savam ties\u012bb\u0101m, nek\u0101 citu personas grupa, kas izvirz\u012bja par Valsts prezidentu <strong>Egilu Levitu <\/strong>kungu un pats <strong>Egils Levits<\/strong>, kurai un kuram tiek nodro\u0161in\u0101tas \u0161\u012bs priek\u0161roc\u012bbas, kas, ac\u012bmredzami, kalpo par pamatu uzskat\u012bt, ka past\u0101v diskredit\u0113jo\u0161ais faktors. \u0160eit viennoz\u012bm\u012bgi ir v\u0113rojam nevienl\u012bdz\u012bba, bet nav skaidrs \u0161\u012bs nevienl\u012bdz\u012bbas pamatojums un vai tam pamatojumam var\u0113tu rasties politiskais pamatojums zem konteksta, t\u0101 le\u0123it\u012bmais m\u0113r\u0137is un \u0161\u012b m\u0113r\u0137a sam\u0113r\u012bgums ar sabiedr\u012bbas interes\u0113m un balssties\u012bgajiem<strong> Latvijas pilso\u0146iem<\/strong>.<\/p>\n\n\n\n<p class=\"has-black-color has-text-color has-background\" style=\"background-color:#fef1f1\">Pie \u0161\u0101diem apst\u0101k\u013ciem un saska\u0146\u0101 ar Pilson\u012bbas likuma 24.panta 5.punktu, l\u016bdzu uzs\u0101kt veikt zi\u0146u p\u0101rbaudi vai <strong>Egilam Levitam <\/strong>past\u0101v Izra\u0113las pilson\u012bba, jo lietas materi\u0101li nor\u0101da uz to, ka Egils Levits, k\u0101 \u0123imenes loceklis, bija sa\u0146\u0113mis Izra\u0113las pilson\u012bbu k\u0101 repatriants sakar\u0101 ar sava t\u0113va <strong>Ebreju taut\u012bbu, <\/strong>veicot atteik\u0161anos no<strong> PSRS<\/strong> pilson\u012bbas.<\/p>\n\n\n\n<p class=\"has-black-color has-text-color has-background\" style=\"background-color:#fef1f1\">V\u0113l\u0101k <strong>Egils Levits <\/strong>kop\u0101 ar \u0123imeni bija iebraucis<strong> V\u0101cijas Federat\u012bvaj\u0101 Republik\u0101<\/strong>, kur vi\u0146\u0161 bija sa\u0146\u0113mis uztur\u0113\u0161anas at\u013cauju un p\u0113c tam, sakar\u0101 ar nodz\u012bvotiem gadiem, V\u0101cijas pilson\u012bbu.<\/p>\n\n\n\n<p class=\"has-black-color has-text-color has-background\" style=\"background-color:#fef1f1\">P\u0113c <strong>Latvijas Republikas<\/strong> atjauno\u0161anas, <strong>Egils Levits <\/strong>p\u0113c savas m\u0101tes datiem bija sa\u0146\u0113mis <strong>LR <\/strong>pilson\u012bbu, kas bija at\u013cauts l\u012bdz 1995.g. person\u0101m no Rietumu valst\u012bm <em>(ASV, Lielbrit\u0101nija, Zviedrija un V\u0101cija)<\/em>, un saglab\u0101ja visas tr\u012bs pilson\u012bbas l\u012bdz \u0161ai dienai.<\/p>\n\n\n\n<p class=\"has-black-color has-text-color has-background\" style=\"background-color:#fef1f1\">Savuk\u0101rt, sa\u0146emot apstiprino\u0161as zi\u0146as par <strong>Izra\u0113las pilson\u012bbas <\/strong>esam\u012bbu, l\u016bdzu zi\u0146ot par<strong> Ministru kabineta<\/strong> r\u012bkojumu par at\u013caujas pie\u0161\u0137ir\u0161anu <strong>Egilam Levitam <\/strong>saglab\u0101t <strong>Latvijas pilson\u012bbu,<\/strong> atst\u0101jot sev <strong>Izra\u0113las pilson\u012bbu,<\/strong> past\u0101v\u0113\u0161anu, t\u0101 numuru un pie\u0146em\u0161anas laiku. Un sniegt man skaidrojumu, kas ir \u0161\u0101da r\u012bkojuma sagatavot\u0101js, k\u0101d\u0101m Latvijas valsts interes\u0113m kalpo \u0161\u0101da at\u013cauja<strong> Egilam Levitam <\/strong>saglab\u0101t <strong>Latvijas pilson\u012bbu<\/strong>, atst\u0101jot sev<strong> Izra\u0113las pilson\u012bbu<\/strong>.<\/p>\n\n\n\n<p class=\"has-black-color has-text-color has-background\" style=\"background-color:#fef1f1\">Pateicos !<\/p>\n\n\n\n<p class=\"has-black-color has-text-color has-background\" style=\"background-color:#fef1f1\">Valsts Prezidenta amata kandid\u0101ts <strong>-Raimonds Roberts<br>Akmens-Alksnis<\/strong><\/p>\n\n\n\n<p>T. 2 77 24 111<br><a href=\"https:\/\/emea01.safelinks.protection.outlook.com\/?url=http%3A%2F%2FRaimonds.Akmens%40inbox.lv%2F&amp;data=04%7C01%7C%7C0c47b8d7701b480177f708d8d1be5cb0%7C84df9e7fe9f640afb435aaaaaaaaaaaa%7C1%7C0%7C637489963868781671%7CUnknown%7CTWFpbGZsb3d8eyJWIjoiMC4wLjAwMDAiLCJQIjoiV2luMzIiLCJBTiI6Ik1haWwiLCJXVCI6Mn0%3D%7C1000&amp;sdata=%2FwwiOudVVWsuObpLkvMsIRX9nr5mOsksWsYbcrfCXp0%3D&amp;reserved=0\" target=\"_blank\" rel=\"noreferrer noopener\">Raimonds.Akmens@inbox.lv<\/a><\/p>\n\n\n\n<p class=\"has-text-align-center has-white-color has-vivid-red-background-color has-text-color has-background has-huge-font-size\">LRTT papildin\u0101jums<\/p>\n\n\n\n<figure class=\"wp-block-image size-large is-resized\"><img decoding=\"async\" loading=\"lazy\" src=\"https:\/\/tautastribunals.eu\/wp-content\/uploads\/2019\/02\/MIGLA-SARKAN\u0100-NOL\u0100D\u0112T\u0100REINIKS\u0100BOLTI\u0145A-800x68.png\" alt=\"\" class=\"wp-image-49008\" width=\"1450\" height=\"123\" srcset=\"https:\/\/tautastribunals.eu\/wp-content\/uploads\/2019\/02\/MIGLA-SARKAN\u0100-NOL\u0100D\u0112T\u0100REINIKS\u0100BOLTI\u0145A-800x68.png 800w, https:\/\/tautastribunals.eu\/wp-content\/uploads\/2019\/02\/MIGLA-SARKAN\u0100-NOL\u0100D\u0112T\u0100REINIKS\u0100BOLTI\u0145A-300x26.png 300w, https:\/\/tautastribunals.eu\/wp-content\/uploads\/2019\/02\/MIGLA-SARKAN\u0100-NOL\u0100D\u0112T\u0100REINIKS\u0100BOLTI\u0145A-768x65.png 768w, https:\/\/tautastribunals.eu\/wp-content\/uploads\/2019\/02\/MIGLA-SARKAN\u0100-NOL\u0100D\u0112T\u0100REINIKS\u0100BOLTI\u0145A.png 986w\" sizes=\"(max-width: 1450px) 100vw, 1450px\" \/><\/figure>\n\n\n\n<p class=\"has-white-color has-vivid-red-background-color has-text-color has-background\" style=\"font-size:22px\"><strong>Raimondam Robertam Akmenim &#8211; Alksnim<\/strong> bija laiks saprast, ka uz<strong> N\u0100CIJAS T\u0112VU LR Satversme<\/strong> neattiec\u0101s. Vi\u0146a prie\u0161\u0101 mums visiem pazem\u012bgi j\u0101klan\u0101s, jo n\u0101k no <strong>dieva Jahves <\/strong>izredz\u0113to <strong>CILTS<\/strong> ! <strong>Egils Levits <\/strong>ir visu laiku <strong>&#8220;liek\u0101&#8221; Latvijas<\/strong> disidenta <strong>&#8220;spermas izstr\u0101d\u0101jums&#8221; <\/strong>un t\u0101p\u0113c vi\u0146a priek\u0161\u0101 mums ir ne tikai j\u0101noliec savas dumj\u0101s galvas, bet<strong> &#8220;j\u0101metas&#8221; <\/strong>\u010detr\u0101pus !<\/p>\n\n\n\n<figure class=\"wp-block-image size-large is-resized\"><img decoding=\"async\" loading=\"lazy\" src=\"https:\/\/tautastribunals.eu\/wp-content\/uploads\/2018\/12\/Bitenieks.Juris-RubenisModris-Pl\u0101te-M\u0101ris-LudviksAndrejs-KavacisLinards-Granti\u0146\u0161-Aivars-Garda.-Kopie.png\" alt=\"\" class=\"wp-image-48044\" width=\"1447\" height=\"193\" srcset=\"https:\/\/tautastribunals.eu\/wp-content\/uploads\/2018\/12\/Bitenieks.Juris-RubenisModris-Pl\u0101te-M\u0101ris-LudviksAndrejs-KavacisLinards-Granti\u0146\u0161-Aivars-Garda.-Kopie.png 753w, https:\/\/tautastribunals.eu\/wp-content\/uploads\/2018\/12\/Bitenieks.Juris-RubenisModris-Pl\u0101te-M\u0101ris-LudviksAndrejs-KavacisLinards-Granti\u0146\u0161-Aivars-Garda.-Kopie-300x40.png 300w\" sizes=\"(max-width: 1447px) 100vw, 1447px\" \/><\/figure>\n\n\n\n<p><\/p>\n\n\n\n<figure class=\"wp-block-image size-large is-resized\"><img decoding=\"async\" loading=\"lazy\" src=\"https:\/\/tautastribunals.eu\/wp-content\/uploads\/2019\/03\/Egils-Levits.Saeima.Latvija.L.Granti\u0146\u0161.LRTT_.-Godmanis.-\u0100bolti\u0146a.-Kopie-800x788.png\" alt=\"\" class=\"wp-image-49715\" width=\"1450\" height=\"1428\" srcset=\"https:\/\/tautastribunals.eu\/wp-content\/uploads\/2019\/03\/Egils-Levits.Saeima.Latvija.L.Granti\u0146\u0161.LRTT_.-Godmanis.-\u0100bolti\u0146a.-Kopie-800x788.png 800w, https:\/\/tautastribunals.eu\/wp-content\/uploads\/2019\/03\/Egils-Levits.Saeima.Latvija.L.Granti\u0146\u0161.LRTT_.-Godmanis.-\u0100bolti\u0146a.-Kopie-300x296.png 300w, https:\/\/tautastribunals.eu\/wp-content\/uploads\/2019\/03\/Egils-Levits.Saeima.Latvija.L.Granti\u0146\u0161.LRTT_.-Godmanis.-\u0100bolti\u0146a.-Kopie-768x757.png 768w, https:\/\/tautastribunals.eu\/wp-content\/uploads\/2019\/03\/Egils-Levits.Saeima.Latvija.L.Granti\u0146\u0161.LRTT_.-Godmanis.-\u0100bolti\u0146a.-Kopie.png 891w\" sizes=\"(max-width: 1450px) 100vw, 1450px\" \/><\/figure>\n\n\n\n<p class=\"has-text-align-center has-white-color has-vivid-red-background-color has-text-color has-background\" style=\"font-size:28px\">Un \u0161eit jau m\u0113s saskaramies ar brut\u0101lu debilit\u0101tes izpausmi: <\/p>\n\n\n\n<figure class=\"wp-block-image size-large is-resized\"><img decoding=\"async\" loading=\"lazy\" src=\"https:\/\/tautastribunals.eu\/wp-content\/uploads\/2019\/11\/Anita-Mui\u017eniece.Granti\u0146\u0161.LRTT_-672x800.png\" alt=\"\" class=\"wp-image-53945\" width=\"1450\" height=\"1726\" srcset=\"https:\/\/tautastribunals.eu\/wp-content\/uploads\/2019\/11\/Anita-Mui\u017eniece.Granti\u0146\u0161.LRTT_-672x800.png 672w, https:\/\/tautastribunals.eu\/wp-content\/uploads\/2019\/11\/Anita-Mui\u017eniece.Granti\u0146\u0161.LRTT_-252x300.png 252w, https:\/\/tautastribunals.eu\/wp-content\/uploads\/2019\/11\/Anita-Mui\u017eniece.Granti\u0146\u0161.LRTT_-768x915.png 768w, https:\/\/tautastribunals.eu\/wp-content\/uploads\/2019\/11\/Anita-Mui\u017eniece.Granti\u0146\u0161.LRTT_.png 786w\" sizes=\"(max-width: 1450px) 100vw, 1450px\" \/><\/figure>\n\n\n\n<p>19.02.21<\/p>\n","protected":false},"excerpt":{"rendered":"<p>Labdien,pielikum\u0101 iesniegums ar e-parakstu: Latvijas Republikas Pilson\u012bbas un migr\u0101cijas lietu p\u0101rvaldes priek\u0161niekam-A.&nbsp;God. Vilnim J\u0113kabsona k-gam Raimonds Roberts Akmens-Alksnis P I E T E I K U M Suzs\u0101kt p\u0101rbaudes lietu Latvijas Valsts Pamatlikum\u0101 rakst\u012bts:&#46;&#46;&#46;<\/p>\n","protected":false},"author":1,"featured_media":57447,"comment_status":"open","ping_status":"open","sticky":false,"template":"","format":"standard","meta":[],"categories":[1],"tags":[],"_links":{"self":[{"href":"https:\/\/tautastribunals.eu\/index.php?rest_route=\/wp\/v2\/posts\/59634"}],"collection":[{"href":"https:\/\/tautastribunals.eu\/index.php?rest_route=\/wp\/v2\/posts"}],"about":[{"href":"https:\/\/tautastribunals.eu\/index.php?rest_route=\/wp\/v2\/types\/post"}],"author":[{"embeddable":true,"href":"https:\/\/tautastribunals.eu\/index.php?rest_route=\/wp\/v2\/users\/1"}],"replies":[{"embeddable":true,"href":"https:\/\/tautastribunals.eu\/index.php?rest_route=%2Fwp%2Fv2%2Fcomments&post=59634"}],"version-history":[{"count":9,"href":"https:\/\/tautastribunals.eu\/index.php?rest_route=\/wp\/v2\/posts\/59634\/revisions"}],"predecessor-version":[{"id":59662,"href":"https:\/\/tautastribunals.eu\/index.php?rest_route=\/wp\/v2\/posts\/59634\/revisions\/59662"}],"wp:featuredmedia":[{"embeddable":true,"href":"https:\/\/tautastribunals.eu\/index.php?rest_route=\/wp\/v2\/media\/57447"}],"wp:attachment":[{"href":"https:\/\/tautastribunals.eu\/index.php?rest_route=%2Fwp%2Fv2%2Fmedia&parent=59634"}],"wp:term":[{"taxonomy":"category","embeddable":true,"href":"https:\/\/tautastribunals.eu\/index.php?rest_route=%2Fwp%2Fv2%2Fcategories&post=59634"},{"taxonomy":"post_tag","embeddable":true,"href":"https:\/\/tautastribunals.eu\/index.php?rest_route=%2Fwp%2Fv2%2Ftags&post=59634"}],"curies":[{"name":"wp","href":"https:\/\/api.w.org\/{rel}","templated":true}]}}