{"id":59490,"date":"2021-02-03T21:56:23","date_gmt":"2021-02-03T19:56:23","guid":{"rendered":"https:\/\/tautastribunals.eu\/?p=59490"},"modified":"2021-02-03T21:56:23","modified_gmt":"2021-02-03T19:56:23","slug":"a-malta-atceresimies-reiz-sacito","status":"publish","type":"post","link":"https:\/\/tautastribunals.eu\/?p=59490","title":{"rendered":"A. Malta. Atcer\u0113simies reiz sac\u012bto !"},"content":{"rendered":"\n<figure class=\"wp-block-image size-large is-resized\"><img decoding=\"async\" loading=\"lazy\" src=\"https:\/\/tautastribunals.eu\/wp-content\/uploads\/2019\/10\/www.tautastribunals.eu-12-2-800x112.png\" alt=\"\" class=\"wp-image-53467\" width=\"1096\" height=\"153\" srcset=\"https:\/\/tautastribunals.eu\/wp-content\/uploads\/2019\/10\/www.tautastribunals.eu-12-2-800x112.png 800w, https:\/\/tautastribunals.eu\/wp-content\/uploads\/2019\/10\/www.tautastribunals.eu-12-2-300x42.png 300w, https:\/\/tautastribunals.eu\/wp-content\/uploads\/2019\/10\/www.tautastribunals.eu-12-2-768x108.png 768w, https:\/\/tautastribunals.eu\/wp-content\/uploads\/2019\/10\/www.tautastribunals.eu-12-2.png 950w\" sizes=\"(max-width: 1096px) 100vw, 1096px\" \/><\/figure>\n\n\n\n<figure class=\"wp-block-image size-large is-resized\"><img decoding=\"async\" loading=\"lazy\" src=\"https:\/\/tautastribunals.eu\/wp-content\/uploads\/2020\/11\/Artus-Malta-800x479.jpg\" alt=\"\" class=\"wp-image-58525\" width=\"1071\" height=\"641\" srcset=\"https:\/\/tautastribunals.eu\/wp-content\/uploads\/2020\/11\/Artus-Malta-800x479.jpg 800w, https:\/\/tautastribunals.eu\/wp-content\/uploads\/2020\/11\/Artus-Malta-300x180.jpg 300w, https:\/\/tautastribunals.eu\/wp-content\/uploads\/2020\/11\/Artus-Malta-768x460.jpg 768w, https:\/\/tautastribunals.eu\/wp-content\/uploads\/2020\/11\/Artus-Malta.jpg 1370w\" sizes=\"(max-width: 1071px) 100vw, 1071px\" \/><\/figure>\n\n\n\n<p class=\"has-black-color has-text-color has-background\" style=\"background-color:#e5f2fb;font-size:18px\">Tautsaimniec\u012bbas atvese\u013co\u0161ana ir iesp\u0113jama vien\u012bgi ar stabiliem un zemiem nodok\u013ciem uz\u0146\u0113m\u0113jiem! K\u0101rlis Ulmanis dz\u012bvoja darbam un Latvijai.<br>K\u0101ds ir Latvijas pa\u0161reiz\u0113jais Tautsaimniec\u012bbas st\u0101voklis un k\u0101 labi sokas Latvijas prezidentiem s\u0101kot ar Augustu Kirhen\u0161teinu? Pieminu tr\u012bs viedok\u013cus:<br>Ko par to raksta Pr\u0101v. emeritus Andrejs Kavacis, b\u0113rnu priek\u0161z\u012bme, uzved\u012bbas un darb\u012bbas etalons ir vi\u0146u vec\u0101ki. Valstu vad\u012bt\u0101ji k\u013c\u016bst par visas valsts un tautas reprezentantiem un sp\u0113k\u0101 uztur\u0113to mor\u0101lo v\u0113rt\u012bbu etalonu. Ja pieminam Latvijas Valsts un Ministru prezidentu K\u0101rli Ulmani, atmi\u0146\u0101s aust vi\u0146a vienk\u0101r\u0161\u012bba, pietic\u012bba, darba griba, uztic\u012bba un godpr\u0101t\u012bba. Nav neviena no tagad\u0113j\u0101s valsts varas elites, kas \u012bs\u0101 laik\u0101 valsts un tautas lab\u0101 b\u016btu paveicis tik daudz, kas ar t\u012bru sirdsapzi\u0146u b\u016btu uztur\u0113jis tik labu kontaktu ar tautu. Ja vi\u0146am p\u0101rmet politisku tuvredz\u012bbu, tad to var dar\u012bt vien t\u0101d\u0113\u013c, ka K\u0101rlis Ulmanis k\u0101 godpr\u0101t\u012bbas vad\u012bts cilv\u0113ks, nevar\u0113ja pie\u0146emt domu, ka ir ar\u012b t\u0101di sta\u013cini, molotovi, ribentropi un hitleri, kuri, jau l\u012bgumus sl\u0113dzot, dom\u0101 k\u0101 tos p\u0101rk\u0101ps- cilv\u0113ki bez goda un bez sirdsapzi\u0146as. T\u0101 K\u0101rlis Ulmanis bija un paliek Latvijas valstsv\u012bru godpr\u0101t\u012bbas etalons.<br>Ambicioz\u0101 Vaira V\u012b\u0137e- Freiberga ne reizi vien piesauca \u201eUlma\u0146a autorit\u0101ro re\u017e\u012bmu\u201d, t\u0101 iesaist\u012bdam\u0101s patiesi neatkar\u012bgas Latvijas no\u0137eng\u0101t\u0101ju kor\u012b un cer\u0113dama k\u013c\u016bt par \u201esp\u012bdekli\u201d, kas ap\u0113nos Ulma\u0146a slavu. Ko vi\u0146a ir atst\u0101jusi aiz sevis? Tikai no\u017e\u0113lojamus egoisma uzplaiksn\u012bjumus. Atzinusies, ka ir bijusi kontaktos ar triju valstu specdienestiem un cer\u0113dama uz augst\u0101ko ANO amatu, vi\u0146a bez kaun\u0113\u0161an\u0101s pazemoja savu valsti un tautu. Ne reizi neapmekl\u0113ja Lestenes br\u0101\u013cu kapus, pat form\u0101li nepasakot paldies latvie\u0161u le\u0123ion\u0101riem, kuri nosarg\u0101ja ar\u012b vi\u0146as iesp\u0113ju emigr\u0113t. Nekad neatdodama godu nacion\u0101lajiem partiz\u0101niem, vi\u0146a \u201ebaroj\u0101s\u201d ar padomju diversanta Samsona padomiem. \u201eSkriedama\u201d uz slepenu tik\u0161anos ar \u010dekistu Putinu Austrij\u0101, \u201eizl\u0113kdama\u201d pret Baltijas valstu vienoto nost\u0101ju, braukdama uz Maskavu svin\u0113t bo\u013c\u0161eviku uzvaras sv\u0113tkus, vi\u0146a ir rad\u012bjusi gandr\u012bz nepieskait\u0101m\u0101s iespaidu pati par sevi. Kur tad v\u0113l \u010dekista Drozdova viz\u012bte R\u012bg\u0101 un Krievijas patriarha sv\u0113t\u012bba \u201elatvijie\u0161u\u201d tautai! Tas viss tika dar\u012bts ar cer\u012bbu uz ANO \u0123ener\u0101lsekret\u0101res amatu. Eiropas kara\u013cnamu viz\u012btes nob\u0101l uz \u0161o v\u0113rien\u012bgo pas\u0101kumu fona. Praktisk\u0101 labuma no t\u0101 \u013coti maz, bet Latvija ar\u012b te \u201elabi maks\u0101ja\u201d par prezidentes amb\u012bcij\u0101m uz augst\u0101ko amatu ANO. T\u0101 nu V. V. Freiberga Latvijas v\u0113stur\u0113 sevi ir iez\u012bm\u0113jusi k\u0101 neierobe\u017eota egoisma etalonu. Vi\u0146a ir kalpojusi pirmk\u0101rt sev, nevis Latvijai vai latvie\u0161u tautai.<\/p>\n\n\n\n<p class=\"has-black-color has-text-color has-background\" style=\"background-color:#e5f2fb;font-size:18px\">Ko par \u0161odienu teica M\u0101c\u012bt\u0101js K\u0101rlis Zuika, BD, Ulma\u0146laiku l\u012bdzgaitnieks dzimis 1915 gad\u0101, sav\u0101 rakst\u0101: \u201e Pat\u012bkam\u0101k\u0101 prezidente!\u201d, k\u0101 atbilde uz Ausmas Vi\u013ckinas raksts \u201eNenov\u0113lu Ulmanim l\u012bdz\u012bgu prezidentu\u201d 2007.gada 19. maij\u0101 laikrakst\u0101 \u201eLatvijas Av\u012bze\u201d izrais\u012bja no\u017e\u0113lu par t\u0101 laika izpratni. K\u0101p\u0113c t\u0101 notiek?<br>Vispirms cit\u0113ju Cien\u012bjam\u0101s Latvijas Prezidentes teikto: \u201dLai nu k\u0101,\u201d sac\u012bja V. V\u012b\u0137e-Freiberga, \u201ebet es Latvijas tautai nenov\u0113lu t\u0101du n\u0101kamo Valsts prezidentu, kur\u0161 r\u012bkotos t\u0101 vai l\u012bdz\u012bgi, k\u0101 dar\u012bja K\u0101rlis Ulmanis. Vi\u0146\u0161 atlaida Saeimu, pa\u0146\u0113ma sev likumdev\u0113ja varu un k\u0101 Ministru prezidents patur\u0113ja ar\u012b ties\u012bbas izraudz\u012bties un iecelt ministrus. Ulmanis ar\u012b atlaida iev\u0113l\u0113tos pa\u0161vald\u012bbu vad\u012bt\u0101jus un to viet\u0101, l\u012bdz\u012bgi k\u0101 tagad Vladimirs Putins Krievij\u0101, iec\u0113la gubernatorus. Tiesa, K\u0101r\u013ca Ulma\u0146a vad\u012bt\u0101 valsts bija neatkar\u012bga, bet demokr\u0101tiska, gan t\u0101 nebija.\u201d T\u0101l\u0101k raksta autore piemin: \u201eJo, l\u016bk, t\u0101d\u0101 parlament\u0101r\u0101 republik\u0101, k\u0101 Latvija Valsts prezidenta pilnvaras ir visai ierobe\u017eotas, bet ar\u012b ar t\u0101m pa\u0161\u0101m V\u012b\u0137es-Freibergas kundze ir pan\u0101kusi \u013coti daudz.\u201d Rodas jaut\u0101jums, ko pan\u0101kusi?<br>T\u0101 sauktajos Ulma\u0146a Laikus, es at\u013caujos sal\u012bdzin\u0101t ar \u0161odienu, jo es esmu K\u0101r\u013ca laik\u0101 izdien\u0113jis Latvijas armiju, pabeidzis Madonas \u0123imn\u0101ziju un izstr\u0101d\u0101jies t\u0113va s\u0113t\u0101. Es uzskatu sevi par pilnties\u012bgu Latvijas valsts l\u012bdzgaitnieku. Piedz\u012bvoju ar\u012b \u201eBaigo Gadu\u201d un ar iero\u010diem rok\u0101s c\u012bn\u012bjos pret sarkano m\u0113ri. Aizvien maz\u0101k paliek to dz\u012bvo liecinieku, kas var sal\u012bdzin\u0101t tos Ulma\u0146laikus ar \u0161odienas laiku p\u0113c 1990. gada. T\u0101p\u0113c aicinu ar\u012b citus dz\u012bvos lieciniekus izteikt savu viedokli, atmi\u0146as.<br>Latvijas prezidente! Jums ir vesels pulks pal\u012bgu, pieejami Valsts arh\u012bva dokumenti, varat v\u0113l aprun\u0101ties ar dz\u012bvajiem lieciniekiem. Kur Jums radies t\u0101ds naids pret Latvijas di\u017egariem?<br>Pret pirmo valsts vald\u012bbas vad\u012bt\u0101ju, prezidentiem J\u0101ni \u010caksti, Gustavu Zemgali, Albertu Kviesi un citiem di\u017egariem, pat Andreja Egl\u012b\u0161a b\u0113r\u0113s J\u016bs neesat piedal\u012bjusies.<br>Es atceros ar\u012b to, ka laikrakst\u0101 \u201eJaun\u0101 Av\u012bze\u201d J\u016bs nosauc\u0101t Albertu Kviesi par net\u012bkam\u0101ko prezidentu bez jebk\u0101da pamata. Kur\u0161 tad no J\u016bsu priek\u0161te\u010diem ir kaut ko labu padar\u012bjis Latvijas valsts lab\u0101? Varb\u016bt Augusts Kirhen\u0161teins, Vilis L\u0101cis vai Salamons \u0160ustins?<br>K\u0101rlis Ulmanis aiz sevis atst\u0101ja plauksto\u0161u labkl\u0101j\u012bbas zemi, kas ar savu dz\u012bves labkl\u0101j\u012bbas l\u012bmeni atrad\u0101s Eiropas valstu priek\u0161gal\u0101. Mums no \u0101rzem\u0113m brauca str\u0101dnieki, jo tr\u016bka darba roku Eksports p\u0101rsniedza importu. Tagad viss ir otr\u0101di. Un to J\u016bs uzskat\u0101t par sasniegumu \u0161odien? J\u016bs p\u0113c sevis atst\u0101j\u0101t sagrautu tautsaimniec\u012bbu, izp\u0101rdotu zemi un izmisu\u0161u tautu. J\u016bs sav\u0101 run\u0101 pieminat Satversmi, Latvijas valsts pamatlikumu. Cik svar\u012bgi ir to pild\u012bt! Bet k\u0101p\u0113c J\u016bs to nepild\u0101t? Kam J\u016bs kalpojat?<\/p>\n\n\n\n<p class=\"has-black-color has-text-color has-background\" style=\"background-color:#e5f2fb;font-size:18px\">Joahims Pencis no Valkas sav\u0101 rakst\u0101 apraksta 1934.gada 15.maija notikumus, jo dien\u0113ja armijas sakaru bataljon\u0101 un \u0101rk\u0101rtas st\u0101vok\u013ca izsludin\u0101\u0161anas br\u012bd\u012b bija noz\u012bm\u0113ts apsarg\u0101t telefona un telegr\u0101fa centr\u0101li. Vi\u0146\u0161 liecina, ka apv\u0113rsuma nebija, jo Vald\u012bba izsludinot \u0101rk\u0101rtas st\u0101vokli nov\u0113rsa apv\u0113rsumu!<br>Nobeigum\u0101 gribu atg\u0101din\u0101t Rai\u0146a teikto: \u201cKad tauta iet post\u0101 \u2013 tad p\u0101rejam nav j\u0113gas!\u201d<br>Lielas zemes plat\u012bbas ir iztirgotas. Lai m\u0113s saglab\u0101tu savu valsti, ir pareizi labi atcer\u0113ties K\u0101r\u013ca Ulma\u0146a teikto: \u201eM\u016bsu gruntniec\u012bba nav un nedr\u012bkst b\u016bt kapit\u0101listisks uz\u0146\u0113mums. Lauku m\u0101jas ir zemturu \u0123imenes m\u016b\u017ea un paaud\u017eu m\u012btnes un tautas dz\u012bv\u0101 sp\u0113ka m\u016b\u017e\u012bgais avots. T\u0101p\u0113c j\u0101aizkav\u0113 gruntniec\u012bbas, zemes un m\u0101ju patais\u012b\u0161ana par tirgus preci un spekul\u0101cijas priek\u0161metu\u201d.<br>Kas kop\u012bgs atjaunot\u0101s Latvijas republikas prezidentiem, sakot ar Agustu Kirhen\u0161teinu, Gunti (Rump\u012bti) Ulmani, Vairu V\u012b\u0137i \u2013 Freibergu, Valdi Zatleru ,Andri B\u0113rzi\u0146u un Raimondu V\u0113joni? Latvijas Valsts Satversmes ignor\u0113\u0161ana!<br>Latviju, pa\u0161reiz par\u0101du j\u016bg\u0101 ir novedu\u0161as l\u012bdz\u0161in\u0113j\u0101s Saeimas un Vald\u012bbas, kas p\u0101rk\u0101pjot Satversmes 68. pantu, \u0146em kred\u012btus \u2013 ie\u0137\u012bl\u0101jot m\u016bsu zemi, \u012bpa\u0161umus, lai bo\u013c\u0161eviki un to kli\u0137e var\u0113tu labi dz\u012bvotu, palielinot pa\u0161reiz\u0113jos \u0101r\u0113jos par\u0101dus.<br>Ignor\u0113jot 66. Pantu, vald\u012bba nedod atskaiti par izlietoto bud\u017eetu, t\u0101 rezult\u0101t\u0101 m\u0113s nezin\u0101m faktisko st\u0101vokli tautsaimniec\u012bb\u0101.<br>P\u0101rk\u0101pjot Satversmes 77. Pantu vald\u012bba veic teritori\u0101las reformas, t\u0101 piem\u0113ram, Latgales Varak\u013c\u0101ni atrodas Vidzem\u0113, Il\u016bkste \u2013 S\u0113lijas zeme no Zemgales iedal\u012bta Latgal\u0113 utt.<br>Nav atjaunots Pavalstniec\u012bba, Valodas un Sodu likums, kura rad\u012b\u0161an\u0101 savu darbu ieguld\u012bja m\u016bsu pirmais Valstsv\u012brs K\u0101rlis Ulmanis.<br>Tiek iztirgoti bo\u013c\u0161eviku nolaup\u012btie \u012bpa\u0161umi \u201e tautas ienaidniekiem\u201d. P\u0113c Zemkop\u012bbas ministra J\u0101\u0146a Vanaga r\u012bkojuma no 1940.gada 27.j\u016blija Pagastu vald\u0113m vajadz\u0113ja sast\u0101d\u012bt sarakstus par tautas ienaidniekiem. T\u0101, Kabiles pagast\u0101 no visiem zemniekiem uz 1940. gada 3. augustu bija 92% \u201e Tautas ienaidnieki\u201d.<br>Daudzi p\u0101rmet K\u0101rlim Ulmanim par nepreto\u0161anos agresoram un aicin\u0101jumu palikt sav\u0101s viet\u0101s. Te es gribu atg\u0101din\u0101t, ka tanki R\u012bg\u0101 ien\u0101ca no \u0160auliem, tas noz\u012bm\u0113, ka Lietuva bija jau okup\u0113ta. Padomju agresora karasp\u0113ks bija 50 reizes liel\u0101ks par Latvijas armiju. T\u0101p\u0113c es piln\u012bb\u0101 atz\u012bstu par pamatotu K\u0101r\u013ca Ulma\u0146a r\u012bc\u012bbu tajos apst\u0101k\u013cos. To es varu pier\u0101d\u012bt sav\u0101 m\u016b\u017e\u0101 pieredz\u0113to. Piem\u0113ram, iepaz\u012bstoties ar situ\u0101ciju 1968. gad\u0101 \u010cehoslov\u0101kij\u0101, kad las\u012bju Aleksandra Du\u010deka uzrunu tautai, tad liekas, ka vi\u0146\u0161 las\u012bja K\u0101r\u013ca Ulma\u0146a runu, tas bija ka ien\u0101k uz m\u0101c\u012bb\u0101m draudz\u012bga armija, paliekat sav\u0101s viet\u0101s un t\u0101 t\u0101l\u0101k. Tur nebija vil\u012b\u0161i lac\u012b\u0161i, augusti kirhen\u0161teini, brun\u012b\u0161i kalni\u0146i, \u017ean\u012b\u0161i spures un citi \u0161va\u013ci. Pats Dub\u010deks tika apcietin\u0101ts un tur\u0113ts cietum\u0101 Krievij\u0101, bet Pr\u0101ga palika neskarta un bez upuriem.<br>Otrs piem\u0113rs \u010ce\u010denija, kur Groznija ir noslauc\u012bta tr\u012bs reizes no zemes virsmas, simtiem t\u016bksto\u0161iem upuru. Vai K. Ulma\u0146a noz\u0101kot\u0101ji to v\u0113l\u0101s?<br>Kur ir izeja? Izeja ir vienk\u0101r\u0161a! Atcer\u0113simies pag\u0101tni, t\u0101s pieredzi un skat\u012bsimies n\u0101kotn\u0113 kurp iet!<\/p>\n\n\n\n<p class=\"has-black-color has-text-color has-background\" style=\"background-color:#e5f2fb;font-size:18px\">03.02.21<\/p>\n\n\n\n<p class=\"has-text-align-center has-vivid-red-color has-black-background-color has-text-color has-background\" style=\"font-size:23px\">&#8220;Pietic\u012bg\u0101&#8221; prezidentosa kodla. Paraz\u012bti, kuri s\u016bc latvju tautas dz\u012bv\u012bbas sulu !<\/p>\n\n\n\n<figure class=\"wp-block-image size-large is-resized\"><img decoding=\"async\" loading=\"lazy\" src=\"https:\/\/tautastribunals.eu\/wp-content\/uploads\/2020\/05\/Rolands-Lapu\u0137eLevits.Granti\u0146\u0161.LRTT_-800x183.png\" alt=\"\" class=\"wp-image-56068\" width=\"1079\" height=\"247\" srcset=\"https:\/\/tautastribunals.eu\/wp-content\/uploads\/2020\/05\/Rolands-Lapu\u0137eLevits.Granti\u0146\u0161.LRTT_.png 800w, https:\/\/tautastribunals.eu\/wp-content\/uploads\/2020\/05\/Rolands-Lapu\u0137eLevits.Granti\u0146\u0161.LRTT_-300x69.png 300w, https:\/\/tautastribunals.eu\/wp-content\/uploads\/2020\/05\/Rolands-Lapu\u0137eLevits.Granti\u0146\u0161.LRTT_-768x176.png 768w\" sizes=\"(max-width: 1079px) 100vw, 1079px\" \/><\/figure>\n\n\n\n<p><\/p>\n\n\n\n<p><\/p>\n","protected":false},"excerpt":{"rendered":"<p>Tautsaimniec\u012bbas atvese\u013co\u0161ana ir iesp\u0113jama vien\u012bgi ar stabiliem un zemiem nodok\u013ciem uz\u0146\u0113m\u0113jiem! K\u0101rlis Ulmanis dz\u012bvoja darbam un Latvijai.K\u0101ds ir Latvijas pa\u0161reiz\u0113jais Tautsaimniec\u012bbas st\u0101voklis un k\u0101 labi sokas Latvijas prezidentiem s\u0101kot ar Augustu Kirhen\u0161teinu? Pieminu tr\u012bs&#46;&#46;&#46;<\/p>\n","protected":false},"author":1,"featured_media":58525,"comment_status":"open","ping_status":"open","sticky":false,"template":"","format":"standard","meta":[],"categories":[1],"tags":[],"_links":{"self":[{"href":"https:\/\/tautastribunals.eu\/index.php?rest_route=\/wp\/v2\/posts\/59490"}],"collection":[{"href":"https:\/\/tautastribunals.eu\/index.php?rest_route=\/wp\/v2\/posts"}],"about":[{"href":"https:\/\/tautastribunals.eu\/index.php?rest_route=\/wp\/v2\/types\/post"}],"author":[{"embeddable":true,"href":"https:\/\/tautastribunals.eu\/index.php?rest_route=\/wp\/v2\/users\/1"}],"replies":[{"embeddable":true,"href":"https:\/\/tautastribunals.eu\/index.php?rest_route=%2Fwp%2Fv2%2Fcomments&post=59490"}],"version-history":[{"count":2,"href":"https:\/\/tautastribunals.eu\/index.php?rest_route=\/wp\/v2\/posts\/59490\/revisions"}],"predecessor-version":[{"id":59492,"href":"https:\/\/tautastribunals.eu\/index.php?rest_route=\/wp\/v2\/posts\/59490\/revisions\/59492"}],"wp:featuredmedia":[{"embeddable":true,"href":"https:\/\/tautastribunals.eu\/index.php?rest_route=\/wp\/v2\/media\/58525"}],"wp:attachment":[{"href":"https:\/\/tautastribunals.eu\/index.php?rest_route=%2Fwp%2Fv2%2Fmedia&parent=59490"}],"wp:term":[{"taxonomy":"category","embeddable":true,"href":"https:\/\/tautastribunals.eu\/index.php?rest_route=%2Fwp%2Fv2%2Fcategories&post=59490"},{"taxonomy":"post_tag","embeddable":true,"href":"https:\/\/tautastribunals.eu\/index.php?rest_route=%2Fwp%2Fv2%2Ftags&post=59490"}],"curies":[{"name":"wp","href":"https:\/\/api.w.org\/{rel}","templated":true}]}}