{"id":59167,"date":"2021-01-04T15:17:06","date_gmt":"2021-01-04T13:17:06","guid":{"rendered":"https:\/\/tautastribunals.eu\/?p=59167"},"modified":"2021-01-04T23:35:46","modified_gmt":"2021-01-04T21:35:46","slug":"brivibas-cinitajanodeveja-mara-berzina-viedoklis-par-l-grantinu-latvijas-tautu-co","status":"publish","type":"post","link":"https:\/\/tautastribunals.eu\/?p=59167","title":{"rendered":"&#8220;Br\u012bv\u012bbas c\u012bn\u012bt\u0101ja&#8221;(NODEV\u0112JA) M\u0101ra B\u0113rzi\u0146a viedoklis par L. Granti\u0146u, LATVIJAS TAUTU  &#038; co"},"content":{"rendered":"\n<figure class=\"wp-block-image size-large is-resized\"><img decoding=\"async\" loading=\"lazy\" src=\"https:\/\/tautastribunals.eu\/wp-content\/uploads\/2020\/02\/L.Granti\u0146\u0161.J.Z\u012bvertsBord\u0101nsBut\u0101nsLRTT-1-3-800x116.png\" alt=\"\" class=\"wp-image-55065\" width=\"1450\" height=\"210\" srcset=\"https:\/\/tautastribunals.eu\/wp-content\/uploads\/2020\/02\/L.Granti\u0146\u0161.J.Z\u012bvertsBord\u0101nsBut\u0101nsLRTT-1-3-800x116.png 800w, https:\/\/tautastribunals.eu\/wp-content\/uploads\/2020\/02\/L.Granti\u0146\u0161.J.Z\u012bvertsBord\u0101nsBut\u0101nsLRTT-1-3-300x44.png 300w, https:\/\/tautastribunals.eu\/wp-content\/uploads\/2020\/02\/L.Granti\u0146\u0161.J.Z\u012bvertsBord\u0101nsBut\u0101nsLRTT-1-3-768x112.png 768w, https:\/\/tautastribunals.eu\/wp-content\/uploads\/2020\/02\/L.Granti\u0146\u0161.J.Z\u012bvertsBord\u0101nsBut\u0101nsLRTT-1-3.png 1073w\" sizes=\"(max-width: 1450px) 100vw, 1450px\" \/><\/figure>\n\n\n\n<p class=\"has-black-color has-text-color has-medium-font-size\">                         <\/p>\n\n\n\n<figure class=\"wp-block-image size-large is-resized\"><img decoding=\"async\" loading=\"lazy\" src=\"https:\/\/tautastribunals.eu\/wp-content\/uploads\/2021\/01\/Maris-Berzins.-Grantins.LRTT_.png\" alt=\"\" class=\"wp-image-59172\" width=\"1450\" height=\"434\" srcset=\"https:\/\/tautastribunals.eu\/wp-content\/uploads\/2021\/01\/Maris-Berzins.-Grantins.LRTT_.png 608w, https:\/\/tautastribunals.eu\/wp-content\/uploads\/2021\/01\/Maris-Berzins.-Grantins.LRTT_-300x90.png 300w\" sizes=\"(max-width: 1450px) 100vw, 1450px\" \/><figcaption><strong><span class=\"has-inline-color has-black-color\">Nu b\u016bs, B\u0113rzi\u0146, b\u016bs j\u0101s\u0113\u017e, pat iesp\u0113jams ka &#8220;j\u0101kar\u0101jas&#8221;, jo esi noliedzis okup\u0101ciju un darbojies kop\u0101 ar \u0101rvalstu izl\u016bkdienesta darbiniekiem. Un tas ir nep\u0101rprotams ASM, neskatoties uz to vai L. Granti\u0146\u0161 ir &#8220;Linardelis&#8221; , vai kret\u012bns<\/span><\/strong>. <strong><span class=\"has-inline-color has-black-color\">Un, kas attiecas uz atvaino\u0161anos: Vai tad tu, kad iek\u0101p s\u016bd\u0101, atvainojies vi\u0146am par to, ka esi izjaucis vi\u0146a kompoz\u012bciju ?<\/span><\/strong><\/figcaption><\/figure>\n\n\n\n<p class=\"has-text-align-center has-white-color has-vivid-red-background-color has-text-color has-background has-large-font-size\">M\u0101ra B\u0113rzi\u0146a atbilde rakstam: <\/p>\n\n\n\n<figure class=\"wp-block-embed is-type-wp-embed is-provider-iegult wp-block-embed-iegult\"><div class=\"wp-block-embed__wrapper\">\n<blockquote class=\"wp-embedded-content\" data-secret=\"Xgt3UFdQff\"><a href=\"https:\/\/tautastribunals.eu\/?p=58960\">Tautas Varas Fronte- Me\u017evieta projekta izg\u0101\u0161an\u0101s<\/a><\/blockquote><iframe class=\"wp-embedded-content\" sandbox=\"allow-scripts\" security=\"restricted\" style=\"position: absolute; clip: rect(1px, 1px, 1px, 1px);\" title=\"&#8220;Tautas Varas Fronte- Me\u017evieta projekta izg\u0101\u0161an\u0101s&#8221; &#8212; \" src=\"https:\/\/tautastribunals.eu\/?p=58960&#038;embed=true#?secret=Xgt3UFdQff\" data-secret=\"Xgt3UFdQff\" width=\"500\" height=\"282\" frameborder=\"0\" marginwidth=\"0\" marginheight=\"0\" scrolling=\"no\"><\/iframe>\n<\/div><\/figure>\n\n\n\n<p class=\"has-black-color has-text-color has-background\" style=\"background-color:#eaefed;font-size:18px\"><strong>M\u0101ris B\u0113rzi\u0146\u0161: <\/strong>Linard, tu k\u0101rt\u0113jo reizi pie\u0137\u0113ries tam, kam nevajag. Ja nu k\u0101ds v\u0113l te r\u016bp\u0113jas par Gintu, tad tas esmu es. \u201dSen jau j\u0101b\u016bt lauk\u0101\u201d, tu to nopietni? Non\u0101c pretrun\u0101s. K\u0101p\u0113c tad tas tavs Bord\u0101ni\u0146\u0161 aizmuka pat no sarunas ar mani, v\u0113l jo vair\u0101k, tobr\u012bd pat v\u0113l par vakc\u012bn\u0101m neko nezin\u0101ju. T\u0101d\u0113\u013c, ka ir vien\u012bgais tiesiskuma garants, t\u0101d\u0113\u013c, ka bija pret Me\u017evietu (kur\u0161, starp citu izvair\u0101s tie\u0161i t\u0101pat)? Es par kundzi\u0146u ne t\u0101 izteicos? T\u0101d\u0113\u013c vi\u0146\u0161 ar mani nerun\u0101s? N\u0113, Linardi\u0146, vi\u0146am vienk\u0101r\u0161i ir bail. Vi\u0146\u0161 zin, k\u0101da info ir man\u0101 r\u012bc\u012bb\u0101 un k\u0101 tas visp\u0101r\u0113j\u0101s pirmsvakcin\u0101cijas Il\u017euka slapjajos sap\u0146os uzspers gais\u0101 visu LV iek\u0161lietu\/tieslietu sist\u0113mu. T\u0101pat , k\u0101 to zina Krem\u013ca ieliktenis \u0122ir\u0123ens (tavs apgalvojums). Tad k\u0101p\u0113c \u0161ie abi, un ne tikai, m\u016bk no manis, kad ierauga vien? To pa\u0161u dara Bord\u0101na jaunais ieliktenis Stuk\u0101ns. Par Kremli, es visp\u0101r neizteik\u0161os. Tur tu esi piln\u012bgi un gal\u012bgi aps\u0113sts. Neviens no \u0161iem Krem\u013ca a\u0123entiem ar mani nesarun\u0101jas pat vairs, bet tu man pie\u0161\u016bn sadarb\u012bbu ar vi\u0146iem. Es p\u0101rdevies? Par cik un kam? L\u016bdzu faktus studij\u0101. Pie tam, tev nav ne jausmas, k\u0101di bija apst\u0101k\u013ci, kad aizg\u0101ju no TVF uz neatgrie\u0161anos, uz kurieni aizg\u0101ju utt. Paldies, ka nor\u0101di man uz man\u0101m komunik\u0101cijas k\u013c\u016bd\u0101m. Laikam vajadz\u0113ja izblam\u0113t TVF t\u0101 pamat\u012bgi un publiski, bet es t\u0101 nem\u0113dzu r\u012bkoties, ar\u012b ar tevi n\u0113. Lai gan no vair\u0101kiem Helsinkie\u0161iem esmu dzird\u0113jis ar\u012b d\u012bvainas lietas par tevi, bet tas lai nu paliek uz tavas sirdsapzi\u0146as. Par 12.12., Valkas braucienu un nu jau Liep\u0101jas \u2013 tiem nav piln\u012bgi nek\u0101da sakara ar TVF vai Kremli. Tev jau acis aizmigloju\u0161\u0101s mekl\u0113jot visur ienaidniekus. Izskat\u0101s, ka pr\u0101ts ar\u012b. Piedod, bet, ja tu neko nezini, tad lab\u0101k b\u016btu pajaut\u0101jis un nedom\u0101, ka es neatbild\u0113tu. Tu zini, ka atbild\u0113tu. Nevis salikt savu puzli, sav\u0101 sapra\u0161an\u0101 un pasniegt k\u0101 absol\u016bto paties\u012bbu. Parasti, pirms k\u0101du norakt, vismaz es, uzzinu ar\u012b otras puses viedokli. Bet tu Linard esi Dievs, tev nav j\u0101noskaidro paties\u012bba. Tu to jau zini. Bet visvair\u0101k, mani aiz\u0137er, ka tu man saki, ka esmu nodevis Gintu. Ja tu nezini, tad nemuldi te. Man ir pl\u0101ns un es vi\u0146u dab\u016b\u0161u lauk\u0101, vienalga, ko \u0161\u0101di pseido-taisn\u012bbas c\u012bn\u012bt\u0101ji te saka. Esmu jau sen teicis (ar\u012b tev), ka sadarbo\u0161os kaut ar pa\u0161u vellu, bet savu es gatavu dab\u016b\u0161u un Ginta b\u016bs br\u012bv\u012bb\u0101. Pagaid\u0101m gan ir t\u0101, ka pats vells (ieskaitot Bord\u0101nu un nu jau ar\u012b tevi), k\u0101 strauss m\u0113\u0123ina ieb\u0101zt galvu smilt\u012bs, neapzinoties, ka tur ir betona klons. Tava aktiviz\u0113\u0161an\u0101s manis nosod\u012b\u0161an\u0101 ir z\u012bm\u012bga. Neesi tu vien\u012bgais. Uz ko tas nor\u0101da ko? Pats esi gudrs vis\u0101du sazv\u0113rest\u012bbas teoriju izgudro\u0161an\u0101. Piesienoties vienam v\u0101rdam izp\u016bt ziloni. Nu tad padom\u0101, ko no manis teikt\u0101 var izsecin\u0101t. Bet v\u0113lreiz saku \u2013 ne\u0137eries kl\u0101t jaut\u0101jumam par Gintu. Tu p\u0113d\u0113j\u0101 gada, pat vair\u0101k laik\u0101 neesi pat pirksti\u0146u pakustin\u0101jis iz\u0146emot savus \u017eultainos rakste\u013cus \u0161eit. Es ar vi\u0146u joproj\u0101m run\u0101ju katru dienu, es esmu dab\u016bjis lietas materi\u0101lus (j\u0101, j\u0101, par maksu un ne mazo, tikai \u0161o naudu esmu aiz\u0146\u0113mies un pak\u0101peniski jau gandr\u012bz atdevis), nevienam neesmu p\u0101rdevies, jo, ja t\u0101 b\u016btu, tad jau sen k\u0101 b\u016btu apklusis un nedar\u012btu pat to kluso, neredzamo darbu, kur\u0161 tiek dar\u012bts, kop\u0101 ar juristiem, biju\u0161ajiem operiem utt. Paklus\u0113 labi un gaidu tavu atvaino\u0161anos, par p\u0101rmetumiem par Gintas p\u0101rdo\u0161anu. Ja n\u0113, tad piedod \u2013 bet tu esi kret\u012bns man\u0101s ac\u012bs. Zemisks kret\u012bns.<br>P.S. Zinu, ka tu pats apstiprini, vai n\u0113, koment\u0101rus \u0161aj\u0101 vietn\u0113. Paskat\u012bsimies tagad, vai pietiks d\u016b\u0161as b\u016bt v\u012bram un ar\u012b \u0161o palaist.<\/p>\n\n\n\n<p class=\"has-light-green-cyan-color has-vivid-red-background-color has-text-color has-background has-large-font-size\">LRTT<\/p>\n\n\n\n<p class=\"has-white-color has-black-background-color has-text-color has-background\" style=\"font-size:18px\">P\u0113d\u0113j\u0101 laik\u0101, kad valsts ir iedz\u012bta izn\u012bc\u012bbas stadij\u0101, tad t\u0101s iedzin\u0113ji- biju\u0161ie <strong>\u010dekisti- komunisti<\/strong> cen\u0161as rad\u012bt neskait\u0101mas da\u017e\u0101da veida un <strong>profila pseido<\/strong><em>(viltus)-<\/em> <strong>POLIT grupeles<\/strong>, c\u012bn\u012bt\u0101jus par <strong>TIESISKUMU<\/strong> ! \u0160o polit- paraz\u012btu teksti vienm\u0113r satur fr\u0101zi: <strong>VARA PIEDER LATVIJAS TAUTAI<\/strong> ! Vi\u0146i aizbildin\u0101s ar to, ka tas jau esot rakst\u012bts <strong>BR\u012aVVALSTS SATVERSM\u0112<\/strong>. Bet paranoiski aizmirst piebilst, ka <strong>Latvija tika okup\u0113ta<\/strong> un t\u0101s <strong>nacion\u0101lais sast\u0101vs tika izmain\u012bts par labu okup\u0113t\u0101jvalstij.<\/strong> Ja \u0161odien, kam\u0113r netiek veikta okup\u0101cijas demont\u0101\u017ea<em><span class=\"has-inline-color has-vivid-red-color\">(deokup\u0101cija) <\/span><\/em>un nelikum\u012bgi ies\u016bt\u012bto kolonistu izraid\u012b\u0161ana, tiek r\u012bkots \u0161is<strong> \u201cLatvijas tautas\u201d <\/strong>referendums, tad tas ir n\u0101ves spriedums <strong>LATVIE\u0160U TAUTAI !<\/strong> To saprot <strong>\u010dekisti, to p\u0113cn\u0101c\u0113ji un kolaboracionisti <\/strong>! T\u0101p\u0113c jau ar\u012b visos <strong>POLITISKO MARGIN\u0100\u013bU<\/strong> veidojumos izskan \u0161\u012b noziedz\u012bg\u0101 fr\u0101ze. Visiem \u0161iem margin\u0101lajiem prusakiem b\u016btu j\u0101atrodas aiz rest\u0113m, protams, tikai t\u0101d\u0101 gad\u012bjum\u0101, ja <strong>Latvij\u0101<\/strong> vald\u012btu <strong>TIESISKUMS- DEMOKR\u0100TIJA T\u0100 V\u0100RDA \u012aSTAJ\u0100 NOZ\u012aM\u0112<\/strong>. Bet pagaid\u0101m visi \u0161ie \u010dekas rad\u012btie polit- izk\u0101rn\u012bjumi jauc gaisu, lai <strong>valdo\u0161\u0101 KLI\u0136E<\/strong> to aizseg\u0101 var\u0113tu veikt <strong>Latvijas valsts izlaup\u012b\u0161anu. <\/strong>Viens no akt\u012bv\u0101kajiem margin\u0101\u013ciem ir \u0161is <strong>M\u0101ris B\u0113rzi\u0146\u0161<\/strong>, kura izteiksmes veids- nicin\u0101jums pret tiem, kuri neuzskata vi\u0146u par <strong>Vadoni,<\/strong> izpau\u017eas niev\u0101jo\u0161i, k\u0101 piem: <strong>Linardi\u0146\u0161, Bord\u0101ni\u0146s, l\u012bdz beig\u0101s pieliek punktu- nosaucot par kret\u012bniem.<\/strong>                 <\/p>\n\n\n\n<p class=\"has-white-color has-black-background-color has-text-color has-background\" style=\"font-size:18px\">Un tikai j\u0101pabr\u012bn\u0101s cik atkl\u0101ti \u0161is <strong>B\u0113rzi\u0146\u0161 <\/strong>deklar\u0113 savu anti- Konstitucion\u0101lo saukli:<strong> \u201cM\u012b\u013cie tautie\u0161i. Tr\u012bsdesmit gadus m\u016bs \u0161\u0137\u0113la krievos- latvie\u0161os\u2026\u201d <\/strong><\/p>\n\n\n\n<p class=\"has-white-color has-black-background-color has-text-color has-background\" style=\"font-size:18px\">Protams, <strong>Latvij\u0101 <\/strong>bija krievi, bet tikai pirms okup\u0101cijas. \u0160odienas <strong>Latvij\u0101 <\/strong>ir tikai okupanti, okupantu p\u0113cte\u010di un kolonisti, kuriem nav piln\u012bgi nek\u0101das ties\u012bbas atrasties <strong>M\u016aSU DZIMTEN\u0112.<\/strong> V\u0113l jo vair\u0101k, vi\u0146i visi ir nodev\u0113ji, kuri lauzu\u0161i savu zv\u0113restu, kad sa\u0146\u0113ma nepeln\u012bto un prettiesisko pavalstniec\u012bbu. Referendum\u0101 par valodu vi\u0146i lauza zv\u0113restu, kad pie PILSON\u012aBAS ieg\u016b\u0161anas apstiprin\u0101ja <strong>LATVIE\u0160U VALODU PAR VIEN\u012aGO VALSTS VALODU<\/strong> ! Zv\u0113resta lau\u0161ana ir liel\u0101kais noziegums, k\u0101ds vien var b\u016bt- <strong>T\u0100 IR NODEV\u012aBA<\/strong> un nodev\u012bba ties\u0101jama ar n\u0101vi !<strong> B\u0113rzi\u0146\u0161<\/strong> un visa \u0161\u012b<strong> margin\u0101\u013cu \u0161aika<\/strong> ar<strong> p\u013cavi\u0146iem, \u010diekuriem, k\u013cimovi\u010diem, dimiteriem, malt\u0101m, jeremejeviem, gobzemiem &amp; co, <\/strong>ir aizmetama aiz rest\u0113m un ties\u0101jama t\u0101pat k\u0101<strong> 4. maija KLI\u0136E<\/strong> !<\/p>\n\n\n\n<p class=\"has-white-color has-vivid-red-background-color has-text-color has-background\" style=\"font-size:23px\">\u0160eit varam iepaz\u012bties ar las\u012bt\u0101ju reakciju uz M. B\u0113rzi\u0146a saukli, ka m\u0113s ar krieviem esam vienota LATVIJAS TAUTA:<\/p>\n\n\n\n<p style=\"font-size:31px\"><a href=\"https:\/\/tautastribunals.eu\/?p=58960#comment-75867\">2020. gada 26. decembris 19.31<\/a><\/p>\n\n\n\n<p class=\"has-black-color has-text-color has-background\" style=\"background-color:#e8f1f8;font-size:18px\">\u201cM\u012b\u013cie tautie\u0161i. Tr\u012bsdesmit gadus m\u016bs \u0161\u0137\u0113la krievos- latvie\u0161os\u2026\u201d<\/p>\n\n\n\n<p class=\"has-black-color has-text-color has-background\" style=\"background-color:#e8f1f8;font-size:18px\">Augst\u0101k min\u0113to rindu populariz\u0113t\u0101jam nav nek\u0101ds nosl\u0113pums, ka tie, kurus vi\u0146\u0161 v\u0113las \u201cpielipin\u0101t\u201d kl\u0101t latvie\u0161iem un uztais\u012bt kaut k\u0101du piln\u012bgi amor\u0101lu savienojumu, arvien ikdien\u0101 psiho, trako, r\u012bko skand\u0101lus publisk\u0101s viet\u0101s, ja ar vi\u0146iem nerun\u0101 krieviski. \u0160\u0101dai par\u0101d\u012bbai arvien ir masveid\u012bgs raksturs. T\u0101 Latvij\u0101 arvien ir ikdiena.<br>Un kur tad paliek BAIGAIS GADS? Kur paliek gadu gadiem dzird\u0113tie nic\u012bgie izteikumi sabiedriskajos transporta l\u012bdzek\u013cos, ka vi\u0146i, l\u016bk, su\u0146u valodu nesaprotot? Kur paliek arvien v\u0113l dzirdamie agres\u012bvie izteikumi par fa\u0161istu un nacion\u0101listu t\u0113mu, ja k\u0101ds ar vi\u0146iem at\u013caujas nerun\u0101t krieviski? Kur paliek k\u0101das jaunas, Gintas Voici\u0161as vecuma veikala kasieres asaras, jo vi\u0146u ikdien\u0101 teroriz\u0113 agres\u012bva okupantene par neprasmi sarun\u0101ties krieviski? Kur paliek tie Krievijas un PSRS karogi pie priv\u0101tm\u0101j\u0101m, naktsklubos un automa\u0161\u012bn\u0101s? Kur paliek ikgad\u0113j\u0101 \u0101l\u0113\u0161an\u0101s 9. maij\u0101 gan P\u0101rdaugav\u0101 gan okupantu aps\u0113staj\u0101s un apg\u0101n\u012btaj\u0101s vi\u0146u rok\u0101s non\u0101ku\u0161aj\u0101s lauku m\u0101j\u0101s, kur latvie\u0161u paaudzes sviedrus l\u0113ju\u0161as? Kur paliek demonstrat\u012bvas jaungada ra\u0137etes p\u0113c Maskavas laika? Kur paliek arvien okupantu piekauto un taisn\u012bgu izmekl\u0113\u0161anu un tiesu nepiedz\u012bvoju\u0161o latvie\u0161u cie\u0161anas? Un kur tad beigu beig\u0101s paliek ANO 1949. gada \u017den\u0113vas konvencija par okup\u0101cijas seku likvid\u0113\u0161anu?<br>Ar k\u0101du net\u012bru sarkanu lupatu ir aizsietas \u0161o nodev\u012bgo rindu populariz\u0113t\u0101ja acis, ja vi\u0146\u0161 to visu neredz vai negrib redz\u0113t?<\/p>\n\n\n\n<p class=\"has-black-color has-text-color has-background\" style=\"background-color:#e8f1f8;font-size:18px\">Trekn\u0101ku sp\u013c\u0101vienu uzsp\u013caut okupantu aprietajiem, noniecin\u0101tajiem un pazemotajiem latvie\u0161iem vairs nav iesp\u0113jams.<\/p>\n\n\n\n<p>04.01.21<\/p>\n\n\n\n<p><\/p>\n","protected":false},"excerpt":{"rendered":"<p>M\u0101ra B\u0113rzi\u0146a atbilde rakstam: M\u0101ris B\u0113rzi\u0146\u0161: Linard, tu k\u0101rt\u0113jo reizi pie\u0137\u0113ries tam, kam nevajag. Ja nu k\u0101ds v\u0113l te r\u016bp\u0113jas par Gintu, tad tas esmu es. \u201dSen jau j\u0101b\u016bt lauk\u0101\u201d, tu to nopietni? Non\u0101c&#46;&#46;&#46;<\/p>\n","protected":false},"author":1,"featured_media":59172,"comment_status":"open","ping_status":"open","sticky":false,"template":"","format":"standard","meta":[],"categories":[1],"tags":[],"_links":{"self":[{"href":"https:\/\/tautastribunals.eu\/index.php?rest_route=\/wp\/v2\/posts\/59167"}],"collection":[{"href":"https:\/\/tautastribunals.eu\/index.php?rest_route=\/wp\/v2\/posts"}],"about":[{"href":"https:\/\/tautastribunals.eu\/index.php?rest_route=\/wp\/v2\/types\/post"}],"author":[{"embeddable":true,"href":"https:\/\/tautastribunals.eu\/index.php?rest_route=\/wp\/v2\/users\/1"}],"replies":[{"embeddable":true,"href":"https:\/\/tautastribunals.eu\/index.php?rest_route=%2Fwp%2Fv2%2Fcomments&post=59167"}],"version-history":[{"count":15,"href":"https:\/\/tautastribunals.eu\/index.php?rest_route=\/wp\/v2\/posts\/59167\/revisions"}],"predecessor-version":[{"id":59186,"href":"https:\/\/tautastribunals.eu\/index.php?rest_route=\/wp\/v2\/posts\/59167\/revisions\/59186"}],"wp:featuredmedia":[{"embeddable":true,"href":"https:\/\/tautastribunals.eu\/index.php?rest_route=\/wp\/v2\/media\/59172"}],"wp:attachment":[{"href":"https:\/\/tautastribunals.eu\/index.php?rest_route=%2Fwp%2Fv2%2Fmedia&parent=59167"}],"wp:term":[{"taxonomy":"category","embeddable":true,"href":"https:\/\/tautastribunals.eu\/index.php?rest_route=%2Fwp%2Fv2%2Fcategories&post=59167"},{"taxonomy":"post_tag","embeddable":true,"href":"https:\/\/tautastribunals.eu\/index.php?rest_route=%2Fwp%2Fv2%2Ftags&post=59167"}],"curies":[{"name":"wp","href":"https:\/\/api.w.org\/{rel}","templated":true}]}}