{"id":58960,"date":"2020-12-26T14:25:23","date_gmt":"2020-12-26T12:25:23","guid":{"rendered":"https:\/\/tautastribunals.eu\/?p=58960"},"modified":"2020-12-26T15:21:43","modified_gmt":"2020-12-26T13:21:43","slug":"tautas-varas-frontes-mezvieta-projekta-izgasanas","status":"publish","type":"post","link":"https:\/\/tautastribunals.eu\/?p=58960","title":{"rendered":"Tautas Varas Fronte- Me\u017evieta projekta izg\u0101\u0161an\u0101s"},"content":{"rendered":"\n<p><a href=\"https:\/\/tautastribunals.eu\/?p=58960&amp;preview=true\">Preview in new tab<\/a><\/p>\n\n\n\n<figure class=\"wp-block-image size-large is-resized\"><img decoding=\"async\" loading=\"lazy\" src=\"https:\/\/tautastribunals.eu\/wp-content\/uploads\/2020\/08\/Helsinki-86.-LRTT.-Granti\u0146\u0161.Bord\u0101ns.Stuk\u0101ns-6.png\" alt=\"\" class=\"wp-image-57101\" width=\"1450\" height=\"159\"\/><\/figure>\n\n\n\n<p class=\"has-text-align-center has-white-color has-vivid-red-background-color has-text-color has-background\" style=\"font-size:30px\">\u0160is Krievijas TV raid\u012bjums atv\u0113sin\u0101ja aptraku\u0161\u0101s Me\u017evieta bandas smadzenes !<\/p>\n\n\n\n<figure class=\"wp-block-image size-large is-resized\"><a href=\"https:\/\/www.youtube.com\/watch?v=YfLr5RhyR8E&amp;feature=share&amp;fbclid=IwAR353nLQiJ2OWr8ROJCjfvYK5HA7lkph6h0vRuPFvbPmJnSngbaSiJvdhD0\"><img decoding=\"async\" loading=\"lazy\" src=\"https:\/\/tautastribunals.eu\/wp-content\/uploads\/2020\/12\/TVF.Grantins.Berzins.LRTT_-1.png\" alt=\"\" class=\"wp-image-58966\" width=\"1450\" height=\"375\" srcset=\"https:\/\/tautastribunals.eu\/wp-content\/uploads\/2020\/12\/TVF.Grantins.Berzins.LRTT_-1.png 800w, https:\/\/tautastribunals.eu\/wp-content\/uploads\/2020\/12\/TVF.Grantins.Berzins.LRTT_-1-300x78.png 300w, https:\/\/tautastribunals.eu\/wp-content\/uploads\/2020\/12\/TVF.Grantins.Berzins.LRTT_-1-768x199.png 768w\" sizes=\"(max-width: 1450px) 100vw, 1450px\" \/><\/a><\/figure>\n\n\n\n<p><\/p>\n\n\n\n<figure class=\"wp-block-image size-large is-resized\"><img decoding=\"async\" loading=\"lazy\" src=\"https:\/\/tautastribunals.eu\/wp-content\/uploads\/2020\/12\/Maris-Berzins.Grantins.Jeremejevs.LRTT_.png\" alt=\"\" class=\"wp-image-58968\" width=\"1450\" height=\"1204\" srcset=\"https:\/\/tautastribunals.eu\/wp-content\/uploads\/2020\/12\/Maris-Berzins.Grantins.Jeremejevs.LRTT_.png 756w, https:\/\/tautastribunals.eu\/wp-content\/uploads\/2020\/12\/Maris-Berzins.Grantins.Jeremejevs.LRTT_-300x249.png 300w\" sizes=\"(max-width: 1450px) 100vw, 1450px\" \/><\/figure>\n\n\n\n<p class=\"has-black-color has-text-color has-background\" style=\"background-color:#f8f1fe;font-size:18px\"><strong>Tautas Varas Fronte<\/strong> !? Kas t\u0101 ir un kuri to rad\u012bja ? Tas ir <strong>Dro\u0161\u012bbas policijas,<\/strong> bet pareiz\u0101k b\u016btu sac\u012bts, biju\u0161o \u010dekistu veidots <strong>INSTRUMENTS<\/strong>, lai rad\u012btu visvis\u0101da veida jukas un nesaska\u0146as. Tie\u0161i \u0161ie \u010dekisti jau ar\u012b ir tie, kuri izlaup\u012bju\u0161i <strong>M\u016aSU T\u0112VZEMI <\/strong>un t\u0101p\u0113c cen\u0161as dar\u012bt visu, lai neb\u016btu j\u0101st\u0101jas<strong> KAR\u0100TAVU <\/strong>priek\u0161\u0101 par \u0161iem \u0101rpr\u0101ta noziegumiem<strong>. Tautas Varas Frontes<\/strong> variants izg\u0101z\u0101s, jo negaid\u012bti un smagi <strong>UZR\u0100V\u0100S<\/strong> pat uz <strong>Krievijas<\/strong> <strong>Dro\u0161\u012bbas dienestiem<\/strong>. <strong>Krievijai Latvijas \u010dekistu \u0161va\u013ci<\/strong> vairs nav priorit\u0101te, jo pa\u0161ai draud neiedom\u0101jamas ziepes sakar\u0101 ar vi\u0146u a\u0123enta <strong>Trampa<\/strong> izg\u0101\u0161anos, kas draud ar vi\u0146a arestu un <strong>Krievijas atsl\u0113g\u0161anu no starptautisk\u0101s kiber-sist\u0113mas.<\/strong> Bet t\u0101 jau ir cita t\u0113ma. M\u016bsu uzdevums ir atkl\u0101t un sasist <strong>Me\u017evieta KOMANDAS <\/strong>rad\u012btos viltus c\u012bn\u012bt\u0101jus. Viens no t\u0101diem ir <strong>M\u0101ris B\u0113rzi\u0146\u0161<\/strong>, kur\u0161 p\u0113d\u0113j\u0101 laik\u0101 \u013coti akt\u012bvi sevi izr\u0101da. Interesanti, ka p\u0113c <strong>Maskavas \u201cnemiera\u201d<\/strong> par \u0161o kodlu, <strong>M. B\u0113rzi\u0146\u0161<\/strong> nekav\u0113joties pameta to. <\/p>\n\n\n\n<p class=\"has-black-color has-text-color has-background\" style=\"background-color:#f8f1fe;font-size:18px\">K\u0101p\u0113c es uz \u0161o t\u0113mu rea\u0123\u0113ju ? T\u0101p\u0113c, lai pastarpin\u0101ti gl\u0101btu k\u0101du nevain\u012bgu un tra\u0123isku personu, proti, <strong>Gintu Voci\u0161u<\/strong> no n\u0101ves. Ja es \u0161o jaut\u0101jumu pace\u013cu, tad diez vai <strong>Me\u017evieta banda <\/strong>vairs uzdro\u0161in\u0101sies to dar\u012bt. <\/p>\n\n\n\n<figure class=\"wp-block-embed is-type-video is-provider-youtube wp-block-embed-youtube wp-embed-aspect-4-3 wp-has-aspect-ratio\"><div class=\"wp-block-embed__wrapper\">\n<div class=\"video-container\"><iframe loading=\"lazy\" title=\"Vai vakc\u012bnas non\u0101v\u0113ja b\u0113rnus, kuru m\u0101te tika noties\u0101ta par slepkav\u012bbu?\" width=\"500\" height=\"375\" src=\"https:\/\/www.youtube.com\/embed\/IYBPdPGb2UA?feature=oembed&#038;wmode=opaque\" frameborder=\"0\" allow=\"accelerometer; autoplay; clipboard-write; encrypted-media; gyroscope; picture-in-picture\" allowfullscreen><\/iframe><\/div>\n<\/div><\/figure>\n\n\n\n<p class=\"has-black-color has-text-color has-background\" style=\"background-color:#f8f1fe;font-size:18px\"><strong>Gintai Voici\u0161ai<\/strong> sen jau bija j\u0101atrodas br\u012bv\u012bb\u0101 un <strong>j\u0101sa\u0146em miljoniem lielu kompens\u0101ciju par pastr\u0101d\u0101to \u010dekistu \u0101rpr\u0101ta noziegumu pret vi\u0146u<\/strong>. To visu ir pier\u0101d\u012bjis jau tas pats <strong>M\u0101ris B\u0113rzi\u0146\u0161,<\/strong> kur\u0161 \u0161o pier\u0101d\u012bjumu d\u0113\u013c ir pats <strong>\u201cpa\u0146emts pie dziesmas\u201d <\/strong>un k\u013cuvis par nodev\u0113ju, dom\u0101jams, ka ne jau br\u012bvpr\u0101t\u012bgi. Vi\u0146\u0161 zina, ka<strong> Gintai <\/strong>j\u0101tiek <strong>\u201clikvid\u0113tai\u201d<\/strong> un ir ar\u012b visai \u0161ai \u010dekistu af\u0113rai piekritis. Jo, ja neb\u016bs <strong>Gintas,<\/strong> tad 90% probl\u0113mu atkrit\u012bs. <strong>Gintas Voci\u0161as<\/strong> nelikum\u012bgaj\u0101 noties\u0101\u0161an\u0101 ir iesaist\u012bti neiedom\u0101jams skaits<span class=\"has-inline-color has-vivid-red-color\"> <strong><a href=\"https:\/\/tautastribunals.eu\/?p=49663\">Riharda Bunkas &amp; Aivara Borovkova<\/a><\/strong><\/span> cilv\u0113ki, t\u0101 teikt: person\u0101\u017es. <strong>M\u0101ris B\u0113rzi\u0146\u0161<\/strong> ir sevi degrad\u0113jis l\u012bdz <strong>NODEV\u0112JA STATUSAM<\/strong>, t\u0101tad, jau uz \u0161odienu peln\u012bjis<strong> ASM<\/strong><em>(augst\u0101ko soda m\u0113ru).<\/em> Vi\u0146\u0161 atkl\u0101ti un nic\u012bgi nost\u0101jas pret <strong>LR Tieslietu ministru J\u0101ni Bord\u0101nu<\/strong>, kur\u0161 bija kategoriski pret <strong>Me\u017evieta <\/strong>apstiprin\u0101\u0161anu uz n\u0101ko\u0161o termi\u0146u par <strong>VDD \u0161efu<\/strong>. To , bez <strong>Tieslietu ministrijas<\/strong> zi\u0146as veica \u010dekista <strong>Indriksona<\/strong> ieliktenis- <strong>Iek\u0161lietu ministrs<\/strong> <strong>S. \u0122ir\u0123ens<\/strong>. Tikai tas vien jau nor\u0101da, kuriem vi\u0146\u0161 kalpo. <\/p>\n\n\n\n<p class=\"has-text-align-center has-white-color has-vivid-red-background-color has-text-color has-background\" style=\"font-size:21px\">Un, palasiet tikai \u0161\u012b <strong>jaun- nodev\u0113ja<\/strong> uzrunu: <strong>\u201cM\u012b\u013cie tautie\u0161i. Tr\u012bsdesmit gadus m\u016bs \u0161\u0137\u0113la krievos- latvie\u0161os\u2026\u201d<\/strong>  <\/p>\n\n\n\n<p class=\"has-black-color has-text-color has-background\" style=\"background-color:#f4f1f6;font-size:18px\">Interesanti zin\u0101t, kurus tad vi\u0146\u0161 \u0161aj\u0101 uzrun\u0101 uzskata par saviem tautie\u0161iem ? \u0160is vi\u0146a rakst\u012btais pretlatviskais lozungs ir dom\u0101ts k\u0101 biedin\u0101jums un br\u012bdin\u0101jums visiem tiem, kuri pieprasa <strong>Latvij\u0101 atjaunot Tiesiskumu <\/strong>un <strong>demont\u0113t visu okup\u0101cijas<\/strong> sist\u0113mu ar visiem t\u0101s darbiniekiem- \u010dekistu varzu, at\u013caujot tai <strong>patur\u0113t latvie\u0161u tautai un Latvijas valstij nolaup\u012bto<\/strong>.<\/p>\n\n\n\n<p class=\"has-black-color has-text-color has-background\" style=\"background-color:#f4f1f6;font-size:18px\">Bet, k\u0101 jau raksta s\u0101kum\u0101 min\u0113ju, laiki main\u0101s. <strong>ASV <\/strong>cionista <strong>Putina a\u0123ents Tramps<\/strong> netika p\u0101rv\u0113l\u0113ts un iesp\u0113jams, ka pat tiks aizb\u0101zts aiz rest\u0113m. N\u0101kamais gads mums nes\u012bs p\u0101rmai\u0146as un, dom\u0101jams, ka uz labo pusi. \u0160aj\u0101 sakar\u0101 noklausieties raksta beig\u0101s ievietoto video, b\u016bs interesanti.<\/p>\n\n\n\n<p class=\"has-black-color has-text-color has-background\" style=\"background-color:#f4f1f6;font-size:18px\">Pats galvenais, lai <strong>Gintai Voci\u0161ai<\/strong> netiktu nekas \u013cauns nodar\u012bts !<\/p>\n\n\n\n<p><\/p>\n\n\n\n<p class=\"has-text-align-center has-white-color has-black-background-color has-text-color has-background\" style=\"font-size:22px\">\u0160eit m\u016bsu sarakste, kad es pievienoju koment\u0101ru vi\u0146a rakstam, kur\u0101 vi\u0146\u0161 aicina piedal\u012bties kaut k\u0101d\u0101 piln\u012bgi neizprotam\u0101 BR\u012aV\u012aBAS BRAUCIEN\u0100.<\/p>\n\n\n\n<p class=\"has-black-color has-text-color\"><a href=\"https:\/\/www.facebook.com\/linard.grantins?comment_id=Y29tbWVudDo0MTg0Njc3NjE0ODgxMjYwXzQxODQ4Mzg1NDgxOTg1MDA%3D&amp;__cft__%5b0%5d=AZW8zZfzjMGmqKMDvmgLd--sTMvbhnRNxK3cXkI3zDDfKVXYmaFIqwsT76Z5_ePOg2TDCrMsYgDelv7yYXa0t3IKiSIOghk-uynn5kos2UnmZeN96DqsgqmycN2fQlUKYoDdS7axZaNGKboAbxsNBkKhKeUg2AivhvdCRuY0IbchFQ&amp;__tn__=R%5d-R\"><strong><em><span class=\"has-inline-color has-vivid-red-color\">Linard Grantins<\/span><\/em><\/strong><\/a> Par Tautas Varas Frontes idiotiem jau pasaule smejas !<\/p>\n\n\n\n<p class=\"has-black-color has-text-color\"><a href=\"https:\/\/www.facebook.com\/maris.berzins.779?comment_id=Y29tbWVudDo0MTg0Njc3NjE0ODgxMjYwXzQxODQ4NTg1MDgxOTY1MDQ%3D&amp;__cft__%5b0%5d=AZW8zZfzjMGmqKMDvmgLd--sTMvbhnRNxK3cXkI3zDDfKVXYmaFIqwsT76Z5_ePOg2TDCrMsYgDelv7yYXa0t3IKiSIOghk-uynn5kos2UnmZeN96DqsgqmycN2fQlUKYoDdS7axZaNGKboAbxsNBkKhKeUg2AivhvdCRuY0IbchFQ&amp;__tn__=R%5d-R\"><span class=\"has-inline-color has-vivid-red-color\"><strong><em>M\u0101ris B\u0113rzi\u0146\u0161<\/em><\/strong><\/span><\/a> pirmk\u0101rt, \u0161im braucienam nav nek\u0101das saist\u012bbas ar TVF. Par tavu izteiksmes formu &#8211; rupjs, \u017eultains t\u0113vi\u0146\u0161.<\/p>\n\n\n\n<p class=\"has-black-color has-text-color\"><a href=\"https:\/\/www.facebook.com\/linard.grantins?comment_id=Y29tbWVudDo0MTg0Njc3NjE0ODgxMjYwXzQxODQ5MjM0MzE1MjMzNDU%3D&amp;__cft__%5b0%5d=AZW8zZfzjMGmqKMDvmgLd--sTMvbhnRNxK3cXkI3zDDfKVXYmaFIqwsT76Z5_ePOg2TDCrMsYgDelv7yYXa0t3IKiSIOghk-uynn5kos2UnmZeN96DqsgqmycN2fQlUKYoDdS7axZaNGKboAbxsNBkKhKeUg2AivhvdCRuY0IbchFQ&amp;__tn__=R%5d-R\"><span class=\"has-inline-color has-vivid-red-color\"><strong><em>Linard Grantins<\/em><\/strong><\/span><\/a> Tu tiksi ties\u0101ts, par to vari ne\u0161aub\u012bties !<\/p>\n\n\n\n<p class=\"has-black-color has-text-color\"><a href=\"https:\/\/www.facebook.com\/maris.berzins.779?comment_id=Y29tbWVudDo0MTg0Njc3NjE0ODgxMjYwXzQxODUyNjM0MzE0ODkzNDU%3D&amp;__cft__%5b0%5d=AZW8zZfzjMGmqKMDvmgLd--sTMvbhnRNxK3cXkI3zDDfKVXYmaFIqwsT76Z5_ePOg2TDCrMsYgDelv7yYXa0t3IKiSIOghk-uynn5kos2UnmZeN96DqsgqmycN2fQlUKYoDdS7axZaNGKboAbxsNBkKhKeUg2AivhvdCRuY0IbchFQ&amp;__tn__=R%5d-R\"><em><strong><span class=\"has-inline-color has-vivid-red-color\">M\u0101ris B\u0113rzi\u0146\u0161<\/span><\/strong><\/em><\/a> interesanti par ko? Ar TVF man jau sen nek\u0101da sakara nav. Ties\u0101si tu vai? Par to, ka neskrienu paka\u013c tavam elkam Bord\u0101nam? Neskrie\u0161u ar\u012b, jo dz\u012bvoju \u0161eit (at\u0161\u0137ir\u012bb\u0101 no da\u017ea laba) un daudz lab\u0101k redzu, kas notiek. Bet Tu ties\u0101t\u0101js lielais esi vi\u0146u jau burtiski par Dievu padar\u012bjis, lai gan vi\u0146\u0161 ne tuvu t\u0101ds nav. Un tavs Bord\u0101ni\u0146\u0161 tevi uzreiz nodotu tiesai, tikko tu Latvij\u0101 par\u0101d\u012btos, tici man.<\/p>\n\n\n\n<p class=\"has-black-color has-text-color\"><em><strong><span class=\"has-inline-color has-vivid-red-color\">Linard Grantins<\/span><\/strong><\/em><span class=\"has-inline-color has-vivid-purple-color\"> <\/span>B\u0113rzi\u0146, nesagrozi manis sac\u012bto, jo tas ir cionistu pamatprincips, kuriem tu ar\u012b kalpo. Ja tu dz\u012bvo &#8220;tur&#8221; un run\u0101 t\u0101das lietas, tas tikai pier\u0101da, ka kalpo cionistiem, jo sav\u0101d\u0101k ar lauztiem kauliem b\u016btu iepazinies ar &#8220;manu kameru&#8221;&#8230; . Vai tu dom\u0101, ka es neatceros visu, ko man esi sac\u012bjis, k\u0101p\u0113c atrodies kop\u0101 ar kriev\u017e\u012bdu Jerem\u0113jevu ? Kas attiecas uz ties\u0101\u0161anu: ties\u0101s tevi KRIMIN\u0100LLIKUMS. Ties\u0101ts tiksi par sadarb\u012bbu ar Latvijas valsts ienaidniekiem. Tas vairs nav j\u0101pier\u0101da, jo to esi pasac\u012bjis pats.   <\/p>\n\n\n\n<p> <\/p>\n\n\n\n<figure class=\"wp-block-embed is-type-video is-provider-youtube wp-block-embed-youtube wp-embed-aspect-16-9 wp-has-aspect-ratio\"><div class=\"wp-block-embed__wrapper\">\n<iframe loading=\"lazy\" title=\"\u00ab\u0412\u0441\u0435 \u0431\u0443\u0434\u0435\u0442 \u0431\u044b\u0441\u0442\u0440\u043e. \u0416\u0434\u0438\u0442\u0435 \u0444\u0435\u0432\u0440\u0430\u043b\u044f\u00bb. \u041c\u0430\u0439\u043a\u043b \u0422\u044d\u043b\u044d\u043d \u043e\u0431 \u043e\u0442\u0432\u0435\u0442\u0435 \u0421\u0428\u0410 \u043d\u0430 \u043a\u0438\u0431\u0435\u0440\u0430\u0442\u0430\u043a\u0438 \u041a\u0440\u0435\u043c\u043b\u044f\" width=\"500\" height=\"281\" src=\"https:\/\/www.youtube.com\/embed\/7oTZ72ER8bc?feature=oembed&#038;wmode=opaque\" frameborder=\"0\" allow=\"accelerometer; autoplay; clipboard-write; encrypted-media; gyroscope; picture-in-picture\" allowfullscreen><\/iframe>\n<\/div><\/figure>\n\n\n\n<p>26.12.20              L. Granti\u0146\u0161<\/p>\n","protected":false},"excerpt":{"rendered":"<p>Preview in new tab \u0160is Krievijas TV raid\u012bjums atv\u0113sin\u0101ja aptraku\u0161\u0101s Me\u017evieta bandas smadzenes ! Tautas Varas Fronte !? Kas t\u0101 ir un kuri to rad\u012bja ? Tas ir Dro\u0161\u012bbas policijas, bet pareiz\u0101k b\u016btu sac\u012bts,&#46;&#46;&#46;<\/p>\n","protected":false},"author":1,"featured_media":54785,"comment_status":"open","ping_status":"open","sticky":false,"template":"","format":"standard","meta":[],"categories":[1],"tags":[],"_links":{"self":[{"href":"https:\/\/tautastribunals.eu\/index.php?rest_route=\/wp\/v2\/posts\/58960"}],"collection":[{"href":"https:\/\/tautastribunals.eu\/index.php?rest_route=\/wp\/v2\/posts"}],"about":[{"href":"https:\/\/tautastribunals.eu\/index.php?rest_route=\/wp\/v2\/types\/post"}],"author":[{"embeddable":true,"href":"https:\/\/tautastribunals.eu\/index.php?rest_route=\/wp\/v2\/users\/1"}],"replies":[{"embeddable":true,"href":"https:\/\/tautastribunals.eu\/index.php?rest_route=%2Fwp%2Fv2%2Fcomments&post=58960"}],"version-history":[{"count":27,"href":"https:\/\/tautastribunals.eu\/index.php?rest_route=\/wp\/v2\/posts\/58960\/revisions"}],"predecessor-version":[{"id":58990,"href":"https:\/\/tautastribunals.eu\/index.php?rest_route=\/wp\/v2\/posts\/58960\/revisions\/58990"}],"wp:featuredmedia":[{"embeddable":true,"href":"https:\/\/tautastribunals.eu\/index.php?rest_route=\/wp\/v2\/media\/54785"}],"wp:attachment":[{"href":"https:\/\/tautastribunals.eu\/index.php?rest_route=%2Fwp%2Fv2%2Fmedia&parent=58960"}],"wp:term":[{"taxonomy":"category","embeddable":true,"href":"https:\/\/tautastribunals.eu\/index.php?rest_route=%2Fwp%2Fv2%2Fcategories&post=58960"},{"taxonomy":"post_tag","embeddable":true,"href":"https:\/\/tautastribunals.eu\/index.php?rest_route=%2Fwp%2Fv2%2Ftags&post=58960"}],"curies":[{"name":"wp","href":"https:\/\/api.w.org\/{rel}","templated":true}]}}