{"id":58917,"date":"2021-01-08T06:24:31","date_gmt":"2021-01-08T04:24:31","guid":{"rendered":"https:\/\/tautastribunals.eu\/?p=58917"},"modified":"2021-01-08T06:26:14","modified_gmt":"2021-01-08T04:26:14","slug":"profesors-a-prieditis-tautas-glabeji-mezvieta-bandas-klusesana","status":"publish","type":"post","link":"https:\/\/tautastribunals.eu\/?p=58917","title":{"rendered":"Profesors A. Pried\u012btis. Tautas gl\u0101b\u0113ji !(Me\u017evieta bandas klus\u0113\u0161ana)"},"content":{"rendered":"\n<figure class=\"wp-block-image size-large is-resized\"><img decoding=\"async\" loading=\"lazy\" src=\"https:\/\/tautastribunals.eu\/wp-content\/uploads\/2020\/02\/L.Granti\u0146\u0161.J.Z\u012bvertsBord\u0101nsBut\u0101nsLRTT-1-800x116.png\" alt=\"\" class=\"wp-image-54883\" width=\"1279\" height=\"185\" srcset=\"https:\/\/tautastribunals.eu\/wp-content\/uploads\/2020\/02\/L.Granti\u0146\u0161.J.Z\u012bvertsBord\u0101nsBut\u0101nsLRTT-1-800x116.png 800w, https:\/\/tautastribunals.eu\/wp-content\/uploads\/2020\/02\/L.Granti\u0146\u0161.J.Z\u012bvertsBord\u0101nsBut\u0101nsLRTT-1-300x44.png 300w, https:\/\/tautastribunals.eu\/wp-content\/uploads\/2020\/02\/L.Granti\u0146\u0161.J.Z\u012bvertsBord\u0101nsBut\u0101nsLRTT-1-768x112.png 768w, https:\/\/tautastribunals.eu\/wp-content\/uploads\/2020\/02\/L.Granti\u0146\u0161.J.Z\u012bvertsBord\u0101nsBut\u0101nsLRTT-1.png 1073w\" sizes=\"(max-width: 1279px) 100vw, 1279px\" \/><\/figure>\n\n\n\n<h2 id=\"jsc_c_ho\"><a href=\"https:\/\/www.facebook.com\/profile.php?id=100012329353077&amp;__cft__[0]=AZUhT2RVwlogaIb8EBxSEa2GtT3VPZyUdTFgRwQP4jmCeRL4SNQmIGs6hLs2Ha_1g03V-9itq82AQLIFqhL7TzLNAag7Np3uzMelkG_Qpd-kJl5YC2XIhz9A6ubHyq2R-gw&amp;__tn__=-UC%2CP-R\"><strong>Arturs Prieditis<\/strong><\/a><\/h2>\n\n\n\n<figure class=\"wp-block-image size-large is-resized\"><img decoding=\"async\" loading=\"lazy\" src=\"https:\/\/tautastribunals.eu\/wp-content\/uploads\/2020\/08\/A.Pried\u012btis.L.Granti\u0146\u0161.LRTT_.Ziemelis-768x450-1.png\" alt=\"\" class=\"wp-image-57059\" width=\"1279\" height=\"749\"\/><\/figure>\n\n\n\n<p><\/p>\n\n\n\n<p class=\"has-black-color has-text-color has-background has-medium-font-size\" style=\"background-color:#f0f8fd\"><a href=\"https:\/\/www.facebook.com\/permalink.php?story_fbid=1112291575858477&amp;id=100012329353077&amp;__cft__[0]=AZUhT2RVwlogaIb8EBxSEa2GtT3VPZyUdTFgRwQP4jmCeRL4SNQmIGs6hLs2Ha_1g03V-9itq82AQLIFqhL7TzLNAag7Np3uzMelkG_Qpd-kJl5YC2XIhz9A6ubHyq2R-gw&amp;__tn__=%2CO%2CP-R\"><strong>21. decembris plkst. 20:02<\/strong><\/a>&nbsp; \u00b7 <strong>KLASIKAS IZKROP\u013bO\u0160ANA <\/strong>Latvie\u0161u inteli\u0123ences popul\u0101cija jau ir tik pamat\u012bgi intelektu\u0101li un mor\u0101li sa\u010dokurojusies, ka tiek izkrop\u013cota, ta\u010du faktiski ignor\u0113ta, sen\u0101 klasika: jebkuru revol\u016bciju izdom\u0101 romanti\u0137i, realiz\u0113 fan\u0101ti\u0137i, bet t\u0101s aug\u013cus izmanto r\u016bd\u012bti nelie\u0161i. Latvie\u0161u inteli\u0123ences popul\u0101cij\u0101 \u0161\u012b sen\u0101 tri\u0101de pa\u0161laik neeksist\u0113, jo katr\u0101 vien\u012bb\u0101 eksist\u0113 vieni un tie pa\u0161i r\u016bd\u012btie nelie\u0161i &#8211; tautas gl\u0101b\u0113ji <strong>gobzemi, p\u013cavi\u0146i, granti\u0146i, lapsas<\/strong> u.c.<\/p>\n\n\n\n<figure class=\"wp-block-image size-large\"><img decoding=\"async\" loading=\"lazy\" width=\"772\" height=\"800\" src=\"https:\/\/tautastribunals.eu\/wp-content\/uploads\/2020\/12\/Lapsa.Grantins.Plavins.LRTT_-772x800.png\" alt=\"\" class=\"wp-image-58918\" srcset=\"https:\/\/tautastribunals.eu\/wp-content\/uploads\/2020\/12\/Lapsa.Grantins.Plavins.LRTT_-772x800.png 772w, https:\/\/tautastribunals.eu\/wp-content\/uploads\/2020\/12\/Lapsa.Grantins.Plavins.LRTT_-290x300.png 290w, https:\/\/tautastribunals.eu\/wp-content\/uploads\/2020\/12\/Lapsa.Grantins.Plavins.LRTT_-768x796.png 768w, https:\/\/tautastribunals.eu\/wp-content\/uploads\/2020\/12\/Lapsa.Grantins.Plavins.LRTT_.png 800w\" sizes=\"(max-width: 772px) 100vw, 772px\" \/><\/figure>\n\n\n\n<p><\/p>\n\n\n\n<p class=\"has-light-green-cyan-color has-vivid-red-background-color has-text-color has-background has-large-font-size\">LRTT<\/p>\n\n\n\n<p class=\"has-black-color has-text-color has-background\" style=\"background-color:#ebf8f2;font-size:18px\">Ir taisni j\u0101apbr\u012bno <strong>A. Pried\u012b\u0161a<\/strong> nenogursto\u0161os centienus <strong>\u201catbr\u012bvot\u201d LATVIJAS TAUTU <\/strong>no <strong>\u201cnelie\u0161iem\u201d. <\/strong>Lai las\u012bt\u0101jam nerastos nezi\u0146a, kuri tad ir tie nelie\u0161i, biedr\u2019-kungs <strong>A. Pried\u012btis<\/strong> nenogursto\u0161i atg\u0101dina, ka <strong>tie ir latvie\u0161u etnosam pieder\u012bgie<\/strong>, bet kas ir <strong>LATVIJAS TAUTA<\/strong>, tas vairs nevienam nav j\u0101apskaidro. Tie ir visi tie, kuri m\u016bs atbr\u012bvoja no v\u0101cu nacistiem, kuri m\u016bs k\u0101 neizdevu\u0161os etnosu, kas iekl\u012bdis un apmeties pie <strong>Baltijas j\u016bras<\/strong>, v\u0113l\u0113j\u0101s izn\u012bcin\u0101t. Bet ir ar\u012b br\u012b\u017ei, kad biedru <strong>Arturu Pried\u012bti<\/strong> p\u0101r\u0146em nep\u0101rvaramas skumjas par v\u0101cu nacistu nepaveiktajiem darbiem. Pie \u0161iem nacistu nepaveiktajiem darbiem <strong>A. Pried\u012btis<\/strong> pieskaita neizn\u012bcin\u0101to latvie\u0161u tautu, kura \u0161odien gan gar\u012bgi, gan fiziski apkaunojot visas <strong>Baltijas j\u016bras<\/strong> basein\u0101 dz\u012bvojo\u0161\u0101s tautas. Var\u0113ja, laiks ta\u010du pietika- veseli 4 gari gadi ! N\u0101ko\u0161aj\u0101 sav\u0101 esej\u0101 <strong>A. Pried\u012btis <\/strong>sol\u0101s aprakst\u012bt nacistu aprobe\u017eot\u012bbu, jo tie neesot piln\u012bb\u0101 sapratu\u0161i, ka \u0161o sv\u0113t\u012bgo darbu esot aizs\u0101cis visu tautu un <strong>N\u0100CIJU T\u0112VS Josefs Vesaroni\u010ds D\u017euga\u0161villis- STA\u013bINS<\/strong><em>(k\u0101 vi\u0146\u0161 pats sevi nod\u0113v\u0113ja).<\/em> Kur esot biju\u0161i slavenie v\u0101cu izl\u016bkdienesti, ka neesot redz\u0113ju\u0161i un zi\u0146oju\u0161i<strong> \u0100dolfam<\/strong>, ka jau 1941 . gad\u0101, p\u0113c <strong>Latvijas \u201catbr\u012bvo\u0161anas\u201d no diktatora K. Ulma\u0146a,<\/strong> esot simtiem vagoni ar \u0161o nev\u0113rt\u012bgo etno- materi\u0101lu<em>(latvie\u0161iem) <\/em>trauku\u0161ies <strong>Kolimas virzien\u0101<\/strong> ? To, komunists un \u010dekas akt\u012bvais stuka\u010ds<em>(a\u0123ents)<\/em> <strong>A. Pried\u012btis<\/strong> nu nek\u0101d\u012bgi nevarot saprast ! Par to, kas notika p\u0113c kara l\u012bdz 1953. gadam, ar\u012b esot sagatavots materi\u0101ls un pat izs\u016bt\u012bts pa\u0161am <strong>VOVAM<\/strong> <em>(Vladimiram Vladimirovi\u010dam). <\/em>\u0160aj\u0101 visaptvero\u0161aj\u0101 <strong>ESEJ\u0100<\/strong> vi\u0146\u0161 pat uzdr\u012bkst\u0113j\u0101s kritiz\u0113t pa\u0161u <strong>Vesaroni\u010du,<\/strong> m\u016bsu <strong>\u201cn\u0101cijas f\u0101tera\u201d<\/strong>&#8211; <strong>Levita <\/strong>vecvect\u0113vu&nbsp; vi\u0146a pusdar\u012btaj\u0101 darb\u0101. Tie\u0161i \u010de\u010denu variants ar\u012b pret latvie\u0161iem b\u016btu bijis tas optim\u0101l\u0101kais \u0161\u012b neliet\u012bg\u0101 etnosa <strong>LIET\u0100<\/strong><em>(k\u0101 zin\u0101m, tad \u010de\u010denus 100%t\u012bgi deport\u0113ja no savas dzimtenes)<\/em>, uzskata <strong>Arturs Pried\u012btis<\/strong> !<\/p>\n\n\n\n<p class=\"has-black-color has-text-color has-background\" style=\"background-color:#ebf8f2;font-size:18px\">K\u0101 man k\u013cuvis zin\u0101ms, <strong>H- 86 Latvijas atjauno\u0161anas programma<\/strong> esot uztraukusi pat t\u0101s iest\u0101des, kuras regul\u0113 visu <strong>Saeimas <\/strong>un katra <strong>&#8220;saeimista&#8221;<\/strong> darb\u012bbu atsevi\u0161\u0137i.<strong> Pried\u012b\u0161a<\/strong> galvenais uzdevums esot <strong>L. Granti\u0146u<\/strong> diskredit\u0113t visur, kur vien tas iesp\u0113jams. L\u016bk, t\u0101p\u0113c jau ar\u012b no <strong>&#8220;zila gaisa&#8221;<\/strong>, piln\u012bgi bez k\u0101da redzama iemesla tiek uzbrukts <strong>Granti\u0146am<\/strong> ! Te tad nu ar\u012b pamaz\u0101m paliek skaidrs, k\u0101p\u0113c vien\u0101 katl\u0101 tiek mests <strong>Granti\u0146\u0161, Lapsa, Gobzems <\/strong>u. c. Tas ar\u012b nor\u0101da uz to, ka<strong> A. Pried\u012btis <\/strong>pat \u0161odien v\u0113l akt\u012bvi kontakt\u0113jas ar \u010dekistiem,- m\u016bsu tautas slepkav\u0101m.<\/p>\n\n\n\n<p class=\"has-black-color has-text-color has-background\" style=\"background-color:#ebf8f2;font-size:18px\">To visu zinot varam saprast, k\u0101p\u0113c p\u0113c visiem \u0161iem izteikumiem <strong>A. Pried\u012btis <\/strong>nav <strong>\u201caiz gard\u012bn\u0113m\u201d,<\/strong> jo tas ta\u010du ir<strong> KLASISKS kolaboracionista paraugs- aicin\u0101jums uz genoc\u012bda veik\u0161anu pret latvie\u0161u etnosu<\/strong> ? Vi\u0146a sekot\u0101js <strong>Aivis Vasi\u013cevskis <\/strong>veic to pa\u0161u un <strong>VDD <\/strong>klus\u0113 !       <\/p>\n\n\n\n<p>  <\/p>\n\n\n\n<figure class=\"wp-block-image size-large is-resized\"><img decoding=\"async\" loading=\"lazy\" src=\"https:\/\/tautastribunals.eu\/wp-content\/uploads\/2019\/02\/MIGLA-SARKAN\u0100-NOL\u0100D\u0112T\u0100REINIKS\u0100BOLTI\u0145A3-800x68.png\" alt=\"\" class=\"wp-image-49081\" width=\"1450\" height=\"123\" srcset=\"https:\/\/tautastribunals.eu\/wp-content\/uploads\/2019\/02\/MIGLA-SARKAN\u0100-NOL\u0100D\u0112T\u0100REINIKS\u0100BOLTI\u0145A3-800x68.png 800w, https:\/\/tautastribunals.eu\/wp-content\/uploads\/2019\/02\/MIGLA-SARKAN\u0100-NOL\u0100D\u0112T\u0100REINIKS\u0100BOLTI\u0145A3-300x26.png 300w, https:\/\/tautastribunals.eu\/wp-content\/uploads\/2019\/02\/MIGLA-SARKAN\u0100-NOL\u0100D\u0112T\u0100REINIKS\u0100BOLTI\u0145A3-768x65.png 768w, https:\/\/tautastribunals.eu\/wp-content\/uploads\/2019\/02\/MIGLA-SARKAN\u0100-NOL\u0100D\u0112T\u0100REINIKS\u0100BOLTI\u0145A3.png 986w\" sizes=\"(max-width: 1450px) 100vw, 1450px\" \/><\/figure>\n\n\n\n<p class=\"has-text-align-center has-white-color has-vivid-red-background-color has-text-color has-background\" style=\"font-size:24px\">Tas tikai nor\u0101da uz to, ka Me\u017eviets un \u0122ir\u0123ens ir cionistu barve\u017eu marionetes Latvij\u0101 !<\/p>\n\n\n\n<p><\/p>\n\n\n\n<p><\/p>\n\n\n\n<figure class=\"wp-block-image size-large is-resized\"><img decoding=\"async\" loading=\"lazy\" src=\"https:\/\/tautastribunals.eu\/wp-content\/uploads\/2021\/01\/Helsinki-86.L.-Grantins.J.Bordans.V.-Eihmanis.LRTT_.-2-651x800.png\" alt=\"\" class=\"wp-image-59193\" width=\"1450\" height=\"1782\" srcset=\"https:\/\/tautastribunals.eu\/wp-content\/uploads\/2021\/01\/Helsinki-86.L.-Grantins.J.Bordans.V.-Eihmanis.LRTT_.-2-651x800.png 651w, https:\/\/tautastribunals.eu\/wp-content\/uploads\/2021\/01\/Helsinki-86.L.-Grantins.J.Bordans.V.-Eihmanis.LRTT_.-2-244x300.png 244w, https:\/\/tautastribunals.eu\/wp-content\/uploads\/2021\/01\/Helsinki-86.L.-Grantins.J.Bordans.V.-Eihmanis.LRTT_.-2-768x943.png 768w, https:\/\/tautastribunals.eu\/wp-content\/uploads\/2021\/01\/Helsinki-86.L.-Grantins.J.Bordans.V.-Eihmanis.LRTT_.-2.png 885w\" sizes=\"(max-width: 1450px) 100vw, 1450px\" \/><\/figure>\n\n\n\n<figure class=\"wp-block-image size-large is-resized\"><img decoding=\"async\" loading=\"lazy\" src=\"https:\/\/tautastribunals.eu\/wp-content\/uploads\/2021\/01\/Aivis-Vasilevskis.L.-Grantins.Godmanis.LRTT_-1-433x800.png\" alt=\"\" class=\"wp-image-59196\" width=\"1450\" height=\"2679\" srcset=\"https:\/\/tautastribunals.eu\/wp-content\/uploads\/2021\/01\/Aivis-Vasilevskis.L.-Grantins.Godmanis.LRTT_-1-433x800.png 433w, https:\/\/tautastribunals.eu\/wp-content\/uploads\/2021\/01\/Aivis-Vasilevskis.L.-Grantins.Godmanis.LRTT_-1-162x300.png 162w, https:\/\/tautastribunals.eu\/wp-content\/uploads\/2021\/01\/Aivis-Vasilevskis.L.-Grantins.Godmanis.LRTT_-1.png 765w\" sizes=\"(max-width: 1450px) 100vw, 1450px\" \/><\/figure>\n\n\n\n<p>08.01.21<\/p>\n\n\n\n<p><\/p>\n","protected":false},"excerpt":{"rendered":"<p>Arturs Prieditis 21. decembris plkst. 20:02&nbsp; \u00b7 KLASIKAS IZKROP\u013bO\u0160ANA Latvie\u0161u inteli\u0123ences popul\u0101cija jau ir tik pamat\u012bgi intelektu\u0101li un mor\u0101li sa\u010dokurojusies, ka tiek izkrop\u013cota, ta\u010du faktiski ignor\u0113ta, sen\u0101 klasika: jebkuru revol\u016bciju izdom\u0101 romanti\u0137i, realiz\u0113 fan\u0101ti\u0137i,&#46;&#46;&#46;<\/p>\n","protected":false},"author":1,"featured_media":58503,"comment_status":"open","ping_status":"open","sticky":false,"template":"","format":"standard","meta":[],"categories":[1],"tags":[],"_links":{"self":[{"href":"https:\/\/tautastribunals.eu\/index.php?rest_route=\/wp\/v2\/posts\/58917"}],"collection":[{"href":"https:\/\/tautastribunals.eu\/index.php?rest_route=\/wp\/v2\/posts"}],"about":[{"href":"https:\/\/tautastribunals.eu\/index.php?rest_route=\/wp\/v2\/types\/post"}],"author":[{"embeddable":true,"href":"https:\/\/tautastribunals.eu\/index.php?rest_route=\/wp\/v2\/users\/1"}],"replies":[{"embeddable":true,"href":"https:\/\/tautastribunals.eu\/index.php?rest_route=%2Fwp%2Fv2%2Fcomments&post=58917"}],"version-history":[{"count":15,"href":"https:\/\/tautastribunals.eu\/index.php?rest_route=\/wp\/v2\/posts\/58917\/revisions"}],"predecessor-version":[{"id":59208,"href":"https:\/\/tautastribunals.eu\/index.php?rest_route=\/wp\/v2\/posts\/58917\/revisions\/59208"}],"wp:featuredmedia":[{"embeddable":true,"href":"https:\/\/tautastribunals.eu\/index.php?rest_route=\/wp\/v2\/media\/58503"}],"wp:attachment":[{"href":"https:\/\/tautastribunals.eu\/index.php?rest_route=%2Fwp%2Fv2%2Fmedia&parent=58917"}],"wp:term":[{"taxonomy":"category","embeddable":true,"href":"https:\/\/tautastribunals.eu\/index.php?rest_route=%2Fwp%2Fv2%2Fcategories&post=58917"},{"taxonomy":"post_tag","embeddable":true,"href":"https:\/\/tautastribunals.eu\/index.php?rest_route=%2Fwp%2Fv2%2Ftags&post=58917"}],"curies":[{"name":"wp","href":"https:\/\/api.w.org\/{rel}","templated":true}]}}