{"id":58860,"date":"2020-12-21T15:32:07","date_gmt":"2020-12-21T13:32:07","guid":{"rendered":"https:\/\/tautastribunals.eu\/?p=58860"},"modified":"2020-12-21T15:32:07","modified_gmt":"2020-12-21T13:32:07","slug":"lrtt-miezisa-raksts-pardomam","status":"publish","type":"post","link":"https:\/\/tautastribunals.eu\/?p=58860","title":{"rendered":"LRTT. Miez\u012b\u0161a raksts P\u0100RDOM\u0100M !"},"content":{"rendered":"\n<figure class=\"wp-block-image size-large is-resized\"><img decoding=\"async\" loading=\"lazy\" src=\"https:\/\/tautastribunals.eu\/wp-content\/uploads\/2020\/05\/L.Granti\u0146\u0161.J.Z\u012bvertsBord\u0101nsBut\u0101nsLRTT-1-800x116.png\" alt=\"\" class=\"wp-image-55995\" width=\"1290\" height=\"187\" srcset=\"https:\/\/tautastribunals.eu\/wp-content\/uploads\/2020\/05\/L.Granti\u0146\u0161.J.Z\u012bvertsBord\u0101nsBut\u0101nsLRTT-1-800x116.png 800w, https:\/\/tautastribunals.eu\/wp-content\/uploads\/2020\/05\/L.Granti\u0146\u0161.J.Z\u012bvertsBord\u0101nsBut\u0101nsLRTT-1-300x44.png 300w, https:\/\/tautastribunals.eu\/wp-content\/uploads\/2020\/05\/L.Granti\u0146\u0161.J.Z\u012bvertsBord\u0101nsBut\u0101nsLRTT-1-768x112.png 768w, https:\/\/tautastribunals.eu\/wp-content\/uploads\/2020\/05\/L.Granti\u0146\u0161.J.Z\u012bvertsBord\u0101nsBut\u0101nsLRTT-1.png 1073w\" sizes=\"(max-width: 1290px) 100vw, 1290px\" \/><\/figure>\n\n\n\n<figure class=\"wp-block-image size-large is-resized\"><img decoding=\"async\" loading=\"lazy\" src=\"https:\/\/tautastribunals.eu\/wp-content\/uploads\/2020\/12\/Janis-Miezitis-800x92.png\" alt=\"\" class=\"wp-image-58865\" width=\"1274\" height=\"147\" srcset=\"https:\/\/tautastribunals.eu\/wp-content\/uploads\/2020\/12\/Janis-Miezitis-800x92.png 800w, https:\/\/tautastribunals.eu\/wp-content\/uploads\/2020\/12\/Janis-Miezitis-300x34.png 300w, https:\/\/tautastribunals.eu\/wp-content\/uploads\/2020\/12\/Janis-Miezitis-768x88.png 768w, https:\/\/tautastribunals.eu\/wp-content\/uploads\/2020\/12\/Janis-Miezitis.png 1450w\" sizes=\"(max-width: 1274px) 100vw, 1274px\" \/><\/figure>\n\n\n\n<h3><a href=\"https:\/\/www.facebook.com\/janis.miezitis.9655?__cft__[0]=AZX7huRWZScAwtEjG10N1DLCWmTRJYvuqjighSsvBzlcKbwfPcxQbDH6x29P1ehxNCLiRbJ8DII77YEr7kq6ETDOMloi1AEmbfrWzwV7fWi5GHVShJ6ypChB9I0pfW_kgEPHGAjr2WocLmmRMkVHnA0s0VK2vAWMAJxl244u3Vr5iQ&amp;__tn__=-UC%2CP-y-R\"><strong>J\u0101nis Miez\u012btis<\/strong><\/a><\/h3>\n\n\n\n<p class=\"has-black-color has-text-color has-background has-medium-font-size\" style=\"background-color:#f9eef1\"><a href=\"https:\/\/www.facebook.com\/janis.miezitis.9655\/posts\/786431888636586?__cft__[0]=AZX7huRWZScAwtEjG10N1DLCWmTRJYvuqjighSsvBzlcKbwfPcxQbDH6x29P1ehxNCLiRbJ8DII77YEr7kq6ETDOMloi1AEmbfrWzwV7fWi5GHVShJ6ypChB9I0pfW_kgEPHGAjr2WocLmmRMkVHnA0s0VK2vAWMAJxl244u3Vr5iQ&amp;__tn__=%2CO%2CP-y-R\"><strong>16. decembris plkst. 15:44<\/strong><\/a>&nbsp; \u00b7 K\u0101d\u0113\u013c j\u016bs esiet \u0161eit ? Visiem tiem, <strong>kuri tic Dievam<\/strong> un aicina cilv\u0113kus samierin\u0101ties ar notieko\u0161o, piedot, dom\u0101t labas domas, man ir tikai viens jaut\u0101jums: <strong> <\/strong>T\u0101s lab\u0101s domas dom\u0101t un<strong> Dievu<\/strong> piel\u016bgt vai slav\u0113t j\u016bs var\u0113j\u0101t ar\u012b astr\u0101laj\u0101 pasaul\u0113, bez iemieso\u0161an\u0101s uz <strong>Zemes<\/strong>. Tad k\u0101d\u0113\u013c j\u016bs \u0161eit esiet ? Varb\u016bt, ka j\u016bs teiksiet, ka \u0161eit atn\u0101c\u0101t, lai augtu sav\u0101 gar\u012bgum\u0101, lai iem\u0101c\u012btos patiesi un dzi\u013ci m\u012bl\u0113t ? Tad k\u0101 j\u016bs aplieciniet savu m\u012blest\u012bbu pret tiem, ko m\u012blat ? Ar salds\u0113r\u012bg\u0101m vai j\u016bsm\u012bg\u0101m run\u0101m, ar jauk\u0101m fr\u0101z\u0113m, komplimentiem, ar ziedu pu\u0161\u0137\u012b\u0161a pasnieg\u0161anu vai nolik\u0161anu attiec\u012bgaj\u0101 br\u012bd\u012b ? Es \u0161eit nerun\u0101ju tikai par m\u012blest\u012bbu uz pret\u0113jo dzimumu.<strong> <\/strong><\/p>\n\n\n\n<p class=\"has-black-color has-text-color has-background has-medium-font-size\" style=\"background-color:#f9eef1\"><strong> Es \u0161eit run\u0101ju ar\u012b par m\u012blest\u012bbu uz savu tautu, T\u0113vzemi, \u0123imeni, l\u012bdzcilv\u0113kiem un pat dabas skaistumu, kas ir mums apk\u0101rt. Ja k\u0101ds kaut ko m\u012bl, tad vi\u0146\u0161 \u0161o m\u012blest\u012bbu apliecina ne tikai ar skaistiem v\u0101rdiem.<\/strong> <\/p>\n\n\n\n<p class=\"has-black-color has-text-color has-background has-medium-font-size\" style=\"background-color:#f9eef1\"><strong>Vi\u0146\u0161 <\/strong>ir gatavs c\u012bn\u012bties un aizsarg\u0101t savas m\u012blest\u012bbas objektu pret jebk\u0101diem \u0101r\u0113jiem apdraud\u0113jumiem. L\u016bk, \u0161\u0101du m\u012blest\u012bbas apliecin\u0101jumu gan m\u0113s nevar\u0113tu izr\u0101d\u012bt bez iemieso\u0161an\u0101s uz<strong> Zemes<\/strong> ! Tad ko noz\u012bm\u0113 run\u0101t par \u0123imenisk\u0101m v\u0113rt\u012bb\u0101m un \u0161\u012bs v\u0113rt\u012bbas neaizst\u0101v\u0113t ? <strong>Ko noz\u012bm\u0113 j\u016bsmot par labkl\u0101j\u012bbu un mier\u012bgi noraudz\u012bties, k\u0101 izzog tavu valsti ?<\/strong> <strong>Ko noz\u012bm\u0113 m\u012bl\u0113t savu tautu un neko neiebilst pret \u0161\u012bs tautas post\u0101 dz\u012b\u0161anu un izn\u012bcin\u0101\u0161anu. Ko noz\u012bm\u0113 m\u012bl\u0113t savus l\u012bdzcilv\u0113kus un samierin\u0101ties ar tiem netikumiem, kas vi\u0146us plosa ?   <\/strong><\/p>\n\n\n\n<p class=\"has-black-color has-text-color has-background has-medium-font-size\" style=\"background-color:#f9eef1\">J\u016bs nevarat patiesi m\u012bl\u0113t labo, gai\u0161o, c\u0113lo un vienlaikus b\u016bt ieciet\u012bgi un samierin\u0101ties ar \u013cauno, zemisko, neliet\u012bgo. <strong> Samierin\u0101\u0161an\u0101s ar \u013caunumu, noz\u012bm\u0113 kalpo\u0161anu \u0161im \u013caunumam un t\u0101 vairo\u0161anu. <\/strong>M\u016bsdien\u0101s izslav\u0113t\u0101 tolerance ir lietu nesauk\u0161ana \u012bstajos v\u0101rdos. Tas noz\u012bm\u0113 nesaukt nelie\u0161us par nelie\u0161iem, zag\u013cus, par zag\u013ciem un bl\u0113\u017eus par bl\u0113\u017eiem, bet vi\u0146u netikumiem piemekl\u0113t jauk\u0101kus, god\u0101jam\u0101kus apz\u012bm\u0113jumus. Tas noz\u012bm\u0113 m\u012bkstin\u0101t un pal\u012bdz\u0113t sl\u0113pt \u0161o cilv\u0113ku netikumus. <strong>Tas noz\u012bm\u0113 kalpot \u0161iem netikumiem un kait\u0113t cilv\u0113kiem.<\/strong> Gan tiem, kuri atrodas \u0161o netikumu var\u0101, gan tiem, kuri no \u0161\u0101du netikumu p\u0101r\u0146emtu cilv\u0113ku r\u012bc\u012bbas cie\u0161? Vai tas ir m\u012blest\u012bbas apliecin\u0101jums pret cilv\u0113kiem ?     <\/p>\n\n\n\n<p class=\"has-black-color has-text-color has-background has-medium-font-size\" style=\"background-color:#f9eef1\">Gar\u012bdznieki uzrun\u0101jot draudzi bie\u017ei aicina l\u016bgt <strong>Dievu par m\u016bsu valstsv\u012briem<\/strong>, lai <strong>Vi\u0146\u0161 <\/strong>tiem apskaidrotu pr\u0101tus un valstsv\u012bri s\u0101ktu apzin\u012bgi kalpot tautai. Izklaus\u0101s jauki. Tikai, ja j\u016bs m\u012blat dabas skaistumu un ziedus, bet ejot gar skaisti iek\u0101rtotu parku paman\u012bsiet, ka \u0161eit da\u017ei iekl\u012bdu\u0161i \u0101\u017ei posta r\u016bp\u012bgi kopt\u0101s pu\u0137u dobes \u2013 vai ar\u012b tad j\u016bs <strong>met\u012bsieties ce\u013cos un l\u016bgsiet Dievu<\/strong>, lai <strong>Vi\u0146\u0161 \u0161iem \u0101\u017eiem apskaidro pr\u0101tus <\/strong>? Vai tom\u0113r \u0146emsiet pirmo pie rokas pagad\u012bju\u0161os stibu un m\u0113\u0123in\u0101siet \u0101\u017eus aizdz\u012bt no skaistajiem ziediem ? Bet varb\u016bt mier\u012bgi aiziesiet m\u0101j\u0101s un v\u0113l\u0101k ar sa\u0161utumu st\u0101st\u012bsiet kaimi\u0146ienei vai kaimi\u0146am, ka \u0101\u017ei posta skaist\u0101s pu\u0137u dobes park\u0101 un nav neviena (!) kas vi\u0146us no turienes aizdzen ? <\/p>\n\n\n\n<p class=\"has-black-color has-text-color has-background has-medium-font-size\" style=\"background-color:#f9eef1\">Starp citu, ar\u012b <strong>J\u0113zus Kristus nel\u016bdza Dievam, lai Vi\u0146\u0161 apskaidro pr\u0101tus naudas mij\u0113jiem<\/strong>, kas savu nodarbo\u0161anos bija uzs\u0101ku\u0161i templ\u012b. Vi\u0146\u0161 vienk\u0101r\u0161i \u0146\u0113ma un izdzina \u0161os naudas mij\u0113jus no dievnama. Varb\u016bt k\u0101ds grib zin\u0101t, k\u0101d\u0113\u013c es neko nejaut\u0101ju tiem, <strong>kuri netic Dievam <\/strong>? Bet neko es nejaut\u0101ju t\u0101d\u0113\u013c, ka ar vi\u0146iem viss ir skaidrs. Vi\u0146i m\u012bl naudu un tikai naudu &#8211; neko vair\u0101k. Vi\u0146i par naudu p\u0101rdos visu, at\u0161\u0137ir\u012bba ir tikai cen\u0101. Un t\u0101s liekul\u012bg\u0101s runas ko vi\u0146i m\u0101k sacer\u0113t, lai nosl\u0113ptu \u0161o savu <strong>\u201cm\u016b\u017ea lielo m\u012blest\u012bbu\u201d <\/strong>var dzird\u0113t katru dienu. <strong>Iesl\u0113dziet televizoru un tur j\u016bs redz\u0113siet naudas k\u0101rus valstsv\u012brus, kas jums st\u0101st\u012bs, cik \u013coti vi\u0146i m\u012bl tautu un k\u0101 par to r\u016bp\u0113jas.<\/strong> Pa\u0146emiet rok\u0101s av\u012bzi un var\u0113siet izlas\u012bt k\u0101 tur naudas k\u0101ri \u017eurn\u0101listi, kuri jums apgalvos, ka m\u012bl v\u0101rda br\u012bv\u012bbu un ien\u012bst cenz\u016bru, cen\u0161as piemekl\u0113t attaisnojumus, pamatojumus un pat cildin\u0101jumus visiem vald\u012bbas pie\u0146emtajiem <strong>\u201cnepopul\u0101rajiem\u201d <\/strong>l\u0113mumiem. Ko t\u0101diem jaut\u0101t  ? Neko citu, iz\u0146emot melus, vi\u0146i nepateiks. Vi\u0146i pat sev nesp\u0113j atz\u012bties \u0161aj\u0101 no\u017e\u0113lojamaj\u0101 paties\u012bb\u0101 par savu \u012bsto m\u012blest\u012bbu.              <\/p>\n\n\n\n<p class=\"has-black-color has-text-color has-background has-medium-font-size\" style=\"background-color:#f9eef1\"><em>J\u0101nis Miez\u012btis.<\/em><\/p>\n\n\n\n<p class=\"has-medium-font-size\"><a href=\"https:\/\/www.facebook.com\/profile.php?id=100014533778240&amp;comment_id=Y29tbWVudDoxOTA1NTgxMTI2MjcyMTMxXzE5MDU2MzYxMDI5MzMzMDA%3D&amp;__cft__[0]=AZX7huRWZScAwtEjG10N1DLCWmTRJYvuqjighSsvBzlcKbwfPcxQbDH6x29P1ehxNCLiRbJ8DII77YEr7kq6ETDOMloi1AEmbfrWzwV7fWi5GHVShJ6ypChB9I0pfW_kgEPHGAjr2WocLmmRMkVHnA0s0VK2vAWMAJxl244u3Vr5iQ&amp;__tn__=R]-R\">Ausma Muzikante<\/a>&#8230;.<strong><span class=\"has-inline-color has-black-color\">..izlasiet &#8230;.un p\u0101rdom\u0101jiet&#8230;.. &#8221;CILV\u0112KA APZI\u0145AS CE\u013b\u0160 VED CAUR GR\u016aT\u012aB\u0100M UZ SEVIS PIEPILD\u012a\u0160ANU&#8221;.\/Konstant\u012bns Raudive.\/<\/span><\/strong><\/p>\n\n\n\n<p class=\"has-medium-font-size\"><a href=\"https:\/\/www.facebook.com\/liene.rijkure?comment_id=Y29tbWVudDoxOTA1NTgxMTI2MjcyMTMxXzE5MDU2NDMzMDk1OTkyNDY%3D&amp;__cft__[0]=AZX7huRWZScAwtEjG10N1DLCWmTRJYvuqjighSsvBzlcKbwfPcxQbDH6x29P1ehxNCLiRbJ8DII77YEr7kq6ETDOMloi1AEmbfrWzwV7fWi5GHVShJ6ypChB9I0pfW_kgEPHGAjr2WocLmmRMkVHnA0s0VK2vAWMAJxl244u3Vr5iQ&amp;__tn__=R]-R\">Liene Rijkure<\/a>&#8230;<span class=\"has-inline-color has-black-color\"> ja vien \u0161is gr\u016bt\u012bbas mums k\u0101ds speci\u0101li nerad\u012btu.<\/span><\/p>\n\n\n\n<p class=\"has-medium-font-size\"><a href=\"https:\/\/www.facebook.com\/profile.php?id=100014533778240&amp;comment_id=Y29tbWVudDoxOTA1NTgxMTI2MjcyMTMxXzE5MDU2NTMyNDk1OTgyNTI%3D&amp;__cft__[0]=AZX7huRWZScAwtEjG10N1DLCWmTRJYvuqjighSsvBzlcKbwfPcxQbDH6x29P1ehxNCLiRbJ8DII77YEr7kq6ETDOMloi1AEmbfrWzwV7fWi5GHVShJ6ypChB9I0pfW_kgEPHGAjr2WocLmmRMkVHnA0s0VK2vAWMAJxl244u3Vr5iQ&amp;__tn__=R]-R\">Ausma Muzikante<\/a>..<span class=\"has-inline-color has-black-color\">t\u0101 notiek, bet katram pa\u0161am j\u0101cen\u0161as atbild\u0113t&#8212;&#8221;k\u0101d\u0113\u013c pasaul\u0113 es esmu?        <\/span><\/p>\n\n\n\n<p class=\"has-medium-font-size\"><a href=\"https:\/\/www.facebook.com\/linard.grantins?comment_id=Y29tbWVudDoxOTA1NTgxMTI2MjcyMTMxXzE5MDY1MzQ2MjYxNzY3ODE%3D&amp;__cft__[0]=AZX7huRWZScAwtEjG10N1DLCWmTRJYvuqjighSsvBzlcKbwfPcxQbDH6x29P1ehxNCLiRbJ8DII77YEr7kq6ETDOMloi1AEmbfrWzwV7fWi5GHVShJ6ypChB9I0pfW_kgEPHGAjr2WocLmmRMkVHnA0s0VK2vAWMAJxl244u3Vr5iQ&amp;__tn__=R]-R\">Linard Grantins<\/a><a href=\"https:\/\/www.facebook.com\/liene.rijkure?__cft__[0]=AZX7huRWZScAwtEjG10N1DLCWmTRJYvuqjighSsvBzlcKbwfPcxQbDH6x29P1ehxNCLiRbJ8DII77YEr7kq6ETDOMloi1AEmbfrWzwV7fWi5GHVShJ6ypChB9I0pfW_kgEPHGAjr2WocLmmRMkVHnA0s0VK2vAWMAJxl244u3Vr5iQ&amp;__tn__=R]-R\"> <\/a><a href=\"https:\/\/www.facebook.com\/liene.rijkure?__cft__[0]=AZX7huRWZScAwtEjG10N1DLCWmTRJYvuqjighSsvBzlcKbwfPcxQbDH6x29P1ehxNCLiRbJ8DII77YEr7kq6ETDOMloi1AEmbfrWzwV7fWi5GHVShJ6ypChB9I0pfW_kgEPHGAjr2WocLmmRMkVHnA0s0VK2vAWMAJxl244u3Vr5iQ&amp;__tn__=R]-R\">Liene Rijkure<\/a> <span class=\"has-inline-color has-black-color\">Gr\u016bt\u012bbas vienm\u0113r ir k\u0101da rad\u012btas, lai m\u0113s t\u0101m tiktu p\u0101ri. Dz\u012bve ir k\u0101 trena\u017eieru z\u0101le. M\u016bsu uzdevums ir ar gr\u016bt\u012bb\u0101m c\u012bn\u012bties, nevis t\u0101s rad\u012bt. T\u0101 ir t\u0101 at\u0161\u0137ir\u012bba starp \u013bauno un Labo.<\/span><\/p>\n\n\n\n<figure class=\"wp-block-image size-large is-resized\"><img decoding=\"async\" loading=\"lazy\" src=\"https:\/\/tautastribunals.eu\/wp-content\/uploads\/2020\/12\/Liene-Rijkure.L.-Grantins.LRTT_-1-800x223.png\" alt=\"\" class=\"wp-image-58862\" width=\"1278\" height=\"356\" srcset=\"https:\/\/tautastribunals.eu\/wp-content\/uploads\/2020\/12\/Liene-Rijkure.L.-Grantins.LRTT_-1-800x223.png 800w, https:\/\/tautastribunals.eu\/wp-content\/uploads\/2020\/12\/Liene-Rijkure.L.-Grantins.LRTT_-1-300x84.png 300w, https:\/\/tautastribunals.eu\/wp-content\/uploads\/2020\/12\/Liene-Rijkure.L.-Grantins.LRTT_-1-768x214.png 768w, https:\/\/tautastribunals.eu\/wp-content\/uploads\/2020\/12\/Liene-Rijkure.L.-Grantins.LRTT_-1.png 1461w\" sizes=\"(max-width: 1278px) 100vw, 1278px\" \/><\/figure>\n\n\n\n<p class=\"has-medium-font-size\"><a href=\"https:\/\/www.facebook.com\/liene.rijkure?comment_id=Y29tbWVudDoxOTA1NTgxMTI2MjcyMTMxXzE5MDY1Mzg2ODk1MDk3MDg%3D&amp;__cft__[0]=AZX7huRWZScAwtEjG10N1DLCWmTRJYvuqjighSsvBzlcKbwfPcxQbDH6x29P1ehxNCLiRbJ8DII77YEr7kq6ETDOMloi1AEmbfrWzwV7fWi5GHVShJ6ypChB9I0pfW_kgEPHGAjr2WocLmmRMkVHnA0s0VK2vAWMAJxl244u3Vr5iQ&amp;__tn__=R]-R\">Liene Rijkure<\/a><a href=\"https:\/\/www.facebook.com\/profile.php?id=100014533778240&amp;__cft__[0]=AZX7huRWZScAwtEjG10N1DLCWmTRJYvuqjighSsvBzlcKbwfPcxQbDH6x29P1ehxNCLiRbJ8DII77YEr7kq6ETDOMloi1AEmbfrWzwV7fWi5GHVShJ6ypChB9I0pfW_kgEPHGAjr2WocLmmRMkVHnA0s0VK2vAWMAJxl244u3Vr5iQ&amp;__tn__=R]-R\">Ausma Muzikante<\/a><a href=\"https:\/\/www.facebook.com\/linard.grantins?__cft__[0]=AZX7huRWZScAwtEjG10N1DLCWmTRJYvuqjighSsvBzlcKbwfPcxQbDH6x29P1ehxNCLiRbJ8DII77YEr7kq6ETDOMloi1AEmbfrWzwV7fWi5GHVShJ6ypChB9I0pfW_kgEPHGAjr2WocLmmRMkVHnA0s0VK2vAWMAJxl244u3Vr5iQ&amp;__tn__=R]-R\">Linard Grantins<\/a> , <span class=\"has-inline-color has-black-color\">mani uztrauc \u0161itie velli, kuri vis\u0101m pasaules taut\u0101m re\u0101li rada gr\u016bt\u012bbas:<strong> <\/strong>Paz\u012bstamais cionists Dr. Gasters teica III B\u0101zeles cionistu kongres\u0101 1899. g. 17. august\u0101 p\u0113c ofici\u0101li izdotas stenogrammas:<strong> \u201cMums ir vienm\u0113r acu priek\u0161\u0101 st\u0101v\u0113jis liels ide\u0101ls, kur\u0161 nav sal\u012bdzin\u0101ms ar tiem ide\u0101liem, kas ietekm\u0113ju\u0161i p\u0101r\u0113j\u0101s tautas, un \u0161im ide\u0101lam m\u0113s neatlaid\u012bgi sekojam gadu t\u016bksto\u0161us. Jo m\u0113s sap\u0146ojam, sap\u0146ojam par \u012bpatn\u0113ju valsti zemes virs\u016b, kur vald\u012bs taisn\u012bba un m\u012blest\u012bba, un m\u0113s saucam Dieva valst\u012bbu zemes virs\u016b par \u017e\u012bdu tautas ide\u0101lu. Tas ir pavisam sav\u0101d\u0101ks, tas piln\u012bgi at\u0161\u0137iras no visas pasaules centieniem, un t\u0101d\u0113\u013c ar\u012b m\u0113s vienm\u0113r esam paliku\u0161i cit\u0101di un, es no \u0161ejienes uzsveru, augst\u0101ki par vis\u0101m pasaules taut\u0101m. Jo neviena tauta nevar ar mums m\u0113roties\u201d.             <\/strong><\/span><\/p>\n\n\n\n<p class=\"has-medium-font-size\"><span class=\"has-inline-color has-black-color\"><strong>&#8220;Visu iz\u0161\u0137ir kapit\u0101ls un varas sagr\u0101b\u0161ana. Kapit\u0101la uzkr\u0101\u0161anu un varas sagr\u0101b\u0161anu m\u0113s praktiz\u0113j\u0101m vair\u0101k nek\u0101 tr\u012bs t\u016bksto\u0161us gadu, un \u0161aj\u0101 zi\u0146\u0101 ar mums-\u017e\u012bdiem neviens nevar konkur\u0113t. Jums-goijiem nauda un vara nav un nekad neb\u016bs! Jo m\u0113s jums to nedosim nekad! M\u0113s-\u017e\u012bdi j\u016bs tik \u013coti ien\u012bstam! \u0160is naids dod mums sp\u0113ku smaid\u012bt m\u012b\u013ci jums sej\u0101, lai ieg\u016btu j\u016bsu uztic\u012bbu un vad\u012btu j\u016bs, par\u0101dot \u201cr\u016bpes\u201d par jums un j\u016bsu b\u0113rniem, topo\u0161ajiem mazb\u0113rniem un mazmazb\u0113rniem, kuri \u012bsten\u012bb\u0101 nekad nepiedzims. Jo t\u0101 gribam m\u0113s \u2013 \u017e\u012bdi.&#8221; <\/strong><\/span><\/p>\n\n\n\n<p class=\"has-medium-font-size\"><span class=\"has-inline-color has-black-color\">\u0160n\u0113rsons Menahims Mendels 1994. g., public\u0113ts laikrakst\u0101 \u201cSlavyanin\u201d, N-4 (32), 2001, Volgograda.<\/span><\/p>\n\n\n\n<p><a href=\"https:\/\/tautastribunals.eu\/?p=58860&amp;preview=true\">Preview in new tab(atveras jaun\u0101 log\u0101)<\/a><\/p>\n\n\n\n<p class=\"has-white-color has-vivid-red-background-color has-text-color has-background has-large-font-size\">LRTT<\/p>\n\n\n\n<p class=\"has-medium-font-size\"><a href=\"https:\/\/www.facebook.com\/liene.rijkure?__cft__[0]=AZXCnV3rOkndmfJkpahwpc-dOL7C6xuDJMnkHAz-QrnBtQDvExfOhuUZw8WFOFZzKxMpFs1cH83dulH-BZUUWL3iXKDdkQ9O8Zj3ozAti1u2YXV0Bdui8yU_id49jR3IwWxQInmEDR84cjD1KSGNHzLb&amp;__tn__=-]K-R\">Liene Rijkure<\/a>: <span class=\"has-inline-color has-black-color\">Manupr\u0101t, sp\u0113ku sam\u0113ri ir noteico\u0161ie. T\u0101p\u0113c, k\u0101 jau teicu, apbr\u012bnoju \u201cDDD\u201d redakcijas darbiniekus par sp\u0113ju pa\u0161aizliedz\u012bgi un nenogursto\u0161i iet pret p\u0101rsp\u0113ku. Dekoloniz\u0101cijai trauc\u0113 labi apmaks\u0101tie mediji \u2013 t\u0101 saucam\u0101 inform\u0101cijas telpa, kur\u0101 dz\u012bvo vairums latvie\u0161u, ir \u013coti nopietna probl\u0113ma. Ne jau velti, piem\u0113ram, Soross vien divdesmit gadu laik\u0101 Latvijas inform\u0101cijas telp\u0101 ir ieguld\u012bjis ap 80 miljoniem \u2013 ar\u012b izgl\u012bt\u012bb\u0101. Vi\u0146\u0161 apzin\u0101s, ka cilv\u0113ku apzi\u0146as ir \u013coti svar\u012bgs materi\u0101ls, ar ko ir v\u0113rts str\u0101d\u0101t, lai kontrol\u0113tu. Ja, iesl\u0113dzot radio, TV, lasot interneta zi\u0146as, visu laiku st\u0101sta vienu un to pa\u0161u, tas ir, par salied\u0113\u0161anos ar okupantiem un samierin\u0101\u0161anos ar vi\u0146u kl\u0101tb\u016btni valst\u012b, tad cilv\u0113ks to pie\u0146em k\u0101 pa\u0161saprotamu realit\u0101ti. Gad\u012bjum\u0101, ja cilv\u0113ks to nepie\u0146em, tad visbie\u017e\u0101k vi\u0146\u0161 neuzdro\u0161in\u0101s run\u0101t pret\u012b visp\u0101r\u0113jam viedoklim, jo baid\u0101s. Jums bija \u013coti labi raksti par klus\u0113\u0161anas spir\u0101li. L\u016bk, t\u0101p\u0113c ir \u013coti vajadz\u012bga av\u012bze \u201cDDD\u201d un j\u016bsu rosin\u0101t\u0101s diskusijas, ar\u012b str\u012bdi soci\u0101laj\u0101s vietn\u0113s, jo \u0161\u0101di tiek pateikta paties\u012bba, ka samierin\u0101\u0161an\u0101s ar okupantu kl\u0101tb\u016btni noz\u012bm\u0113 m\u016bsu tautas un valsts boj\u0101eju<\/span>.<a rel=\"noreferrer noopener\" href=\"https:\/\/l.facebook.com\/l.php?u=http%3A%2F%2Ffronte.lv%2F2020%2F01%2Fdievins-deva-dievins-deva-dievins-roka-neiedeva%2F%3Ffbclid%3DIwAR17zYffDHakyTz6sgc-yhirIB9TOwPTvSCf9p4TL7CaFxamo9UU3LMY23I&amp;h=AT3s9RHnNi_K22pVNpKLdfERfyqvpiM4JwR8fphugBj_9Yk4huks916s698xQ0ZrcEBm0z7QoGCvdjO2O3H8KRAAwTskgSPUtnhLX-mr1rXfjvYpJrqINo6HaCfa7X_9PZPrjH7HGR8BvvjBUr1I&amp;__tn__=-UK-R&amp;c[0]=AT0fThtRgowWafQb8Nt2u2wO-VZth02oiQWWVB8_HTDiHMl4XTZxs42b4MzNucdgI1kb_VcHKsrRChz6nmxxTjfNOlzau646YSjl2PWdBuerg03kxizQKGrQxH2-fCe5ITh6WCie927pUfRLZhQ2vygqSDpr6Sd3t4c3B1Wltli9Bw\" target=\"_blank\">http:\/\/fronte.lv\/&#8230;\/dievins-deva-dievins-deva-dievins&#8230;\/<\/a><\/p>\n\n\n\n<p class=\"has-text-align-center has-white-color has-black-background-color has-text-color has-background has-large-font-size\"> Jaut\u0101jums Lienei Rijkurei:<\/p>\n\n\n\n<p class=\"has-text-align-center has-large-font-size\"><a href=\"https:\/\/tautastribunals.eu\/?p=56308\">Komunista A. Gardas \u201cfronte\u201d-cionistu bacilis(reptilo\u012bdi) !<\/a><\/p>\n\n\n\n<p class=\"has-white-color has-text-color has-background has-medium-font-size\" style=\"background-color:#04402a\">J\u016bs rakst\u0101t labas un pareizas lietas, kas attiecas uz s\u0101taniskajiem cionistiem, bet taj\u0101 pa\u0161\u0101 laika esiet kop\u0101 ar vi\u0146iem un pat slav\u0113jat vi\u0146us. Jeb kur\u0161, kas izlas\u012bs iepriek\u0161 doto nor\u0101di saprat\u012bs, ka taj\u0101 viss ir sac\u012bts pareizi. Saprat\u012bs ar\u012b to, ka tas nav L. Granti\u0146a &#8220;izgudrojums&#8221;, bet pa\u0161a Gardas un vi\u0146a KOMANDAS sac\u012btais. Vai tad R\u0113rihs nebija DOL\u0100RA z\u012bmes autors ? Bija, bet A.Garda vi\u0146u pasludina par: Hierarhu pa\u0161u ? Ja tas nav s\u0101tanisms vai t\u0101 d\u0113v\u0113t\u0101 \u0161izofr\u0113nija, tad, Liene, kas tas ir ? Tu slav\u0113 ar\u012b \u017e\u012bdu Lapinski, kur\u0161 Padomju laik\u0101 &#8220;nostu\u010d\u012bja&#8221; t\u016bksto\u0161iem latvie\u0161u un Dievs vien zina, cik no tiem tika noslepkavoti. Vi\u0146\u0161 sav\u0101ca vair\u0101k k\u0101 \u010detrsimt lieciniekus, lai gl\u0101btu savu tautas br\u0101li Lu\u010danski no cietuma, pret kuru bija sav\u0101cis materi\u0101lus par tautas mantas izlaup\u012b\u0161anu miljonu apm\u0113ros OBHS priek\u0161nieks- latvietis Spu\u013c\u0123is, kuru p\u0113c \u0161\u012b Lapinska &#8220;pakalpojuma&#8221; pa\u0161u   iespund\u0113ja uz 10 gadiem, bet Lu\u010danskis \u0161odien no latvie\u0161u bag\u0101t\u012bb\u0101m mazg\u0101jas miljonos !<\/p>\n\n\n\n<p class=\"has-white-color has-text-color has-background has-medium-font-size\" style=\"background-color:#0c3f2c\">Liene Rijkure, kas Tu pati esi, ja Tu \u0161os divus \u017e\u012bdus + pal\u012bdzes(Muzikante, Apine) uzskati par &#8220;latvie\u0161u patriotiem ? Vai tad Garda un Lapinskis DP uzdevum\u0101 neuzst\u0101j\u0101s pret L. Granti\u0146u un ar iebaid\u012b\u0161anu un atkl\u0101tiem draudiem pa pusei jau neizjauca H- 86 un LRTT ? Un tagad, Liene, pasaki, ko es nepareizu esmu pasac\u012bjis ?<\/p>\n\n\n\n<p>21.12.20<\/p>\n\n\n\n<p> <\/p>\n\n\n\n<p> <\/p>\n","protected":false},"excerpt":{"rendered":"<p>J\u0101nis Miez\u012btis 16. decembris plkst. 15:44&nbsp; \u00b7 K\u0101d\u0113\u013c j\u016bs esiet \u0161eit ? Visiem tiem, kuri tic Dievam un aicina cilv\u0113kus samierin\u0101ties ar notieko\u0161o, piedot, dom\u0101t labas domas, man ir tikai viens jaut\u0101jums: T\u0101s lab\u0101s&#46;&#46;&#46;<\/p>\n","protected":false},"author":1,"featured_media":58862,"comment_status":"open","ping_status":"open","sticky":false,"template":"","format":"standard","meta":[],"categories":[1],"tags":[],"_links":{"self":[{"href":"https:\/\/tautastribunals.eu\/index.php?rest_route=\/wp\/v2\/posts\/58860"}],"collection":[{"href":"https:\/\/tautastribunals.eu\/index.php?rest_route=\/wp\/v2\/posts"}],"about":[{"href":"https:\/\/tautastribunals.eu\/index.php?rest_route=\/wp\/v2\/types\/post"}],"author":[{"embeddable":true,"href":"https:\/\/tautastribunals.eu\/index.php?rest_route=\/wp\/v2\/users\/1"}],"replies":[{"embeddable":true,"href":"https:\/\/tautastribunals.eu\/index.php?rest_route=%2Fwp%2Fv2%2Fcomments&post=58860"}],"version-history":[{"count":15,"href":"https:\/\/tautastribunals.eu\/index.php?rest_route=\/wp\/v2\/posts\/58860\/revisions"}],"predecessor-version":[{"id":58900,"href":"https:\/\/tautastribunals.eu\/index.php?rest_route=\/wp\/v2\/posts\/58860\/revisions\/58900"}],"wp:featuredmedia":[{"embeddable":true,"href":"https:\/\/tautastribunals.eu\/index.php?rest_route=\/wp\/v2\/media\/58862"}],"wp:attachment":[{"href":"https:\/\/tautastribunals.eu\/index.php?rest_route=%2Fwp%2Fv2%2Fmedia&parent=58860"}],"wp:term":[{"taxonomy":"category","embeddable":true,"href":"https:\/\/tautastribunals.eu\/index.php?rest_route=%2Fwp%2Fv2%2Fcategories&post=58860"},{"taxonomy":"post_tag","embeddable":true,"href":"https:\/\/tautastribunals.eu\/index.php?rest_route=%2Fwp%2Fv2%2Ftags&post=58860"}],"curies":[{"name":"wp","href":"https:\/\/api.w.org\/{rel}","templated":true}]}}