{"id":5886,"date":"2011-06-13T10:23:28","date_gmt":"2011-06-13T07:23:28","guid":{"rendered":"http:\/\/tautastribunals.eu\/?p=5886"},"modified":"2011-06-13T10:24:38","modified_gmt":"2011-06-13T07:24:38","slug":"14-junijs-krievu-un-zidu-asinsdarbi-latvija","status":"publish","type":"post","link":"https:\/\/tautastribunals.eu\/?p=5886","title":{"rendered":"14 j\u016bnijs: krievu un \u017e\u012bdu asinsdarbi Latvij\u0101"},"content":{"rendered":"<h2><span style=\"color: #800080\">14. j\u016bnij\u0101 tautas mocek\u013cu atcere\u2029<\/span><\/h2>\n<p><span style=\"color: #800080\"><img decoding=\"async\" loading=\"lazy\" class=\"alignleft size-full wp-image-5888\" src=\"http:\/\/tautastribunals.eu\/wp-content\/uploads\/2011\/06\/Tribu\u0101ls-21.jpg\" alt=\"Tribu\u0101ls 2\" width=\"78\" height=\"78\" \/>Ir atkal <strong>14. j\u016bnijs<\/strong>, kad katra smildzi\u0146a zied un katra ce\u013cmalas pu\u0137\u012bte ir t\u0113rpusies vasaras rot\u0101. Zvana dzeguze \u2013 iezvana tautas mocek\u013cu septi\u0146desmit gadu atceri. \u2029 <strong>1941. gada 14. j\u016bnij\u0101 Latvij\u0101<\/strong> apcietin\u0101ja vair\u0101k nek\u0101 piecdesmit t\u016bksto\u0161us iedz\u012bvot\u0101ju, liela da\u013ca bija b\u0113rni un sievietes. Drausm\u012bg\u0101 diena s\u0101k\u0101s pirms r\u012btausmas ar <strong><span style=\"text-decoration: underline\">\u010dekistu d\u016bru belzieniem<\/span><\/strong> pret m\u0101ju vai dz\u012bvok\u013cu durv\u012bm. <\/span><\/p>\n<h2><span style=\"color: #800080\">Vien\u0101 mirkl\u012b iest\u0101j\u0101s terors.\u00a0<\/span><\/h2>\n<p><span style=\"color: #800080\">Bru\u0146oti<strong> sarkanarmie\u0161i<\/strong> vand\u012bja telpas; <strong>\u010dekisti b\u013c\u0101va<\/strong>, lai\u00a0 uzr\u0101dot pasl\u0113ptus iero\u010dus. Pusstund\u0101 bija j\u0101sav\u0101c b\u0113rni, j\u0101sasai\u0146o kaut kas l\u012bdz\u0146em\u0161anai un j\u0101dodas ce\u013c\u0101 \u2013<strong> uz Sib\u012briju<\/strong>, <span style=\"text-decoration: underline\">pazi\u0146oja \u010dekisti<\/span>. <\/span><\/p>\n<p><span style=\"color: #800080\">Sakarsu\u0161ajos lopu vagonos sal\u0101d\u0113t\u0101 cilv\u0113ku krava moc\u012bj\u0101s sl\u0101p\u0113s. <\/span><\/p>\n<h2><span style=\"color: #800080\">Sabruka p\u0113d\u0113j\u0101 cer\u012bba, kad iz\u0161\u0137\u012bra \u0123imenes. <\/span><\/h2>\n<p><span style=\"color: #800080\">Visus apcietin\u0101tos v\u012brie\u0161us nos\u016bt\u012bja uz n\u0101ves nometn\u0113m, un sievietes un b\u0113rnus uz m\u016b\u017eame\u017eiem un me\u017eu kolhoziem purvu ielokos.<\/span><\/p>\n<p><span style=\"color: #800080\">Brauciena laik\u0101 nedeva pietiekami daudz \u016bdens, lai var\u0113tu padzerties, t\u0101p\u0113c no dehidr\u0101cijas lielaj\u0101 karstum\u0101 pirmie mira b\u0113rni, un Latvijas visjaun\u0101ko paaudzi atst\u0101ja dzelzce\u013ca gr\u0101vjos. <\/span><\/p>\n<h2><span style=\"color: #800080\">Kad m\u0113nesi v\u0113l\u0101k apst\u0101j\u0101s n\u0101ves vilciens, kl\u0113pja b\u0113rni bija miru\u0161i.<\/span><\/h2>\n<p><span style=\"color: #800080\">Ce\u013cu turpin\u0101ja ku\u0123os un laiv\u0101s pa me\u017eon\u012bg\u0101m up\u0113m un to r\u0101vainaj\u0101m pietek\u0101m. Ce\u013ca gal\u0101 gaid\u012bja <strong>Darbs, Bads un N\u0101ve<\/strong>! \u00a0Par dienas \u0113dienu\u00a0<em> (maizes gabali\u0146u, kas sv\u0113ra da\u017eus simts gramus)<\/em> ar cirvjiem un roku z\u0101\u0123iem l\u012bda l\u012bdumus un ar sirpjiem nov\u0101ca kolhozu ra\u017eu.<\/span><\/p>\n<p><span style=\"color: #800080\"><strong>B\u0113rnus, kam nomira mammas, salika patversm\u0113s, kur b\u0113rni aizmirsa m\u0101tes valodu.<\/strong><\/span><\/p>\n<p><em><span style=\"color: #800080\">Hilda E. Smekis <\/span><\/em><\/p>\n<p><em><span style=\"color: #008000\"><strong>=========================================<\/strong><\/span><\/em><\/p>\n<p><span style=\"color: #008000\"><img decoding=\"async\" loading=\"lazy\" class=\"alignleft size-full wp-image-5910\" src=\"http:\/\/tautastribunals.eu\/wp-content\/uploads\/2011\/06\/Andrejs-Egl\u012btis1.jpg\" alt=\"Andrejs Egl\u012btis\" width=\"106\" height=\"143\" \/>Es t\u0113vu zemei noliecos p\u0101r vi\u0146as s\u0101pju t\u0113lu,<br \/>\nPar tautu tumsas verdz\u012bb\u0101, par katru vi\u0146as d\u0113lu.<br \/>\nEs karsdams saucu sve\u0161um\u0101 \u2013<br \/>\nDievs, vienu garu lemi:<br \/>\nVest gal\u0101 tautas c\u012bni\u0146u<br \/>\npar br\u012bvu valsti, zemi.<\/span><\/p>\n<p><em><span style=\"color: #008000\">Andrejs Egl\u012btis<\/span><\/em><\/p>\n<p><em><span style=\"color: #008000\"><strong>=============================================<\/strong><\/span><\/em><\/p>\n<p><span style=\"color: #008000\"><strong><img decoding=\"async\" loading=\"lazy\" class=\"alignleft size-full wp-image-5893\" src=\"http:\/\/tautastribunals.eu\/wp-content\/uploads\/2011\/06\/J.-Jaunsudrabi\u0146\u0161.jpg\" alt=\"J. Jaunsudrabi\u0146\u0161\" width=\"106\" height=\"140\" srcset=\"https:\/\/tautastribunals.eu\/wp-content\/uploads\/2011\/06\/J.-Jaunsudrabi\u0146\u0161.jpg 229w, https:\/\/tautastribunals.eu\/wp-content\/uploads\/2011\/06\/J.-Jaunsudrabi\u0146\u0161-225x300.jpg 225w\" sizes=\"(max-width: 106px) 100vw, 106px\" \/>Latvi<\/strong>, lai kur\u0101 zemes da\u013c\u0101 tu non\u0101ktu- <strong>piemini Latviju<\/strong> ! Nekad un nekur sav\u0101 m\u016b\u017e\u0101 tu vairs nedzird\u0113si skaist\u0101ka v\u0101rda par \u0161o v\u0101rdu, t\u0101p\u0113c nemities to daudzin\u0101t, nebeidz slav\u0113t valsti, kas \u0161o v\u0101rdu nes. Ja esi t\u0113vs, paud to saviem b\u0113rniem, ja esi m\u0101te, dziedi par vi\u0146u pie savu b\u0113rnu un mazb\u0113rnu \u0161upu\u013ciem, bet ja esi b\u0113rns, kas dzimis trimd\u0101,- <strong>nerimsti tauj\u0101t par \u0161o zemi savus vec\u0101kus.<\/strong> <strong>Latvija<\/strong> lai tav\u0101s dom\u0101s un iedom\u0101s ir k\u0101 t\u0101la, br\u012bni\u0161\u0137\u012bga sala pasaules j\u016br\u0101, uz kuru vienm\u0113r j\u0101st\u0101v v\u0113rstam tavas dz\u012bves laivas priek\u0161galam.<strong> Diena<\/strong> vai <strong>nakts<\/strong>,<strong> vakars <\/strong>vai <strong>r\u012bts<\/strong>,- <\/span><\/p>\n<p><span style=\"color: #008000\"><strong>turi vi\u0146u pr\u0101t\u0101, piemini vi\u0146u, iem\u012bli vi\u0146u arvien dedz\u012bg\u0101k.<\/strong> <\/span><\/p>\n<h2><span style=\"color: #008000\">Gada laikiem n\u0101kot un ejot,- piemini Latviju !<\/span><\/h2>\n<p><span style=\"color: #008000\"><em>J\u0101nis Jaunsudrabi\u0146\u0161<\/em><\/span><\/p>\n<p><span style=\"color: #008000\"><em><strong>=============================================<\/strong><\/em><\/span><\/p>\n<p><span style=\"color: #008000\"><strong><img decoding=\"async\" loading=\"lazy\" class=\"alignleft size-full wp-image-5895\" src=\"http:\/\/tautastribunals.eu\/wp-content\/uploads\/2011\/06\/Virza_E.jpg\" alt=\"Virza_E\" width=\"102\" height=\"143\" \/>Sarkan\u0101 migla<\/strong><em> (E. Virza)<\/em><\/span><\/p>\n<p><span style=\"color: #008000\">\u00a0<\/span><\/p>\n<p><span style=\"color: #008000\">L<\/span><span style=\"color: #008000\">aiks \u0161ovasar vairs neies vec\u0101s slied\u0113s,\/ B\u016bs pu\u0137es skumjas, bi\u0161u medus r\u016bgts,<br \/>\nUz t\u0101liem ciemiem kume\u013c\u0161 netiks j\u016bgts,\/ Un jasm\u012bns zarains maij\u0101 neuzzied\u0113s.<\/span><\/p>\n<p><span style=\"color: #008000\">Par velti saule dienu tumsu klied\u0113s,\/ Prieks <strong>J\u0101\u0146u nakt\u012b<\/strong> neatn\u0101ks pat l\u016bgts,<br \/>\nUn rok\u0101 sav\u012bt\u012bs zieds tikko pl\u016bkts,\/ B\u016bs <strong>klajums baigs<\/strong>, aiz katra kr\u016bma bied\u0113s.<\/span><\/p>\n<p><span style=\"color: #008000\">V\u0113j\u0161 <strong>miglu sarkanu<\/strong> p\u0101r laukiem dz\u012bs,\/ <strong>Bez laika<\/strong> kokiem aug\u013ci nokrit\u012bs,\/ Par nastu b\u016bs, kas ir, un tas, k\u0101 nava.<\/span><\/p>\n<p><span style=\"color: #008000\">Pats zemes dzi\u013cums tauj\u0101ts paliks kluss,\/ Jo p\u0101rv\u0113rtusi \u016bdens avotus\/Par v\u0113rmel\u0113m b\u016bs <strong>nodev\u012bba<\/strong> tava\u2026 !<\/span><\/p>\n<p><a rel=\"nofollow\" href=\"http:\/\/www.youtube.com\/watch?v=vvmXl_ntmXY&amp;feature=player_embedded#\">http:\/\/www.youtube.com\/watch?v=vvmXl_ntmXY&amp;feature=player_embedded#<\/a>\u00a0<\/p>\n<p><strong><span style=\"color: #ff0000\">=========================================<\/span><\/strong><\/p>\n<p><span style=\"color: #ff0000\"><strong><img decoding=\"async\" loading=\"lazy\" class=\"alignleft size-full wp-image-5905\" src=\"http:\/\/tautastribunals.eu\/wp-content\/uploads\/2011\/06\/hangergs.jpg\" alt=\"hangergs\" width=\"72\" height=\"116\" \/><img decoding=\"async\" loading=\"lazy\" class=\"alignleft size-full wp-image-5898\" src=\"http:\/\/tautastribunals.eu\/wp-content\/uploads\/2011\/06\/Kangars-Z\u0101l\u012bte.bmp\" alt=\"Kangars Z\u0101l\u012bte\" width=\"74\" height=\"116\" \/><img decoding=\"async\" loading=\"lazy\" class=\"alignleft size-full wp-image-5899\" src=\"http:\/\/tautastribunals.eu\/wp-content\/uploads\/2011\/06\/Kangars-Peters1.jpg\" alt=\"Kangars Peters\" width=\"74\" height=\"116\" \/><\/strong><\/span><\/p>\n<p><span style=\"color: #ff0000\"><strong>MIGLA SARKAN\u0100 &#8211; NOL\u0100D\u0112T\u0100<\/strong><\/span><\/p>\n<p><span style=\"color: #ff0000\"><strong>Foto: <\/strong><em>Ar\u012b \u0161ie,<\/em><\/span><span style=\"color: #ff0000\"><em>\u00a0<strong>Vi\u013ca L\u0101\u010da<\/strong> skolnieki, sevi uzskata par <span style=\"text-decoration: underline\">latvie\u0161u inteli\u0123ences<\/span> p\u0101rst\u0101vjiem\u00a0!!! <\/em><\/span><\/p>\n<p><span style=\"color: #ff0000\"><em><span style=\"color: #008000\">Tad j\u0101jaut\u0101, kas ir E. Virza, J. Jaunsudrabi\u0146\u0161 un A. Egl\u012btis ?<\/span><\/em><\/span><\/p>\n<p><span style=\"color: #ff0000\"><em>Vi\u0146i, \u0161ie kompartijas izdzimte\u0146i,\u00a0ir atkl\u0101ti nost\u0101ju\u0161ies <strong>kriev\u017e\u012bdu okupantu<\/strong> pus\u0113.<\/em><\/span><\/p>\n<p><span style=\"color: #ff0000\"><em><strong>Latvi<\/strong>, lai ar\u012b kur\u0101 zemes mal\u0101<strong> Tu<\/strong> atrastos, <strong><span style=\"text-decoration: underline\">tavs pien\u0101kums<\/span><\/strong> ir iesp\u013caut \u0161iem kangariem-\u010dekistiem \u0123\u012bm\u012b !!!\u00a0<\/em><\/span><\/p>\n<p><span style=\"color: #ff0000\"><em>LRTT 13.06.2011<\/em><\/span><\/p>\n","protected":false},"excerpt":{"rendered":"<p>14. j\u016bnij\u0101 tautas mocek\u013cu atcere\u2029 Ir atkal 14. j\u016bnijs, kad katra smildzi\u0146a zied un katra ce\u013cmalas pu\u0137\u012bte ir t\u0113rpusies vasaras rot\u0101. Zvana dzeguze \u2013 iezvana tautas mocek\u013cu septi\u0146desmit gadu atceri. \u2029 1941. gada 14.&#46;&#46;&#46;<\/p>\n","protected":false},"author":6,"featured_media":0,"comment_status":"open","ping_status":"open","sticky":false,"template":"","format":"standard","meta":[],"categories":[1],"tags":[],"_links":{"self":[{"href":"https:\/\/tautastribunals.eu\/index.php?rest_route=\/wp\/v2\/posts\/5886"}],"collection":[{"href":"https:\/\/tautastribunals.eu\/index.php?rest_route=\/wp\/v2\/posts"}],"about":[{"href":"https:\/\/tautastribunals.eu\/index.php?rest_route=\/wp\/v2\/types\/post"}],"author":[{"embeddable":true,"href":"https:\/\/tautastribunals.eu\/index.php?rest_route=\/wp\/v2\/users\/6"}],"replies":[{"embeddable":true,"href":"https:\/\/tautastribunals.eu\/index.php?rest_route=%2Fwp%2Fv2%2Fcomments&post=5886"}],"version-history":[{"count":25,"href":"https:\/\/tautastribunals.eu\/index.php?rest_route=\/wp\/v2\/posts\/5886\/revisions"}],"predecessor-version":[{"id":5928,"href":"https:\/\/tautastribunals.eu\/index.php?rest_route=\/wp\/v2\/posts\/5886\/revisions\/5928"}],"wp:attachment":[{"href":"https:\/\/tautastribunals.eu\/index.php?rest_route=%2Fwp%2Fv2%2Fmedia&parent=5886"}],"wp:term":[{"taxonomy":"category","embeddable":true,"href":"https:\/\/tautastribunals.eu\/index.php?rest_route=%2Fwp%2Fv2%2Fcategories&post=5886"},{"taxonomy":"post_tag","embeddable":true,"href":"https:\/\/tautastribunals.eu\/index.php?rest_route=%2Fwp%2Fv2%2Ftags&post=5886"}],"curies":[{"name":"wp","href":"https:\/\/api.w.org\/{rel}","templated":true}]}}