{"id":58842,"date":"2021-01-29T13:56:01","date_gmt":"2021-01-29T11:56:01","guid":{"rendered":"https:\/\/tautastribunals.eu\/?p=58842"},"modified":"2021-01-29T13:56:02","modified_gmt":"2021-01-29T11:56:02","slug":"stukacs-a-prieditis-j-bordans-ir-hominids-nekas-vairak-ka-primats","status":"publish","type":"post","link":"https:\/\/tautastribunals.eu\/?p=58842","title":{"rendered":"&#8220;Stuka\u010ds&#8221; A. Pried\u012btis. J. Bord\u0101ns ir homin\u012bds, nekas vair\u0101k k\u0101 prim\u0101ts !"},"content":{"rendered":"\n<figure class=\"wp-block-image size-large is-resized\"><img decoding=\"async\" loading=\"lazy\" src=\"https:\/\/tautastribunals.eu\/wp-content\/uploads\/2020\/08\/Arturs-Pried\u012btis-Linards-Granti\u0146\u0161-LRTT.-Helsinki-86-1.png\" alt=\"\" class=\"wp-image-57060\" width=\"1450\" height=\"215\"\/><\/figure>\n\n\n\n<figure class=\"wp-block-image size-large is-resized\"><img decoding=\"async\" loading=\"lazy\" src=\"https:\/\/tautastribunals.eu\/wp-content\/uploads\/2020\/11\/Lato-Lapsa.Prieditis.Grantins.LRTT_-800x297.png\" alt=\"\" class=\"wp-image-58503\" width=\"1450\" height=\"538\" srcset=\"https:\/\/tautastribunals.eu\/wp-content\/uploads\/2020\/11\/Lato-Lapsa.Prieditis.Grantins.LRTT_-800x297.png 800w, https:\/\/tautastribunals.eu\/wp-content\/uploads\/2020\/11\/Lato-Lapsa.Prieditis.Grantins.LRTT_-300x111.png 300w, https:\/\/tautastribunals.eu\/wp-content\/uploads\/2020\/11\/Lato-Lapsa.Prieditis.Grantins.LRTT_-768x285.png 768w, https:\/\/tautastribunals.eu\/wp-content\/uploads\/2020\/11\/Lato-Lapsa.Prieditis.Grantins.LRTT_.png 971w\" sizes=\"(max-width: 1450px) 100vw, 1450px\" \/><\/figure>\n\n\n\n<p>Kad run\u0101jam par A. Pried\u012bti, tad piln\u012bgi attaisnojas uzskats, ka, ja k\u013c\u016bst par nodev\u0113ju, tad tas ir uz visu m\u016b\u017eu.<\/p>\n\n\n\n<h2 id=\"jsc_c_od\"><a href=\"https:\/\/web.facebook.com\/profile.php?id=100012329353077&amp;__cft__[0]=AZWZMmQEaFHabaS4fhDVhoDJSCPE44G2zYUTC7RIAh5NTkcSt7dhh9wGicqBfVv4wfMsW_LgyBO5UN0eVc5kMLQD9g49acJqI_Go1IsSAZ6Or5pajKRhrrWadZL41f4jomI&amp;__tn__=-UC%2CP-R\"><strong>Arturs Prieditis<\/strong><\/a><\/h2>\n\n\n\n<p><a href=\"https:\/\/web.facebook.com\/profile.php?id=100012329353077#\"><strong>15 st.<\/strong><\/a>&nbsp; \u00b7 <a rel=\"noreferrer noopener\" href=\"https:\/\/l.facebook.com\/l.php?u=https%3A%2F%2Fnra.lv%2F%3Ffbclid%3DIwAR1ChkFokg_A_-x1-rzfB9e2RqC7ROadZlODd_3D5KE9DC71w46Q0xGDFMw&amp;h=AT2-h67oJCDlixXvvE9JyjvXP9uT7PEqEwQ_nFa_0DYvB8MSbSU1VUf3xCXMNNE1nLHdJLV9itLMMIqDYE3CEq8SAW_4VOFp9xArN_uvA07I7ZuA_bTBbnKv5NccsId6WLRA&amp;__tn__=%2CP-R&amp;c[0]=AT3tz6Cw0WFMNoQVgBuUNRfPtbKKK7kE-fc91R-4tpinynlDXXbKe4p6508-Pkp4ChfMKMVL7ImsmmF-aFvajKhbW69-RFKsXw1NJ4LHMrbArl7FeMwKYd2f6FYPvq2cpmrijtzqZcGtkrAWfBzAb6qmpA\" target=\"_blank\">nra.lv<\/a>&nbsp; \u00b7 <a rel=\"noreferrer noopener\" href=\"https:\/\/l.facebook.com\/l.php?u=https%3A%2F%2Fnra.lv%2Flatvija%2F333611-bordans-svetku-laiks-ir-vienigais-kad-iespejams-istenot-vel-stingrakus-ierobezojumus.htm%3Ffbclid%3DIwAR2pqGSnkxl_KX2quYNpok_dTscxhmSHaaxctmQIsTSozD9OT-w8EWadRxw&amp;h=AT18pgq8vxbYwssxR1Q71T4BIZz6GLcx7cUTCp8VuShJYjhgWoATYL35ANiUxuxBkMlI6qCvqtFRU7HA7pTb2djRFyMNH5o5PLLDyOe1wbsrslZ6WswacSzMtKflbf0cmKB2&amp;__tn__=%2CmH-R&amp;c[0]=AT3tz6Cw0WFMNoQVgBuUNRfPtbKKK7kE-fc91R-4tpinynlDXXbKe4p6508-Pkp4ChfMKMVL7ImsmmF-aFvajKhbW69-RFKsXw1NJ4LHMrbArl7FeMwKYd2f6FYPvq2cpmrijtzqZcGtkrAWfBzAb6qmpA\" target=\"_blank\">nra.lvBord\u0101ns: Sv\u0113tku laiks ir vien\u012bgais, kad iesp\u0113jams \u012bstenot v\u0113l stingr\u0101kus ierobe\u017eojumusSv\u0113tku laiks ir vien\u012bgais, kad ir iesp\u0113jams \u012bstenot v\u0113l stingr\u0101kus pas\u0101kumus, jo skol\u0113niem ir br\u012bvlaiks un daudziem str\u0101d\u0101jo\u0161ajiem &#8211; atva\u013cin\u0101jums, soci\u0101laj\u0101 t\u012bkl\u0101 &#8220;Facebook&#8221; pauda tieslietu ministrs J\u0101nis Bord\u0101ns (JKP).<\/a><\/p>\n\n\n\n<p><a href=\"https:\/\/web.facebook.com\/profile.php?id=100012329353077&amp;comment_id=Y29tbWVudDoxMTA5NDE3NTY2MTQ1ODc4XzExMDk0MjI5MjYxNDUzNDI%3D&amp;__cft__[0]=AZWZMmQEaFHabaS4fhDVhoDJSCPE44G2zYUTC7RIAh5NTkcSt7dhh9wGicqBfVv4wfMsW_LgyBO5UN0eVc5kMLQD9g49acJqI_Go1IsSAZ6Or5pajKRhrrWadZL41f4jomI&amp;__tn__=R]-R\">Arturs Prieditis<\/a>       <\/p>\n\n\n\n<p class=\"has-black-color has-text-color has-background\" style=\"background-color:#eff5f9;font-size:18px\">Fantastiski cien\u012bjama lo\u0123ika! Ne velti \u0161o homin\u012bdu dievina latvie\u0161u n\u0101kamais prezidents, latvie\u0161u patriotisma mastodonts, latvie\u0161u tautas pirmais un vien\u012bgais gl\u0101b\u0113js, atmodas dibin\u0101t\u0101js Granti\u0146\u0161, kuram ir perfekta o\u017ea un Sten\u0113t\u0101ja reput\u0101cija: \u201cV\u0113dera trauc\u0113jumus izraisot psihiskie trauc\u0113jumi. Punc\u012b notiekot pamat\u012bgas p\u0101rmai\u0146as briesm\u012bga uztraukuma un fantastisku bai\u013cu rezult\u0101t\u0101. Granti\u0146\u0161 tam tic\u0113ja. Vi\u0146\u0161 par to bija re\u0101li p\u0101rliecin\u0101jies. Vi\u0146a punc\u012b graujo\u0161as p\u0101rmai\u0146as s\u0101k\u0101s bez priek\u0161sp\u0113les \u2013 v\u0113dera burk\u0161\u0137\u0113\u0161anas. Ar \u016bde\u0146ainu v\u0113dera izeju Granti\u0146\u0161 sav\u0101 m\u016b\u017e\u0101 pirmo reizi tik\u0101s, dzirdot v\u0101rdu \u201ecilv\u0113kties\u012bbas\u201d. Tas notika 1986.gada vasaras s\u0101kum\u0101. Toreiz kantora v\u012brs s\u0101ka st\u0101st\u012bt par uzdevumu t\u0113lot cilv\u0113kties\u012bbu aizst\u0101vi. Granti\u0146\u0161 v\u0113l ar da\u017eiem liep\u0101jniekiem b\u016b\u0161ot neliela grupa v\u0101rd\u0101 \u201eHelsinki-86\u201d. V\u0101rds \u201eHelsinki\u201d Granti\u0146\u0101 neizrais\u012bja reakciju. Vi\u0146\u0161 bija dzird\u0113jis par t\u0101du pils\u0113tu aiz pol\u0101r\u0101 loka. Toties pirmo reizi dzird\u0113tais v\u0101rds \u201ecilv\u0113kties\u012bbas\u201d moment\u0101 izrais\u012bja \u0161ausm\u012bgu reakciju. Kantora v\u012brs apklusa pusv\u0101rd\u0101. Vi\u0146\u0161 saprata, ka ir noticis kaut kas \u0101rk\u0101rt\u0113js. Granti\u0146\u0161 vi\u0146a priek\u0161\u0101 s\u0113d\u0113ja b\u0101ls ar idiotiski sa\u0161\u0137ob\u012btu seju. No vi\u0146a n\u0101ca rieb\u012bga m\u0113slu smaka, un m\u0113sli s\u0101ka pl\u016bst pa gr\u012bdu pie vi\u0146a k\u0101j\u0101m.T\u0101 tas atk\u0101rtoj\u0101s vismaz divas reizes. Kantora v\u012brs s\u0101ka nervoz\u0113t. Katru reizi, kad ar Granti\u0146u apsprieda vi\u0146am dar\u0101mo, p\u0113c v\u0101rda \u201ecilv\u0113kties\u012bbas\u201d atkal sekoja \u016bde\u0146aina caureja. Kantora v\u012brs pie\u0146\u0113ma attiec\u012bgus m\u0113rus. Vi\u0146\u0161 s\u0101ka apm\u0101c\u012bt Granti\u0146u tikai p\u0113c tam, kad Granti\u0146\u0161 izpild\u012bja pav\u0113li nolaist bikses un s\u0113sties uz tualetes poda. Tas bija unik\u0101ls gad\u012bjums VDK v\u0113stur\u0113: avota instrukt\u0101\u017ea notika tualet\u0113, avotam s\u0113\u017eot ar kailu dibenu uz poda un nemit\u012bgi kak\u0101jot.\u201d [ No pamfleta &#8220;Sten\u0113t\u0101js&#8221;]<\/p>\n\n\n\n<p class=\"has-white-color has-black-background-color has-text-color has-background has-large-font-size\">LRTT<\/p>\n\n\n\n<p class=\"has-black-color has-text-color has-background\" style=\"background-color:#e8f6fe;font-size:18px\"><strong>Homin\u012bds<\/strong> ir prim\u0101tu k\u0101rtas dzimta, pie kuras pieder gan<em> Homo sapiens<\/em>, gan <em>fosilais cilv\u0113ks<\/em>, skaidro sve\u0161v\u0101rdu v\u0101rdn\u012bca.<\/p>\n\n\n\n<p class=\"has-black-color has-text-color has-background\" style=\"background-color:#dfeef8;font-size:18px\"><strong>Mastodonts<\/strong> latviski d\u0113v\u0113jas par mamutu, bet biedr- kungam<strong> A. Pried\u012btim <\/strong>tuv\u0101ks ir nelatviskais nosaukums, jo tas ta\u010du skan c\u0113l\u0101k un nosl\u0113pumain\u0101k !  Vi\u0146\u0161 ta\u010du sevi d\u0113v\u0113 par<strong> KULTUROLOGU<\/strong> un t\u0101p\u0113c ar\u012b atbilso\u0161i \u0161im nosaukumam j\u0101izpau\u017eas.Viss latviskais vi\u0146am, k\u0101 vi\u0146\u0161 pats ar\u012b nesl\u0113pti izsak\u0101s, derdzas, jo m\u016b\u017eu nostr\u0101d\u0101jis kop\u0101 ar haz\u0101riem, kurus vi\u0146\u0161 nez k\u0101p\u0113c d\u0113v\u0113 par ebrejiem, kaut ar ebrejiem \u0161iem tjurkisk\u0101s izcelsmes <strong>&#8220;mastodoniem&#8221; <\/strong>nav nekas kop\u012bgs. Toties ekonomiski ir \u013coti izdev\u012bgi sevi pieskait\u012bt sem\u012btisk\u0101 izcelsmes j\u016bdiem, jo tiem ta\u010du vismaz bija kaut k\u0101da <strong>&#8220;dar\u012b\u0161ana ar Pa\u0161u Dievu&#8221;<\/strong> ! Kas tad kop\u012bgs ar vis<strong>Augsto<\/strong> ir<strong> Haz\u0101rijas<\/strong> p\u0113cte\u010diem a\u0161ke<strong>NA\u017dIEM<\/strong><em>(a\u0161ken\u0101z\u012b) <\/em>? Piln\u012bgi nekas ! Tie ir p\u0113cte\u010di vienas <strong>asi\u0146ainas band\u012btiskas valsts- Haz\u0101rijas p\u0113cte\u010di<\/strong>, kuri sajauku\u0161ies ar neskait\u0101m\u0101m kauk\u0101zu taut\u0101m, sl\u0101viem un somugriem. J\u0113dziens tauta, k\u0101 saka vi\u0146u pa\u0161u gar\u012bgais skolot\u0101js- kabalists <strong>Laitmans<\/strong>, vi\u0146iem nekas kop\u012bgs nav. Vi\u0146\u0161 ar\u012b nep\u0101rprotami pazi\u0146o, ka jebreji ir reli\u0123iski ideolo\u0123isks grup\u0113jums ! Un v\u0113l jo vair\u0101k, par jebreju var k\u013c\u016bt jebkur\u0161, kur\u0161 pie\u0146em vi\u0146u uzskatus- ideolo\u0123iju. Un, t\u0101 k\u0101<strong> Latvijas<\/strong> pri(h)vatizatori ir pa visiem 80%<em> (lielie uz\u0146emumi pieder 100%t\u012bgi)<\/em> tie\u0161i \u0161ie a\u0161ke<strong>NA\u017dI<\/strong> un dz\u012bves bierene ar\u012b pieder \u0161ai<em> &#8220;taut\u012bbai&#8221;,<\/em> tad<strong> A. Pried\u012b\u0161a<\/strong> galvenais uzdevums ir ar\u012b n\u012bst visu latvisko un pat v\u0113l\u0113t tiem izn\u012bc\u012bbu, k\u0101 redzam uz foto<strong>MATRICAS<\/strong>. Dom\u0101ju, ka vi\u0146a otreiz\u0113j\u0101 atgrie\u0161an\u0101s<strong> pie LRTT i- vietnes<\/strong>, bija ar nodomu mani ietekm\u0113t ! <\/p>\n\n\n\n<p class=\"has-black-color has-text-color has-background\" style=\"background-color:#dfeef8;font-size:18px\">V\u0113l ar\u012b v\u0113los atk\u0101rtot: tie, kuri <strong>Latvij\u0101 <\/strong>k\u0101du apsauc par antisem\u012btu, veic noziegumu, par ko p\u0113c <strong>Tiesiskuma atjauno\u0161anas <\/strong>b\u016bs j\u0101pavada ilgi gadi aiz rest\u0113m. K\u0101 m\u0113s redzam p\u0113c &#8220;<strong>stuka\u010da kartes<\/strong>&#8220;, tad <strong>A. Pried\u012btis<\/strong> c\u012bt\u012bgi pilda biju\u0161o \u010dekistu- judaistu pas\u016bt\u012bjumus. Nomelno latvie\u0161us un nicina m\u016bsu kult\u016bru. Pie pirm\u0101s izdev\u012bbas aplej <strong>J. Bord\u0101nu <\/strong>ar sav\u0101m gar\u012bgaj\u0101m<strong> FEK\u0100LIJ\u0100M,<\/strong> jo j\u016bt no vi\u0146a puses apdraud\u0113jumu savai fiziskajai esam\u012bbai. Ja m\u0113s iepaz\u012bstamies ar vi\u0146a &#8220;<strong>pamfletiem<\/strong>&#8220;, tad viennoz\u012bm\u012bgi varam secin\u0101t, ka vi\u0146\u0161 pat nav sasniedzi<strong> &#8220;mastodonta&#8221; <\/strong>l\u012bmeni. Vi\u0146\u0161 ir nekas vair\u0101k k\u0101 zemisks astr\u0101ls vieplis, kur\u0161 dz\u012bvo barojoties ar citu cilv\u0113ku<strong> Gar\u012bgaj\u0101m <\/strong>emocij\u0101m, kuras rodas no vi\u0146a pret\u012bgi- net\u012br\u0101s <strong>&#8220;rakstniec\u012bbas&#8221;<\/strong>.<\/p>\n\n\n\n<figure class=\"wp-block-image size-large is-resized\"><img decoding=\"async\" loading=\"lazy\" src=\"https:\/\/tautastribunals.eu\/wp-content\/uploads\/2020\/03\/4.-Bord\u0101ns.Granti\u0146\u0161.LRTT_.-Levits-Kopie-2.png\" alt=\"\" class=\"wp-image-55371\" width=\"1450\" height=\"1520\" srcset=\"https:\/\/tautastribunals.eu\/wp-content\/uploads\/2020\/03\/4.-Bord\u0101ns.Granti\u0146\u0161.LRTT_.-Levits-Kopie-2.png 751w, https:\/\/tautastribunals.eu\/wp-content\/uploads\/2020\/03\/4.-Bord\u0101ns.Granti\u0146\u0161.LRTT_.-Levits-Kopie-2-286x300.png 286w\" sizes=\"(max-width: 1450px) 100vw, 1450px\" \/><figcaption><strong><span class=\"has-inline-color has-vivid-red-color\">S\u0101p\u012bgi jau \u010dekas degrad\u0101tiem redz\u0113t, ka Bord\u0101nu atbalsta 586, bet pret ir tikai 62 !<\/span><\/strong><\/figcaption><\/figure>\n\n\n\n<p>29.01.21                                    L. Granti\u0146\u0161<\/p>\n\n\n\n<p><\/p>\n","protected":false},"excerpt":{"rendered":"<p>Kad run\u0101jam par A. Pried\u012bti, tad piln\u012bgi attaisnojas uzskats, ka, ja k\u013c\u016bst par nodev\u0113ju, tad tas ir uz visu m\u016b\u017eu. Arturs Prieditis 15 st.&nbsp; \u00b7 nra.lv&nbsp; \u00b7 nra.lvBord\u0101ns: Sv\u0113tku laiks ir vien\u012bgais, kad iesp\u0113jams&#46;&#46;&#46;<\/p>\n","protected":false},"author":1,"featured_media":58503,"comment_status":"open","ping_status":"open","sticky":false,"template":"","format":"standard","meta":[],"categories":[1],"tags":[],"_links":{"self":[{"href":"https:\/\/tautastribunals.eu\/index.php?rest_route=\/wp\/v2\/posts\/58842"}],"collection":[{"href":"https:\/\/tautastribunals.eu\/index.php?rest_route=\/wp\/v2\/posts"}],"about":[{"href":"https:\/\/tautastribunals.eu\/index.php?rest_route=\/wp\/v2\/types\/post"}],"author":[{"embeddable":true,"href":"https:\/\/tautastribunals.eu\/index.php?rest_route=\/wp\/v2\/users\/1"}],"replies":[{"embeddable":true,"href":"https:\/\/tautastribunals.eu\/index.php?rest_route=%2Fwp%2Fv2%2Fcomments&post=58842"}],"version-history":[{"count":9,"href":"https:\/\/tautastribunals.eu\/index.php?rest_route=\/wp\/v2\/posts\/58842\/revisions"}],"predecessor-version":[{"id":59474,"href":"https:\/\/tautastribunals.eu\/index.php?rest_route=\/wp\/v2\/posts\/58842\/revisions\/59474"}],"wp:featuredmedia":[{"embeddable":true,"href":"https:\/\/tautastribunals.eu\/index.php?rest_route=\/wp\/v2\/media\/58503"}],"wp:attachment":[{"href":"https:\/\/tautastribunals.eu\/index.php?rest_route=%2Fwp%2Fv2%2Fmedia&parent=58842"}],"wp:term":[{"taxonomy":"category","embeddable":true,"href":"https:\/\/tautastribunals.eu\/index.php?rest_route=%2Fwp%2Fv2%2Fcategories&post=58842"},{"taxonomy":"post_tag","embeddable":true,"href":"https:\/\/tautastribunals.eu\/index.php?rest_route=%2Fwp%2Fv2%2Ftags&post=58842"}],"curies":[{"name":"wp","href":"https:\/\/api.w.org\/{rel}","templated":true}]}}