{"id":58835,"date":"2020-12-17T04:22:27","date_gmt":"2020-12-17T02:22:27","guid":{"rendered":"https:\/\/tautastribunals.eu\/?p=58835"},"modified":"2020-12-17T04:22:27","modified_gmt":"2020-12-17T02:22:27","slug":"lrtt-nu-nav-maltas-kungs-ta-ka-jus-sakat","status":"publish","type":"post","link":"https:\/\/tautastribunals.eu\/?p=58835","title":{"rendered":"LRTT. Nu nav Maltas kungs, t\u0101 k\u0101 J\u016bs sak\u0101t !"},"content":{"rendered":"\n<figure class=\"wp-block-image size-large\"><img decoding=\"async\" loading=\"lazy\" width=\"1086\" height=\"119\" src=\"https:\/\/tautastribunals.eu\/wp-content\/uploads\/2020\/08\/Helsinki-86.-LRTT.-Granti\u0146\u0161.Bord\u0101ns.Stuk\u0101ns-4.png\" alt=\"\" class=\"wp-image-57036\"\/><\/figure>\n\n\n\n<figure class=\"wp-block-image size-large\"><img decoding=\"async\" loading=\"lazy\" width=\"800\" height=\"479\" src=\"https:\/\/tautastribunals.eu\/wp-content\/uploads\/2020\/11\/Artus-Malta-800x479.jpg\" alt=\"\" class=\"wp-image-58525\" srcset=\"https:\/\/tautastribunals.eu\/wp-content\/uploads\/2020\/11\/Artus-Malta-800x479.jpg 800w, https:\/\/tautastribunals.eu\/wp-content\/uploads\/2020\/11\/Artus-Malta-300x180.jpg 300w, https:\/\/tautastribunals.eu\/wp-content\/uploads\/2020\/11\/Artus-Malta-768x460.jpg 768w, https:\/\/tautastribunals.eu\/wp-content\/uploads\/2020\/11\/Artus-Malta.jpg 1370w\" sizes=\"(max-width: 800px) 100vw, 800px\" \/><\/figure>\n\n\n\n<p class=\"has-black-color has-text-color has-background has-medium-font-size\" style=\"background-color:#f1fcf8\">Latvijas Tauta !<\/p>\n\n\n\n<p class=\"has-black-color has-text-color has-background has-medium-font-size\" style=\"background-color:#f1fcf8\">Sena paties\u012bba ir, j\u0101 m\u0113telim sapog\u0101 nepareizi pirmo pogu, tad visas p\u0101rej\u0101s ir nepareizi !<\/p>\n\n\n\n<p class=\"has-black-color has-text-color has-background has-medium-font-size\" style=\"background-color:#f1fcf8\">Neatjaunojot Latvijas valsti 1991.gada 21.august\u0101 notika tas pats kas ar m\u0113teli.<\/p>\n\n\n\n<p class=\"has-black-color has-text-color has-background has-medium-font-size\" style=\"background-color:#f1fcf8\"><strong>Augst\u0101k\u0101 Padome,<\/strong> liekas ka prec\u012bzi zin\u0101ja, kas ir p\u0101rk\u0101rto\u0161an\u0101s un to ar\u012b \u012bstenoja !<\/p>\n\n\n\n<p class=\"has-black-color has-text-color has-background has-medium-font-size\" style=\"background-color:#f1fcf8\">Bija t\u0101di cilv\u0113ki, taj\u0101 skait\u0101 ar\u012b es, kas j\u016bsmoja par <strong>Latvijas valsts<\/strong> atjauno\u0161anu.<br>S\u0101k\u0101m mekl\u0113t savas zemes st\u016br\u012bti, savu kakti\u0146u, kas pieder\u0113ja m\u016bsu sen\u010diem uz 1940.gada 17. j\u016bniju.<\/p>\n\n\n\n<p class=\"has-black-color has-text-color has-background has-medium-font-size\" style=\"background-color:#f1fcf8\">M\u0113s neesam aizmirsu\u0161i savu pieder\u012bbu un pag\u0101tni, savu t\u0113vu, m\u0101ti un t\u0113vzemi.<br>Daudzi tagad ir piespiedu k\u0101rt\u0101 atrauti no savas t\u0113vu zemes, s\u0101k aizmirst savu tautu un sen\u010du kapa vietas.<\/p>\n\n\n\n<p class=\"has-black-color has-text-color has-background has-medium-font-size\" style=\"background-color:#f1fcf8\">P\u0101rk\u0101rto\u0161anos <strong>Latvij\u0101 <\/strong>organiz\u0113ja un vad\u012bja bo\u013c\u0161eviki!<\/p>\n\n\n\n<p class=\"has-black-color has-text-color has-background has-medium-font-size\" style=\"background-color:#f1fcf8\">Tie paredz\u0113ja sav\u0101 p\u0101rk\u0101rto\u0161an\u0101s programm\u0101, neatjaunot <strong>Neatkar\u012bgu valsti<\/strong>, bet saglab\u0101t Padomju iek\u0101rtu, palielinot t\u0101s balstus \u2013 <strong>ier\u0113d\u0146u armiju l\u012bdz 300 000, atz\u012bm\u0113\u0161u, ka uz 1938 gadu mums pietika 18 908 ar ier\u0113d\u0146iem.<\/strong><\/p>\n\n\n\n<p class=\"has-black-color has-text-color has-background has-medium-font-size\" style=\"background-color:#f1fcf8\">Ko m\u0113s redzam, kas notiek <strong>Latvij\u0101 <\/strong>pa\u0161reiz ?<\/p>\n\n\n\n<p class=\"has-black-color has-text-color has-background has-medium-font-size\" style=\"background-color:#f1fcf8\">Bo\u013c\u0161eviki \u2013 tie ir <strong>Komunistisk\u0101s partijas nomenklat\u016bra<\/strong> un to bija 2158 no kop\u0113j\u0101 partijas skaita.<\/p>\n\n\n\n<p class=\"has-black-color has-text-color has-background has-medium-font-size\" style=\"background-color:#f1fcf8\">Tie\u0161i bo\u013c\u0161eviki rad\u012bja alvas zald\u0101ti\u0146us, br\u012bnuma skroderu, mankurtus, kas turpin\u0101tu ien\u012bst dr. <strong>K. Ulma\u0146a<\/strong> vald\u012bbas izstr\u0101d\u0101to tautsaimniec\u012bbas modeli un <strong>Latvie\u0161u Zemnieku<\/strong> <strong>Savien\u012bbas <\/strong>izstr\u0101d\u0101tiem Satversmes groz\u012bjumiem, kurus m\u0113s atk\u0101rtoti iesniedz\u0101m Saeimai 2007 gad\u0101.<\/p>\n\n\n\n<p class=\"has-black-color has-text-color has-background has-medium-font-size\" style=\"background-color:#f1fcf8\"><strong>4. maija kli\u0137e<\/strong> saglab\u0101jot varu <strong>Latvij\u0101,<\/strong> neatjaunoja pavalstniec\u012bbas un valodas likumu, k\u0101 ar\u012b likumus par pa\u0161vald\u012bb\u0101m, apri\u0146\u0137iem un <strong>Latvijas banku<\/strong>, t\u0101 ar\u012b neatjaunoja \u012bpa\u0161uma ties\u012bbas 273 642 likum\u012bgajiem saimniekiem, kurus izveda, vai pa\u0161i dev\u0101s trimd\u0101.<\/p>\n\n\n\n<p class=\"has-black-color has-text-color has-background has-medium-font-size\" style=\"background-color:#f1fcf8\">Lai saglab\u0101tu valsts neatkar\u012bbu, <strong>\u017dans \u017daks Ruso<\/strong> ir teicis: <em>\u201cVien\u012bgais veids, k\u0101 notur\u0113t valsti neatkar\u012bg\u0101 st\u0101vokl\u012b no jebkura, ir lauksaimniec\u012bba. Pat, ja jums ir visas pasaules bag\u0101t\u012bbas, bet jums nav ko \u0113st \u2013 j\u016bs esat atkar\u012bgs no citiem \u2026 Tirdzniec\u012bba rada bag\u0101t\u012bbu, bet lauksaimniec\u012bba nodro\u0161ina br\u012bv\u012bbu.\u201d<\/em><\/p>\n\n\n\n<p class=\"has-black-color has-text-color has-background has-medium-font-size\" style=\"background-color:#f1fcf8\"><strong>Dr. K\u0101rlis Ulmanis<\/strong> vair\u0101kk\u0101rt atz\u012bm\u0113ja:<em> \u201eM\u016bsu gruntniec\u012bba nav un nedr\u012bkst b\u016bt kapit\u0101listisks uz\u0146\u0113mums. Lauku m\u0101jas ir zemturu \u0123imenes m\u016b\u017ea un paaud\u017eu m\u012btnes, un tautas dz\u012bv\u0101 sp\u0113ka m\u016b\u017e\u012bgais avots. T\u0101p\u0113c j\u0101aizkav\u0113 gruntniec\u012bbas, zemes un m\u0101ju patais\u012b\u0161ana par tirgus preci un spekul\u0101cijas priek\u0161metu\u201d.<\/em><\/p>\n\n\n\n<p class=\"has-black-color has-text-color has-background has-medium-font-size\" style=\"background-color:#f1fcf8\"><strong>Prof. O. Krasti\u0146\u0161<\/strong> iesaka: <em>\u201eTirgus ekonomikas asinis, kas dod dz\u012bv\u012bbu visiem saimnieciskiem procesiem, ir da\u017e\u0101di maks\u0101\u0161anas l\u012bdzek\u013ci, kurus likums pie\u013cauj apgroz\u012bbai. (nacion\u0101l\u0101 nauda, \u0101rzemju val\u016bta, vekse\u013ci, v\u0113rtspap\u012bri u. c.) Ja vald\u012bba grib kontrol\u0113t st\u0101vokli valst\u012b, tai vispirms j\u0101kontrol\u0113 \u0161is galvenais makroekonomiskais dzin\u0113jsp\u0113ks, Ja vald\u012bba to nedara, vi\u0146a labpr\u0101t\u012bgi atsak\u0101s no saimniecisk\u0101s varas, kas agr\u0101k vai v\u0113l\u0101k noz\u012bm\u0113 ar\u012b nacion\u0101l\u0101s politisk\u0101s varas un neatkar\u012bbas zaud\u0113\u0161anu\u201d.<\/em><\/p>\n\n\n\n<p class=\"has-black-color has-text-color has-background has-medium-font-size\" style=\"background-color:#f1fcf8\"><strong>Latvij\u0101 tiek p\u0101rk\u0101pta Satversme.<\/strong><br>Sakar\u0101 ar to, ka <strong>Saeimas deput\u0101ti ignor\u0113 Satversmi<\/strong> un nepilda savu zv\u0113restu, m\u0113s rosin\u0101j\u0101m <strong>Saeimas atsauk\u0161anu.<\/strong><br><strong>Saeimas <\/strong>atsauk\u0161anu blo\u0137\u0113ja <strong>CVK <\/strong>un <strong>Valsts p\u0101rvaldes strukt\u016bras,<\/strong> t\u0101 k\u0101rt\u0113jo reizi ignor\u0113jot pamatlikumu <strong>Satversmi.<\/strong><br>Cik daudz ir parakst\u012bju\u0161ies ierosin\u0101jumam par 13.Saeimas atsauk\u0161anu m\u0113s nezin\u0101m, jo<strong> CVK <\/strong>nav visus re\u0123istr\u0113jusi.<br>Kam\u0113r <strong>\u0122ener\u0101lprokurat\u016bra<\/strong> noskaidros, parakst\u012bt\u0101ju skaitu, aicinu ignor\u0113t \u0161o<strong> Saeimu<\/strong> un Vald\u012bbu<\/p>\n\n\n\n<p class=\"has-black-color has-text-color has-background has-medium-font-size\" style=\"background-color:#f1fcf8\">Tikai iev\u0113lot tautas <strong>Saeimu <\/strong>atbilsto\u0161i <strong>Satversmei<\/strong>, m\u0113s atbr\u012bvosimies no nosl\u0113pumu valsts, jo tas, k\u0101 zog, ir komercnosl\u0113pums, tas, k\u0101 apzog m\u016bs, ir valsts nosl\u0113pums!<\/p>\n\n\n\n<p class=\"has-black-color has-text-color has-background has-medium-font-size\" style=\"background-color:#f1fcf8\">Nobeigum\u0101 gribu atg\u0101din\u0101t <strong>Rai\u0146a<\/strong> teikto: <em>\u201cKad tauta iet post\u0101 \u2013 tad p\u0101rejam nav j\u0113gas!\u201d<\/em><\/p>\n\n\n\n<p class=\"has-black-color has-text-color has-background has-medium-font-size\" style=\"background-color:#f1fcf8\"><strong>Art\u016brs Malta, Latvijas Lauksaimniec\u012bbas Kameras<\/strong><em>(LLK)<\/em> un <strong>Latvie\u0161u Zemnieku<\/strong> Savien\u012bbas <em>(LZS)<\/em> priek\u0161s\u0113d\u0113t\u0101js. <strong>Biedr\u012bbas \u201eVaru Latvijas Tautai\u201d Valdes loceklis<\/strong>.<\/p>\n\n\n\n<p class=\"has-black-color has-text-color has-background has-medium-font-size\" style=\"background-color:#f1fcf8\">R\u012bg\u0101, 2020.gada 12. decembr\u012b. TEL.: +371 26 34 77 83; e-pasts: <a href=\"mailto:zemnieks@latnet.lv\">zemnieks@latnet.lv<\/a><\/p>\n\n\n\n<p class=\"has-white-color has-vivid-red-background-color has-text-color has-background has-large-font-size\">LRTT viedoklis<\/p>\n\n\n\n<p><\/p>\n\n\n\n<figure class=\"wp-block-image size-large is-resized\"><img decoding=\"async\" loading=\"lazy\" src=\"https:\/\/tautastribunals.eu\/wp-content\/uploads\/2020\/05\/Urbanovi\u010ds.\u0160mits.Lato-Lapsa.Borovkovs-Kopie-800x238.png\" alt=\"\" class=\"wp-image-56039\" width=\"1282\" height=\"381\" srcset=\"https:\/\/tautastribunals.eu\/wp-content\/uploads\/2020\/05\/Urbanovi\u010ds.\u0160mits.Lato-Lapsa.Borovkovs-Kopie-800x238.png 800w, https:\/\/tautastribunals.eu\/wp-content\/uploads\/2020\/05\/Urbanovi\u010ds.\u0160mits.Lato-Lapsa.Borovkovs-Kopie-300x89.png 300w, https:\/\/tautastribunals.eu\/wp-content\/uploads\/2020\/05\/Urbanovi\u010ds.\u0160mits.Lato-Lapsa.Borovkovs-Kopie-768x229.png 768w, https:\/\/tautastribunals.eu\/wp-content\/uploads\/2020\/05\/Urbanovi\u010ds.\u0160mits.Lato-Lapsa.Borovkovs-Kopie.png 887w\" sizes=\"(max-width: 1282px) 100vw, 1282px\" \/><figcaption><strong><span class=\"has-inline-color has-vivid-red-color\">L\u016bk, di\u017eie patrioti, Saeimas &#8220;atlaid\u0113ji&#8221;, kuri cer tikt pie varas. Visi k\u0101 viens \u010dekas izdzimumi !<\/span><\/strong><\/figcaption><\/figure>\n\n\n\n<p class=\"has-black-color has-text-color has-background has-medium-font-size\" style=\"background-color:#fcf6f6\"><strong>Pirmk\u0101rt:<\/strong> Nevajadz\u0113tu tik brut\u0101li un uzb\u0101z\u012bgi uzsv\u0113rt to <strong>LATVIJAS TAUTU,<\/strong> pirms nav notikusi okup\u0101cijas demont\u0101\u017ea. Jebkur\u0161 pilsonis, ieskaitot<strong> E. Luni<\/strong>, <strong>Jums<\/strong> ir ties\u012bgs to atg\u0101din\u0101t un pat nod\u0113v\u0113t par provokatoru.<\/p>\n\n\n\n<p class=\"has-black-color has-text-color has-background has-medium-font-size\" style=\"background-color:#fcf6f6\"><strong>Otrk\u0101rt:<\/strong> K\u0101 var \u0161odienas kolonistu v\u0113l\u0113t\u0101ju elektor\u0101ts iev\u0113l\u0113t <strong>Saeimu ATBILSTO\u0160I SATVERSMEI<\/strong> ? Tas ta\u010du ir vist\u012br\u0101kais murgs, ko <strong>J\u016bs<\/strong> pau\u017eat !!! Un cit\u0113t<strong> Raini <\/strong>ir gal\u012bgi neviet\u0101, kad v\u0113l\u0113\u0161anu ties\u012bbas ir iedotas latvie\u0161u tautas bend\u0113m ! Es, <strong>Linards Granti\u0146\u0161,<\/strong> esmu piln\u012bgi pret <strong>Saeimas<\/strong> atlai\u0161anu, jo t\u0101s vietu jau noskat\u012bju\u0161i <strong>Maskavas- Telavivas marionetes<\/strong> ! Nedom\u0101ju, ka <strong>J\u016bs<\/strong> to neredzat un nesaprotat ! T\u0101tad, atbilde pati uzkr\u012bt uz m\u0113les un t\u0101 ir t\u0101da, k\u0101 sac\u012bja <strong>Eduards Lunis<\/strong> iepriek\u0161\u0113j\u0101 raksta koment\u0101r\u0101.<\/p>\n\n\n\n<p class=\"has-black-color has-text-color has-background has-medium-font-size\" style=\"background-color:#fcf6f6\"><strong>Tre\u0161k\u0101rt:<\/strong> \u0160\u012b <strong>i- vietne Jums<\/strong> ir pateic\u012bga par <strong>K\u0101r\u013ca Ulma\u0146a <\/strong>pareizo v\u0113rt\u0113jumu, bet viss p\u0101r\u0113jais ir <strong>provok\u0101cijas- nodev\u012bbas ETALONS<\/strong> !<\/p>\n\n\n\n<p>17.12.,20<\/p>\n\n\n\n<p><\/p>\n","protected":false},"excerpt":{"rendered":"<p>Latvijas Tauta ! Sena paties\u012bba ir, j\u0101 m\u0113telim sapog\u0101 nepareizi pirmo pogu, tad visas p\u0101rej\u0101s ir nepareizi ! Neatjaunojot Latvijas valsti 1991.gada 21.august\u0101 notika tas pats kas ar m\u0113teli. Augst\u0101k\u0101 Padome, liekas ka prec\u012bzi&#46;&#46;&#46;<\/p>\n","protected":false},"author":1,"featured_media":54161,"comment_status":"open","ping_status":"open","sticky":false,"template":"","format":"standard","meta":[],"categories":[1],"tags":[],"_links":{"self":[{"href":"https:\/\/tautastribunals.eu\/index.php?rest_route=\/wp\/v2\/posts\/58835"}],"collection":[{"href":"https:\/\/tautastribunals.eu\/index.php?rest_route=\/wp\/v2\/posts"}],"about":[{"href":"https:\/\/tautastribunals.eu\/index.php?rest_route=\/wp\/v2\/types\/post"}],"author":[{"embeddable":true,"href":"https:\/\/tautastribunals.eu\/index.php?rest_route=\/wp\/v2\/users\/1"}],"replies":[{"embeddable":true,"href":"https:\/\/tautastribunals.eu\/index.php?rest_route=%2Fwp%2Fv2%2Fcomments&post=58835"}],"version-history":[{"count":4,"href":"https:\/\/tautastribunals.eu\/index.php?rest_route=\/wp\/v2\/posts\/58835\/revisions"}],"predecessor-version":[{"id":58840,"href":"https:\/\/tautastribunals.eu\/index.php?rest_route=\/wp\/v2\/posts\/58835\/revisions\/58840"}],"wp:featuredmedia":[{"embeddable":true,"href":"https:\/\/tautastribunals.eu\/index.php?rest_route=\/wp\/v2\/media\/54161"}],"wp:attachment":[{"href":"https:\/\/tautastribunals.eu\/index.php?rest_route=%2Fwp%2Fv2%2Fmedia&parent=58835"}],"wp:term":[{"taxonomy":"category","embeddable":true,"href":"https:\/\/tautastribunals.eu\/index.php?rest_route=%2Fwp%2Fv2%2Fcategories&post=58835"},{"taxonomy":"post_tag","embeddable":true,"href":"https:\/\/tautastribunals.eu\/index.php?rest_route=%2Fwp%2Fv2%2Ftags&post=58835"}],"curies":[{"name":"wp","href":"https:\/\/api.w.org\/{rel}","templated":true}]}}