{"id":58697,"date":"2020-12-07T17:48:25","date_gmt":"2020-12-07T15:48:25","guid":{"rendered":"https:\/\/tautastribunals.eu\/?p=58697"},"modified":"2020-12-07T17:48:27","modified_gmt":"2020-12-07T15:48:27","slug":"igors-pimenovs-lielais-terors-un-latvijas-neerta-pieminas-diena","status":"publish","type":"post","link":"https:\/\/tautastribunals.eu\/?p=58697","title":{"rendered":"Igors Pimenovs: Lielais terors un Latvijas ne\u0113rt\u0101 piemi\u0146as diena"},"content":{"rendered":"\n<p>  <\/p>\n\n\n\n<figure class=\"wp-block-image size-large is-resized\"><img decoding=\"async\" loading=\"lazy\" src=\"https:\/\/tautastribunals.eu\/wp-content\/uploads\/2019\/11\/www.tautastribunals.eu-12-800x112.png\" alt=\"\" class=\"wp-image-53856\" width=\"1284\" height=\"180\" srcset=\"https:\/\/tautastribunals.eu\/wp-content\/uploads\/2019\/11\/www.tautastribunals.eu-12-800x112.png 800w, https:\/\/tautastribunals.eu\/wp-content\/uploads\/2019\/11\/www.tautastribunals.eu-12-300x42.png 300w, https:\/\/tautastribunals.eu\/wp-content\/uploads\/2019\/11\/www.tautastribunals.eu-12-768x108.png 768w, https:\/\/tautastribunals.eu\/wp-content\/uploads\/2019\/11\/www.tautastribunals.eu-12.png 950w\" sizes=\"(max-width: 1284px) 100vw, 1284px\" \/><\/figure>\n\n\n\n<figure class=\"wp-block-image size-large is-resized\"><img decoding=\"async\" loading=\"lazy\" src=\"https:\/\/tautastribunals.eu\/wp-content\/uploads\/2019\/11\/U\u0161akovsGodmanisV\u0113jonisGranti\u0146\u0161LRTT-1.png\" alt=\"\" class=\"wp-image-53671\" width=\"1283\" height=\"768\" srcset=\"https:\/\/tautastribunals.eu\/wp-content\/uploads\/2019\/11\/U\u0161akovsGodmanisV\u0113jonisGranti\u0146\u0161LRTT-1.png 625w, https:\/\/tautastribunals.eu\/wp-content\/uploads\/2019\/11\/U\u0161akovsGodmanisV\u0113jonisGranti\u0146\u0161LRTT-1-300x180.png 300w\" sizes=\"(max-width: 1283px) 100vw, 1283px\" \/><\/figure>\n\n\n\n<p class=\"has-white-color has-text-color has-background has-medium-font-size\" style=\"background-color:#981111\">Gr\u016bti patekt, k\u0101du apsv\u0113rumu d\u0113\u013c <strong>I. Pimenovs <\/strong>ir \u0161o inform\u0101ciju public\u0113jis. Nu ne jau aiz l\u012bdzciet\u012bbas un m\u012blest\u012bbas pret latvie\u0161u tautu. Bet tas \u0161aj\u0101 gad\u012bjum\u0101 nav svar\u012bg\u0101kais. Svar\u012bgs ir tas, ka \u0161\u012b inform\u0101cija atbilst <strong>Paties\u012bbai <\/strong>un t\u0101p\u0113c t\u0101 tiek ar\u012b p\u0101rpublic\u0113ta \u0161aj\u0101 vietn\u0113. \u0160odien pie varas eso\u0161ie \u0161o jaut\u0101jumu cen\u0161\u0101s p\u0113c iesp\u0113jas maz\u0101k piemin\u0113t, jo visi vi\u0146i ir<strong> Visarionovi\u010da Sta\u013cina<\/strong> politikas \u012bstenot\u0101ji \u0161odienas<strong> Latvijas Republik\u0101. <\/strong>Piln\u012bgi visi prezidenti ir no <strong>Sta\u013cina komandas.<\/strong> Uzsveru- <strong>PILN\u012aGI VISI<\/strong> ! <\/p>\n\n\n\n<figure class=\"wp-block-image size-large is-resized\"><img decoding=\"async\" loading=\"lazy\" src=\"https:\/\/tautastribunals.eu\/wp-content\/uploads\/2020\/12\/Karlis-Ulmanis.Freiberga.Levits.Grantins.LRTT-Kopie.png\" alt=\"\" class=\"wp-image-58700\" width=\"1273\" height=\"1102\" srcset=\"https:\/\/tautastribunals.eu\/wp-content\/uploads\/2020\/12\/Karlis-Ulmanis.Freiberga.Levits.Grantins.LRTT-Kopie.png 588w, https:\/\/tautastribunals.eu\/wp-content\/uploads\/2020\/12\/Karlis-Ulmanis.Freiberga.Levits.Grantins.LRTT-Kopie-300x260.png 300w\" sizes=\"(max-width: 1273px) 100vw, 1273px\" \/><\/figure>\n\n\n\n<p class=\"has-white-color has-text-color has-background has-medium-font-size\" style=\"background-color:#981f1f\"><strong>VVF <\/strong>ir viena no trim, kura sa\u0146\u0113musi <strong>Kalergi balvu,<\/strong> proti, par: <strong>nacion\u0101lo valstu izn\u012bcin\u0101\u0161anu<\/strong>. \u0160\u012b noziedzniece, kura visu savu m\u016b\u017eu ir bijusi \u010dekas darbiniece, b\u016btu ties\u0101jama un pakarama bez tiesas sprieduma, jo \u0161is &#8220;augstais apbalvojums&#8221; ir tam pier\u0101d\u012bjums.      <\/p>\n\n\n\n<h4>Kas tad ir \u0161is<strong> Kalergi<\/strong> ?<\/h4>\n\n\n\n<p><a href=\"https:\/\/www.epochtimes.de\/politik\/welt\/eu-umsetzung-des-kalergi-plans-merkel-erhielt-2010-kalergi-preis-a2345441.html\">https:\/\/www.epochtimes.de\/politik\/welt\/eu-umsetzung-des-kalergi-plans-merkel-erhielt-2010-kalergi-preis-a2345441.html<\/a><\/p>\n\n\n\n<p class=\"has-black-color has-text-color\">Redzamais teksts pie v\u0101cu video: <strong>Im Kalergi-Plan wird seit 1922 die Abschaffung der europ\u00e4ischen V\u00f6lkervielfalt angedacht, eine &#8220;Alternativlosigkeit&#8221; des Planes wurde herbeigeredet &#8230; und Bundeskanzlerin Angela Merkel wurde 2010 mit dem &#8220;Europapreis&#8221; der &#8220;Coudenhove-Kalergi Stiftung&#8221; ausgezeichnet<em>.<\/em><\/strong><\/p>\n\n\n\n<p class=\"has-black-color has-text-color\"><em>( Kalergi pl\u0101ns: Jau 1922 gad\u0101 tiek izskat\u012bts jaut\u0101jums par Eiropas tautu daudzveid\u012bbas aizst\u0101\u0161anu ar multi- sabiedr\u012bbu. 2010. gad\u0101 Merkelei pie\u0161\u0137ir \u0161\u012b <strong>pl\u0101na<\/strong> balvu !)<\/em><\/p>\n\n\n\n<p class=\"has-black-color has-text-color\">Ja noskat\u012bj\u0101ties un saprat\u0101t v\u0101ciski, tad saprat\u0101t, ka \u0161ai <strong>Eiropas MULTI sabiedr\u012bbai<\/strong> nav nek\u0101ds sakars ar demokr\u0101tiju. Tas ir sl\u0113pts<strong> j\u016bdaisma TOTALIT\u0100RISMS- NACISMS<\/strong> !<\/p>\n\n\n\n<p><a href=\"https:\/\/www.tvnet.lv\/4800502\/prezidente-sanem-balvu-par-drosmi-un-principialitati-eiropas-un-demokratijas-stiprinasana\">Prezidente sa\u0146em balvu par drosmi un principialit\u0101ti Eiropas un demokr\u0101tijas stiprin\u0101\u0161an\u0101<\/a><\/p>\n\n\n\n<h6 class=\"has-black-color has-text-color\">Kalegr\u012b ir <strong>CI\u0100NAS GUDRO PROTOKOLU<\/strong> \u012bstenot\u0101js, <strong>s\u0101taniskas ideolo\u0123ijas sludin\u0101t\u0101js<\/strong> !<\/h6>\n\n\n\n<p class=\"has-black-color has-text-color\">Pret\u0113ji jebkuras<strong> Eiropas tautas gribai, tiek izn\u012bcin\u0101ts viss nacion\u0101lais<\/strong> !<\/p>\n\n\n\n<p class=\"has-white-color has-text-color has-background has-medium-font-size\" style=\"background-color:#981f1f\">  <\/p>\n\n\n\n<figure class=\"wp-block-embed-wordpress wp-block-embed is-type-wp-embed is-provider-wordpress\"><div class=\"wp-block-embed__wrapper\">\n<blockquote class=\"wp-embedded-content\" data-secret=\"AjggRJYFtp\"><a href=\"https:\/\/tautastribunals.eu\/?p=46181\">Latvie\u0161u tautas bende V.V.Freiberga(Kalergi balva)<\/a><\/blockquote><iframe class=\"wp-embedded-content\" sandbox=\"allow-scripts\" security=\"restricted\" style=\"position: absolute; clip: rect(1px, 1px, 1px, 1px);\" title=\"&#8220;Latvie\u0161u tautas bende V.V.Freiberga(Kalergi balva)&#8221; &#8212; \" src=\"https:\/\/tautastribunals.eu\/?p=46181&#038;embed=true#?secret=AjggRJYFtp\" data-secret=\"AjggRJYFtp\" width=\"500\" height=\"282\" frameborder=\"0\" marginwidth=\"0\" marginheight=\"0\" scrolling=\"no\"><\/iframe>\n<\/div><\/figure>\n\n\n\n<p>07.12.20<\/p>\n\n\n\n<p class=\"has-black-color has-text-color has-background has-medium-font-size\" style=\"background-color:#e2f2ec\"><strong>Igors Pimenovs: Lielais terors un Latvijas ne\u0113rt\u0101 piemi\u0146as diena&nbsp;<\/strong><\/p>\n\n\n\n<p class=\"has-black-color has-text-color has-background has-medium-font-size\" style=\"background-color:#e2f2ec\">Latvijas kalend\u0101r\u0101 ir tr\u012bs piemi\u0146as dienas, kad atceramies netaisn\u012bgi noties\u0101tos, izs\u016bt\u012btos un no\u0161autos. Div\u0101m piemi\u0146as dien\u0101m \u2013 25. martam un 14. j\u016bnijam \u2212 tradicion\u0101li tiek piev\u0113rsta sabiedr\u012bbas uzman\u012bba, ir izveidojusies piemi\u0146as pas\u0101kumu trad\u012bcija. Gatavo\u0161an\u0101s tiem notiek savlaic\u012bgi, un tie norit svin\u012bgi. Vald\u012bbas locek\u013ci un Saeimas Prezidijs noliek ziedus pie Br\u012bv\u012bbas pieminek\u013ca R\u012bg\u0101. Notiek konferences, tiek public\u0113ti raksti medijos, notieko\u0161o p\u0101rraida telev\u012bzija.<\/p>\n\n\n\n<p class=\"has-black-color has-text-color has-background has-medium-font-size\" style=\"background-color:#e2f2ec\">Turpretim decembra pirmaj\u0101 sv\u0113tdien\u0101 nekas taml\u012bdz\u012bgs nenotiek. Tikai s\u0113ru lent\u012btes pie karogu mastiem atg\u0101dina par k\u0101du jau pasen notiku\u0161u nelaimi. Piemi\u0146as diena norit klusi, neman\u0101mi.<\/p>\n\n\n\n<p class=\"has-black-color has-text-color has-background has-medium-font-size\" style=\"background-color:#e2f2ec\">Lai gan 1937. un 1938. gad\u0101 boj\u0101 g\u0101ja vair\u0101k cilv\u0113ku nek\u0101 1941. un 1949. gada izs\u016bt\u012bjumu laik\u0101 un ar\u012b latvie\u0161u vaj\u0101\u0161ana taj\u0101 laik\u0101 bija liel\u0101ka, tagad\u0113j\u0101 vara klus\u0113 par t\u0101 laika decembra s\u0101kuma notikumiem. Nesagaidu piemi\u0146as pas\u0101kumus ar\u012b \u0161aj\u0101 decembr\u012b, kad aprit 82 gadi, kop\u0161 Sta\u013cina Padomju Savien\u012bb\u0101 s\u0101k\u0101s pret latvie\u0161iem v\u0113rstais terors.<\/p>\n\n\n\n<p class=\"has-black-color has-text-color has-background has-medium-font-size\" style=\"background-color:#e2f2ec\"><strong>Noziegums<\/strong><\/p>\n\n\n\n<p class=\"has-black-color has-text-color has-background has-medium-font-size\" style=\"background-color:#e2f2ec\">&#8220;Latvie\u0161u oper\u0101cija&#8221; k\u013cuva par vienu no t\u0101m Liel\u0101 terora laika &#8220;nacion\u0101laj\u0101m oper\u0101cij\u0101m&#8221; kara priek\u0161vakar\u0101, kuru \u012bsteno\u0161anas m\u0113r\u0137is bija likvid\u0113t &#8220;spiegu un diversantu b\u0101zi&#8221;, kuru PSRS teritorij\u0101 bija izveidoju\u0161as &#8220;kapit\u0101listisk\u0101&#8221; aplenkuma valstis. &#8220;Nacion\u0101l\u0101s&#8221; oper\u0101cijas tika \u012bstenotas pret \u0101rzemju kolonij\u0101m un cit\u0101m jebk\u0101d\u0101 veid\u0101 ar \u0101rzem\u0113m saist\u012bt\u0101m kopien\u0101m. Visas t\u0101s l\u012bdzin\u0101j\u0101s pirmajai, &#8220;po\u013cu oper\u0101cijai&#8221;. N\u0101kamie bija v\u0101cie\u0161i, harbinie\u0161i un rum\u0101\u0146i, un tad, 1937. gada novembra beig\u0101s, pien\u0101ca rinda latvie\u0161iem. V\u0113l bija represijas pret somiem, igau\u0146iem, \u0137\u012bnie\u0161iem, afg\u0101\u0146iem, ir\u0101\u0146iem, grie\u0137iem, bulg\u0101riem. 1937. un 1938. gad\u0101 &#8220;latvie\u0161u oper\u0101cijas&#8221; laik\u0101 Iek\u0161lietu tautas komisari\u0101ts (NKVD) arest\u0113ja apm\u0113ram 25 t\u016bksto\u0161us latvie\u0161u, &#8220;sevi\u0161\u0137\u0101s trijotnes&#8221; noties\u0101ja 22 360 cilv\u0113kus, t.sk. no\u0161aujot 16 573 cilv\u0113kus.<\/p>\n\n\n\n<p class=\"has-black-color has-text-color has-background has-medium-font-size\" style=\"background-color:#e2f2ec\">Raksts turpin\u0101s p\u0113c rekl\u0101mas.<\/p>\n\n\n\n<p class=\"has-black-color has-text-color has-background has-medium-font-size\" style=\"background-color:#e2f2ec\">Maskav\u0101 dzimu\u0161ais latvietis, izcilais laikraksta &#8220;Izvestija&#8221; \u017eurn\u0101lists Oto L\u0101cis man st\u0101st\u012bja par savu t\u0113vu, pagr\u012bdnieku R\u016bdolfu L\u0101ci. Latvijas Komunistisk\u0101 partija vi\u0146u bija neleg\u0101li nos\u016bt\u012bjusi uz Maskavu m\u0101c\u012bties Kominternes universit\u0101t\u0113. P\u0113c studiju pabeig\u0161anas R\u016bdolfam L\u0101cim tika pied\u0101v\u0101ts k\u0101 br\u012bvpr\u0101t\u012bgajam doties uz Sp\u0101niju c\u012bn\u012bties republik\u0101\u0146u pus\u0113. 1939. gada pavasar\u012b atgriezies Maskav\u0101, vi\u0146\u0161 nesastapa nevienu no tiem, ar ko bija m\u0101c\u012bjies un p\u0113c tam str\u0101d\u0101jis. Arest\u0113ti bija visi. K\u0101 st\u0101st\u012bja Oto L\u0101cis, kar\u0161 Sp\u0101nij\u0101 komunistam latvietim bija izr\u0101d\u012bjies dro\u0161\u0101ka vieta nek\u0101 padomju Maskava.<\/p>\n\n\n\n<p class=\"has-black-color has-text-color has-background has-medium-font-size\" style=\"background-color:#e2f2ec\"><strong>Austrumu latvie\u0161i<\/strong><\/p>\n\n\n\n<p class=\"has-black-color has-text-color has-background has-medium-font-size\" style=\"background-color:#e2f2ec\">20. gadu vid\u016b PSRS dz\u012bvoja 150 000 latvie\u0161u, galvenok\u0101rt \u013be\u0146ingradas, Maskavas, Novosibirskas un Smo\u013censkas apgabal\u0101, Baltkrievijas PSR, Ukrainas PSR un Sib\u012brijas ciemos. Latvie\u0161us, kuri dz\u012bvoja, izkais\u012bti \u0161\u0101dos pla\u0161umos, tom\u0113r satur\u0113ja kop\u0101 sabiedrisk\u0101s un kult\u016bras organiz\u0101cijas. Piem\u0113ram, t\u0101das k\u0101 kult\u016brizgl\u012bt\u012bbas biedr\u012bba &#8220;Prometejs&#8221;, kas PSRS dz\u012bvojo\u0161o latvie\u0161u un latga\u013cu starp\u0101 izplat\u012bja zin\u0101tnisko literat\u016bru un dai\u013cliterat\u016bru galvenok\u0101rt latvie\u0161u valod\u0101. Latvie\u0161u valod\u0101 tika izdoti \u017eurn\u0101li &#8220;Celtne&#8221; un &#8220;C\u012b\u0146as Biedrs&#8221;, av\u012bzes &#8220;Komun\u0101ru C\u012b\u0146a&#8221; un &#8220;Darba B\u0113rni&#8221;. Maskav\u0101 darboj\u0101s latvie\u0161u te\u0101tris &#8220;Skatuve&#8221;.<\/p>\n\n\n\n<p class=\"has-black-color has-text-color has-background has-medium-font-size\" style=\"background-color:#e2f2ec\">Kaut gan pirmskara PSRS dz\u012bvojo\u0161o latvie\u0161u skaits bija sal\u012bdzino\u0161i neliels, vi\u0146u loma sabiedr\u012bbas dz\u012bv\u0113 bija liela. Daudzi no vi\u0146iem str\u0101d\u0101ja augstos milit\u0101ros amatos, aizsardz\u012bbas r\u016bpniec\u012bb\u0101, NKVD, bija revol\u016bcijas veter\u0101ni, t\u0101 veco bo\u013c\u0161eviku kategorija, kuru Sta\u013cins sevi\u0161\u0137i ien\u012bda.<\/p>\n\n\n\n<p class=\"has-black-color has-text-color has-background has-medium-font-size\" style=\"background-color:#e2f2ec\">&#8220;<strong>Oper\u0101cija&#8221;<\/strong><\/p>\n\n\n\n<p class=\"has-black-color has-text-color has-background has-medium-font-size\" style=\"background-color:#e2f2ec\">M\u0101ko\u0146i p\u0101r vi\u0146u galv\u0101m savilk\u0101s 1937. gada pavasar\u012b. 25. j\u016bnij\u0101 arest\u0113ja PSRS Tautas komis\u0101ru padomes priek\u0161s\u0113d\u0113t\u0101ja vietnieku J\u0101ni Rudzutaku. Vienlaic\u012bgi no apgroz\u012bbas tika iz\u0146emtas &#8220;tautas ienaidnieku&#8221; Linarda Laicena un Roberta Eidema\u0146a gr\u0101matas. Tika sl\u0113gta kult\u016brizgl\u012bt\u012bbas biedr\u012bba &#8220;Prometejs&#8221; un arest\u0113ts t\u0101s valdes priek\u0161s\u0113d\u0113t\u0101js J\u016blijs Dani\u0161evskis, redzams latvie\u0161u revolucion\u0101rs un pilso\u0146u kara dal\u012bbnieks Krievij\u0101. Novembra beig\u0101s tika arest\u0113ti iev\u0113rojamie latvie\u0161u padomju valstsv\u012bri J\u0113kabs Alksnis, J\u0101nis B\u0113rzi\u0146\u0161, J\u0113kabs Peterss, M\u0101rti\u0146\u0161 L\u0101cis, Jukums V\u0101cietis. Vi\u0146us no\u0161\u0101va 1938. gad\u0101.<\/p>\n\n\n\n<p class=\"has-black-color has-text-color has-background has-medium-font-size\" style=\"background-color:#e2f2ec\">Ta\u010du masveid\u012bga &#8220;latvie\u0161u oper\u0101cija&#8221; k\u013cuva p\u0113c tam, kad NKVD p\u0101rvaldes sa\u0146\u0113ma tautas komis\u0101ra Je\u017eova 1937. gada 23. novembr\u012b telegraf\u0113to pav\u0113li. Saska\u0146\u0101 ar \u0161o pav\u0113li tika uzdots 48 stundu laik\u0101 sav\u0101kt zi\u0146as par vis\u0101m latvie\u0161u iest\u0101d\u0113m, organiz\u0101cij\u0101m, kolhoziem, arte\u013ciem, pulci\u0146iem, &#8220;latvie\u0161u grup\u0113jumiem&#8221; \u2013 neatkar\u012bgi no to atra\u0161an\u0101s vietas. Pav\u0113les izpild\u012bt\u0101jiem vajadz\u0113ja sagatavoties \u0161o iest\u0101d\u012bjumu vad\u012bt\u0101ju un akt\u012bvistu arestam. Jau p\u0113c ned\u0113\u013cas, 1937. gada 3. decembr\u012b, tas pats Je\u017eovs pav\u0113l\u0113ja arest\u0113t vi\u0146us visus, k\u0101 ar\u012b politiskos emigrantus un p\u0101rb\u0113dz\u0113jus no Latvijas un visus tur dz\u012bvojo\u0161os Latvijas Republikas pavalstniekus. Likvid\u0113ja visas latvie\u0161u ciemu padomes, visus latvie\u0161u kolhozus, sl\u0113dza visas av\u012bzes un \u017eurn\u0101lus.<\/p>\n\n\n\n<p class=\"has-black-color has-text-color has-background has-medium-font-size\" style=\"background-color:#e2f2ec\">J\u0101nor\u0101da, ka latviet\u012bba k\u0101 etnisk\u0101 pieder\u012bba bija tikai form\u0101ls iegansts &#8220;oper\u0101cijas&#8221; organiz\u0113t\u0101jiem. Ta\u010du ar to bija pietiekami, lai operat\u012bvi atsij\u0101tu arestantus. \u0160\u0101d\u0101 veid\u0101 par &#8220;latvie\u0161u spiegiem&#8221; k\u013cuva gan krievi, gan v\u0101cie\u0161i, gan ebreji.<\/p>\n\n\n\n<p class=\"has-black-color has-text-color has-background has-medium-font-size\" style=\"background-color:#e2f2ec\">Vienlaikus latvie\u0161u vaj\u0101\u0161anai, arestiem un n\u0101vessodiem bija izlases un masveida raksturs. Tas padar\u012bja &#8220;latvie\u0161u oper\u0101ciju&#8221; par genoc\u012bdu. Par &#8220;visbriesm\u012bg\u0101kaj\u0101m un asi\u0146ain\u0101kaj\u0101m represij\u0101m, k\u0101das jebkad pasaul\u0113 tiku\u0161as v\u0113rstas pret latvie\u0161u tautu&#8221;, \u2013 ar t\u0101du Sta\u013cina terora v\u0113rt\u0113jumu Austrumu latvie\u0161u biedr\u012bba 1997. gad\u0101 v\u0113rs\u0101s Saeim\u0101 un l\u016bdza izsludin\u0101t 3. decembri par s\u0113ru dienu. Kop\u0161 1998. gada pirm\u0101 decembra sv\u0113tdiena ir Pret latvie\u0161u tautu v\u0113rst\u0101 totalit\u0101r\u0101 komunistisk\u0101 re\u017e\u012bma genoc\u012bda upuru piemi\u0146as diena.<\/p>\n\n\n\n<p class=\"has-black-color has-text-color has-background has-medium-font-size\" style=\"background-color:#e2f2ec\"><strong>K\u0101p\u0113c par &#8220;latvie\u0161u oper\u0101ciju&#8221; varas gaite\u0146os klus\u0113?<\/strong><\/p>\n\n\n\n<p class=\"has-black-color has-text-color has-background has-medium-font-size\" style=\"background-color:#e2f2ec\">T\u0101p\u0113c ka \u0161is piemi\u0146as datums m\u016bsu elitei sag\u0101d\u0101 ne\u0113rt\u012bbas. \u0160ie notikumi ir norisin\u0101ju\u0161ies pirms 1940. gada 17. j\u016bnija, no kura varas v\u012bri ir pieradu\u0161i atskait\u012bt nelaimju hroniku. Turkl\u0101t decembra piemi\u0146as diena attiecas ar\u012b uz to valsti, par kuru m\u016bsu varas elitei nemaz negribas pr\u0101tot.<\/p>\n\n\n\n<p class=\"has-black-color has-text-color has-background has-medium-font-size\" style=\"background-color:#e2f2ec\">Piemin\u0113t Liel\u0101 terora upurus atceres dien\u0101 noz\u012bm\u0113tu piemin\u0113t tos, kuri apzin\u0101ti bija izv\u0113l\u0113ju\u0161ies Padomju Savien\u012bbu par savu m\u012btnes zemi. \u0160ie latvie\u0161i, iesp\u0113jams, b\u016btu var\u0113ju\u0161i atgriezties Latvij\u0101, un tom\u0113r vi\u0146i palika PSRS. Daudzi no vi\u0146iem bija Vissavien\u012bbas Komunistisk\u0101s (bo\u013c\u0161eviku) partijas biedri, vi\u0146i piedal\u012bj\u0101s jaun\u0101s valsts tap\u0161an\u0101. Ja vi\u0146i b\u016btu j\u0101sauc v\u0101rd\u0101, tad b\u016btu j\u0101st\u0101sta par to, k\u0101p\u0113c vi\u0146i dz\u012bvoja Padomju Savien\u012bb\u0101, ar ko nodarboj\u0101s un k\u0101p\u0113c vi\u0146u darb\u012bba bija tik noz\u012bm\u012bga padomju sabiedr\u012bb\u0101. Tie b\u016btu likte\u0146st\u0101sti par r\u016bpn\u012bcu direktoriem, in\u017eenieriem, ekonomistiem, politi\u0137iem, karavado\u0146iem. Tas b\u016btu likte\u0146st\u0101sts ar\u012b par tiem, kuri bija devu\u0161i savu asi\u0146aino ieguld\u012bjumu revolucion\u0101r\u0101s nepiecie\u0161am\u012bbas mor\u0101les tap\u0161an\u0101 un par to samaks\u0101ju\u0161i ar pa\u0161u rad\u012bto &#8220;sevi\u0161\u0137o trijot\u0146u&#8221; noties\u0101jo\u0161iem spriedumiem.<\/p>\n\n\n\n<p class=\"has-black-color has-text-color has-background has-medium-font-size\" style=\"background-color:#e2f2ec\">Dom\u0101jot par Liel\u0101 terora upuriem latvie\u0161iem, neizb\u0113gami b\u016btu j\u0101izdara pla\u0161i secin\u0101jumi, kas nesader ar pa\u0161reiz\u0113j\u0101m Latvijas Republik\u0101 valdo\u0161aj\u0101m ideolo\u0123iskaj\u0101m un politiskaj\u0101m kli\u0161ej\u0101m.<\/p>\n\n\n\n<p class=\"has-black-color has-text-color has-background has-medium-font-size\" style=\"background-color:#e2f2ec\">Ta\u010du vienlaikus, dom\u0101jot par \u0161iem upuriem, m\u016bsu s\u0113ras b\u016btu attiecin\u0101mas ar\u012b uz tiem, kas notic\u0113ja, ka lielinieku Krievija ir patiesi bijusi str\u0101dnieku un zemnieku valsts, uzskat\u012bja to par savu, t\u0101du, kur\u0101 tikusi \u012bstenota augst\u0101k\u0101 taisn\u012bba, un t\u0101p\u0113c da\u017ei pat emigr\u0113ja uz Padomju Savien\u012bbu, mekl\u0113ja tur gl\u0101bi\u0146u, uztic\u0113j\u0101s tai un tika nodoti. Pirm\u0101 p\u0113crevol\u016bcijas laika, padomju latvie\u0161u tra\u0123\u0113dija \u2013 t\u0101 ir uztic\u0113\u0161an\u0101s nodev\u012bbas tra\u0123\u0113dija. \u0160\u0101da nodev\u012bba var izr\u0101d\u012bties r\u016bgt\u0101ka, skaudr\u0101ka par jebkuru noziegumu.<\/p>\n\n\n\n<p class=\"has-black-color has-text-color has-background has-medium-font-size\" style=\"background-color:#e2f2ec\">\u0160is ir autora viedoklis, kas var nesakrist ar &#8220;Delfi&#8221; redakcijas nost\u0101ju.<\/p>\n\n\n\n<p class=\"has-black-color has-text-color has-background has-medium-font-size\" style=\"background-color:#e2f2ec\">Seko Delfi ar\u012b <a rel=\"noreferrer noopener\" href=\"https:\/\/www.instagram.com\/delfi.lv\/\" target=\"_blank\"><span style=\"color:#5000a3\" class=\"has-inline-color\">Instagram profil\u0101<\/span><\/a> \u2013 pievienojies, lai uzzin\u0101tu svar\u012bg\u0101ko un interesant\u0101ko pirmais!<\/p>\n\n\n\n<p><\/p>\n\n\n\n<p><\/p>\n","protected":false},"excerpt":{"rendered":"<p>Gr\u016bti patekt, k\u0101du apsv\u0113rumu d\u0113\u013c I. Pimenovs ir \u0161o inform\u0101ciju public\u0113jis. Nu ne jau aiz l\u012bdzciet\u012bbas un m\u012blest\u012bbas pret latvie\u0161u tautu. Bet tas \u0161aj\u0101 gad\u012bjum\u0101 nav svar\u012bg\u0101kais. Svar\u012bgs ir tas, ka \u0161\u012b inform\u0101cija atbilst&#46;&#46;&#46;<\/p>\n","protected":false},"author":1,"featured_media":53668,"comment_status":"open","ping_status":"open","sticky":false,"template":"","format":"standard","meta":[],"categories":[1],"tags":[],"_links":{"self":[{"href":"https:\/\/tautastribunals.eu\/index.php?rest_route=\/wp\/v2\/posts\/58697"}],"collection":[{"href":"https:\/\/tautastribunals.eu\/index.php?rest_route=\/wp\/v2\/posts"}],"about":[{"href":"https:\/\/tautastribunals.eu\/index.php?rest_route=\/wp\/v2\/types\/post"}],"author":[{"embeddable":true,"href":"https:\/\/tautastribunals.eu\/index.php?rest_route=\/wp\/v2\/users\/1"}],"replies":[{"embeddable":true,"href":"https:\/\/tautastribunals.eu\/index.php?rest_route=%2Fwp%2Fv2%2Fcomments&post=58697"}],"version-history":[{"count":10,"href":"https:\/\/tautastribunals.eu\/index.php?rest_route=\/wp\/v2\/posts\/58697\/revisions"}],"predecessor-version":[{"id":58735,"href":"https:\/\/tautastribunals.eu\/index.php?rest_route=\/wp\/v2\/posts\/58697\/revisions\/58735"}],"wp:featuredmedia":[{"embeddable":true,"href":"https:\/\/tautastribunals.eu\/index.php?rest_route=\/wp\/v2\/media\/53668"}],"wp:attachment":[{"href":"https:\/\/tautastribunals.eu\/index.php?rest_route=%2Fwp%2Fv2%2Fmedia&parent=58697"}],"wp:term":[{"taxonomy":"category","embeddable":true,"href":"https:\/\/tautastribunals.eu\/index.php?rest_route=%2Fwp%2Fv2%2Fcategories&post=58697"},{"taxonomy":"post_tag","embeddable":true,"href":"https:\/\/tautastribunals.eu\/index.php?rest_route=%2Fwp%2Fv2%2Ftags&post=58697"}],"curies":[{"name":"wp","href":"https:\/\/api.w.org\/{rel}","templated":true}]}}