{"id":58603,"date":"2020-11-28T14:17:37","date_gmt":"2020-11-28T12:17:37","guid":{"rendered":"https:\/\/tautastribunals.eu\/?p=58603"},"modified":"2020-11-28T14:20:32","modified_gmt":"2020-11-28T12:20:32","slug":"a-kadiss-protams-ka-mezvieta-saikas-bacilis","status":"publish","type":"post","link":"https:\/\/tautastribunals.eu\/?p=58603","title":{"rendered":"A. Kadi\u0161s, protams, ka Me\u017evieta \u0161aikas bacilis !"},"content":{"rendered":"\n<figure class=\"wp-block-image size-large is-resized\"><img decoding=\"async\" loading=\"lazy\" src=\"https:\/\/tautastribunals.eu\/wp-content\/uploads\/2020\/08\/Helsinki-86.-LRTT.-Granti\u0146\u0161.Bord\u0101ns.Stuk\u0101ns-5.png\" alt=\"\" class=\"wp-image-57074\" width=\"1427\" height=\"156\"\/><\/figure>\n\n\n\n<figure class=\"wp-block-image size-large is-resized\"><img decoding=\"async\" loading=\"lazy\" src=\"https:\/\/tautastribunals.eu\/wp-content\/uploads\/2020\/11\/Linards.Kadiss.Grantins.LRTT_-800x659.png\" alt=\"\" class=\"wp-image-58606\" width=\"1442\" height=\"1188\" srcset=\"https:\/\/tautastribunals.eu\/wp-content\/uploads\/2020\/11\/Linards.Kadiss.Grantins.LRTT_-800x659.png 800w, https:\/\/tautastribunals.eu\/wp-content\/uploads\/2020\/11\/Linards.Kadiss.Grantins.LRTT_-300x247.png 300w, https:\/\/tautastribunals.eu\/wp-content\/uploads\/2020\/11\/Linards.Kadiss.Grantins.LRTT_-768x633.png 768w, https:\/\/tautastribunals.eu\/wp-content\/uploads\/2020\/11\/Linards.Kadiss.Grantins.LRTT_.png 1052w\" sizes=\"(max-width: 1442px) 100vw, 1442px\" \/><\/figure>\n\n\n\n<figure class=\"wp-block-image size-large is-resized\"><img decoding=\"async\" loading=\"lazy\" src=\"https:\/\/tautastribunals.eu\/wp-content\/uploads\/2020\/11\/Ainars-Kadiss.Berzins.Grantins.LRTT_-800x376.png\" alt=\"\" class=\"wp-image-58615\" width=\"1392\" height=\"654\" srcset=\"https:\/\/tautastribunals.eu\/wp-content\/uploads\/2020\/11\/Ainars-Kadiss.Berzins.Grantins.LRTT_-800x376.png 800w, https:\/\/tautastribunals.eu\/wp-content\/uploads\/2020\/11\/Ainars-Kadiss.Berzins.Grantins.LRTT_-300x141.png 300w, https:\/\/tautastribunals.eu\/wp-content\/uploads\/2020\/11\/Ainars-Kadiss.Berzins.Grantins.LRTT_-768x361.png 768w, https:\/\/tautastribunals.eu\/wp-content\/uploads\/2020\/11\/Ainars-Kadiss.Berzins.Grantins.LRTT_-520x245.png 520w, https:\/\/tautastribunals.eu\/wp-content\/uploads\/2020\/11\/Ainars-Kadiss.Berzins.Grantins.LRTT_.png 805w\" sizes=\"(max-width: 1392px) 100vw, 1392px\" \/><figcaption><span class=\"has-inline-color has-vivid-red-color\">Ain\u0101rs Kadi\u0161s: Latvie\u0161i ir ne\u0161\u0137\u012bste\u0146i-<strong>nesatic\u012bgi, skaud\u012bgi, nevienpr\u0101t\u012bgi, liel\u012bgi, vienties\u012bgi, augstpr\u0101t\u012bgi<\/strong>\u2026 !<\/span><\/figcaption><\/figure>\n\n\n\n<p><\/p>\n\n\n\n<p class=\"has-black-color has-text-color has-background has-medium-font-size\" style=\"background-color:#e7eef3\">K\u0101da<strong> Jolanta Jolanta<\/strong><em>(jolanta, jolanta ir \u010dekistu VIEDOKLIS), <\/em>sakar\u0101 ar de\u0123ener\u0101tes <strong>I. Vi\u0146\u0137eles<\/strong> stulbajiem izteikumiem, aicin\u0101ja latvie\u0161us kop\u012bgi ar<strong> krieviem !!!<\/strong> c\u012bn\u012bties pret<strong> Latvij\u0101<\/strong> eso\u0161o sist\u0113mu- tas noz\u012bme, legaliz\u0113t okupantus. \u0160aj\u0101 sakar\u0101 ar\u012b ierakst\u012bju koment\u0101ru.<\/p>\n\n\n\n<p class=\"has-black-color has-text-color has-background has-medium-font-size\" style=\"background-color:#e7eef3\">Un tagad lasiet ko raksta <strong>A. Kadi\u0161s <\/strong>sav\u0101 v\u0113st\u012bjum\u0101<em>(raksta beigu da\u013ca pilns teksts)<\/em>:\u201d<strong> Atbr\u012bvoties no asinss\u016bc\u0113ja jeb P\u0101rdomas par Saeimas atlai\u0161anu\/patriek\u0161anu.\u201d<\/strong><\/p>\n\n\n\n<p class=\"has-black-color has-text-color has-background has-medium-font-size\" style=\"background-color:#e7eef3\">Tiek pielietot divi termini-<strong> LATVIE\u0160I<\/strong> un <strong>LATVIJAS TAUTA.<\/strong>\u00a0 Kad vi\u0146\u0161 run\u0101 par latvie\u0161iem, l\u016bk, kas tiek sac\u012bts: <em><span class=\"has-inline-color has-vivid-red-color\">\u201c <strong>Visb\u012bstam\u0101k\u0101s \u010d\u016bskas ir neredzam\u0101s, sevi\u0161\u0137i t\u0101s, kuras dz\u012bvo m\u016bsos.<\/strong>\u00a0 Mums, latvie\u0161iem, t\u0101du ir vesels mud\u017eeklis. M\u016bsu nesatic\u012bba, skaud\u012bba, nevienpr\u0101t\u012bba, liel\u012bba, vienties\u012bba un augstpr\u0101t\u012bba dzemd\u0113ju\u0161as vienu no pret\u012bg\u0101kajiem r\u0101pu\u013ciem \u2013 LR 13.Saeimu.\u201d<\/span><\/em><\/p>\n\n\n\n<p class=\"has-text-align-center has-white-color has-black-background-color has-text-color has-background\" style=\"font-size:24px\">T\u0101tad, visu \u0161o \u013caunumu ir rad\u012bju\u0161i latvie\u0161i, kas nes\u012bs: <strong>LIELU POSTU LATVIJAS TAUTAI <\/strong>! <\/p>\n\n\n\n<p class=\"has-black-color has-text-color has-background has-medium-font-size\" style=\"background-color:#e7eef3\">Un vai iegaum\u0113j\u0101t, k\u0101 <strong>LATVIEC \u201cKadi\u0161s\u201d<\/strong> raksturo latvie\u0161us: <strong>nesatic\u012bgi, skaud\u012bgi, nevienpr\u0101t\u012bgi, liel\u012bgi, vienties\u012bgi, augstpr\u0101t\u012bgi<\/strong>\u2026<em>(cionistu ati- laviskuma zomb\u0113\u0161anas piem\u0113rs) <\/em>! Un t\u0101l\u0101k tiek uzsv\u0113rta <strong>LATVIJAS TAUTA,<\/strong> kurai latvie\u0161u iev\u0113l\u0113t\u0101 vald\u012bba var atnest lielu postu !!! Gr\u016bti b\u016bs atrast \u0161im <strong>KADI\u0160AM <\/strong>l\u012bdz\u012bgu, iz\u0146emot, protams, <strong>A. Pried\u012bti<\/strong>, kur\u0161 t\u0101diem m\u0113sliem b\u016btu apl\u0113jis latvie\u0161u tautu. Un iev\u0113rojiet \u0161o <strong>LATVIJAS TAUTAS<\/strong> gl\u0101b\u0113ju uzv\u0101rdus- <strong>kadi\u0161i, jeram\u0113jevi, k\u013cimovi\u010di, vasi\u013cjevi <\/strong>un pa starpai v\u0113l kaut k\u0101di tur<strong> b\u0113rzi\u0146i<\/strong>\u2026 Tie\u0161i \u0161ie izdzimumi ar\u012b ir no patreiz pie varas eso\u0161\u0101s bandas rad\u012bti un st\u016br\u0113ti. \u0160ie m\u0113sli- k\u0101 vieni t\u0101 otri<em>(vald\u012bba un vi\u0146as rad\u012btie \u201cdisidenti\u201d),<\/em> nekad nepiemin\u0113s <strong>TIESIKUMU<\/strong>, to, ka <strong>Latvija <\/strong>bija, <strong>lau\u017eot MIERA L\u012aGUMU,<\/strong> necilv\u0113ciski, ar <strong><u>\u0101rpr\u0101ta asinsdarbiem pret Latvijas pamattautu<\/u><\/strong>, okup\u0113ta un anekt\u0113ta !\u00a0\u00a0 Tagad \u0161is m\u0113sls, kura v\u0101rds ir <strong>Ain\u0101rs Kadi\u0161s,<\/strong> \u0161os okupantus un kolonistus pieskaita <strong>LATVIJAS TAUTAI<\/strong> ! Tikai <strong><u>p\u0113d\u0113jais idiots<\/u><\/strong> var nesaprast, kam\/kuriem\/kuram <strong>KANTORIM Kadi\u0161s<\/strong> kalpo ! <\/p>\n\n\n\n<p class=\"has-text-align-center has-white-color has-black-background-color has-text-color has-background\" style=\"font-size:25px\">    Pasaule ir Dieva rad\u012bta un past\u0101v uz PATIES\u012aBAS PAMATIEM ! <\/p>\n\n\n\n<p class=\"has-black-color has-text-color has-background has-medium-font-size\" style=\"background-color:#e7eef3\">Agr\u0101k vai v\u0113l\u0101k, bet visi <strong><u>kadia\u0161veid\u012bgie j\u016bdasi <\/u><\/strong>sa\u0146ems to, ko peln\u012bju\u0161i ! <strong>Latvij\u0101<\/strong> tiks demont\u0113ta \u010dekistisk\u0101 okupantu p\u0101rvaldes sist\u0113ma un vain\u012bgie sa\u0146ems <strong>JEKELNA SKATUVI<\/strong> !<strong> Saeimas <\/strong>atlai\u0161anu prasa tie\u0161i \u010dekisti, kuriem draud \u0161\u012b <strong>JEKELNA SKATUVE<\/strong>. Ar jaun\u0101m v\u0113l\u0113\u0161an\u0101m vi\u0146i grib tikt va\u013c\u0101 no<strong> BORD\u0100NA POLITIKAS, <\/strong>kas virz\u0101s <strong>TIESISKUMA VIRZIEN\u0100.<\/strong> Patiesas un demokr\u0101tiskas v\u0113l\u0113\u0161anas var notikt tikai tad, kad tiks demont\u0113ta \u0161\u012b \u010dekistu sist\u0113ma, kolonisti izraid\u012bti un pa\u0161i \u010dekisti arest\u0113ti. Pirms atlaist <strong>Saeimu<\/strong>, ir j\u0101rada <strong>LIKUMS,<\/strong> kas aizliedz balot\u0113ties deput\u0101tiem, kuri rad\u012bju\u0161i \u0161o kr\u012bzes situ\u0101ciju !<strong> <\/strong><\/p>\n\n\n\n<p class=\"has-black-color has-text-color has-background has-medium-font-size\" style=\"background-color:#e7eef3\"><strong>A. Kadia\u0161a <\/strong>piemin\u0113tais sal\u012bdzin\u0101jums ar <strong>\u0112RC\u0112M <\/strong>ir stulbuma augst\u0101k\u0101 pak\u0101pe, jo neatbilst pat primit\u012bv\u0101kajai lo\u0123ikai. <strong>\u00a0 Latvija ir latvie\u0161u valsts<\/strong> un tie, kuri to cen\u0161as patais\u012bt par haz\u0101ru guber\u0146u, ir nekas vair\u0101k k\u0101 \u0161\u012bs pret\u012bg\u0101s \u0113rces, par kur\u0101m run\u0101 \u0161is preteklis !\u00a0<\/p>\n\n\n\n<p><\/p>\n\n\n\n<p><\/p>\n\n\n\n<p class=\"has-black-color has-text-color has-background has-medium-font-size\" style=\"background-color:#d5f1e6\"><a href=\"https:\/\/www.facebook.com\/linard.grantins?comment_id=Y29tbWVudDoxMDM3NTYwODk2NzE3NTU4XzEwMzc3MTUxMjAwMzU0Njk%3D&amp;__cft__[0]=AZWl7HVarX44290A2PVwDtGptRxEdXOHmbhSEA38NPiNx3WikRoQQdICun_qjXUdMMuDzYeIA7tFFD8HJpB_hqBEZgKmgoEMBwg0_m8ZxWchrHPneeZcnoWhX7b1dMJCNrw&amp;__tn__=R]-R\"><span class=\"has-inline-color has-vivid-purple-color\">Linard Grantins<\/span><\/a><a href=\"https:\/\/www.facebook.com\/jolanta.jolanta.127?__cft__[0]=AZWl7HVarX44290A2PVwDtGptRxEdXOHmbhSEA38NPiNx3WikRoQQdICun_qjXUdMMuDzYeIA7tFFD8HJpB_hqBEZgKmgoEMBwg0_m8ZxWchrHPneeZcnoWhX7b1dMJCNrw&amp;__tn__=R]-R\"><span class=\"has-inline-color has-vivid-purple-color\"> Jolanta Jolanta<\/span><\/a><span class=\"has-inline-color has-pale-pink-color\"> <\/span>Krievvalod\u012bgajiem vieta ir aiz Zilupes. Vi\u0146\u0137ele ir komunistes \u010cep\u0101nes m\u0101cekle- \u012bsta maskaviete un ar ASV vi\u0146ai nav nek\u0101da sakara. Bet Kadi\u0161s ar saviem &#8220;pare\u0123ojumiem&#8221; ir nekas vair\u0101k\u0101 k\u0101 provokators. Ar\u012b no t\u0101s pa\u0161as krem\u013ca \u0161aikas. Kadi\u0161a un Vi\u0146\u0137eles saknes ir no &#8220;viena poda&#8221;! Visa t\u0101 anti vakc\u012bnas propaganda n\u0101k no Krievijas haz\u0101ru mafijas.<\/p>\n\n\n\n<p class=\"has-black-color has-text-color has-background has-medium-font-size\" style=\"background-color:#def3eb\"><span class=\"has-inline-color has-vivid-purple-color\"><a href=\"https:\/\/www.facebook.com\/ainars.kadiss?comment_id=Y29tbWVudDoxMDM3NTYwODk2NzE3NTU4XzEwMzgwOTg4MTY2NjM3NjY%3D&amp;__cft__%5b0%5d=AZVLhsF_t5jg9tHcrlgMUb5qzC2KclZETxXzdMkCUqfqGensWthPWtNiLvLSIxJN1HmqqZNaevZu28DFjjAcxGfhUoD1C-5LrQZFPOYSsASahesztIpicXa-8VvbU1OQtRM&amp;__tn__=R%5d-R\">Ain\u0101rs Kadi\u0161s<\/a> <a href=\"https:\/\/www.facebook.com\/linard.grantins?__cft__%5b0%5d=AZVLhsF_t5jg9tHcrlgMUb5qzC2KclZETxXzdMkCUqfqGensWthPWtNiLvLSIxJN1HmqqZNaevZu28DFjjAcxGfhUoD1C-5LrQZFPOYSsASahesztIpicXa-8VvbU1OQtRM&amp;__tn__=R%5d-R\">Linard Grantins<\/a> <\/span>Linard, nevajag pies\u0101r\u0146ot manu profilu ar pastulbiem koment\u0101riem no s\u0113rijas &#8220;krievi n\u0101k&#8221;. Tas sen jau nav aktu\u0101li. Tagad m\u016bs grib izn\u012bcin\u0101t citi sp\u0113ki, un j\u0101b\u016bt tie\u0161\u0101m paglupam , lai to neredz\u0113tu. Nov\u0113rst las\u012bt\u0101ju uzman\u012bbu mald\u012bg\u0101 virzien\u0101 ne\u013cau\u0161u. Ja gribi koment\u0113t, koment\u0113, bet par t\u0113mu. Cit\u0101di &#8211; uz redz\u0113\u0161anos!<\/p>\n\n\n\n<p class=\"has-black-color has-text-color has-background has-medium-font-size\" style=\"background-color:#def3eb\"><span class=\"has-inline-color has-vivid-purple-color\">&nbsp;<a href=\"https:\/\/www.facebook.com\/linard.grantins?comment_id=Y29tbWVudDoxMDM3NTYwODk2NzE3NTU4XzEwMzgxMDc3MDY2NjI4Nzc%3D&amp;__cft__%5b0%5d=AZVLhsF_t5jg9tHcrlgMUb5qzC2KclZETxXzdMkCUqfqGensWthPWtNiLvLSIxJN1HmqqZNaevZu28DFjjAcxGfhUoD1C-5LrQZFPOYSsASahesztIpicXa-8VvbU1OQtRM&amp;__tn__=R%5d-R\">Linard Grantins<\/a> <a href=\"https:\/\/www.facebook.com\/ainars.kadiss?__cft__%5b0%5d=AZVLhsF_t5jg9tHcrlgMUb5qzC2KclZETxXzdMkCUqfqGensWthPWtNiLvLSIxJN1HmqqZNaevZu28DFjjAcxGfhUoD1C-5LrQZFPOYSsASahesztIpicXa-8VvbU1OQtRM&amp;__tn__=R%5d-R\">Ain\u0101rs Kadi\u0161s<\/a><\/span> Tavs, biedr Kadi\u0161s, ir tas, ko Tu redzi<em><span class=\"has-inline-color has-vivid-red-color\">(Tagad m\u016bs grib izn\u012bcin\u0101t citi sp\u0113ki, un j\u0101b\u016bt tie\u0161\u0101m paglupam , lai to neredz\u0113tu)<\/span><\/em>, kad aizmiedz acis. Ja esi ien\u0101cis soc-t\u012bklos, tad esi sevi atdevis sabiedr\u012bbai un lietot v\u0101rdu mans, ir atpalic\u012bbas un naida apliecin\u0101jums. Un, kas attiecas uz krieviem, kuriem Tu sal\u012bcis un nosiekalojies kalpo, nav vietas Latvij\u0101, jo atrodas \u0161eit vardarb\u012bg\u0101s okup\u0101cijas rezult\u0101t\u0101. Pasaule past\u0101v uz Paties\u012bbas PAMATIEM, bet ne uz nodev\u012bbas. Tu esi nodev\u012bbas un piel\u012bd\u0113ja simbols, biedr Kadi\u0161s ! Tas, protams, ir tikai un vien\u012bgi mans viedoklis, bet Tu ar sav\u0101m darb\u012bb\u0101m to esi rad\u012bjis. P\u0113c tevis sac\u012bt\u0101, tavs profils ir dom\u0101ts tikai lai Tev glaimotu. Tas vien jau nor\u0101da uz ekscentriskumu un sevis uzskat\u012b\u0161anu par PAREIZO ! Un, tu tikai redzi, latviet, biedram Kadi\u0161am vien\u012bgajam esot nemald\u012bgais un pareizais virziens, no kura vi\u0146\u0161 nevienam ne\u013cau\u0161ot sevi novest. Tie ta\u010du ir Josifa Sta\u013cina v\u0101rdi<\/p>\n\n\n\n<p class=\"has-black-color has-text-color has-background has-medium-font-size\" style=\"background-color:#dbf3e9\"><span class=\"has-inline-color has-vivid-purple-color\"><a href=\"https:\/\/www.facebook.com\/ainars.kadiss?comment_id=Y29tbWVudDoxMDM3NTYwODk2NzE3NTU4XzEwMzgxMjU0MjY2NjExMDU%3D&amp;__cft__[0]=AZWl7HVarX44290A2PVwDtGptRxEdXOHmbhSEA38NPiNx3WikRoQQdICun_qjXUdMMuDzYeIA7tFFD8HJpB_hqBEZgKmgoEMBwg0_m8ZxWchrHPneeZcnoWhX7b1dMJCNrw&amp;__tn__=R]-R\">Ain\u0101rs Kadi\u0161s<\/a><a href=\"https:\/\/www.facebook.com\/linard.grantins?__cft__[0]=AZWl7HVarX44290A2PVwDtGptRxEdXOHmbhSEA38NPiNx3WikRoQQdICun_qjXUdMMuDzYeIA7tFFD8HJpB_hqBEZgKmgoEMBwg0_m8ZxWchrHPneeZcnoWhX7b1dMJCNrw&amp;__tn__=R]-R\"> <\/a><a href=\"https:\/\/www.facebook.com\/linard.grantins?__cft__[0]=AZWl7HVarX44290A2PVwDtGptRxEdXOHmbhSEA38NPiNx3WikRoQQdICun_qjXUdMMuDzYeIA7tFFD8HJpB_hqBEZgKmgoEMBwg0_m8ZxWchrHPneeZcnoWhX7b1dMJCNrw&amp;__tn__=R]-R\">Linard Grantins<\/a> <\/span>Piedod, bet man tas j\u0101saka &#8211; tu esi sists ar stulbumu. Naids ir slikts padomdev\u0113js. Tas degrad\u0113 un at\u0146em pr\u0101tu. Tas ne\u013cauj redz\u0113t dz\u012bvi t\u0101s da\u017e\u0101d\u012bb\u0101. Naids izposta dz\u012bvi un saind\u0113 apk\u0101rtni. Man pat\u012bk, ka cilv\u0113ki ar cie\u0146u pret citu viedokli diskut\u0113 un mekl\u0113 taisn\u012bbu un paties\u012bbu. Bet tu to nem\u0101ki. Tu m\u0101ki tikai izg\u0101zt \u017eulti, kura tevi jau smagi saind\u0113jusi. Visp\u0101r &#8211; man tevis mazliet \u017e\u0113l. Bet v\u0113l vair\u0101k \u017e\u0113l man ir las\u012bt\u0101jus, kuriem j\u0101redz tava naida izvirdumi. T\u0101d\u0113\u013c tom\u0113r pal\u016bg\u0161u kontrol\u0113t sevi un savos koment\u0101ros iztikt bez apsauk\u0101\u0161an\u0101s un citiem negl\u012btiem izteicieniem. Blo\u0137\u0113\u0161ana ir gal\u0113jais l\u012bdzeklis, kuru es negrib\u0113tu lietot.<\/p>\n\n\n\n<p><\/p>\n\n\n\n<p><\/p>\n\n\n\n<h2><a href=\"https:\/\/www.facebook.com\/ainars.kadiss?__tn__=-UC*F\">Ain\u0101rs Kadi\u0161s<\/a><\/h2>\n\n\n\n<p class=\"has-text-align-center has-black-color has-text-color has-background has-medium-font-size\" style=\"background-color:#bff5df\"> <strong>Atbr\u012bvoties no asinss\u016bc\u0113ja jeb P\u0101rdomas par Saeimas atlai\u0161anu\/patriek\u0161anu.<\/strong><br>Saka, ka katram esot dz\u012bv\u0113 j\u0101izdara tr\u012bs lietas &#8211; j\u0101iest\u0101da koku, j\u0101izaudzina d\u0113lu un j\u0101nosit \u010d\u016bsku. Nu mums visiem ir iesp\u0113ja izdar\u012bt vismaz vienu. Protams, \u0161\u012b \u010d\u016bska nav nekait\u012bgais r\u0101pulis, kur\u0161 nevienu neapdraud, kam\u0113r pats nav apdraud\u0117ts. <span class=\"has-inline-color has-vivid-red-color\"><strong>Visb\u012bstam\u0101k\u0101s \u010d\u016bskas ir neredzam\u0101s, sevi\u0161\u0137i t\u0101s, kuras dz\u012bvo m\u016bsos. Mums, latvie\u0161iem, t\u0101du ir vesels mud\u017eeklis.<\/strong><\/span> <span class=\"has-inline-color has-vivid-red-color\"><strong>M\u016bsu nesatic\u012bba, skaud\u012bba, nevienpr\u0101t\u012bba, liel\u012bba, vienties\u012bba un augstpr\u0101t\u012bba dzemd\u0113ju\u0161as vienu no pret\u012bg\u0101kajiem r\u0101pu\u013ciem &#8211; LR 13.Saeimu.<\/strong><\/span> Nu ir pien\u0101cis laiks no t\u0101s atbr\u012bvoties, pret\u0117j\u0101 gad\u012bjum\u0101 t\u0101 m\u016bs no\u017e\u0146augs. K\u0101 jau visiem paraz\u012btkusto\u0146iem, tai nav intelekta paz\u012bmju, tikai primit\u012bvi refleksi, no kuriem galvenais ir r\u012b\u0161ana. <strong><span class=\"has-inline-color has-vivid-red-color\">Ar nekaun\u012bbu, meliem, sh\u0113mo\u0161anu un zag\u0161anu \u0161is monstrs tand\u0113m\u0101 ar vald\u012bbu ir nodar\u012bjis un turpina nodar\u012bt lielu postu Latvijas tautai<\/span><\/strong>. Ja m\u0113s vi\u0146us nepatrieksim, vi\u0146i m\u016bs visus p\u0101rdos vai izn\u012bcin\u0101s.<br>Da\u017ei no tautas, bet, varb\u016bt, no pavisam cit\u0101m strukt\u016br\u0101m, uztraucas par to, kas n\u0101ks patriekt\u0101s Saeimas viet\u0101; &#8211; varb\u016bt v\u0113l \u013caun\u0101ki. Hei, draugs, tu dzirdi, ko tu run\u0101?! Vai k\u0101ds, kuram piez\u012bdusies \u0113rce, atst\u0101j to s\u016bcam asinis, aizbildinoties ar to, ka vi\u0146as viet\u0101, iesp\u0117jams, piez\u012bd\u012bsies citas?&#8230;<br>Protams, ka v\u0113l\u0113\u0161anu sist\u0113ma ir j\u0101maina; t\u0101 kalpo partiju, nevis tautas interes\u0113m. Bet tas nenoz\u012bm\u0113, ka mums nav j\u0101patriec ar kaunu uzbl\u012btu\u0161ais, tautas asinis piedz\u0113ru\u0161ais simtgalvainais paraz\u012btp\u016b\u0137is. Un lai j\u016bs nemulsina tas, ka k\u0101da no \u0161\u012bm galv\u0101m \u0161\u0137iet t\u012bri l\u0101dz\u012bga. Ja t\u0101da t\u0101 tie\u0161\u0101m ir, tad vi\u0146ai noteikti atrad\u012bsies vieta jaunaj\u0101 &#8211; tautas p\u0101rvald\u012btaj\u0101, taisn\u012bgaj\u0101 un laim\u012bgaj\u0101 zem\u0113, kur\u0101 cilv\u0113ks cilv\u0113kam b\u016bs tuv\u0101kais, kur\u0101 neviens vairs neapr\u012bs otru. Utopija? Protams, ka n\u0113.<br>Bet vispirms katram un visiem mums j\u0101nosit \u010d\u016bsku. D\u0113lus audzin\u0101sim un kokus st\u0101d\u012bsim p\u0113c tam&#8230;<br>Ar siltu sveicienu &#8211; Ain\u0101rs Kadi\u0161s<\/p>\n\n\n\n<figure class=\"wp-block-image size-large is-resized\"><img decoding=\"async\" loading=\"lazy\" src=\"https:\/\/tautastribunals.eu\/wp-content\/uploads\/2020\/11\/cekisti.Grantins.LRTT_.png\" alt=\"\" class=\"wp-image-58617\" width=\"1401\" height=\"909\" srcset=\"https:\/\/tautastribunals.eu\/wp-content\/uploads\/2020\/11\/cekisti.Grantins.LRTT_.png 800w, https:\/\/tautastribunals.eu\/wp-content\/uploads\/2020\/11\/cekisti.Grantins.LRTT_-300x195.png 300w, https:\/\/tautastribunals.eu\/wp-content\/uploads\/2020\/11\/cekisti.Grantins.LRTT_-768x498.png 768w\" sizes=\"(max-width: 1401px) 100vw, 1401px\" \/><figcaption><strong><span class=\"has-inline-color has-vivid-red-color\">A. Kadi\u0161a c\u012b\u0146u biedri !<\/span><\/strong><\/figcaption><\/figure>\n\n\n\n<p>28.11.20<\/p>\n","protected":false},"excerpt":{"rendered":"<p>K\u0101da Jolanta Jolanta(jolanta, jolanta ir \u010dekistu VIEDOKLIS), sakar\u0101 ar de\u0123ener\u0101tes I. Vi\u0146\u0137eles stulbajiem izteikumiem, aicin\u0101ja latvie\u0161us kop\u012bgi ar krieviem !!! c\u012bn\u012bties pret Latvij\u0101 eso\u0161o sist\u0113mu- tas noz\u012bme, legaliz\u0113t okupantus. \u0160aj\u0101 sakar\u0101 ar\u012b ierakst\u012bju koment\u0101ru.&#46;&#46;&#46;<\/p>\n","protected":false},"author":1,"featured_media":53668,"comment_status":"open","ping_status":"open","sticky":false,"template":"","format":"standard","meta":[],"categories":[1],"tags":[],"_links":{"self":[{"href":"https:\/\/tautastribunals.eu\/index.php?rest_route=\/wp\/v2\/posts\/58603"}],"collection":[{"href":"https:\/\/tautastribunals.eu\/index.php?rest_route=\/wp\/v2\/posts"}],"about":[{"href":"https:\/\/tautastribunals.eu\/index.php?rest_route=\/wp\/v2\/types\/post"}],"author":[{"embeddable":true,"href":"https:\/\/tautastribunals.eu\/index.php?rest_route=\/wp\/v2\/users\/1"}],"replies":[{"embeddable":true,"href":"https:\/\/tautastribunals.eu\/index.php?rest_route=%2Fwp%2Fv2%2Fcomments&post=58603"}],"version-history":[{"count":19,"href":"https:\/\/tautastribunals.eu\/index.php?rest_route=\/wp\/v2\/posts\/58603\/revisions"}],"predecessor-version":[{"id":58627,"href":"https:\/\/tautastribunals.eu\/index.php?rest_route=\/wp\/v2\/posts\/58603\/revisions\/58627"}],"wp:featuredmedia":[{"embeddable":true,"href":"https:\/\/tautastribunals.eu\/index.php?rest_route=\/wp\/v2\/media\/53668"}],"wp:attachment":[{"href":"https:\/\/tautastribunals.eu\/index.php?rest_route=%2Fwp%2Fv2%2Fmedia&parent=58603"}],"wp:term":[{"taxonomy":"category","embeddable":true,"href":"https:\/\/tautastribunals.eu\/index.php?rest_route=%2Fwp%2Fv2%2Fcategories&post=58603"},{"taxonomy":"post_tag","embeddable":true,"href":"https:\/\/tautastribunals.eu\/index.php?rest_route=%2Fwp%2Fv2%2Ftags&post=58603"}],"curies":[{"name":"wp","href":"https:\/\/api.w.org\/{rel}","templated":true}]}}