{"id":58145,"date":"2020-10-29T09:40:49","date_gmt":"2020-10-29T07:40:49","guid":{"rendered":"https:\/\/tautastribunals.eu\/?p=58145"},"modified":"2020-10-29T09:40:50","modified_gmt":"2020-10-29T07:40:50","slug":"a-prieditis-unikala-alogisma-pandemija-un-unikala-paralogistika","status":"publish","type":"post","link":"https:\/\/tautastribunals.eu\/?p=58145","title":{"rendered":"A. Pried\u012btis. Unik\u0101l\u0101 alo\u0123isma pand\u0113mija un unik\u0101l\u0101 paralo\u0123istika"},"content":{"rendered":"\n<figure class=\"wp-block-image size-large is-resized\"><img decoding=\"async\" loading=\"lazy\" src=\"https:\/\/tautastribunals.eu\/wp-content\/uploads\/2020\/08\/Arturs-Pried\u012btis-Linards-Granti\u0146\u0161-LRTT.-Helsinki-86-2-1.png\" alt=\"\" class=\"wp-image-57107\" width=\"1277\" height=\"189\"\/><\/figure>\n\n\n\n<h3 class=\"has-text-align-center has-light-green-cyan-color has-text-color has-background has-large-font-size\" style=\"background-color:#0b402c\">Unik\u0101l\u0101 alo\u0123isma pand\u0113mija un unik\u0101l\u0101 paralo\u0123istika<\/h3>\n\n\n\n<p class=\"has-black-color has-text-color has-medium-font-size\"><strong>&nbsp;&nbsp; <\/strong>Sve\u0161v\u0101rda \u201calo\u0123isms\u201d j\u0113gu nav gr\u016bti izprast. Katrs saprot, ka runa ir par kaut ko nelo\u0123isku. Alo\u0123isms ir sl\u0113dziens, kas ir pretrun\u0101 ar lo\u0123ikas likumiem. T\u0101tad ir pretrun\u0101 sapr\u0101t\u012bgumam, pareiz\u012bbai, pamatot\u012bbai. Lo\u0123ika ir sava veida m\u0101c\u012bba par lo\u0123iski pareizu dom\u0101\u0161anu, k\u0101 ar\u012b meto\u017eu un principu kopums, kas dod iesp\u0113ju pareizus sl\u0113dzienus at\u0161\u0137irt no nepareiziem, alo\u0123iskiem, sl\u0113dzieniem. Atsac\u012b\u0161an\u0101s no lo\u0123ikas izraisa alo\u0123ismu.<\/p>\n\n\n\n<p class=\"has-black-color has-text-color has-medium-font-size\">&nbsp;&nbsp; Tagad, 2020.gad\u0101, katrs zina ar\u012b sve\u0161v\u0101rda \u201cpand\u0113mija\u201d noz\u012bmi un j\u0113gu, kaut gan sav\u0101 m\u016b\u017e\u0101 ar \u0161o v\u0101rdu tiekas pirmo reizi. Pand\u0113mija ir medic\u012bnas termins. Medic\u012bn\u0101 par pand\u0113miju sauc epid\u0113miju, kas izplat\u0101s \u013coti pla\u0161\u0101 teritorij\u0101. L\u012bdz 2020.gadam pand\u0113mijas teritori\u0101lais m\u0113rogs bija visa valsts, vair\u0101kas valstis, viss kontinents. Infekcijas slim\u012bbas \u201c<em>Covid-19<\/em>\u201d jau pirmaj\u0101 laik\u0101 terminu \u201cpand\u0113mija\u201d attiecin\u0101ja uz visu plan\u0113tu. Atkl\u0101ts ir jaut\u0101jums, cik liel\u0101 m\u0113r\u0101 tas bija pamatoti un vai netiekamies ar pirmo alo\u0123ismu \u201c<em>Covid-19<\/em>\u201d v\u0113stur\u0113.<\/p>\n\n\n\n<p class=\"has-black-color has-text-color has-medium-font-size\">&nbsp;&nbsp; Sve\u0161v\u0101rds \u201cparalo\u0123istika\u201d (no v\u0101cu <em>Paralogistik<\/em>) apz\u012bm\u0113 nepareizu sl\u0113dzienu, secin\u0101jumu, sofismu izmanto\u0161anu noteiktam nol\u016bkam. Infekcijas slim\u012bbas \u201c<em>Covid-19<\/em>\u201d laik\u0101 katr\u0101 zi\u0146\u0101 tiekamies ar paralo\u0123istiku. Cits izskaidrojums nav iesp\u0113jams. Alo\u0123isms trako m\u0113ne\u0161iem ilgi. Tas t\u0101 nevar notikt bez noteikta nol\u016bka. Paralo\u0123istika balst\u0101s uz paralo\u0123ismu (no gr. <em>Paralogismos<\/em>) \u2013 nepareizu sl\u0113dzienu, lo\u0123isku k\u013c\u016bdu, kas rodas, ja neiev\u0113ro lo\u0123ikas k\u0101rtulas. 2020.gad\u0101 cilv\u0113ce tiekas ar t\u012b\u0161u, apzin\u0101tu, speci\u0101li defin\u0113tu paralo\u0123ismu. Par to nav ne maz\u0101ko \u0161aubu.&nbsp;<\/p>\n\n\n\n<p class=\"has-black-color has-text-color has-medium-font-size\">&nbsp;&nbsp;&nbsp; \u201c<em>Covid-19<\/em>\u201d pand\u0113mij\u0101 tiek saskat\u012btas daudzas nesapr\u0101t\u012bgas izdar\u012bbas. Alo\u0123isma autori ir valstu vad\u012bt\u0101ji. Augstos kr\u0113slos valdo\u0161i politi\u0137i (valsts prezidenti, parlamentu deput\u0101ti, premjerministri, ministri) sabiedr\u012bbai uzspie\u017e alo\u0123iskus sl\u0113dzienus, piln\u012bgi ignor\u0113jot speci\u0101listu, ekspertu, medic\u012bnas prakti\u0137u lo\u0123iskos sl\u0113dzienus, kas balst\u0101s uz zin\u0101tnes sasniegumiem. Turkl\u0101t tas t\u0101 notiek gandr\u012bz katr\u0101 pasaules valst\u012b. Politi\u0137u alo\u0123ismam ir planet\u0101rs m\u0113rogs. T\u0101p\u0113c var teikt, ka cilv\u0113ce tiekas ar sava veida alo\u0123isma pand\u0113miju. Interesanti ir tas, ka ar\u012b speci\u0101listu, ekspertu, prakti\u0137u opoz\u012bcijai ir planet\u0101rs m\u0113rogs. Katr\u0101 valst\u012b ir drosm\u012bgi kompetenti kadri, kuri nebaid\u0101s atmaskot politi\u0137u aplam\u012bbas. Uz plan\u0113tas ir radusies unik\u0101la situ\u0101cija \u2013 puls\u0113 \u010detras pand\u0113mijas: 1) \u201c<em>Covid-19<\/em>\u201d pand\u0113mija, 2) politisk\u0101s varas alo\u0123isma pand\u0113mija, 3) speci\u0101listu, ekspertu, prakti\u0137u opoz\u012bcijas pand\u0113mija un 4) infopand\u0113mija, jo pasaules mediji uzkurina hist\u0113riju, paniku, propagand\u0113 politi\u0137u alo\u0123ismu.<\/p>\n\n\n\n<p class=\"has-black-color has-text-color has-medium-font-size\">&nbsp;&nbsp; Politisk\u0101s varas transnacion\u0101lo alo\u0123ismu ir nepiecie\u0161ams izskaidrot, atkl\u0101jot t\u0101 s\u0101kotni, autorus, vado\u0161o organizatorisko instit\u016bciju, politisko, finansu vai cita veida sp\u0113ku. Tas, ka pasaules gandr\u012bz visu valstu vad\u012bt\u0101ji vienoti, br\u012bvpr\u0101t\u012bgi un dedz\u012bgi ir piekritu\u0161i iemantot nelo\u0123iska (dumja, nesapr\u0101t\u012bga, idiotiska, debila) politi\u0137a statusu, ir \u013coti d\u012bvaini. Tam noteikti ir kaut k\u0101ds sl\u0113pts fundament\u0101li fat\u0101ls iemesls, un tas t\u0101 var notikt vien\u012bgi t\u0101p\u0113c, ka komanda visiem politi\u0137iem b\u016bt konsekventi alo\u0123iskiem n\u0101k no kaut k\u0101da hipersp\u0113c\u012bga centra, kuram bez iebild\u0113m pak\u013caujas pasaules politisk\u0101 elite. Neko nel\u012bdz sabiedr\u012bbas masveida protesti daudz\u0101s zem\u0113s. Da\u017e\u0101s zem\u0113s pat ir biju\u0161i asi\u0146aini protesti, kurus ne\u017e\u0113l\u012bgi apspieda policija. Pasaules politisk\u0101 elite vienalga fantastiski st\u016brgalv\u012bgi turpina savu alo\u0123isko kursu infekcijas slim\u012bbas \u201c<em>Covid-19<\/em>\u201d sakar\u0101. Tiem, kuri v\u0113las ieg\u016bt inform\u0101ciju par re\u0101lo statistisko ainu, ieteicams izmantot \u0160veices interneta resursu (skat.: <a href=\"https:\/\/swprs.org\/covid-facts-russian\/\"><span style=\"color:#0614e5\" class=\"has-inline-color\">https:\/\/swprs.org\/covid-facts-russian\/<\/span><\/a>). Savuk\u0101rt \u201c<em>Covid-19<\/em>\u201d \u0123en\u0113zes v\u0113sturisko procesu un t\u0101 galvenos varo\u0146us (politi\u0137us, zin\u0101tniekus, biznesme\u0146us, p\u0113tniecisk\u0101s iest\u0101des) ir noskaidrojis <strong>Sergejs Kurginjans<\/strong>. Vi\u0146\u0161 ir paveicis grandiozu darbu. Ar t\u0101 rezult\u0101tiem var iepaz\u012bties internet\u0101 (skat.:<span style=\"color:#1c06e5\" class=\"has-inline-color\"> <a href=\"https:\/\/rossaprimavera.ru\/\">https:\/\/rossaprimavera.ru\/<\/a>; <a href=\"https:\/\/www.youtube.com\/c\/eotsuVideoChannel\/videos\">https:\/\/www.youtube.com\/c\/eotsuVideoChannel\/videos<\/a><\/span>).<\/p>\n\n\n\n<p class=\"has-black-color has-text-color has-medium-font-size\">&nbsp;&nbsp; Paralo\u0123istikas objekts ir veselais cilv\u0113ks nevis ar v\u012brusu \u201c<em>SARS-CoV-2<\/em>\u201d infic\u0113tais cilv\u0113ks. Agres\u012bvs uzbrukums ir v\u0113rsts pret vesalajiem cilv\u0113kiem, izmantojot visda\u017e\u0101d\u0101k\u0101 tipa iero\u010dus. Galvenais m\u0113r\u0137is ir p\u0101r\u0146emt sav\u0101 tot\u0101l\u0101 var\u0101 cilv\u0113ku masas, piln\u0101 m\u0113r\u0101 kontrol\u0113jot katra cilv\u0113ka ikvienu soli.<\/p>\n\n\n\n<p class=\"has-black-color has-text-color has-medium-font-size\">&nbsp;&nbsp; Z\u012bm\u012bgs ir viens moments. Politisk\u0101 elite nekaun\u0101s b\u016bt nelo\u0123iska. Ta\u010du politisk\u0101 elite nekaun\u0101s b\u016bt nelo\u0123iska ar\u012b sav\u0101 nelo\u0123iskum\u0101, apliecinot kaut ko piln\u012bgi pret\u0113ju iepriek\u0161\u0113jam alo\u0123ismam. T\u0101, piem\u0113ram, Francijas prezidents no 2020.gada 17.oktobra izsludin\u0101ja komendanta stundu Par\u012bz\u0113 un v\u0113l asto\u0146\u0101s pils\u0113t\u0101s, bet jau n\u0101kamaj\u0101 dien\u0101, 18.oktobr\u012b, Par\u012bz\u0113 notika grandioza masu akcija nogalin\u0101t\u0101 skolot\u0101ja piemi\u0146ai. Masu akcij\u0101 piedal\u012bj\u0101s ar\u012b ministri, t\u0101tad bez bail\u0113m p\u0101rk\u0101pjot valsts prezidenta r\u012bkojumu.<\/p>\n\n\n\n<p class=\"has-black-color has-text-color has-medium-font-size\">&nbsp;&nbsp; \u201c<em>Covid-19<\/em>\u201d pand\u0113mijas alo\u0123isms atsaucas uz ASV prezidenta pirmsv\u0113l\u0113\u0161anu notikumiem. Tramps iz\u0101rst\u0113j\u0101s trij\u0101s dien\u0101s!!! Baidens p\u0101rmet Trampam nesp\u0113ju apvald\u012bt pand\u0113miju, ta\u010du pats organiz\u0113 masu protestus, grauti\u0146us, nek\u0101rt\u012bbas, kuru laik\u0101 \u0161ausm\u012bgais v\u012bruss var netrauc\u0113ti izplat\u012bties daudz\u0101s pils\u0113t\u0101s.<\/p>\n\n\n\n<p class=\"has-black-color has-text-color has-medium-font-size\">&nbsp;&nbsp; D\u012bvaina ir Krievijas valdnieku savas n\u0101cijas bied\u0113\u0161ana ar biolo\u0123isko ieroci, kas var\u0113tu b\u016bt \u201c<em>Covid-19<\/em>\u201d. Kreml\u012b gudri debat\u0113 par nacion\u0101lo dro\u0161\u012bbu un nepiecie\u0161am\u012bbu pie\u0146emt m\u0113rus pret biolo\u0123isko iero\u010du pielieto\u0161anu. Un, l\u016bk, t\u0101di m\u0113ri politi\u0137u ieskat\u0101 ir karant\u012bna, masku n\u0113s\u0101\u0161ana, pa\u0161izol\u0101cija, metro brauc\u0113ju kontrole. Krievijas politi\u0137i nebaid\u0101s k\u013c\u016bt smiekl\u012bgi sabiedr\u012bbas ac\u012bs.<\/p>\n\n\n\n<p class=\"has-black-color has-text-color has-medium-font-size\">&nbsp;&nbsp; Latvijas politisk\u0101s varas punduru alo\u0123isms ir ikdienas par\u0101d\u012bba. Piem\u0113r\u0101 var atg\u0101din\u0101t svaigo \u201cR\u012bgas balli\u201d un t\u0101s apmekl\u0113t\u0101ju attieksmi pret \u0161o viet\u0113jo de\u0123ener\u0101tu glam\u016br\u012bgo pas\u0101kumu pand\u0113mijas laik\u0101 (skat.: <a href=\"https:\/\/postciv.blogspot.com\/2020\/10\/degeneracijas-pieradijums.html\"><span style=\"color:#0608e5\" class=\"has-inline-color\">https:\/\/postciv.blogspot.com\/2020\/10\/degeneracijas-pieradijums.html<\/span><\/a>). Uzslavu pelna \u0101rstu pa\u0161organiz\u0101cijas l\u012bdera P\u0113tera Api\u0146a uzdro\u0161in\u0101\u0161an\u0101s k\u0101du laiku nelaiz\u012bt varas dibenus (skat.: <a href=\"https:\/\/neatkariga.nra.lv\/intervijas\/324941-apinis-auduma-maskas-pret-covid-19-ir-ka-drasu-zogs-pret-musam\"><span style=\"color:#1c06e5\" class=\"has-inline-color\">https:\/\/neatkariga.nra.lv\/intervijas\/324941-apinis-auduma-maskas-pret-covid-19-ir-ka-drasu-zogs-pret-musam<\/span><\/a>).&nbsp;<\/p>\n\n\n\n<p class=\"has-text-align-center has-medium-font-size\"><a href=\"https:\/\/postciv.blogspot.com\/\">Postciviliz\u0101cijas dienasgr\u0101mata<\/a><\/p>\n\n\n\n<p class=\"has-white-color has-text-color has-background has-large-font-size\" style=\"background-color:#8d1e1e\">LRTT papildin\u0101jums<\/p>\n\n\n\n<p class=\"has-black-color has-text-color has-background has-medium-font-size\" style=\"background-color:#faeded\">Atbalst\u012bt <strong>Putinu<\/strong>, noz\u012bm\u0113 nov\u0113l\u0113t n\u0101vi krievu tautai. K\u0101jas<strong> Covid- 19<\/strong> &#8220;aug&#8221; tie\u0161i no<strong> sarkan\u0101<\/strong> cionistisk\u0101s <strong>Krievijas varas centra<\/strong>. T\u0101 imp\u0113rija ir peln\u012bjusi neko vair\u0101k, k\u0101 piln\u012bgi noslauc\u012b\u0161anu no globusa. Vai parastais apolitiskais un \u0161odien l\u012bdz n\u0101vei p\u0101rbied\u0113tais krievs ar\u012b to ir peln\u012bjis ? Diez vai&#8230; . Toties udmurtiski re\u0123ener\u0113jies <strong>Putins<\/strong><em>(\u012bstais Putins jau sen atrodas cit\u0101 dimensij\u0101) <\/em>dara visu, lai \u0161o<strong> &#8220;bidlu&#8221;<\/strong>, k\u0101 vi\u0146i pa\u0161i izsak\u0101s, piln\u012bgi izdeld\u0113tu. <strong>Krievij\u0101<\/strong> nevalda<strong> Putins<\/strong>, bet cionistu putinisms un tas ir nekas vair\u0101k k\u0101 s\u0101tanisms. <strong>Krievija<\/strong> ir paredz\u0113ta s\u0101tanisk\u0101s <strong>Haz\u0101rijas<\/strong> atjauno\u0161anai, kurai ar v\u0113sturiskajiem j\u016bdiem nav nekas kop\u012bgs.<\/p>\n\n\n\n<figure class=\"wp-block-image size-large is-resized\"><img decoding=\"async\" loading=\"lazy\" src=\"https:\/\/tautastribunals.eu\/wp-content\/uploads\/2020\/10\/Putins.Grantins.Levits.LRTT-Kopie.png\" alt=\"\" class=\"wp-image-58152\" width=\"1283\" height=\"775\" srcset=\"https:\/\/tautastribunals.eu\/wp-content\/uploads\/2020\/10\/Putins.Grantins.Levits.LRTT-Kopie.png 738w, https:\/\/tautastribunals.eu\/wp-content\/uploads\/2020\/10\/Putins.Grantins.Levits.LRTT-Kopie-300x181.png 300w\" sizes=\"(max-width: 1283px) 100vw, 1283px\" \/><\/figure>\n\n\n\n<p class=\"has-white-color has-text-color has-background has-medium-font-size\" style=\"background-color:#881313\">K\u0101 var aizst\u0101v\u0113t slepkavu Putinu, kura vad\u012bt\u0101 banda ir izlaup\u012bjusi Krieviju un dz\u012bvo \u0101rzem\u0113s ? \u0160\u012bs anal\u012bti\u0137es sac\u012btais satur 100% Paties\u012bbu un apstr\u012bd\u0113t vi\u0146u var tikai 100%t\u012bgs idiots vai putina bandas dal\u012bbnieks: <\/p>\n\n\n\n<p class=\"has-large-font-size\"><a href=\"https:\/\/www.youtube.com\/channel\/UChyy_un2PBy0PwZWPgjhOEw\">\u0422\u0430\u043d\u044f \u041a\u0430\u0440\u0430\u0446\u0443\u0431\u0430 \u0421\u0435\u0438\u0434-\u0411\u0443\u0440\u0445\u0430\u043d<\/a> <\/p>\n\n\n\n<figure class=\"wp-block-embed-youtube wp-block-embed is-type-video is-provider-youtube wp-embed-aspect-16-9 wp-has-aspect-ratio\"><div class=\"wp-block-embed__wrapper\">\n<div class=\"video-container\"><iframe loading=\"lazy\" title=\"\u041f\u0420\u041e\u0413\u041d\u041e\u0417: \u0412\u0438\u0440\u0442\u0443\u0430\u043b\u044c\u043d\u044b\u0439 \u043f\u0440\u0435\u0437\u0438\u0434\u0435\u043d\u0442  \u2116 2333\" width=\"500\" height=\"281\" src=\"https:\/\/www.youtube.com\/embed\/MLleWg2E1ps?feature=oembed&#038;wmode=opaque\" frameborder=\"0\" allow=\"accelerometer; autoplay; clipboard-write; encrypted-media; gyroscope; picture-in-picture\" allowfullscreen><\/iframe><\/div>\n<\/div><\/figure>\n\n\n\n<p>29.10.20<\/p>\n\n\n\n<p><\/p>\n\n\n\n<p><\/p>\n","protected":false},"excerpt":{"rendered":"<p>Unik\u0101l\u0101 alo\u0123isma pand\u0113mija un unik\u0101l\u0101 paralo\u0123istika &nbsp;&nbsp; Sve\u0161v\u0101rda \u201calo\u0123isms\u201d j\u0113gu nav gr\u016bti izprast. Katrs saprot, ka runa ir par kaut ko nelo\u0123isku. Alo\u0123isms ir sl\u0113dziens, kas ir pretrun\u0101 ar lo\u0123ikas likumiem. T\u0101tad ir pretrun\u0101&#46;&#46;&#46;<\/p>\n","protected":false},"author":1,"featured_media":56099,"comment_status":"open","ping_status":"open","sticky":false,"template":"","format":"standard","meta":[],"categories":[1],"tags":[],"_links":{"self":[{"href":"https:\/\/tautastribunals.eu\/index.php?rest_route=\/wp\/v2\/posts\/58145"}],"collection":[{"href":"https:\/\/tautastribunals.eu\/index.php?rest_route=\/wp\/v2\/posts"}],"about":[{"href":"https:\/\/tautastribunals.eu\/index.php?rest_route=\/wp\/v2\/types\/post"}],"author":[{"embeddable":true,"href":"https:\/\/tautastribunals.eu\/index.php?rest_route=\/wp\/v2\/users\/1"}],"replies":[{"embeddable":true,"href":"https:\/\/tautastribunals.eu\/index.php?rest_route=%2Fwp%2Fv2%2Fcomments&post=58145"}],"version-history":[{"count":10,"href":"https:\/\/tautastribunals.eu\/index.php?rest_route=\/wp\/v2\/posts\/58145\/revisions"}],"predecessor-version":[{"id":58198,"href":"https:\/\/tautastribunals.eu\/index.php?rest_route=\/wp\/v2\/posts\/58145\/revisions\/58198"}],"wp:featuredmedia":[{"embeddable":true,"href":"https:\/\/tautastribunals.eu\/index.php?rest_route=\/wp\/v2\/media\/56099"}],"wp:attachment":[{"href":"https:\/\/tautastribunals.eu\/index.php?rest_route=%2Fwp%2Fv2%2Fmedia&parent=58145"}],"wp:term":[{"taxonomy":"category","embeddable":true,"href":"https:\/\/tautastribunals.eu\/index.php?rest_route=%2Fwp%2Fv2%2Fcategories&post=58145"},{"taxonomy":"post_tag","embeddable":true,"href":"https:\/\/tautastribunals.eu\/index.php?rest_route=%2Fwp%2Fv2%2Ftags&post=58145"}],"curies":[{"name":"wp","href":"https:\/\/api.w.org\/{rel}","templated":true}]}}