{"id":58124,"date":"2020-10-23T14:35:26","date_gmt":"2020-10-23T11:35:26","guid":{"rendered":"https:\/\/tautastribunals.eu\/?p=58124"},"modified":"2020-10-23T14:35:27","modified_gmt":"2020-10-23T11:35:27","slug":"vai-latviesi-ir-mazvertigs-etnoss-atbild-a-solzenicins","status":"publish","type":"post","link":"https:\/\/tautastribunals.eu\/?p=58124","title":{"rendered":"Vai latvie\u0161i ir mazv\u0113rt\u012bgs etnoss, atbild A. Sol\u017ee\u0146\u012bcins ?"},"content":{"rendered":"\n<figure class=\"wp-block-image size-large is-resized\"><img decoding=\"async\" loading=\"lazy\" src=\"https:\/\/tautastribunals.eu\/wp-content\/uploads\/2020\/08\/Helsinki-86.-LRTT.-Granti\u0146\u0161.Bord\u0101ns.Stuk\u0101ns-6.png\" alt=\"\" class=\"wp-image-57101\" width=\"1288\" height=\"141\"\/><\/figure>\n\n\n\n<p class=\"has-black-color has-text-color has-background has-medium-font-size\" style=\"background-color:#e5f9f1\">Ja esi piedzimis k\u0101 latvietis, tad aizst\u0101vi savu <strong>T\u0113vu ZEMI<\/strong>&nbsp; l\u012bdz p\u0113d\u0113jam elpas vilcienam. Cen\u0161an\u0101s iztapt liel\u0101kajam un iedal\u012bt sevi pie <strong>\u201cpamu\u013c\u0137iem\u201d,<\/strong> par kuriem raksta<strong> A. Sol\u017ee\u0146\u012bcins<\/strong>, ir apkaunojo\u0161i un pret\u012bgi. <\/p>\n\n\n\n<p class=\"has-black-color has-text-color has-background has-medium-font-size\" style=\"background-color:#e5f9f1\">Ien\u0101kot k\u0101<strong> DV\u0112SELE <\/strong>jaunaj\u0101 \u0137ermeni, kur\u0161 ir latvie\u0161u etnosa rad\u012bts, tu esi <strong>ZV\u0112R\u0112JIS<\/strong> to vienm\u0113r un visur aizst\u0101v\u0113t, nevis nodev\u012bgi to nodot ! T\u0101 ar sav\u0101m nodev\u012bgaj\u0101m darb\u012bb\u0101m tu lauz savu zv\u0113restu, nodod savus sen\u010dus, sevi un savus b\u0113rnu, un ar\u012b tos, kuri v\u0113l dzims. Nodev\u0113js veic nol\u0101d\u0113\u0161anas <strong>AKTU <\/strong>ne tikai pret sevi, bet pret visu savu dzimtu. Neaizmirs\u012bsim, ko sac\u012bja <strong>Kristus<\/strong> par nodev\u0113ju\u2026 . <\/p>\n\n\n\n<p class=\"has-black-color has-text-color has-background has-medium-font-size\" style=\"background-color:#e5f9f1\">Uzskat\u012bt par <strong>SKOLOT\u0100JIEM <\/strong>t\u0101s tautas p\u0101rst\u0101vjus, kura iz\u0146emot slepkavo\u0161anu, izvaro\u0161anu un laup\u012b\u0161anu neko vair\u0101k nav par\u0101d\u012bjusi, ir no\u017e\u0113lojama un nodev\u012bbai piel\u012bdzin\u0101ma par\u0101d\u012bba. <\/p>\n\n\n\n<p class=\"has-black-color has-text-color has-background has-medium-font-size\" style=\"background-color:#e5f9f1\">M\u0113s visi reiz atst\u0101sim \u0161o <strong>DIMENSIJU<\/strong>. Nek\u0101di dievi m\u016bsu<strong> \u201cDz\u012bv\u012bbas gr\u0101matas\u201d <\/strong>nep\u0113t\u012bs un gr\u0113kus nepiedos. Tevi ties\u0101s<strong> TAVI <\/strong>darbi, kuri nav sevis apzino\u0161i un apvelt\u012bti ar sp\u0113j\u0101m uz <strong>PIEDO\u0160ANU<\/strong>. <strong>Harons <\/strong>un <strong>MIRU\u0160O VALST\u012aBA <\/strong>nav izdom\u0101jums. T\u0101 ir realit\u0101te. Gribi palikt tums\u012bb\u0101 un mok\u0101s, turpini nicin\u0101t <strong>SV\u0112TUMU<\/strong><em>(m\u0101tes miesas- SAVU LATVISKO IZCELSMI)<\/em> ! Caur \u0161o<strong> TUMSAS<\/strong> un <strong>N\u0100VES IELEJU<\/strong> tiek cauri tikai tie, kuriem at\u013cauj vi\u0146u <strong>DARBI.<\/strong><\/p>\n\n\n\n<figure class=\"wp-block-image size-large is-resized\"><img decoding=\"async\" loading=\"lazy\" src=\"https:\/\/tautastribunals.eu\/wp-content\/uploads\/2020\/10\/Solzenicins-Aleksandrs-Isajecic.L.-Grantins.Prieditis.LRTT_-442x800.jpg\" alt=\"\" class=\"wp-image-58125\" width=\"1280\" height=\"2317\" srcset=\"https:\/\/tautastribunals.eu\/wp-content\/uploads\/2020\/10\/Solzenicins-Aleksandrs-Isajecic.L.-Grantins.Prieditis.LRTT_-442x800.jpg 442w, https:\/\/tautastribunals.eu\/wp-content\/uploads\/2020\/10\/Solzenicins-Aleksandrs-Isajecic.L.-Grantins.Prieditis.LRTT_-166x300.jpg 166w, https:\/\/tautastribunals.eu\/wp-content\/uploads\/2020\/10\/Solzenicins-Aleksandrs-Isajecic.L.-Grantins.Prieditis.LRTT_.jpg 612w\" sizes=\"(max-width: 1280px) 100vw, 1280px\" \/><\/figure>\n\n\n\n<p class=\"has-black-color has-text-color has-background has-medium-font-size\" style=\"background-color:#e6f7f0\">Vai b\u016bs daudz tie, kuri iebild\u012bs <strong>Aleksandra Sol\u017ee\u0146\u012bcina<\/strong> sac\u012btajam ? Sakar\u0101 ar to, ka <strong>Feisbuk\u0101<\/strong> u. c. soc-t\u012bklos tiek izplat\u012bti naid\u012bgi niev\u0101jo\u0161i<strong> IZTEICIENI <\/strong>par latvie\u0161iem k\u0101 mazv\u0113rt\u012bgu etnosu, <strong>LRTT<\/strong> ir public\u0113jis rakstus ar piem\u0113riem, kuros \u0161is slim\u012bgais un m\u016bsu tautu niev\u0101jo\u0161ais apmelojums tiek iemests miskast\u0113, kur tam visam ir \u012bst\u0101 vieta. \u0160eit ir las\u0101ms cit\u0101ts no augst\u0101k min\u0113t\u0101s gr\u0101matas.<strong> LRTT <\/strong>nev\u0113las <strong>\u201ck\u0101du\u201d<\/strong> apvainot, bet, ja<strong> TEV<\/strong> k\u0101ds iesp\u013cauj sej\u0101, tad nepietiek ar to, ka pazem\u012bgi noslaukies un aizm\u016bc, bet tev ar visu sparu ir j\u0101triec ar <strong>\u201ckulaku\u201d<\/strong> \u0161im bezkau\u0146am pa zobiem ! Dom\u0101ju, ka <strong>Sol\u017ee\u0146\u012bcins,<\/strong> kur\u0161 no t\u0113va puses ir <strong>ebrejs<\/strong>, bet m\u0101tes <strong>krievs<\/strong>, \u0161o sitienu ir veicis teicami !<\/p>\n\n\n\n<p>23.1.20   L. Granti\u0146\u0161<\/p>\n\n\n\n<p><\/p>\n","protected":false},"excerpt":{"rendered":"<p>Ja esi piedzimis k\u0101 latvietis, tad aizst\u0101vi savu T\u0113vu ZEMI&nbsp; l\u012bdz p\u0113d\u0113jam elpas vilcienam. Cen\u0161an\u0101s iztapt liel\u0101kajam un iedal\u012bt sevi pie \u201cpamu\u013c\u0137iem\u201d, par kuriem raksta A. Sol\u017ee\u0146\u012bcins, ir apkaunojo\u0161i un pret\u012bgi. Ien\u0101kot k\u0101 DV\u0112SELE&#46;&#46;&#46;<\/p>\n","protected":false},"author":1,"featured_media":53749,"comment_status":"open","ping_status":"open","sticky":false,"template":"","format":"standard","meta":[],"categories":[1],"tags":[],"_links":{"self":[{"href":"https:\/\/tautastribunals.eu\/index.php?rest_route=\/wp\/v2\/posts\/58124"}],"collection":[{"href":"https:\/\/tautastribunals.eu\/index.php?rest_route=\/wp\/v2\/posts"}],"about":[{"href":"https:\/\/tautastribunals.eu\/index.php?rest_route=\/wp\/v2\/types\/post"}],"author":[{"embeddable":true,"href":"https:\/\/tautastribunals.eu\/index.php?rest_route=\/wp\/v2\/users\/1"}],"replies":[{"embeddable":true,"href":"https:\/\/tautastribunals.eu\/index.php?rest_route=%2Fwp%2Fv2%2Fcomments&post=58124"}],"version-history":[{"count":4,"href":"https:\/\/tautastribunals.eu\/index.php?rest_route=\/wp\/v2\/posts\/58124\/revisions"}],"predecessor-version":[{"id":58135,"href":"https:\/\/tautastribunals.eu\/index.php?rest_route=\/wp\/v2\/posts\/58124\/revisions\/58135"}],"wp:featuredmedia":[{"embeddable":true,"href":"https:\/\/tautastribunals.eu\/index.php?rest_route=\/wp\/v2\/media\/53749"}],"wp:attachment":[{"href":"https:\/\/tautastribunals.eu\/index.php?rest_route=%2Fwp%2Fv2%2Fmedia&parent=58124"}],"wp:term":[{"taxonomy":"category","embeddable":true,"href":"https:\/\/tautastribunals.eu\/index.php?rest_route=%2Fwp%2Fv2%2Fcategories&post=58124"},{"taxonomy":"post_tag","embeddable":true,"href":"https:\/\/tautastribunals.eu\/index.php?rest_route=%2Fwp%2Fv2%2Ftags&post=58124"}],"curies":[{"name":"wp","href":"https:\/\/api.w.org\/{rel}","templated":true}]}}