{"id":58035,"date":"2020-10-17T10:55:54","date_gmt":"2020-10-17T07:55:54","guid":{"rendered":"https:\/\/tautastribunals.eu\/?p=58035"},"modified":"2020-10-17T10:55:55","modified_gmt":"2020-10-17T07:55:55","slug":"a-prieditis-jautajums-adresets-grantina-kungam","status":"publish","type":"post","link":"https:\/\/tautastribunals.eu\/?p=58035","title":{"rendered":"A. Pried\u012btis. Jaut\u0101jums adres\u0113ts Granti\u0146a kungam"},"content":{"rendered":"\n<figure class=\"wp-block-image size-large is-resized\"><img decoding=\"async\" loading=\"lazy\" src=\"https:\/\/tautastribunals.eu\/wp-content\/uploads\/2020\/08\/Arturs-Pried\u012btis-Linards-Granti\u0146\u0161-LRTT.-Helsinki-86-1.png\" alt=\"\" class=\"wp-image-57060\" width=\"1288\" height=\"191\"\/><\/figure>\n\n\n\n<figure class=\"wp-block-image\"><img decoding=\"async\" src=\"https:\/\/scontent-dus1-1.xx.fbcdn.net\/v\/t1.0-9\/121806648_1059599877794314_1017478266456735750_n.jpg?_nc_cat=106&amp;_nc_sid=730e14&amp;_nc_eui2=AeGgp1WC0n6wECxVnTnWPJMFnKZY2kee4TScpljaR57hND38Fo1pbVKfM91m7wozbl0hBEoKwB9t2V4ZTie1MlAG&amp;_nc_ohc=oNDz3rWdhAAAX8272y7&amp;_nc_ht=scontent-dus1-1.xx&amp;oh=395998acdd9a2d0d6a32298c48edaba2&amp;oe=5FAFE9D2\" alt=\"\"\/><\/figure>\n\n\n\n<p class=\"has-text-align-center has-light-green-cyan-color has-text-color has-background has-large-font-size\" style=\"background-color:#073d29\">IZCILS KOMPLIMENTS<\/p>\n\n\n\n<p class=\"has-black-color has-text-color has-background has-medium-font-size\" style=\"background-color:#dcf2e9\">Komplimentus m\u0113dz kr\u0101t. Esmu ticies ar cilv\u0113kiem, kuri c\u012bt\u012bgi pieraksta katru vi\u0146u darbam izteikto komplimentu. \u0160ai grupai nepiederu. Izlasu un priec\u0101jos, bet nepierakstu. Ja pierakst\u012btu, tad var\u0113tu fiks\u0113t \u0161\u0101du \u0161odien izlas\u012btu izcilu komplimentu: <strong>&#8220;Kap\u0113c tiek public\u0113ti A.Pried\u012b\u0161a, ar b\u0113rnu un neapzin\u0101tu cilv\u0113ku izv\u0113les br\u012bv\u012bb\u0101m manipul\u0113jo\u0161ie, ar kaitniekpsihologijas s\u0113rgu infic\u0113tie, necilv\u0113c\u012bbas saprogramm\u0113tie raksti?&#8221;<\/strong>. Jaut\u0101jums adres\u0113ts Granti\u0146a kungam.<\/p>\n\n\n\n<p class=\"has-text-align-center has-black-color has-text-color\" style=\"font-size:23px\">L\u016bk, min\u0113tais un LRTT apstiprin\u0101tais koment\u0101rs:<\/p>\n\n\n\n<figure class=\"wp-block-table\"><table><tbody><tr><td><strong>85<\/strong><br><a href=\"https:\/\/tautastribunals.eu\/wp-admin\/edit-comments.php?s=212.3.197.212&amp;mode=detail\"><\/a><\/td><td class=\"has-text-align-center\" data-align=\"center\"><span style=\"color:#0608e5\" class=\"has-inline-color\">Es\u012bba ir cilv\u0113ka ( cilv\u0113ku ) izv\u0113les br\u012bv\u012bba, kuras pamat\u0101, protams, ir paties\u012bba. P\u0113d\u0113jo, manupr\u0101t da\u017eu kalend\u0101ro gadu laik\u0101, Latvijas kolekt\u012bv\u0101 paties\u012bba s\u0101k atg\u0101din\u0101t paties\u012bbas viltojumu. Nav saprotams, vai LRTT ir vai nav k\u0101d\u0101 apzin\u0101t\u0101 veid\u0101 neliet\u012bgi piedal\u012bjies melu, k\u0101 virspretlikum\u012bgas manipul\u0101cijas ar pamatdz\u012bvot\u0101ju cilv\u0113ku izv\u0113les br\u012bv\u012bb\u0101m, uzb\u016bves, neb\u016bt\u012bb\u0101 z\u016bdo\u0161\u0101 paraz\u012btmeh\u0101nisma m\u0101ksl\u012bgi (neliet\u012bgi) lipin\u0101taj\u0101 valsts veidola \u012bsten\u012bb\u0101, viltojot pa\u0161a LRTT un cilv\u0113kties\u012bbu aizsardz\u012bbas organiz\u0101cijas Helsinki \u2013 86 pamatvektoru v\u0113rt\u012bbas? Ko tu dom\u0101 un k\u0101d\u0101 sakar\u0101, ka cilv\u0113ks nevar b\u016bt perfekts? Kas tas par konfliktu sakar\u0101 ar J.Raini? Kap\u0113c tiek public\u0113ti A.Pried\u012b\u0161a, ar b\u0113rnu un neapzin\u0101tu cilv\u0113ku izv\u0113les br\u012bv\u012bb\u0101m manipul\u0113jo\u0161ie, ar kaitniekpsihologijas s\u0113rgu infic\u0113tie, necilv\u0113c\u012bbas saprogramm\u0113tie raksti?<\/span><\/td><\/tr><\/tbody><\/table><\/figure>\n\n\n\n<p class=\"has-text-align-center has-white-color has-black-background-color has-text-color has-background has-large-font-size\">L. Granti\u0146a atbilde: <\/p>\n\n\n\n<p class=\"has-white-color has-black-background-color has-text-color has-background has-medium-font-size\"><strong>L. Granti\u0146\u0161<\/strong> sav\u0101 i- vietn\u0113 neat\u013cauj da\u017e\u0101da <strong>\u201cizm\u0113ra\u201d<\/strong> padiben\u0113m apmierin\u0101t savas tieksmes- ne\u0161\u0137\u012bstu lam\u0101\u0161anos, bet koment\u0101ri, kuri ir rakst\u012bti <strong>\u201ccilv\u0113c\u012bg\u0101\u201d<\/strong> valod\u0101, kaut ar\u012b negat\u012bvi pret attiec\u012bg\u0101 raksta autoru, tiek apstiprin\u0101ti. <strong>Pried\u012b\u0161a kungam<\/strong> ir dotas visas iesp\u0113jas \u0161o koment\u0113t\u0101ju <strong>APG\u0100ZT<\/strong>. To teicami veica <strong>Valdis Freimant\u0101ls<\/strong>. <\/p>\n\n\n\n<p class=\"has-white-color has-black-background-color has-text-color has-background has-medium-font-size\"><strong>A. Pried\u012b\u0161a<\/strong> kunga rakst\u012btais, k\u0101 jau esmu sac\u012bjis, ir pie\u0146emams<strong> PA VISIEM 95%<\/strong> un t\u0101p\u0113c <strong>Vi\u0146\u0161<\/strong> \u0161aj\u0101 <strong>i- vietn\u0113 <\/strong>tiek public\u0113ts. <\/p>\n\n\n\n<p class=\"has-text-align-center has-white-color has-black-background-color has-text-color has-background\" style=\"font-size:29px\">Mums nav j\u0101b\u016bt vien\u0101diem, bet<strong> GOD\u012aGIEM <\/strong>gan ! <\/p>\n\n\n\n<p class=\"has-white-color has-black-background-color has-text-color has-background has-medium-font-size\">Cik zinu, tad <strong>A. Pried\u012b\u0161a kungs<\/strong> nevienu nav apzadzis un nedz\u012bvo uz citu r\u0113\u0137ina, un tas ir pats galvenais. Dom\u0101ju, ka <strong>A. Pried\u012b\u0161a LATVIJ\u0100<\/strong> atrastos vieta ar\u012b man, t\u0101pat k\u0101 <strong>Vi\u0146am<\/strong> man\u0113j\u0101.<\/p>\n\n\n\n<p>17.10.20<\/p>\n","protected":false},"excerpt":{"rendered":"<p>IZCILS KOMPLIMENTS Komplimentus m\u0113dz kr\u0101t. Esmu ticies ar cilv\u0113kiem, kuri c\u012bt\u012bgi pieraksta katru vi\u0146u darbam izteikto komplimentu. \u0160ai grupai nepiederu. Izlasu un priec\u0101jos, bet nepierakstu. Ja pierakst\u012btu, tad var\u0113tu fiks\u0113t \u0161\u0101du \u0161odien izlas\u012btu izcilu&#46;&#46;&#46;<\/p>\n","protected":false},"author":1,"featured_media":54904,"comment_status":"open","ping_status":"open","sticky":false,"template":"","format":"standard","meta":[],"categories":[1],"tags":[],"_links":{"self":[{"href":"https:\/\/tautastribunals.eu\/index.php?rest_route=\/wp\/v2\/posts\/58035"}],"collection":[{"href":"https:\/\/tautastribunals.eu\/index.php?rest_route=\/wp\/v2\/posts"}],"about":[{"href":"https:\/\/tautastribunals.eu\/index.php?rest_route=\/wp\/v2\/types\/post"}],"author":[{"embeddable":true,"href":"https:\/\/tautastribunals.eu\/index.php?rest_route=\/wp\/v2\/users\/1"}],"replies":[{"embeddable":true,"href":"https:\/\/tautastribunals.eu\/index.php?rest_route=%2Fwp%2Fv2%2Fcomments&post=58035"}],"version-history":[{"count":8,"href":"https:\/\/tautastribunals.eu\/index.php?rest_route=\/wp\/v2\/posts\/58035\/revisions"}],"predecessor-version":[{"id":58043,"href":"https:\/\/tautastribunals.eu\/index.php?rest_route=\/wp\/v2\/posts\/58035\/revisions\/58043"}],"wp:featuredmedia":[{"embeddable":true,"href":"https:\/\/tautastribunals.eu\/index.php?rest_route=\/wp\/v2\/media\/54904"}],"wp:attachment":[{"href":"https:\/\/tautastribunals.eu\/index.php?rest_route=%2Fwp%2Fv2%2Fmedia&parent=58035"}],"wp:term":[{"taxonomy":"category","embeddable":true,"href":"https:\/\/tautastribunals.eu\/index.php?rest_route=%2Fwp%2Fv2%2Fcategories&post=58035"},{"taxonomy":"post_tag","embeddable":true,"href":"https:\/\/tautastribunals.eu\/index.php?rest_route=%2Fwp%2Fv2%2Ftags&post=58035"}],"curies":[{"name":"wp","href":"https:\/\/api.w.org\/{rel}","templated":true}]}}