{"id":57939,"date":"2020-10-21T01:52:49","date_gmt":"2020-10-20T22:52:49","guid":{"rendered":"https:\/\/tautastribunals.eu\/?p=57939"},"modified":"2020-10-21T13:21:10","modified_gmt":"2020-10-21T10:21:10","slug":"latviesus-nicinat-var-tikai-nelietis-vai-cionists","status":"publish","type":"post","link":"https:\/\/tautastribunals.eu\/?p=57939","title":{"rendered":"Latvie\u0161us nicin\u0101t var tikai nelietis vai cionists"},"content":{"rendered":"\n<figure class=\"wp-block-image size-large is-resized\"><img decoding=\"async\" loading=\"lazy\" src=\"https:\/\/tautastribunals.eu\/wp-content\/uploads\/2020\/02\/L.Granti\u0146\u0161.J.Z\u012bvertsBord\u0101nsBut\u0101nsLRTT-1-2-800x116.png\" alt=\"\" class=\"wp-image-54931\" width=\"1283\" height=\"186\" srcset=\"https:\/\/tautastribunals.eu\/wp-content\/uploads\/2020\/02\/L.Granti\u0146\u0161.J.Z\u012bvertsBord\u0101nsBut\u0101nsLRTT-1-2-800x116.png 800w, https:\/\/tautastribunals.eu\/wp-content\/uploads\/2020\/02\/L.Granti\u0146\u0161.J.Z\u012bvertsBord\u0101nsBut\u0101nsLRTT-1-2-300x44.png 300w, https:\/\/tautastribunals.eu\/wp-content\/uploads\/2020\/02\/L.Granti\u0146\u0161.J.Z\u012bvertsBord\u0101nsBut\u0101nsLRTT-1-2-768x112.png 768w, https:\/\/tautastribunals.eu\/wp-content\/uploads\/2020\/02\/L.Granti\u0146\u0161.J.Z\u012bvertsBord\u0101nsBut\u0101nsLRTT-1-2.png 1073w\" sizes=\"(max-width: 1283px) 100vw, 1283px\" \/><\/figure>\n\n\n\n<p class=\"has-black-color has-text-color has-background has-medium-font-size\" style=\"background-color:#def4eb\">P\u0113c piram\u012bdu celtniec\u012bbas neviena tauta un neviens indiv\u012bds ko t\u0101du nav bijis sp\u0113j\u012bgs veikt. Vai tas nor\u0101da uz latvie\u0161iem k\u0101 <strong>MAZV\u0112RT\u012aGU- DEGRAD\u0112TU ETNOSU<\/strong> ?<\/p>\n\n\n\n<figure class=\"wp-block-embed-youtube wp-block-embed is-type-video is-provider-youtube wp-embed-aspect-16-9 wp-has-aspect-ratio\"><div class=\"wp-block-embed__wrapper\">\n<div class=\"video-container\"><iframe loading=\"lazy\" title=\"70 \u043b\u0435\u0442 \u0443\u0447\u0435\u043d\u044b\u0435 \u043d\u0435 \u043c\u043e\u0433\u0443\u0442 \u0440\u0430\u0437\u0433\u0430\u0434\u0430\u0442\u044c \u0417\u0410\u0413\u0410\u0414\u041a\u0423 \u044d\u0442\u043e\u0433\u043e \u0441\u0442\u0430\u0440\u0438\u043a\u0430... \u041a\u0430\u043a \u043e\u043d \u044d\u0442\u043e \u0432\u0441\u0435 \u041f\u041e\u0421\u0422\u0420\u041e\u0418\u041b?\" width=\"500\" height=\"281\" src=\"https:\/\/www.youtube.com\/embed\/pt509AtDWXM?feature=oembed&#038;wmode=opaque\" frameborder=\"0\" allow=\"accelerometer; autoplay; clipboard-write; encrypted-media; gyroscope; picture-in-picture\" allowfullscreen><\/iframe><\/div>\n<\/div><\/figure>\n\n\n\n<p class=\"has-black-color has-text-color has-background has-medium-font-size\" style=\"background-color:#def4eb\">Protams, ka <strong>IZREDZ\u0112TAJIEM &#8220;t\u0101di&#8221; <\/strong>latvie\u0161i ir<strong> k\u0101 sunim r\u012bkl\u0113 iespr\u016bdis kauls<\/strong>. T\u0101p\u0113c visur, kur vien tas ir iesp\u0113jams, latvie\u0161i tiek nicin\u0101ti, norieti un pat apvainoti <strong>HOLOKAUST\u0100<\/strong>, kaut gan nevienu no \u0161iem upuriem nav nogalin\u0101ju\u0161i ! Un k\u0101 jau rakst\u0101: <strong><a href=\"https:\/\/tautastribunals.eu\/?p=58044\"><span class=\"has-inline-color has-vivid-red-color\">&#8220;Nav t\u0101da taut\u012bba: KRIEVS&#8221;<\/span><\/a><\/strong><span class=\"has-inline-color has-vivid-cyan-blue-color\"> <\/span>min\u0113ts, \u0161o net\u012bro darbu veic cilv\u0113ki ar latviskiem uzv\u0101rdiem. Par \u0161o t\u0113mu: <strong>Ci\u0101nas HIDRU<\/strong>, m\u0113s run\u0101sim tik ilgi, l\u012bdz t\u0101 tiks iemesta<strong> ESS\u012aAS m\u0113slain\u0113 <\/strong>! Tad ne tikai latvie\u0161u tauta, bet visas zemes tautas var\u0113s veidot savu n\u0101kotni p\u0113c savas <strong>GRIBAS<\/strong> !<\/p>\n\n\n\n<p class=\"has-black-color has-text-color has-background has-medium-font-size\" style=\"background-color:#e4f7f0\"><strong>Latvie\u0161i<\/strong> ir <strong>KULT\u016aRAS TAUTA,<\/strong> kurai uz \u0161\u012bs pasaules nav l\u012bdzinieces ! Un atkal var sac\u012bt, ka tas nepat\u012bk ne tikai <strong>IZREDZ\u0112TAJIEM<\/strong>, bet vis\u0101m <strong>lielaj\u0101m taut\u0101m<\/strong> uz kuru <strong>SIRDSAPZI\u0145AS<\/strong> ir neskait\u0101mu mazo tautu asinis. <\/p>\n\n\n\n<p class=\"has-white-color has-text-color has-background\" style=\"font-size:25px;background-color:#214437\">Par mazo tautu asin\u012bm b\u016bs j\u0101atbild, jo to nosaka <strong><span class=\"has-inline-color has-vivid-red-color\">C\u0113lo\u0146u un Seku LIKUMS<\/span><\/strong>. <\/p>\n\n\n\n<p class=\"has-black-color has-text-color has-background has-medium-font-size\" style=\"background-color:#e4f7f0\">M\u016bzikas pasaul\u0113 m\u0113s esam<strong> LIELVALSTS<\/strong>.<strong> Latvijas<\/strong> kori vienm\u0113r ie\u0146em godalgotas vietas. Tas pats ir ar<strong> DEJU<\/strong> <strong>ANSAMB\u013bIEM<\/strong>. Kas attiecas uz diri\u0123entiem, tad m\u0113s esam ne tikai lielvalsts, bet jau kaut kas virsdimension\u0101ls. Sport\u0101 uz 100 000 iedz\u012bvot\u0101ju esam pirmaj\u0101 trijniek\u0101. Matem\u0101tikas olimpi\u0101d\u0113s bie\u017ei <strong>\u201cpl\u016bcam\u201d<\/strong> meda\u013cas. Un atkal, ja r\u0113\u0137in\u0101m, k\u0101 tas pie\u0146emts, uz 100 000 iedz\u012bvot\u0101jiem, tad atkal pirmais trijnieks. Pirmskara <strong>Latvijas <\/strong>zin\u0101tne un bija viena no progres\u012bv\u0101kaj\u0101m pasaul\u0113. Kad <strong>K. Ulmanis <\/strong>p\u0101r\u0146\u0113ma bo\u013c\u0161eviku dezorganiz\u0113to <strong>Saeimu<\/strong>, <strong>Latvijas <\/strong>valsts att\u012bst\u012bba bija tik strauja, ka mums pasaul\u0113 nebija neviena, kuri var\u0113tu ar mums sacensties. Latvie\u0161i bija tie, kuri sagr\u0101va<strong> Krievijas imp\u0113riju <\/strong>un ar\u012b tie, kuri sagr\u0101va <strong>PSRS<\/strong>. Bez latvie\u0161u <strong>Atmodas<\/strong>, neviena imp\u0113rij\u0101 eso\u0161\u0101 republika neb\u016btu atguvusi neatkar\u012bbu. Un te tad m\u0113s ar\u012b non\u0101kam pie <strong>CIONISTU<\/strong> noziegumiem. Ar viltu, meliem un slepkavo\u0161an\u0101m abas reizes m\u016bsu c\u012b\u0146as aug\u013ci no \u0161iem s\u0101taniskajiem izdzimumiem tika degrad\u0113ti- izn\u012bcin\u0101ti. Vi\u0146i m\u0101k tikai laup\u012bt zagt un slepkavot. Vi\u0146u uzdevum\u0101 da\u017e\u0101da kalibra l\u012bdzskr\u0113j\u0113ji \u0161odien cen\u0161as latvie\u0161us noniecin\u0101t un apvainot noziegumos, kurus pa\u0161i pret sav\u0113jiem pastr\u0101d\u0101ju\u0161i. <\/p>\n\n\n\n<p class=\"has-black-color has-text-color has-background has-medium-font-size\" style=\"background-color:#e4f7f0\">Nav lab\u0101ki karot\u0101ji par latvie\u0161iem un t\u0101p\u0113c jau p\u0113c kara, tika <strong>masveid\u0101 zagti latvie\u0161u b\u0113rni<\/strong> un nodoti tiem, kuri vi\u0146us izaudzin\u0101ja par sev l\u012bdz\u012bgiem. <strong>Izra\u0113l\u0101 <\/strong>ir t\u016bksto\u0161iem latvie\u0161u un v\u0101cie\u0161u b\u0113rni\u2026 Par tie\u0161i latvie\u0161u b\u0113rnu masveid\u012bgo <strong>\u201cmir\u0161anu\u201d<\/strong> pie dzemd\u012bb\u0101m, rakst\u012bja ar\u012b <strong>Indulis Ronis.<\/strong> Ar\u012b man\u0101 \u0123imen\u0113 tas ir noticis\u2026 , piedzima, par\u0101d\u012bja un pazi\u0146oja, ka otr\u0101 dien\u0101 esot miris. B\u0113rna mirst\u012bg\u0101s atliekas netika nedz par\u0101d\u012btas, nedz atdotas ! <\/p>\n\n\n\n<p class=\"has-black-color has-text-color has-background has-medium-font-size\" style=\"background-color:#e4f7f0\">\u0160eit es piemin\u0113ju tikai niec\u012bgu da\u013cu no <strong>LATVIE\u0160U VAREN\u012aBAS<\/strong> un ar\u012b niec\u012bgu da\u013cu no m\u016bsu nelabv\u0113\u013cu <strong><u>noziegumiem pret latvie\u0161u tautu.<\/u><\/strong> Tas, kur\u0161 pace\u013c roku pret latvie\u0161u tautu un zaimo to, ir pats sevi nol\u0101d\u0113jis, jo ir melojis un meli ir <strong>S\u0101tana \u201cdarba instruments\u201d<\/strong> ! <\/p>\n\n\n\n<p class=\"has-black-color has-text-color has-background has-medium-font-size\" style=\"background-color:#e4f7f0\">Neviens <strong>Latvijas<\/strong> valsts izlaup\u012bt\u0101js nepieder latvie\u0161u etnosam !<\/p>\n\n\n\n<figure class=\"wp-block-image size-large is-resized\"><img decoding=\"async\" loading=\"lazy\" src=\"https:\/\/tautastribunals.eu\/wp-content\/uploads\/2018\/09\/BorovkovsGodmanisUlmanisGranti\u0146\u0161.LRTT_-800x338.png\" alt=\"\" class=\"wp-image-46229\" width=\"1282\" height=\"542\" srcset=\"https:\/\/tautastribunals.eu\/wp-content\/uploads\/2018\/09\/BorovkovsGodmanisUlmanisGranti\u0146\u0161.LRTT_-800x338.png 800w, https:\/\/tautastribunals.eu\/wp-content\/uploads\/2018\/09\/BorovkovsGodmanisUlmanisGranti\u0146\u0161.LRTT_-300x127.png 300w, https:\/\/tautastribunals.eu\/wp-content\/uploads\/2018\/09\/BorovkovsGodmanisUlmanisGranti\u0146\u0161.LRTT_-768x325.png 768w, https:\/\/tautastribunals.eu\/wp-content\/uploads\/2018\/09\/BorovkovsGodmanisUlmanisGranti\u0146\u0161.LRTT_.png 1476w\" sizes=\"(max-width: 1282px) 100vw, 1282px\" \/><\/figure>\n\n\n\n<figure class=\"wp-block-image size-large is-resized\"><img decoding=\"async\" loading=\"lazy\" src=\"https:\/\/tautastribunals.eu\/wp-content\/uploads\/2020\/09\/Ventilatori.png\" alt=\"\" class=\"wp-image-57582\" width=\"1281\" height=\"607\" srcset=\"https:\/\/tautastribunals.eu\/wp-content\/uploads\/2020\/09\/Ventilatori.png 800w, https:\/\/tautastribunals.eu\/wp-content\/uploads\/2020\/09\/Ventilatori-300x142.png 300w, https:\/\/tautastribunals.eu\/wp-content\/uploads\/2020\/09\/Ventilatori-768x364.png 768w, https:\/\/tautastribunals.eu\/wp-content\/uploads\/2020\/09\/Ventilatori-520x245.png 520w, https:\/\/tautastribunals.eu\/wp-content\/uploads\/2020\/09\/Ventilatori-720x340.png 720w\" sizes=\"(max-width: 1281px) 100vw, 1281px\" \/><\/figure>\n\n\n\n<figure class=\"wp-block-embed-wordpress wp-block-embed is-type-wp-embed is-provider-wordpress\"><div class=\"wp-block-embed__wrapper\">\n<blockquote class=\"wp-embedded-content\" data-secret=\"iAyq7Gjhxu\"><a href=\"https:\/\/tautastribunals.eu\/?p=57544\">Par \u010dekas maisu &#8220;ventilatoriem&#8221; stuk\u0101niem, muci\u0146iem, kangeriem&#8230;<\/a><\/blockquote><iframe class=\"wp-embedded-content\" sandbox=\"allow-scripts\" security=\"restricted\" style=\"position: absolute; clip: rect(1px, 1px, 1px, 1px);\" title=\"&#8220;Par \u010dekas maisu &#8220;ventilatoriem&#8221; stuk\u0101niem, muci\u0146iem, kangeriem&#8230;&#8221; &#8212; \" src=\"https:\/\/tautastribunals.eu\/?p=57544&#038;embed=true#?secret=iAyq7Gjhxu\" data-secret=\"iAyq7Gjhxu\" width=\"500\" height=\"282\" frameborder=\"0\" marginwidth=\"0\" marginheight=\"0\" scrolling=\"no\"><\/iframe>\n<\/div><\/figure>\n\n\n\n<p class=\"has-white-color has-text-color has-background\" style=\"font-size:25px;background-color:#0b442f\">Latviet, tu piederi vien\u012bgai tautai virs zemes, kurai nav j\u0101kaunas par savu pag\u0101tni, tagadni un n\u0101kotni. Par to tu vari PATIESI lepoties ! <\/p>\n\n\n\n<p class=\"has-large-font-size\"><a href=\"https:\/\/baltutautas.lv\/gramata\/2.13\/ruta-gints\">O. Zi\u013cickis: \u013baujiet jel atvases dz\u012bt<\/a><\/p>\n\n\n\n<p class=\"has-black-color has-text-color has-background has-medium-font-size\" style=\"background-color:#e4f7f0\">Par \u0161o t\u0113mu m\u0113s v\u0113l rakst\u012bsim\u2026.<\/p>\n\n\n\n<p class=\"has-text-align-center has-vivid-green-cyan-color has-text-color has-background has-large-font-size\" style=\"background-color:#831717\">Tev m\u016b\u017eam dz\u012bvot Latvija !<\/p>\n\n\n\n<figure class=\"wp-block-embed-youtube wp-block-embed is-type-video is-provider-youtube wp-embed-aspect-16-9 wp-has-aspect-ratio\"><div class=\"wp-block-embed__wrapper\">\n<div class=\"video-container\"><iframe loading=\"lazy\" title=\"&quot;M\u0101ras zeme&quot; fin\u0101ldeja &quot;Gaismu sauca, gaisma ausa&quot; 06.07.18.\" width=\"500\" height=\"281\" src=\"https:\/\/www.youtube.com\/embed\/udHhsVU6sR4?feature=oembed&#038;wmode=opaque\" frameborder=\"0\" allow=\"accelerometer; autoplay; clipboard-write; encrypted-media; gyroscope; picture-in-picture\" allowfullscreen><\/iframe><\/div>\n<\/div><\/figure>\n\n\n\n<p>21.10.20                          L. Granti\u0146\u0161<\/p>\n","protected":false},"excerpt":{"rendered":"<p>P\u0113c piram\u012bdu celtniec\u012bbas neviena tauta un neviens indiv\u012bds ko t\u0101du nav bijis sp\u0113j\u012bgs veikt. Vai tas nor\u0101da uz latvie\u0161iem k\u0101 MAZV\u0112RT\u012aGU- DEGRAD\u0112TU ETNOSU ? Protams, ka IZREDZ\u0112TAJIEM &#8220;t\u0101di&#8221; latvie\u0161i ir k\u0101 sunim r\u012bkl\u0113 iespr\u016bdis&#46;&#46;&#46;<\/p>\n","protected":false},"author":1,"featured_media":49354,"comment_status":"open","ping_status":"open","sticky":false,"template":"","format":"standard","meta":[],"categories":[1],"tags":[],"_links":{"self":[{"href":"https:\/\/tautastribunals.eu\/index.php?rest_route=\/wp\/v2\/posts\/57939"}],"collection":[{"href":"https:\/\/tautastribunals.eu\/index.php?rest_route=\/wp\/v2\/posts"}],"about":[{"href":"https:\/\/tautastribunals.eu\/index.php?rest_route=\/wp\/v2\/types\/post"}],"author":[{"embeddable":true,"href":"https:\/\/tautastribunals.eu\/index.php?rest_route=\/wp\/v2\/users\/1"}],"replies":[{"embeddable":true,"href":"https:\/\/tautastribunals.eu\/index.php?rest_route=%2Fwp%2Fv2%2Fcomments&post=57939"}],"version-history":[{"count":20,"href":"https:\/\/tautastribunals.eu\/index.php?rest_route=\/wp\/v2\/posts\/57939\/revisions"}],"predecessor-version":[{"id":58123,"href":"https:\/\/tautastribunals.eu\/index.php?rest_route=\/wp\/v2\/posts\/57939\/revisions\/58123"}],"wp:featuredmedia":[{"embeddable":true,"href":"https:\/\/tautastribunals.eu\/index.php?rest_route=\/wp\/v2\/media\/49354"}],"wp:attachment":[{"href":"https:\/\/tautastribunals.eu\/index.php?rest_route=%2Fwp%2Fv2%2Fmedia&parent=57939"}],"wp:term":[{"taxonomy":"category","embeddable":true,"href":"https:\/\/tautastribunals.eu\/index.php?rest_route=%2Fwp%2Fv2%2Fcategories&post=57939"},{"taxonomy":"post_tag","embeddable":true,"href":"https:\/\/tautastribunals.eu\/index.php?rest_route=%2Fwp%2Fv2%2Ftags&post=57939"}],"curies":[{"name":"wp","href":"https:\/\/api.w.org\/{rel}","templated":true}]}}