{"id":579,"date":"2009-12-13T16:44:37","date_gmt":"2009-12-13T14:44:37","guid":{"rendered":"http:\/\/tautastribunals.eu\/?p=579"},"modified":"2021-03-06T14:44:44","modified_gmt":"2021-03-06T12:44:44","slug":"ar-noladetibas-zimi-apzimogotie-nodeveji","status":"publish","type":"post","link":"https:\/\/tautastribunals.eu\/?p=579","title":{"rendered":"Ar nol\u0101d\u0113t\u012bbas z\u012bmi apz\u012bmogotie nodev\u0113ji&#8230; !"},"content":{"rendered":"<p><strong><span style=\"color: #ff0000;\">Tauta nedr\u012bkst aizmirst nedz savus varo\u0146us, nedz ar\u012b savus nodev\u0113jus.<\/span><\/strong><\/p>\n<p><img decoding=\"async\" loading=\"lazy\" class=\"alignleft  wp-image-584\" src=\"http:\/\/tautastribunals.eu\/wp-content\/uploads\/2009\/12\/vvf2-300x207.jpg\" alt=\"vvf\" width=\"2117\" height=\"1461\" srcset=\"https:\/\/tautastribunals.eu\/wp-content\/uploads\/2009\/12\/vvf2-300x207.jpg 300w, https:\/\/tautastribunals.eu\/wp-content\/uploads\/2009\/12\/vvf2-800x552.jpg 800w, https:\/\/tautastribunals.eu\/wp-content\/uploads\/2009\/12\/vvf2.jpg 900w\" sizes=\"(max-width: 2117px) 100vw, 2117px\" \/><\/p>\n<p><span style=\"color: #000000;\">Foto: <em><strong>VVF valsts valodas komisijas s\u0113d\u0113, 23.01.2002.<\/strong><\/em><\/span><\/p>\n<p><span style=\"color: #000000;\">Blakus vi\u0146ai konsultante valodas jaut\u0101jum\u0101 M. Z\u0101l\u012bte. VVF\u00a0 &#8220;m\u012bkstin\u0101ja&#8221;\u00a0 latvie\u0161u valodas likumu p\u0113c Z\u0101l\u012btes un Petera ieteikuma. M\u0101ra Z\u0101l\u012bte\u00a0un J\u0101nis Peters ir zv\u0113rin\u0101ti lielkrievijas piekrit\u0113ji. To ar\u012b vi\u0146i atmodas laik\u0101 daudz nesl\u0113pa. \u0160o divu\u00a0latvie\u0161u tautas pretek\u013cu lozungs Atmodas laik\u0101 bija: &#8220;Br\u012bvu Latviju br\u012bvaj\u0101 Krievij\u0101 &#8230;!!!&#8221;.\u00a0T\u0101tad- ne vair\u0101k ties\u012bbas latvie\u0161iem sav\u0101 dzimtene k\u0101 evenkiem Krievijas feder\u0101cij\u0101. Un, k\u0101 gan sav\u0101d\u0101k, M. Z\u0101l\u012btes v\u012brs ir KGB kapteinis, t\u0101tad devis zv\u0113restu kalpot kriev-\u017e\u012bdu imp\u0113rijai un nesaudz\u012bgi c\u012bn\u012bties pret latvie\u0161u tautas Br\u012bv\u012bbas centieniem. M. Z\u0101l\u012bte pat at\u013c\u0101v\u0101s vienu no H-86 dibin\u0101t\u0101jiem- Raimondu Bitenieku nosaukt par dzimtenes nodev\u0113ju&#8230;. . <\/span><\/p>\n<p><span style=\"color: #000000;\">Par J\u0101ni Peteru var teikt tikai vienu, viens no rieb\u012bg\u0101kajiem latvie\u0161u tautas pabir\u0101m. Biju\u0161ais VDK zi\u0146ot\u0101js, t\u0101tad slepkava. Atbalst\u012bjis visas p\u0113c-Atmodas \u010dekistu &#8220;oper\u0101cijas&#8221; latvie\u0161u patriotu &#8220;nov\u0101k\u0161an\u0101&#8221;. VVF ar latviet\u012bbu nav saist\u012bta, t\u0101p\u0113c ar\u012b visas \u0161\u012bs pretlatvisk\u0101s darb\u012bbas no vi\u0146as puses. VVF \u012bstais t\u0113vs bija no &#8220;izredz\u0113to&#8221; tautas. Savu &#8220;\u017e\u012bdismu&#8221; vi\u0146a ar\u012b necent\u0101s daudz sl\u0113pt. Bija bie\u017es viesis sinagog\u0101s&#8230; .<\/span><img decoding=\"async\" loading=\"lazy\" class=\"alignleft  wp-image-587\" src=\"http:\/\/tautastribunals.eu\/wp-content\/uploads\/2009\/12\/vvf-1-300x221.jpg\" alt=\"vvf 1\" width=\"1880\" height=\"1385\" srcset=\"https:\/\/tautastribunals.eu\/wp-content\/uploads\/2009\/12\/vvf-1-300x221.jpg 300w, https:\/\/tautastribunals.eu\/wp-content\/uploads\/2009\/12\/vvf-1-800x590.jpg 800w, https:\/\/tautastribunals.eu\/wp-content\/uploads\/2009\/12\/vvf-1.jpg 866w\" sizes=\"(max-width: 1880px) 100vw, 1880px\" \/><\/p>\n<p>Foto: <em><strong><span style=\"color: #333399;\">VVF eiforij\u0101 no tautie\u0161a sk\u016bpsta&#8230; .<\/span><\/strong><\/em><\/p>\n<p><em><strong><span style=\"color: #333399;\">Foto: VVF dodas uz valsts robe\u017eu Latgal\u0113, Aizg\u0101r\u0161\u0101,08.08.2001., zinot, ka j\u0101pan\u0101k Abrenes novada uzd\u0101vin\u0101\u0161ana Krievijai.<\/span><\/strong><\/em><\/p>\n<p><em><strong><span style=\"color: #333399;\"><img decoding=\"async\" loading=\"lazy\" class=\"alignleft  wp-image-597\" src=\"http:\/\/tautastribunals.eu\/wp-content\/uploads\/2009\/12\/ffv3-204x300.jpg\" alt=\"ffv\" width=\"534\" height=\"785\" srcset=\"https:\/\/tautastribunals.eu\/wp-content\/uploads\/2009\/12\/ffv3-204x300.jpg 204w, https:\/\/tautastribunals.eu\/wp-content\/uploads\/2009\/12\/ffv3-544x800.jpg 544w, https:\/\/tautastribunals.eu\/wp-content\/uploads\/2009\/12\/ffv3.jpg 732w\" sizes=\"(max-width: 534px) 100vw, 534px\" \/><\/span><\/strong><\/em><\/p>\n<p><em><strong><span style=\"color: #333399;\">\u00a0<\/span><\/strong><\/em><em><strong><span style=\"color: #ff0000;\">\u00a0<\/span><\/strong><\/em><\/p>\n<p><em><strong><span style=\"color: #ff0000;\">J\u0101, piln\u012bgi pareizi, j\u016bs redzat vienu nol\u0101d\u0113tu nodev\u0113ju varzu, kura p\u0113c Tiesiskuma atjauno\u0161anas Latvij\u0101 tiks ties\u0101ta ar gal\u0113ju soda m\u0113ru. Un,-k\u0101ds soda m\u0113rs ir piem\u0113rojams nodev\u0113jiem, zina pat c\u016bka aizgald\u0101&#8230; .<\/span><\/strong><\/em><\/p>\n<p><em><span style=\"color: #000000;\">Fotogr\u0101f\u0113jis Kaspars Krafts.<\/span><\/em><\/p>\n<p><em><span style=\"color: #000000;\">\u00a0<\/span><\/em><\/p>\n<p><em><span style=\"color: #000000;\">\u00a0<\/span><\/em><\/p>\n<p><em>\u00a0<\/em><\/p>\n<p><em><span style=\"color: #000000;\">LRTT. 13.12.2009<\/span><\/em><\/p>\n","protected":false},"excerpt":{"rendered":"<p>Tauta nedr\u012bkst aizmirst nedz savus varo\u0146us, nedz ar\u012b savus nodev\u0113jus. Foto: VVF valsts valodas komisijas s\u0113d\u0113, 23.01.2002. Blakus vi\u0146ai konsultante valodas jaut\u0101jum\u0101 M. Z\u0101l\u012bte. VVF\u00a0 &#8220;m\u012bkstin\u0101ja&#8221;\u00a0 latvie\u0161u valodas likumu p\u0113c Z\u0101l\u012btes un Petera ieteikuma.&#46;&#46;&#46;<\/p>\n","protected":false},"author":6,"featured_media":0,"comment_status":"open","ping_status":"open","sticky":false,"template":"","format":"standard","meta":[],"categories":[1],"tags":[],"_links":{"self":[{"href":"https:\/\/tautastribunals.eu\/index.php?rest_route=\/wp\/v2\/posts\/579"}],"collection":[{"href":"https:\/\/tautastribunals.eu\/index.php?rest_route=\/wp\/v2\/posts"}],"about":[{"href":"https:\/\/tautastribunals.eu\/index.php?rest_route=\/wp\/v2\/types\/post"}],"author":[{"embeddable":true,"href":"https:\/\/tautastribunals.eu\/index.php?rest_route=\/wp\/v2\/users\/6"}],"replies":[{"embeddable":true,"href":"https:\/\/tautastribunals.eu\/index.php?rest_route=%2Fwp%2Fv2%2Fcomments&post=579"}],"version-history":[{"count":18,"href":"https:\/\/tautastribunals.eu\/index.php?rest_route=\/wp\/v2\/posts\/579\/revisions"}],"predecessor-version":[{"id":59806,"href":"https:\/\/tautastribunals.eu\/index.php?rest_route=\/wp\/v2\/posts\/579\/revisions\/59806"}],"wp:attachment":[{"href":"https:\/\/tautastribunals.eu\/index.php?rest_route=%2Fwp%2Fv2%2Fmedia&parent=579"}],"wp:term":[{"taxonomy":"category","embeddable":true,"href":"https:\/\/tautastribunals.eu\/index.php?rest_route=%2Fwp%2Fv2%2Fcategories&post=579"},{"taxonomy":"post_tag","embeddable":true,"href":"https:\/\/tautastribunals.eu\/index.php?rest_route=%2Fwp%2Fv2%2Ftags&post=579"}],"curies":[{"name":"wp","href":"https:\/\/api.w.org\/{rel}","templated":true}]}}