{"id":57754,"date":"2020-09-24T19:10:53","date_gmt":"2020-09-24T16:10:53","guid":{"rendered":"https:\/\/tautastribunals.eu\/?p=57754"},"modified":"2020-09-24T19:14:18","modified_gmt":"2020-09-24T16:14:18","slug":"ainars-baskis-4-maija-klikes-skribenti","status":"publish","type":"post","link":"https:\/\/tautastribunals.eu\/?p=57754","title":{"rendered":"Ain\u0101rs Ba\u0161\u0137is. 4 maija KLI\u0136ES skribenti"},"content":{"rendered":"\n<figure class=\"wp-block-image size-large is-resized\"><img decoding=\"async\" loading=\"lazy\" src=\"https:\/\/tautastribunals.eu\/wp-content\/uploads\/2020\/02\/L.Granti\u0146\u0161.J.Z\u012bvertsBord\u0101nsBut\u0101nsLRTT-1-3-800x116.png\" alt=\"\" class=\"wp-image-55065\" width=\"940\" height=\"135\" srcset=\"https:\/\/tautastribunals.eu\/wp-content\/uploads\/2020\/02\/L.Granti\u0146\u0161.J.Z\u012bvertsBord\u0101nsBut\u0101nsLRTT-1-3-800x116.png 800w, https:\/\/tautastribunals.eu\/wp-content\/uploads\/2020\/02\/L.Granti\u0146\u0161.J.Z\u012bvertsBord\u0101nsBut\u0101nsLRTT-1-3-300x44.png 300w\" sizes=\"(max-width: 940px) 100vw, 940px\" \/><\/figure>\n\n\n\n<figure class=\"wp-block-image size-large\"><img decoding=\"async\" loading=\"lazy\" width=\"730\" height=\"409\" src=\"https:\/\/tautastribunals.eu\/wp-content\/uploads\/2020\/09\/grafik-1.png\" alt=\"\" class=\"wp-image-57755\" srcset=\"https:\/\/tautastribunals.eu\/wp-content\/uploads\/2020\/09\/grafik-1.png 730w, https:\/\/tautastribunals.eu\/wp-content\/uploads\/2020\/09\/grafik-1-300x168.png 300w\" sizes=\"(max-width: 730px) 100vw, 730px\" \/><\/figure>\n\n\n\n<p><\/p>\n\n\n\n<p class=\"has-black-color has-text-color has-background has-medium-font-size\" style=\"background-color:#e7f7f1\"><strong>TV24<\/strong> interv\u0113 <strong>Alfr\u0113du Rubiku<\/strong>. <\/p>\n\n\n\n<p class=\"has-black-color has-text-color has-background has-medium-font-size\" style=\"background-color:#e7f7f1\">Vair\u0101kk\u0101rt un atk\u0101rtoti. <\/p>\n\n\n\n<p class=\"has-black-color has-text-color has-background has-medium-font-size\" style=\"background-color:#e7f7f1\">Publika diskut\u0113. <\/p>\n\n\n\n<p class=\"has-black-color has-text-color has-background has-medium-font-size\" style=\"background-color:#e7f7f1\">Viena da\u013ca uzskata, ka interv\u0113t \u0161o cilv\u0113ku publiski ir nosod\u0101mi, otra &#8211; tas ir ok, politiskais plur\u0101lisms utt.<br>Var tikai pabr\u012bn\u012bties par m\u016bsu sabiedr\u012bbas <em>(politiski) <\/em>akt\u012bv\u0101 soci\u0101lo t\u012bklu planktona infantilismu. No vienas puses &#8211; j\u0101, komunisms esot \u0161ausmu lietas nodar\u012bjis, miljonu miljonus nogalin\u0101jis, m\u016bsu tautai milzu nelaimi atnesis.<br>Interesanti, k\u0101di b\u013c\u0101vieni publik\u0101 atskan\u0113tu, ja tas pats <strong>TV24 <\/strong>uzs\u0101ktu interviju s\u0113riju, teiksim, ar <strong>Breiv\u012bku <\/strong><em>(skandin\u0101vu fa\u0161ists, slepkava) <\/em>vai ar k\u0101du p\u0101rliecin\u0101tu ISIS ideologu. Varb\u016bt \u0161is <strong>TV kantori<\/strong>s var\u0113tu uzs\u0101kt publiskus p\u0113t\u012bjumus par<strong> \u0100dolfa Aloizovi\u010da<\/strong> slaveno garadarbu<strong> &#8220;Mein Kampf&#8221;<\/strong> ? Nu par ko tad ne ?!<br>T\u0101 viet\u0101, lai nicin\u0101mu un ties\u0101tu valsts ienaidnieku, noziedznieku<strong> Alfr\u0113du Rubiku <\/strong>atst\u0101tu medic\u012bnisku un dro\u0161\u012bbas profesion\u0101\u013cu p\u0113tniec\u012bbai &#8211; mim\u0113tais 24-ais kaktu kantoris \u0137eks\u0113 vi\u0146u lauk\u0101. Mekl\u0113 cilv\u0113c\u012bgo faktoru, ziniet. Nav jau, ko br\u012bn\u012bties &#8211; ties\u0101tais noziedznieks <strong>Jur\u0123is Liepnieks<\/strong> vi\u0146iem ne reizi jau ir bijis k\u0101 soci\u0101lantropolo\u0123ijas un politisko procesu koment\u0113t\u0101js. Vecie kolhozu <strong>Latvijas ideologi <\/strong>tur ir cie\u0146\u0101. Par savulaik tautai nozagto kompartijas un \u010dekas naudu privatiz\u0113tie biznesi laikam labi maks\u0101 \u017eurn\u0101listiem-prostit\u016bt\u0101m &#8230;<\/p>\n\n\n\n<p>24.09.20<\/p>\n\n\n\n<p class=\"has-white-color has-black-background-color has-text-color has-background has-large-font-size\">LRTT<\/p>\n\n\n\n<p class=\"has-black-color has-text-color has-background has-medium-font-size\" style=\"background-color:#ea8d8d\">\u0160odien ir s\u0101tanisma kulmin\u0101cijas br\u012bdis. Vi\u0146i ir vareni, slepkavo uz neb\u0113du ! Un slepkavo vi\u0146i ar sevi\u0161\u0137u cietsird\u012bbu, k\u0101 jau tas velna kalpiem pie\u0146emts. Slepkavo t\u0101, lai visi saprastu, kas sagaida tos, kuri b\u016bs pret vi\u0146iem ! Par \u0161eit skat\u0101mo &#8220;fotosesiju&#8221; man uz 30 dien\u0101m nosl\u0113dza Feisbuku. Bet visam ir savs laiks&#8230; ! <\/p>\n\n\n\n<p class=\"has-black-color has-text-color has-background\" style=\"font-size:25px;background-color:#ea8d8d\">\u010cekisti, \u0161ie cilv\u0113ces slepkavas, ir ieb\u012bd\u012bti SV\u0112TO status\u0101 ! Te tad ir ar\u012b atbilde Ain\u0101ram, k\u0101p\u0113c \u0161o civiliz\u0101cijas m\u0113slu m\u016b\u017e\u012bgi &#8220;sauk\u0101&#8221; uz sarun\u0101m !<\/p>\n\n\n\n<figure class=\"wp-block-image size-large is-resized\"><img decoding=\"async\" loading=\"lazy\" src=\"https:\/\/tautastribunals.eu\/wp-content\/uploads\/2020\/01\/Kalme.-Savickis.Godmanis.Plaudis.Granti\u0146\u0161.LRTT_-1-543x800.png\" alt=\"\" class=\"wp-image-54538\" width=\"757\" height=\"1115\" srcset=\"https:\/\/tautastribunals.eu\/wp-content\/uploads\/2020\/01\/Kalme.-Savickis.Godmanis.Plaudis.Granti\u0146\u0161.LRTT_-1-543x800.png 543w, https:\/\/tautastribunals.eu\/wp-content\/uploads\/2020\/01\/Kalme.-Savickis.Godmanis.Plaudis.Granti\u0146\u0161.LRTT_-1-204x300.png 204w, https:\/\/tautastribunals.eu\/wp-content\/uploads\/2020\/01\/Kalme.-Savickis.Godmanis.Plaudis.Granti\u0146\u0161.LRTT_-1.png 663w\" sizes=\"(max-width: 757px) 100vw, 757px\" \/><\/figure>\n\n\n\n<p>L. Granti\u0146\u0161<\/p>\n","protected":false},"excerpt":{"rendered":"<p>TV24 interv\u0113 Alfr\u0113du Rubiku. Vair\u0101kk\u0101rt un atk\u0101rtoti. Publika diskut\u0113. Viena da\u013ca uzskata, ka interv\u0113t \u0161o cilv\u0113ku publiski ir nosod\u0101mi, otra &#8211; tas ir ok, politiskais plur\u0101lisms utt.Var tikai pabr\u012bn\u012bties par m\u016bsu sabiedr\u012bbas (politiski) akt\u012bv\u0101&#46;&#46;&#46;<\/p>\n","protected":false},"author":1,"featured_media":47754,"comment_status":"open","ping_status":"open","sticky":false,"template":"","format":"standard","meta":[],"categories":[1],"tags":[],"_links":{"self":[{"href":"https:\/\/tautastribunals.eu\/index.php?rest_route=\/wp\/v2\/posts\/57754"}],"collection":[{"href":"https:\/\/tautastribunals.eu\/index.php?rest_route=\/wp\/v2\/posts"}],"about":[{"href":"https:\/\/tautastribunals.eu\/index.php?rest_route=\/wp\/v2\/types\/post"}],"author":[{"embeddable":true,"href":"https:\/\/tautastribunals.eu\/index.php?rest_route=\/wp\/v2\/users\/1"}],"replies":[{"embeddable":true,"href":"https:\/\/tautastribunals.eu\/index.php?rest_route=%2Fwp%2Fv2%2Fcomments&post=57754"}],"version-history":[{"count":7,"href":"https:\/\/tautastribunals.eu\/index.php?rest_route=\/wp\/v2\/posts\/57754\/revisions"}],"predecessor-version":[{"id":57762,"href":"https:\/\/tautastribunals.eu\/index.php?rest_route=\/wp\/v2\/posts\/57754\/revisions\/57762"}],"wp:featuredmedia":[{"embeddable":true,"href":"https:\/\/tautastribunals.eu\/index.php?rest_route=\/wp\/v2\/media\/47754"}],"wp:attachment":[{"href":"https:\/\/tautastribunals.eu\/index.php?rest_route=%2Fwp%2Fv2%2Fmedia&parent=57754"}],"wp:term":[{"taxonomy":"category","embeddable":true,"href":"https:\/\/tautastribunals.eu\/index.php?rest_route=%2Fwp%2Fv2%2Fcategories&post=57754"},{"taxonomy":"post_tag","embeddable":true,"href":"https:\/\/tautastribunals.eu\/index.php?rest_route=%2Fwp%2Fv2%2Ftags&post=57754"}],"curies":[{"name":"wp","href":"https:\/\/api.w.org\/{rel}","templated":true}]}}