{"id":57702,"date":"2020-09-19T09:36:10","date_gmt":"2020-09-19T06:36:10","guid":{"rendered":"https:\/\/tautastribunals.eu\/?p=57702"},"modified":"2020-09-19T09:36:10","modified_gmt":"2020-09-19T06:36:10","slug":"a-prieditis-jaunakie-burbuli-vesturnieki-humanitates-noziedznieki","status":"publish","type":"post","link":"https:\/\/tautastribunals.eu\/?p=57702","title":{"rendered":"A. Pried\u012btis. Jaun\u0101kie burbu\u013ci \/ V\u0113sturnieki \u2013 humanit\u0101tes noziedznieki"},"content":{"rendered":"\n<figure class=\"wp-block-image size-large is-resized\"><img decoding=\"async\" loading=\"lazy\" src=\"https:\/\/tautastribunals.eu\/wp-content\/uploads\/2020\/08\/Arturs-Pried\u012btis-Linards-Granti\u0146\u0161-LRTT.-Helsinki-86-1.png\" alt=\"\" class=\"wp-image-57060\" width=\"1281\" height=\"190\"\/><\/figure>\n\n\n\n<p><\/p>\n\n\n\n<h3 class=\"has-text-align-center has-white-color has-text-color has-background has-large-font-size\" style=\"background-color:#13503a\">Jaun\u0101kie burbu\u013ci<\/h3>\n\n\n\n<p class=\"has-black-color has-text-color\">&nbsp;&nbsp; P\u0113cpadomju 30 gados kult\u016brn\u0101cijas saudz\u012bgi izn\u0113s\u0101tais debilit\u0101tes laikmets un t\u0101 piedzim\u0161ana 2018.gada 6.oktobra Saeimas v\u0113l\u0113\u0161anu rezult\u0101t\u0101 ir uzskat\u0101ma liec\u012bba dzi\u013cam pagrimumam. Tiekamies ar debilit\u0101tes univers\u0101lismu un debilit\u0101tes ori\u0123inalit\u0101ti. Univers\u0101lisms (vispus\u012bba) un ori\u0123inalit\u0101te (savdab\u012bgums) ir dinamiskas izpausmes. T\u0101m piem\u012bt neierobe\u017eots un bezgal\u012bgs spraigums. T\u0101s naivi ir censties uzskait\u012bt, fiks\u0113t hronikas form\u0101 un beigu beig\u0101s ieg\u016bt nosl\u0113gtu kolekciju. Univers\u0101lisms un ori\u0123inalit\u0101te nepaz\u012bst ierobe\u017eojumus, jo eksist\u0113 bez jebk\u0101da limita un vienm\u0113r gatavas p\u0101rsteigt ar vispus\u012bbu un savdab\u012bgumu. T\u0101 tas ir tagad Latvij\u0101 debilit\u0101tes laikmet\u0101, kad politisko procesu ener\u0123ija ir debilit\u0101tes ener\u0123ija un politisko procesu rezult\u0101ts tradicion\u0101li ir debils. Par to nedr\u012bkst klus\u0113t. Ta\u010du naivi ir censties debilit\u0101tes visas izpausmes uzskait\u012bt un fiks\u0113t hronikas form\u0101. Iesp\u0113jams vien\u012bgi palepoties ar atsevi\u0161\u0137iem piem\u0113riem no piem\u0113ru bezgal\u012bbas.<\/p>\n\n\n\n<p class=\"has-black-color has-text-color\">&nbsp;&nbsp; 2020.gada 17.septembr\u012b sabiedr\u012bba tika inform\u0113ta par debilit\u0101tes univers\u0101lisma un debilit\u0101tes ori\u0123inalit\u0101tes diviem piem\u0113riem. Sakar\u0101 ar Francijas prezidenta viz\u012bti \u201cDelfos\u201d bija skaidrots, ka \u201dValsts prezidenta kanceleja&nbsp;cie\u0161\u0101 sadarb\u012bb\u0101 ar&nbsp;Francijas&nbsp;pusi str\u0101d\u0101 pie &#8220;protokola burbu\u013ca&#8221; (!?) izveido\u0161anas, kas darbosies Francijas prezidenta Emanuela Makrona viz\u012btes laik\u0101, preses konferenc\u0113 \u017eurn\u0101listiem sac\u012bja kancelejas vad\u012bt\u0101js&nbsp;Andris Teikmanis. Teikmanis pav\u0113st\u012bja, ka &#8220;protokola burbulis&#8221; paredz, ka, piem\u0113ram, neb\u016bs saroko\u0161an\u0101s, b\u016bs j\u0101valk\u0101 maskas, dokumentus parakst\u012bs katrs ar savu pildspalvu un deleg\u0101cijas p\u0101rvietosies no\u0161\u0137irti.\u201d<\/p>\n\n\n\n<p class=\"has-black-color has-text-color\">&nbsp;&nbsp; Faktiski diplom\u0101tisk\u0101 \u201cprotokola burbu\u013ca\u201d izstr\u0101d\u0101t\u0101ji pa\u0161i ir debili \u201cburbu\u013ci\u201d. Vai R\u012bgas pils &#8220;burbu\u013ci&#8221; apj\u0113dz k\u0101da latvie\u0161u valod\u0101 ir v\u0101rda &#8220;burbu\u013ci&#8221; semantisk\u0101 noz\u012bme? Vai R\u012bgas pils &#8220;burbu\u013ci&#8221; zina, ko taut\u0101 sauc par &#8220;burbu\u013cu p\u016b\u0161anu&#8221;? K\u0101di \u0101ksti! Teikmanis, protams, ir lielisks stulbenis ar kret\u012bnisma lakojumu. \u012asti piem\u0113rots pederastu n\u0101cijas t\u0113vam &#8211; Latvij\u0101 visliel\u0101kajam &#8220;burbulim&#8221;, kur\u0161 citu neko nedara, k\u0101 p\u016b\u0161 burbu\u013cus par \u201cilgtsp\u0113j\u012bgu valstsgribu\u201d un cit\u0101m pie sava bezmaksas \u0113diena galda izdom\u0101taj\u0101m pseidointelektu\u0101laj\u0101m un \u0161arlat\u0101niski glam\u016br\u012bgaj\u0101m kropl\u012bb\u0101m.<\/p>\n\n\n\n<p class=\"has-black-color has-text-color\">&nbsp;&nbsp; Otrs piem\u0113rs ar\u012b liecina par debilit\u0101ti. \u201cDelfi\u201d inform\u0113: \u201cP\u0113c vair\u0101k nek\u0101 stundu ilg\u0101m debat\u0113m Saeima ceturtdien, 17. septembr\u012b, pirmaj\u0101 las\u012bjum\u0101 atbalst\u012bja Nacion\u0101l\u0101s apvien\u012bbas frakcijas deput\u0101tu ierosin\u0101to aizliegumu publiskos pas\u0101kumos lietot Georga lentes.[..] Atbild\u012bg\u0101s Saeimas Cilv\u0113kties\u012bbu un sabiedrisko lietu komisijas vad\u012bt\u0101js&nbsp;Artuss Kaimi\u0146\u0161&nbsp;Saeimas s\u0113d\u0113 paskaidroja, ka pl\u0101notais aizliegums paredz ierobe\u017eot t\u0101das ideolo\u0123ijas izplat\u012bbu, kas apdraud (lente apdraud &#8211; !?) &nbsp;Latvijas valsti. Kaimi\u0146\u0161 ar\u012b nor\u0101d\u012bja, ka komisija pilnveidos likumprojektu uz n\u0101kamajiem las\u012bjumiem, taj\u0101 skait\u0101 pied\u0101v\u0101jot Georga lentes defin\u012bciju, lai policijai, uzraugot likuma iev\u0113ro\u0161anu, b\u016btu skaidri noteikumi. Kaimi\u0146\u0161 atzina, ka runa patlaban ir par liegumu \u0161o simboliku izmantot publiskos pas\u0101kumos, t\u0101p\u0113c &#8220;ejot p\u0113c piena, to joproj\u0101m var\u0113s spraust pie kr\u016bts&#8221;\u201d.<\/p>\n\n\n\n<p class=\"has-black-color has-text-color\">&nbsp;&nbsp; V\u0101rdi \u201cejot p\u0113c piena\u201d, saprotams, ir psihiski traum\u0113ta indiv\u012bda klaja \u0146irg\u0101\u0161an\u0101s. T\u0101 nav negaid\u012bta \u0146irg\u0101\u0161an\u0101s. Labi ir zin\u0101ms, ka kult\u016brn\u0101cijas parlament\u0101 atbild par cilv\u0113kties\u012bb\u0101m un taj\u0101 skait\u0101 p\u0101rzina likuma projektu par Georga lentes aizliegumu kaut k\u0101ds \u0101ksts un dz\u0113r\u0101js no \u201cSu\u0146a b\u016bdas\u201d, kura apkaunojo\u0161\u0101s izdar\u012bbas ir \u201cdzelten\u0101s preses\u201d uzman\u012bbas centr\u0101 katru dienu.<\/p>\n\n\n\n<p class=\"has-black-color has-text-color\">&nbsp;&nbsp; Saeimas r\u012bc\u012bba ir debila. Ta\u010du t\u0101 reiz\u0113 ir ar\u012b dzi\u013ci amor\u0101la r\u012bc\u012bba, neliet\u012bgi izturoties pret latvie\u0161u tautai sv\u0113tu mantojumu.<\/p>\n\n\n\n<p class=\"has-black-color has-text-color\">&nbsp;&nbsp; Pirmk\u0101rt, Georga lente ir ar uzvaru kar\u0101 saist\u012bts simbols. Latvie\u0161u kult\u016brn\u0101cijai tam vajadz\u0113tu b\u016bt v\u0113l sv\u0113t\u0101kam simbolam nek\u0101 krievu tautai. Ja kar\u0101 uzvar\u0113tu V\u0101cija, tad latvie\u0161i k\u0101 nev\u0113rt\u012bga tauta tiktu izn\u012bcin\u0101ta. Padomju Armijas uzvara izgl\u0101ba latvie\u0161us no latvie\u0161u holokausta. Ta\u010du latvie\u0161u viena da\u013ca \u013coti naid\u012bgi izturas pret Padomju Armiju un t\u0101s uzvaru kar\u0101, k\u0101 ar\u012b ar \u0161o uzvaru saist\u012btajiem simboliem (ne tikai Georga lenti).<\/p>\n\n\n\n<p class=\"has-black-color has-text-color\">\u00a0\u00a0 Apnicis ir atk\u0101rtot, ka uzvara kar\u0101 izgl\u0101ba latvie\u0161us no latvie\u0161u holokausta &#8211; naci\u0137u l\u0113mumu p\u0113c kara latvie\u0161us izn\u012bcin\u0101t k\u0101 nev\u0113rt\u012bgu tautu.V\u0101cu fa\u0161isti pl\u0101noja p\u0113c savas uzvaras II Pasaules kar\u0101 izn\u012bcin\u0101t latvie\u0161u tautu k\u0101 nev\u0113rt\u012bgu tautu. V\u0101cu fa\u0161istu uzskat\u0101 latvie\u0161i bija nev\u0113rt\u012bga tauta, kas ir j\u0101izn\u012bcina. Lieki ir atg\u0101din\u0101t, cik absurda ir latvie\u0161u vienas da\u013cas attieksme pret v\u0101cu fa\u0161istiem. T\u0101 viet\u0101, lai nosod\u012btu un vienoti apliecin\u0101tu nacion\u0101lo naidu pret v\u0101cu fa\u0161istu pl\u0101nu izn\u012bcin\u0101t latvie\u0161us k\u0101 nev\u0113rt\u012bgu tautu, tautas viena da\u013ca nev\u0113las zin\u0101t un \u0146emt v\u0113r\u0101 drausm\u012bgo v\u0113sturisko paties\u012bbu. Daudzi latvie\u0161i nevis nosoda v\u0101cu fa\u0161istus, bet nosoda savus gl\u0101b\u0113jus! T\u0101 ir neticama situ\u0101cija! T\u0101 ir odioza (pret\u012bga, atbaido\u0161a) situ\u0101cija!<\/p>\n\n\n\n<figure class=\"wp-block-image size-large is-resized\"><img decoding=\"async\" loading=\"lazy\" src=\"https:\/\/tautastribunals.eu\/wp-content\/uploads\/2020\/09\/R.Bangerskis.O.Kalpaks.L.Grantins.A.Prieditis.LRTT_.png\" alt=\"\" class=\"wp-image-57707\" width=\"647\" height=\"441\" srcset=\"https:\/\/tautastribunals.eu\/wp-content\/uploads\/2020\/09\/R.Bangerskis.O.Kalpaks.L.Grantins.A.Prieditis.LRTT_.png 470w, https:\/\/tautastribunals.eu\/wp-content\/uploads\/2020\/09\/R.Bangerskis.O.Kalpaks.L.Grantins.A.Prieditis.LRTT_-300x204.png 300w\" sizes=\"(max-width: 647px) 100vw, 647px\" \/><\/figure>\n\n\n\n<p class=\"has-black-color has-text-color\">&nbsp;&nbsp; Otrk\u0101rt, n\u0101kas jaut\u0101t, vai deput\u0101ti zina, k\u0101du zemisku necie\u0146u izr\u0101da Georga lentei? Vai deput\u0101ti saprot, ka \u0146irg\u0101jas par latvie\u0161u str\u0113lniekiem, kuri par varon\u012bbu I Pasaules kar\u0101 tika apbalvoti ar Georga ordeni, kuru rot\u0101 Georga lente? Vai latvie\u0161u pr\u0101tkopji Bru\u0146inieku nam\u0101 zina, ka ar Georga ordeni ir apbalvots Latvijas zemessardzes pirmais komandieris pulkvedis Oskars Kalpaks? Vai deput\u0101ti apzin\u0101s, k\u0101da me\u017eon\u012bba tiek pastr\u0101d\u0101ta? Vai deput\u0101ti ar Visuma l\u012bme\u0146a politi\u0137i Cil\u0113vi\u010du priek\u0161gal\u0101 saprot, ka v\u0113l\u0113\u0161an\u0101s sagatavot Georga lentes \u201cdefin\u012bciju\u201d ir superdebila v\u0113l\u0113\u0161an\u0101s? Varb\u016bt Bru\u0146inieku nama debilit\u0101tes laikmetam adekv\u0101tais homin\u012bdu bars v\u0113l\u0113sies sacer\u0113t defin\u012bciju ar\u012b Saulei, Zemei, cilv\u0113kam, Dievam, Izra\u0113lai, Latvijai ?<\/p>\n\n\n\n<p class=\"has-text-align-center has-white-color has-text-color has-background has-large-font-size\" style=\"background-color:#125b40\">V\u0113sturnieki &#8211; humanit\u0101tes noziedznieki<\/p>\n\n\n\n<p class=\"has-black-color has-text-color has-background\" style=\"background-color:#e7faf2\">Latvie\u0161u naci\u0137u neliet\u012bg\u0101 iegriba aizliegt <strong>Georga lentes <\/strong>lieto\u0161anu s\u0101k\u0101s 2015.gad\u0101. Toreiz naci\u0137iem ar tipisku daunu fas\u0101di Saeim\u0101 neizdev\u0101s apstiprin\u0101t neliet\u012bgo likumprojektu. Toreiz <strong>Bru\u0146inieku nam\u0101 <\/strong>v\u0113l bija zin\u0101ma sapr\u0101ta paliekas. Ta\u010du viss radik\u0101li izmain\u012bj\u0101s p\u0113c 2018.gada 6.oktobra <strong>13.Saeimas <\/strong>v\u0113l\u0113\u0161an\u0101m. Notika parlament\u0101rais apv\u0113rsums: 65% no deput\u0101tu kontingenta iev\u0113l\u0113ja pirmo reizi. Pie tam tika iev\u0113l\u0113ti piln\u012bgi neadekv\u0101ti prim\u0101ti valsts vad\u012b\u0161anai. Latvij\u0101 s\u0101k\u0101s debilit\u0101tes laikmets. To izmanto latvie\u0161u naci\u0137i, kuri 2019.gad\u0101 un tagad 2020.gad\u0101 atkal cen\u0161as pan\u0101kt <strong>Georga lentes<\/strong> aizlieg\u0161anu. <strong>Georga lente ir Sv.Georga orde\u0146a, Sv.Georga krusta un Sv.Georga meda\u013cas lente, k\u0101 ar\u012b lente padomju Slavas ordenim, meda\u013cai par V\u0101cijas uzvar\u0113\u0161anu un v\u0113l citiem apbalvojumiem. <\/strong>Tik tikko nosauktos apbalvojumus ir sa\u0146\u0113mu\u0161i \u013coti daudzi latvie\u0161u str\u0113lnieki par varon\u012bbu<strong> I Pasaules kar\u0101<\/strong>. <strong>Ar Sv. Georga ordeni ir apbalvots Latvijas armijas pirmais komandieris pulkvedis Oskars Kalpaks. Apbalvots ir \u0123ener\u0101lleitnants R\u016bdolfs Bangerskis. <\/strong>Saprotams, ir apbalvoti t\u016bksto\u0161iem latvie\u0161u, kas <strong>pa\u0161aizliedz\u012bgi c\u012bn\u012bj\u0101s pret fa\u0161istisko V\u0101ciju II Pasaules kar\u0101.<\/strong> V\u0113sture ir labi zin\u0101ma. T\u0101p\u0113c nek\u0101di nav saprotama un atbalst\u0101ma latvie\u0161u v\u0113sturnieku klus\u0113\u0161ana. Vi\u0146u profesion\u0101lais pien\u0101kums bija vest pie pr\u0101ta tautas kalpus un<strong> nepie\u013caut Georga lentas<\/strong> zaimo\u0161anu, kas vistie\u0161\u0101kaj\u0101 veid\u0101 ir latvie\u0161u tautas abu <strong>Pasaules karu<\/strong> varo\u0146u pazemo\u0161ana, latvie\u0161u tautas milit\u0101ri varon\u012bg\u0101 mantojuma ignor\u0113\u0161ana. <\/p>\n\n\n\n<figure class=\"wp-block-image size-large is-resized\"><img decoding=\"async\" loading=\"lazy\" src=\"https:\/\/tautastribunals.eu\/wp-content\/uploads\/2020\/09\/Butulis-Nollendorfs-Vestermanis-Kangeris-Neiburgs-Scerbinskis-Lehris-Mintaurs-Feldmanis-Bleiere-Ivanovs-Jekabsons-Stranga-Caune-Zunda-Krumins.png\" alt=\"\" class=\"wp-image-57704\" width=\"1285\" height=\"808\" srcset=\"https:\/\/tautastribunals.eu\/wp-content\/uploads\/2020\/09\/Butulis-Nollendorfs-Vestermanis-Kangeris-Neiburgs-Scerbinskis-Lehris-Mintaurs-Feldmanis-Bleiere-Ivanovs-Jekabsons-Stranga-Caune-Zunda-Krumins.png 800w, https:\/\/tautastribunals.eu\/wp-content\/uploads\/2020\/09\/Butulis-Nollendorfs-Vestermanis-Kangeris-Neiburgs-Scerbinskis-Lehris-Mintaurs-Feldmanis-Bleiere-Ivanovs-Jekabsons-Stranga-Caune-Zunda-Krumins-300x189.png 300w, https:\/\/tautastribunals.eu\/wp-content\/uploads\/2020\/09\/Butulis-Nollendorfs-Vestermanis-Kangeris-Neiburgs-Scerbinskis-Lehris-Mintaurs-Feldmanis-Bleiere-Ivanovs-Jekabsons-Stranga-Caune-Zunda-Krumins-768x483.png 768w\" sizes=\"(max-width: 1285px) 100vw, 1285px\" \/><\/figure>\n\n\n\n<p class=\"has-black-color has-text-color has-background\" style=\"background-color:#dff5ed\">V\u0113sturnieki ir pastr\u0101d\u0101ju\u0161i humanit\u0101tes noziegumu.<strong> Butulis, Nollendorfs, Vestermanis, Kangeris, Neiburgs, \u0160\u010derbinskis, Lehris, Mintaurs, Feldmanis, Bleiere, Ivanovs, J\u0113kabsons, Stranga, Caune, Zunda, Kr\u016bmi\u0146\u0161, \u00a0&#8211;<\/strong> katrs no min\u0113tajiem v\u0113sturniekiem, kuri ir darboju\u0161ies da\u017e\u0101d\u0101s valsts m\u0113roga komisij\u0101s, ir mor\u0101li atbild\u012bgs par huminit\u0101tes noziegumu. Noziedznieki ir ne tikai Nacion\u0101l\u0101s apvien\u012bbas <strong>\u201cVisu Latvijai!\u201d<\/strong>&#8211; <strong>\u201cT\u0113vzemei un Br\u012bv\u012bbai\/LNNK\u201d<\/strong> frakcijas deput\u0101ti<strong> Dzintars, Dombrova, Iesalnieks, Indriksone, Jansons, Kir\u0161teins, Kols, Kurs\u012bte-Pakule, M\u016brniece, Naudi\u0146\u0161, \u0160nore, Teirumnieks.<\/strong><\/p>\n\n\n\n<p><strong>A. Pried\u012btis<\/strong>  <a href=\"https:\/\/postciv.blogspot.com\/\">Postciviliz\u0101cijas dienasgr\u0101mata<\/a>      19.09.20<\/p>\n\n\n\n<p class=\"has-white-color has-black-background-color has-text-color has-background has-large-font-size\">LRTT<\/p>\n\n\n\n<p class=\"has-white-color has-black-background-color has-text-color has-background has-medium-font-size\">\u0160\u012b ir \u013coti svar\u012bga t\u0113ma, kuru<strong> PAC\u0112LIS <\/strong>kulturologs <strong>A. Pried\u012btis<\/strong> un ar kuru vajadz\u0113tu iepaz\u012bties jebkuram. <strong>Georga lentas <\/strong>\u0161odienas pielietojums ir tik pat absurds, k\u0101 t\u0101s tot\u0101lais aizlieguma piepras\u012bjums no cionistu parazitiem-<strong> NA\/VL! <\/strong>N\u0101ko\u0161ais b\u016bs<strong> R. Brunera <\/strong>raksts, kas ar\u012b ir j\u0101izlasa katram. Bet par \u0161o<strong> A. Pried\u012b\u0161a <\/strong>rakstu pirmdien b\u016bs <strong>LRTT <\/strong>viedoklis.<\/p>\n\n\n\n<p><\/p>\n\n\n\n<p><\/p>\n","protected":false},"excerpt":{"rendered":"<p>Jaun\u0101kie burbu\u013ci &nbsp;&nbsp; P\u0113cpadomju 30 gados kult\u016brn\u0101cijas saudz\u012bgi izn\u0113s\u0101tais debilit\u0101tes laikmets un t\u0101 piedzim\u0161ana 2018.gada 6.oktobra Saeimas v\u0113l\u0113\u0161anu rezult\u0101t\u0101 ir uzskat\u0101ma liec\u012bba dzi\u013cam pagrimumam. Tiekamies ar debilit\u0101tes univers\u0101lismu un debilit\u0101tes ori\u0123inalit\u0101ti. Univers\u0101lisms (vispus\u012bba) un&#46;&#46;&#46;<\/p>\n","protected":false},"author":1,"featured_media":57707,"comment_status":"open","ping_status":"open","sticky":false,"template":"","format":"standard","meta":[],"categories":[1],"tags":[],"_links":{"self":[{"href":"https:\/\/tautastribunals.eu\/index.php?rest_route=\/wp\/v2\/posts\/57702"}],"collection":[{"href":"https:\/\/tautastribunals.eu\/index.php?rest_route=\/wp\/v2\/posts"}],"about":[{"href":"https:\/\/tautastribunals.eu\/index.php?rest_route=\/wp\/v2\/types\/post"}],"author":[{"embeddable":true,"href":"https:\/\/tautastribunals.eu\/index.php?rest_route=\/wp\/v2\/users\/1"}],"replies":[{"embeddable":true,"href":"https:\/\/tautastribunals.eu\/index.php?rest_route=%2Fwp%2Fv2%2Fcomments&post=57702"}],"version-history":[{"count":6,"href":"https:\/\/tautastribunals.eu\/index.php?rest_route=\/wp\/v2\/posts\/57702\/revisions"}],"predecessor-version":[{"id":57710,"href":"https:\/\/tautastribunals.eu\/index.php?rest_route=\/wp\/v2\/posts\/57702\/revisions\/57710"}],"wp:featuredmedia":[{"embeddable":true,"href":"https:\/\/tautastribunals.eu\/index.php?rest_route=\/wp\/v2\/media\/57707"}],"wp:attachment":[{"href":"https:\/\/tautastribunals.eu\/index.php?rest_route=%2Fwp%2Fv2%2Fmedia&parent=57702"}],"wp:term":[{"taxonomy":"category","embeddable":true,"href":"https:\/\/tautastribunals.eu\/index.php?rest_route=%2Fwp%2Fv2%2Fcategories&post=57702"},{"taxonomy":"post_tag","embeddable":true,"href":"https:\/\/tautastribunals.eu\/index.php?rest_route=%2Fwp%2Fv2%2Ftags&post=57702"}],"curies":[{"name":"wp","href":"https:\/\/api.w.org\/{rel}","templated":true}]}}