{"id":57691,"date":"2020-09-20T01:05:16","date_gmt":"2020-09-19T22:05:16","guid":{"rendered":"https:\/\/tautastribunals.eu\/?p=57691"},"modified":"2020-09-20T01:16:10","modified_gmt":"2020-09-19T22:16:10","slug":"r-bruners-maisu-zinatnu-kandidata-piezimes-nobeigums","status":"publish","type":"post","link":"https:\/\/tautastribunals.eu\/?p=57691","title":{"rendered":"R. Bruners. Maisu zin\u0101t\u0146u kandid\u0101ta piez\u012bmes, nobeigums"},"content":{"rendered":"\n<figure class=\"wp-block-image size-large is-resized\"><img decoding=\"async\" loading=\"lazy\" src=\"https:\/\/tautastribunals.eu\/wp-content\/uploads\/2019\/06\/1.-Rids-Bruners.L.Granti\u0146\u0161.J.Z\u012bverts.Latvija.LRTT_-768x144.png\" alt=\"\" class=\"wp-image-50985\" width=\"1175\" height=\"220\" srcset=\"https:\/\/tautastribunals.eu\/wp-content\/uploads\/2019\/06\/1.-Rids-Bruners.L.Granti\u0146\u0161.J.Z\u012bverts.Latvija.LRTT_-768x144.png 768w, https:\/\/tautastribunals.eu\/wp-content\/uploads\/2019\/06\/1.-Rids-Bruners.L.Granti\u0146\u0161.J.Z\u012bverts.Latvija.LRTT_-768x144-300x56.png 300w\" sizes=\"(max-width: 1175px) 100vw, 1175px\" \/><\/figure>\n\n\n\n<p class=\"has-text-align-center has-white-color has-text-color has-background\" style=\"font-size:30px;background-color:#1d5a44\">R. Bruners. Maisu zin\u0101t\u0146u kandid\u0101ta piez\u012bmes, nobeigums<\/p>\n\n\n\n<p class=\"has-black-color has-text-color\">Nobeidzot t\u0113mu par LTF un v\u0113l\u0113\u0161an\u0101m 1990. gad\u0101, grib\u0113tu \u012bsum\u0101 piev\u0113rsties da\u017e\u0101m Latvijas \u010dekas aktivit\u0101t\u0113m starptautisk\u0101 m\u0113rog\u0101. T\u0101 ir st\u0101sta galven\u0101 varo\u0146a Mavrika Vulfsona tie\u0161\u0101s darb\u012bbas joma, kas aizs\u0101k\u0101s PSRS laikos, un turpin\u0101j\u0101s Latvijas Republik\u0101 ar \u0101rpolitikas noteik\u0161anu un galveno amatpersonu izv\u0113li.<\/p>\n\n\n\n<p class=\"has-black-color has-text-color\">P\u0101rejot starptautiskaj\u0101 jom\u0101, aprakst\u012b\u0161u ce\u013cojumu uz Zviedriju, ko LTF vad\u012bba sar\u012bkoja pieciem v\u0113l\u0113\u0161anu centra darbiniekiem, mani ieskaitot. Tas var\u0113ja b\u016bt 1990. gada maij\u0101 vai j\u016bnij\u0101. Pareiz\u0101k sakot, taj\u0101 laik\u0101 vairs nebiju LTF darbinieks, ar\u012b universit\u0101t\u0113 mani l\u0101g\u0101 negrib\u0113ja \u0146emt pretim. Ja ar\u012b pa\u0146emtu, tas b\u016btu k\u0101ds pal\u012bgdarbs bez perspekt\u012bvas.<\/p>\n\n\n\n<p class=\"has-black-color has-text-color\">Tom\u0113r vissmag\u0101k bija apzin\u0101ties to, k\u0101da b\u016bs Latvijas valsts, kuras neatkar\u012bbu nupat pasludin\u0101ja jaun\u0101 LPSR Augst\u0101k\u0101 padome. Bija t\u0101da saj\u016bta, ka ir at\u0146emta p\u0113d\u0113j\u0101 iesp\u0113ja, kas l\u012bdz \u0161im dz\u012bvoja cer\u012bb\u0101s. Iepriek\u0161, 1989. gada august\u0101 ar r\u016bgtumu v\u0113roju, k\u0101 cilv\u0113ki st\u0101jas Baltijas ce\u013c\u0101. Es tur nest\u0101jos, jo b\u016btu tuk\u0161ais posms taj\u0101 \u0137\u0113d\u0113.<\/p>\n\n\n\n<p class=\"has-black-color has-text-color\">Lai nu k\u0101, bet Zviedrijas brauciens bija impulss t\u0101l\u0101kai darb\u012bbai. T\u0101 sakot, kas ir izaudzis, to \u0146emsim par labu, un str\u0101d\u0101sim ar to, kas mums ir. Ja nemaldos, atgriezies Latvij\u0101, uzrakst\u012bju v\u0113stuli premjeram Ivaram Godmanim, un tiku pie\u0146emts darb\u0101 ministru kabinet\u0101. Ko es tur dar\u012bju, ir aprakst\u012bts \u0161\u012bs s\u0113rijas pirmaj\u0101 rakst\u0101. L\u012bdz ar to loks ir nosl\u0113dzies, bet t\u0101 ir tikai da\u013ca no maniem piedz\u012bvojumiem.<\/p>\n\n\n\n<p class=\"has-black-color has-text-color has-medium-font-size\"><strong>Dodamies uz Zviedriju 1990. gada vasar\u0101<\/strong><\/p>\n\n\n\n<p class=\"has-black-color has-text-color\">Ce\u013cojumam gatavoj\u0101mies kop\u0101 ar M\u0101ri Steinu, Gunti Be\u0146\u0137i, P\u0113ru Sterni\u0146u un Arv\u012bdu Dravnieku. Taj\u0101 laik\u0101 jau bij\u0101m diezgan nesader\u012bga komp\u0101nija. Par pirmajiem trim rakst\u012bju<strong> <span class=\"has-inline-color has-vivid-purple-color\"><em><a href=\"https:\/\/tautastribunals.eu\/?p=57559\">iepriek\u0161\u0113j\u0101 rakst\u0101<\/a>.<\/em><\/span><\/strong><span style=\"color:#6a4290\" class=\"has-inline-color\"> <\/span>Vi\u0146i gatavoj\u0101s darbam Augst\u0101kaj\u0101 padom\u0113 \/ Saeim\u0101, un distanc\u0113j\u0101s no Arv\u012bda un manis. Tr\u012bs ebreji, viens jurists un es k\u0101 piektais ritenis, t\u0101da bija komp\u0101nija, ko LTF vad\u012bba sapulcin\u0101ja Vecpils\u0113tas iel\u0101 pirms do\u0161an\u0101s ce\u013c\u0101.<\/p>\n\n\n\n<p class=\"has-black-color has-text-color\">&#8220;Tikai nelietojiet alkoholu !&#8221;, lika pie sirds Ivars Godmanis. &#8220;Pas\u0113diet kafejn\u012bc\u0101 un izbaudiet br\u012bv\u012bbas smar\u017eu !&#8221;, d\u016bdoja Sandra Kalniete. M\u016bsdienu cilv\u0113kam nesaprast, ko toreiz noz\u012bm\u0113ja doties uz \u0101rzem\u0113m. Liel\u0101k\u0101 da\u013ca pat nesap\u0146oja par t\u0101du izdev\u012bbu. Lai gan neatkar\u012bba bija deklar\u0113ta, realit\u0101t\u0113 bij\u0101m Padomju Savien\u012bb\u0101, un izbrauk\u0161ana notika p\u0113c noteikt\u0101s k\u0101rt\u012bbas. PSRS \u0101rzemju pases mums izgatavoja da\u017e\u0101s stund\u0101s, bet oblig\u0101to \u010dekas instrukt\u0101\u017eu veica Aivars Sali\u0146\u0161 turpat Vecpils\u0113tas iel\u0101, s\u0113\u017eot uz \u0137ebl\u012b\u0161a.<\/p>\n\n\n\n<p class=\"has-black-color has-text-color\">Sali\u0146\u0161 cent\u0101s run\u0101t skarbi, t\u0101 sakot, nedom\u0101jiet tur izlaisties k\u0101 te\u013ci. Tom\u0113r bija j\u016btams, ka neviens to par pilnu ne\u0146em, un vi\u0146\u0161 p\u0101rg\u0101ja pie lietas. M\u0113s katrs varam pa\u0146emt l\u012bdzi vienu pudeli \u0161\u0146abja. Vienu! Helsinku ost\u0101 b\u016bs cilv\u0113ki, kam to p\u0101rdot par 60 mark\u0101m.<\/p>\n\n\n\n<p class=\"has-black-color has-text-color\">Robe\u017eu \u0161\u0137\u0113rsoj\u0101m Tallinas ost\u0101, un ierad\u0101mies Helsinkos ar pr\u0101mi. Tur p\u0101rs\u0113d\u0101mies lielaj\u0101 <em>Silja Line<\/em> pr\u0101m\u012b, kas n\u0101kamaj\u0101 dien\u0101 dev\u0101s uz Stokholmu. Helsinku ost\u0101 bij\u0101m veiksm\u012bgi p\u0101rdevu\u0161i l\u012bdzpa\u0146emto \u0161\u0146abi, bet n\u0101kamaj\u0101 r\u012bt\u0101 pirms izbrauk\u0161anas uzrad\u0101s \u017eurn\u0101lists no <em>Helsingin Sanomat<\/em>. Toreiz v\u0113l\u0113\u0161anu rezult\u0101ti Baltij\u0101 bija karsta t\u0113ma, un intervijas ar mums public\u0113ja liel\u0101ko laikrakstu pirmaj\u0101s slej\u0101s. T\u0101 tas bija ar\u012b v\u0113l\u0101k Stokholm\u0101, kad m\u016bs interv\u0113ja <em>Dagens Nyheter<\/em>.<\/p>\n\n\n\n<p class=\"has-black-color has-text-color\">Neatceros, vai tas notika Helsinkos vai jau iepriek\u0161 Tallin\u0101, bet M\u0101ris negaid\u012bti un bez ierun\u0101m lika Arv\u012bdam atgriezties Latvij\u0101. Tas bija smags trieciens Arv\u012bdam, un varb\u016bt vi\u0146\u0161 pats var\u0113tu koment\u0113t situ\u0101ciju. T\u0101 nu es paliku vien\u012bgais nepiedero\u0161ais komp\u0101nij\u0101. Ce\u013cu uz Stokholmu turpin\u0101j\u0101m \u010detrat\u0101, ja atmi\u0146a mani nevi\u013c.<\/p>\n\n\n\n<p class=\"has-black-color has-text-color\">Zviedrij\u0101 bij\u0101m ieradu\u0161ies p\u0113c soci\u0101ldemokr\u0101tisk\u0101s partijas iel\u016bguma, un m\u016bs k\u0101 labus pazi\u0146as sagaid\u012bja Atis Leji\u0146\u0161. No p\u0101r\u0113jiem satiktajiem latvie\u0161iem pr\u0101t\u0101 ir \u010cakstes p\u0113cn\u0101c\u0113ju \u0123imene un Imants Gross. Vi\u0146u attieksme bija rezerv\u0113ta, it k\u0101 tiekoties ar mums pien\u0101kuma p\u0113c, lai gan vi\u0146u statuss mistiskaj\u0101 sabiedrisko rangu tabul\u0101 ir nesal\u012bdzin\u0101mi augst\u0101ks.<\/p>\n\n\n\n<p class=\"has-black-color has-text-color\">Toreiz t\u0101laj\u0101 1990. gad\u0101 m\u0113s bij\u0101m ap 30 gadu vecum\u0101, ar lab\u0101m zin\u0101\u0161an\u0101m un pieredzi Latvijas noris\u0113s. Teor\u0113tiski v\u0113rt\u0113jot, Latvijas m\u0113rog\u0101 mums bija unik\u0101ls potenci\u0101ls darboties topo\u0161\u0101s valsts lab\u0101. Tom\u0113r realit\u0101te bija pavisam sav\u0101d\u0101ka. Vai ofici\u0101lie atmodas l\u012bderi bija autorit\u0101te k\u0101dam no mums? N\u0113. Vai k\u0101dam no \u0161iem l\u012bderiem bija pa sp\u0113kam m\u0113r\u0137tiec\u012bgi vad\u012bt Latvijas valsti? Protams, ka n\u0113. Vec\u0101 PSRS sist\u0113ma darboj\u0101s aizkulis\u0113s un p\u0101rk\u0101rtoj\u0101s jaunajiem apst\u0101k\u013ciem. Jaun\u0101 sist\u0113ma ien\u0101ca ar da\u017e\u0101dos l\u012bme\u0146os anga\u017e\u0113tu personu starpniec\u012bbu. Kas m\u0113s bij\u0101m no sist\u0113mas viedok\u013ca? Bari\u0146\u0161 <em>pacanu<\/em>, kuri nedaudz apdullu\u0161i kl\u012bda pa kr\u0101\u0161\u0146o Stokholmas centru.<\/p>\n\n\n\n<p class=\"has-black-color has-text-color\">Galven\u0101 kontaktpersona m\u016bsu viz\u012btes laik\u0101 Zviedrij\u0101 bija k\u0101ds ebrejs ar \u012bsteni zviedrisku v\u0101rdu, kas piln\u012bb\u0101 izgaisis no manas atmi\u0146as. Vi\u0146\u0161 pat nebija partijas biedrs, cik sapratu, bet st\u0101d\u012bj\u0101s priek\u0161\u0101 k\u0101 neatkar\u012bgs konsultants. Tom\u0113r soci\u0101ldemokr\u0101tu Stokholmas biroj\u0101 vi\u0146\u0161 iztur\u0113j\u0101s k\u0101 sav\u0101s m\u0101j\u0101s un deva r\u012bkojumus biroja darbiniekiem. Ar mums vi\u0146\u0161 run\u0101ja par v\u0113l\u0113\u0161an\u0101m un sabiedr\u012bbas vad\u012bbu kopum\u0101. No \u0161\u012b viedok\u013ca vi\u0146\u0161 var\u0113tu b\u016bt pieskait\u0101ms aizkuli\u0161u darbo\u0146iem, l\u012bdz\u012bgi k\u0101 mani p\u0101r\u0113jie ce\u013cojuma biedri.<\/p>\n\n\n\n<p class=\"has-black-color has-text-color has-medium-font-size\"><strong>Olofs Palme un Nikolajs Neilands<\/strong><\/p>\n\n\n\n<p class=\"has-black-color has-text-color\">Reiz vi\u0146\u0161 uzs\u0101ka sarunu par Olofu Palmi, un jaut\u0101ja, vai m\u0113s zinot, k\u0101p\u0113c Palmi nogalin\u0101ja? Neviens no mums neizr\u0101d\u012bja interesi, bet m\u016bsu namat\u0113vs lik\u0101s aizr\u0101vies ar \u0161o t\u0113mu. &#8220;T\u0101p\u0113c, ka vi\u0146\u0161 palaida muti ar vienu no j\u016bs\u0113jiem&#8221;, sekoja z\u012bm\u012bgs m\u0101jiens man\u0101 virzien\u0101. Par Palmes slepkav\u012bbu ir run\u0101ts daudz, un par \u012bsto slepkavu nav skaidr\u012bbas l\u012bdz \u0161im. Tas ir viens no gad\u012bjumiem, kad policija un izmekl\u0113t\u0101ji burtiski skat\u0101s virsu pier\u0101d\u012bjumiem un izpild\u012bt\u0101jiem, bet neko neredz. V\u0113l\u0101k, 2003. gad\u0101 l\u012bdz\u012bg\u0101 veid\u0101 nogalin\u0101ja v\u0113l vienu neordin\u0101ru zviedru soci\u0101ldemokr\u0101ti Annu Lindu (<em>Anna Lindh<\/em>). Abas slepkav\u012bbas notika publikas acu priek\u0161\u0101, uz ielas vai veikal\u0101, un slepkava vien\u0101 mier\u0101 atst\u0101ja notikuma vietu.<\/p>\n\n\n\n<p class=\"has-black-color has-text-color\">Palmes gad\u012bjum\u0101 k\u0101 atsl\u0113gas personu min latvju \u010dekistu Nikolaju Neilandu, vi\u0146a tenisa sp\u0113les un sarunu partneri. Neilands bija t\u0101ds d\u012bvains tips, vi\u0146a pa\u0161a v\u0101rdiem izsakoties &#8220;Nikolajs Nailands no \u0101\u0101lietu ministrijas&#8221;. LPSR laikos &#8220;\u0101\u0101lietu ministrija&#8221; bija \u010dekas noda\u013ca, caur kuru g\u0101ja ofici\u0101lie \u0101r\u0113jie sakari, galvenok\u0101rt ar t\u0101 laika trimdas latvie\u0161iem. Neilands bija Mavrika Vulfsona sarunu partneris &#8220;TV Globus\u0101&#8221;. Tur vi\u0146i vis\u0101s to\u0146k\u0101rt\u0101s g\u0101n\u012bja cionismu, sag\u0101d\u0101jot daudz jautru br\u012b\u017eu skat\u012bt\u0101jiem. Vulfsona &#8220;Globus\u0101&#8221; augstumu uz\u0146\u0113ma ar\u012b jaunais, daudzsolo\u0161ais koment\u0113t\u0101js Edv\u012bns Ink\u0113ns.<\/p>\n\n\n\n<p class=\"has-black-color has-text-color\">Ja no m\u016bsu viedok\u013ca Nikolajs Neilands bija staig\u0101jo\u0161a anekdote, tad no profesion\u0101lo sasniegumu viedok\u013ca vi\u0146\u0161 bija korifejs. Toreiz 1990. gad\u0101 Zviedrija tikko s\u0101ka atkopties no Neilanda sastr\u0101d\u0101tajiem varo\u0146darbiem. Dro\u0161i vien vi\u0146\u0161 bija nopeln\u012bjis k\u0101du augstu ordeni? Piem\u0113ram, sarkano zvaigzni ar ragiem uz aug\u0161u, k\u0101 pien\u0101kas?<\/p>\n\n\n\n<p class=\"has-black-color has-text-color\">Nav br\u012bnums, ka m\u016bsdienu Latvijas \u0101rlietu ministrija tapa p\u0113c neilandisk\u0101 &#8220;\u0101\u0101lietu&#8221; parauga un l\u012bdz\u012bbas, attiec\u012bgi palielinot m\u0113rog\u0101. Tur sav\u0101ca komjaunatnes funkcion\u0101rus, \u010dekistu atvases, zilos un l\u012bdz\u012bgu publiku. Bija pat kuriozs, ka jaunais \u0101rlietu ministrs J\u0101nis Jurk\u0101ns nevar\u0113ja atradin\u0101ties no \u0137\u0113mo\u0161an\u0101s paka\u013c Neilanda &#8220;ang\u013cu akcentam&#8221;. Tas esot po\u013cu akcents, vai ziniet.<\/p>\n\n\n\n<p class=\"has-black-color has-text-color has-medium-font-size\"><strong>\u0100rlietu ministrs J\u0101nis Jurk\u0101ns<\/strong><\/p>\n\n\n\n<p class=\"has-black-color has-text-color\">J\u0101ni Jurk\u0101nu b\u016btu v\u0113rts piemin\u0113t atsevi\u0161\u0137i. Lai gan vi\u0146\u0161 bija tuvs LTF vad\u012bbai, tom\u0113r ietur\u0113ja distanci un l\u016bkoj\u0101s uz to no aug\u0161as ar v\u0101ji sl\u0113ptu p\u0101r\u0101kuma apzi\u0146u. Neatceros, ka Jurk\u0101ns b\u016btu centies p\u0113c l\u0113tas popularit\u0101tes m\u0113d\u012bjos, par katru cenu tiecoties uzk\u0101pt uz mucas (LTV), lai a\u0123it\u0113tu par br\u012bvu Latviju un taml\u012bdz\u012bgi. Lieta t\u0101, ka LTF vad\u012bbu veidoja &#8220;sabiedr\u012bbas kr\u0113jumam&#8221; pietuvin\u0101t\u0101 inteli\u0123ence, rado\u0161o profesiju p\u0101rst\u0101vji un citi, kam bija autorit\u0101te latvie\u0161u <em>m\u012bl\u012b\u0161u<\/em> mas\u0101s. Kad <em>m\u012bl\u012b\u0161i<\/em> b\u016bs savu s\u0101pi izb\u013c\u0101vu\u0161i un jaun\u0101 iek\u0101rta nodibin\u0101ta, par tiem var\u0113s aizmirst uz n\u0101kamajiem 30 &#8211; 50 gadiem. T\u0101pat var\u0113s aizmirst par rado\u0161ajiem inteli\u0123entiem, kuri nav kompetenti un nesp\u0113j darboties sist\u0113m\u0101.<\/p>\n\n\n\n<p class=\"has-black-color has-text-color\">Turpretim J\u0101nim Jurk\u0101nam aiz muguras ir dienests super slepen\u0101 sakaru jom\u0101, vi\u0146\u0161 esot piedal\u012bjies &#8220;miera uztur\u0113\u0161anas&#8221; misij\u0101 \u010cehoslov\u0101kij\u0101. Ko vi\u0146\u0161 tur uztur\u0113ja, zina vi\u0146\u0161 pats, bet vi\u0146am var\u0113tu b\u016bt ar\u012b kara darb\u012bbas dal\u012bbnieka statuss. Ja vi\u0146\u0161 ir dien\u0113jis k\u0101 tulks, tad vi\u0146\u0161 ir uzticams ab\u0101m pus\u0113m, kas sarun\u0101jas. Ide\u0101ls kandid\u0101ts \u0101rlietu ministra amatam no sist\u0113mas viedok\u013ca.<\/p>\n\n\n\n<p class=\"has-black-color has-text-color\">\u0160\u012bs rakstu s\u0113rijas<strong> <em><a href=\"https:\/\/tautastribunals.eu\/?p=56461\"><span style=\"color:#7f34c6\" class=\"has-inline-color\">s\u0101kum\u0101<\/span><\/a> <\/em><\/strong>rakst\u012bju par LPSR vald\u012bbas sakaru sist\u0113mu un vad\u012bbas punktu \u012bpa\u0161ajam periodam, ko p\u0101r\u0146\u0113mu ar LR Ministru Padomes 1990. gada 18. oktobra l\u0113mumu Nr. 170. Latvijas sabiedr\u012bbai par attiec\u012bgaj\u0101m \u010dekas strukt\u016br\u0101m nekas nav zin\u0101ms, ar\u012b es varu past\u0101st\u012bt tikai to, ko esmu redz\u0113jis sav\u0101m ac\u012bm. Turpretim J\u0101nis Jurk\u0101ns ir dien\u0113jis tie\u0161i \u0161aj\u0101 sist\u0113m\u0101.<\/p>\n\n\n\n<figure class=\"wp-block-image is-resized\"><img decoding=\"async\" loading=\"lazy\" src=\"https:\/\/attachment.outlook.live.net\/owa\/MSA%3Al.grantins%40hotmail.de\/service.svc\/s\/GetAttachmentThumbnail?id=AQMkADAwATYwMAItOTVhYy03Njc5LTAwAi0wMAoARgAAA4ZOkfqjrRtNiI2e5bi1A4UHAIG0uuMQ8chKpJDgogkEfIAAAAIBDAAAAIG0uuMQ8chKpJDgogkEfIAAA7%2Fvud0AAAABEgAQAOPcWY0DHeNJpCy3o1Ro4Dw%3D&amp;thumbnailType=2&amp;owa=outlook.live.com&amp;scriptVer=20200914002.04&amp;isc=1&amp;X-OWA-CANARY=EsYMAA1DhUeXfG-w9v-TqwD0N-QNXNgYT0ge1X2ZtoYjvwylDUtehcRes7803RQBTW7DOcCE80g.&amp;token=eyJhbGciOiJSUzI1NiIsImtpZCI6IjU2MzU4ODUyMzRCOTI1MkRERTAwNTc2NkQ5RDlGMjc2NTY1RjYzRTIiLCJ0eXAiOiJKV1QiLCJ4NXQiOiJWaldJVWpTNUpTM2VBRmRtMmRueWRsWmZZLUkifQ.eyJvcmlnaW4iOiJodHRwczovL291dGxvb2subGl2ZS5jb20iLCJ1YyI6IjBhMWY4ZjU4MmMzODQ2NDdhODE2OGU5YTUyOTc5ZjAwIiwidmVyIjoiRXhjaGFuZ2UuQ2FsbGJhY2suVjEiLCJhcHBjdHhzZW5kZXIiOiJPd2FEb3dubG9hZEA4NGRmOWU3Zi1lOWY2LTQwYWYtYjQzNS1hYWFhYWFhYWFhYWEiLCJpc3NyaW5nIjoiV1ciLCJhcHBjdHgiOiJ7XCJtc2V4Y2hwcm90XCI6XCJvd2FcIixcInByaW1hcnlzaWRcIjpcIlMtMS0yODI3LTM5MzIxNi0yNTExMTA3NzA1XCIsXCJwdWlkXCI6XCIxNjg4ODUyMzcxMzcxNjQxXCIsXCJvaWRcIjpcIjAwMDYwMDAwLTk1YWMtNzY3OS0wMDAwLTAwMDAwMDAwMDAwMFwiLFwic2NvcGVcIjpcIk93YURvd25sb2FkXCJ9IiwibmJmIjoxNjAwNDU5Mzg1LCJleHAiOjE2MDA0NTk5ODUsImlzcyI6IjAwMDAwMDAyLTAwMDAtMGZmMS1jZTAwLTAwMDAwMDAwMDAwMEA4NGRmOWU3Zi1lOWY2LTQwYWYtYjQzNS1hYWFhYWFhYWFhYWEiLCJhdWQiOiIwMDAwMDAwMi0wMDAwLTBmZjEtY2UwMC0wMDAwMDAwMDAwMDAvYXR0YWNobWVudC5vdXRsb29rLmxpdmUubmV0QDg0ZGY5ZTdmLWU5ZjYtNDBhZi1iNDM1LWFhYWFhYWFhYWFhYSIsImhhcHAiOiJvd2EifQ.kJsB8LhKYJ9xc5atnTWNnqRZssRtAoVvYYXNGjYZXRixAwdVs8pCGqEmFYoRYgEJSev5qKKxHvyjRjI_FEouEPapGUs8z8SH1vbeQJr8O38qZA53dy8p_SOCd-uyj-Wb9P6IEaKGZgfa8DBg0rPJQo7e9yYWh9xqj_g6n6AF_Hq4Mvc1yBMKLPtLQ0RkEBJBqmK25aWR6DsgoZa6HPsYp7X_c5OoXtzLcBCPrPqmFa_-los9-TwGaKmr1oxpLQoxniNRaopRjJH4N-ZhnylCQlBIPf3NiCT6Zp5pCZSyAnR7E_OjlwvNSPf59tQSWg2coxz7y8-34iiR5aHqw6oYMg&amp;animation=true\" alt=\"Bildvorschau\" width=\"874\" height=\"582\"\/><\/figure>\n\n\n\n<p class=\"has-black-color has-text-color has-medium-font-size\"><strong>Sarunas Zviedrij\u0101<\/strong><\/p>\n\n\n\n<p class=\"has-black-color has-text-color\">Katram latvietim <span class=\"has-inline-color has-vivid-purple-color\"><em><strong><a href=\"https:\/\/lv.wikipedia.org\/wiki\/Baltie\u0161u_izdo\u0161ana\">b\u016btu j\u0101zina<\/a>,<\/strong> <\/em><\/span>ka Zviedrijas soci\u0101ldemokr\u0101tu vald\u012bba pan\u0101ca 1946. gad\u0101 Zviedrij\u0101 intern\u0113to un Otr\u0101 pasaules kara laik\u0101 V\u0101cijas milit\u0101raj\u0101s vien\u012bb\u0101s dien\u0113ju\u0161o latvie\u0161u karav\u012bru izdo\u0161anu PSRS. Par \u0161o epizodi m\u016bsu ebreju namat\u0113vs man personiski atvainoj\u0101s. Kad m\u0113\u0123in\u0101ju iebilst, vi\u0146\u0161 kategoriski pac\u0113la toni, t\u0101 sakot, turi muti un klausies, k\u0101 es tev atvainojos. Vi\u0146\u0161 v\u0113rs\u0101s tie\u0161i pie manis, lai gan p\u0101r\u0113jie tr\u012bs ce\u013cabiedri piedal\u012bj\u0101s sarun\u0101. Kop\u0161 t\u0101 laika atvaino\u0161an\u0101s esot k\u013cuvusi par t\u0101du k\u0101 labo toni, zviedru elites p\u0101rst\u0101vjiem sarun\u0101joties ar latvie\u0161iem.<\/p>\n\n\n\n<p class=\"has-black-color has-text-color\">Bija k\u0101da saruna partijas biroj\u0101, ko namat\u0113vs notur\u0113ja bez manas kl\u0101tb\u016btnes. Man b\u016b\u0161ot cita programma. Vi\u0146\u0161 nor\u012bkoja biroja darbinieci pakav\u0113t man laiku. Man nekas nebija pret\u012b, lai jau izrun\u0101 savas ebreju \u0161telles. Saruna ilga nepilnu stundu, un dro\u0161i vien nekas \u012bpa\u0161s apspriests netika. Guntis v\u0113l\u0101k atst\u0101st\u012bja sarunu, esot run\u0101ju\u0161i par ebreju uzv\u0101rdiem.<\/p>\n\n\n\n<p class=\"has-black-color has-text-color\">Ar uzv\u0101rdu &#8220;Steins&#8221; t\u0101 k\u0101 b\u016btu skaidrs. Ar\u012b P\u0113ra uzv\u0101rda etimolo\u0123ija k\u0101 latviskojums no &#8220;\u0160terna&#8221; uz &#8220;Sterni\u0146u&#8221; jaut\u0101jumus neizraisa. Bet kas tas Be\u0146\u0137is t\u0101ds? Ah\u0101, tas dro\u0161i vien ir sem\u012btiskais &#8220;Ben&#8221;, ko liek pirms \u0123imenes vai t\u0113va v\u0101rda. &#8220;T\u0101 glu\u017ei nav&#8221;, uzjautrin\u0101j\u0101s Guntis &#8220;tad es b\u016btu Ben Kis !&#8221;.<\/p>\n\n\n\n<p class=\"has-black-color has-text-color has-medium-font-size\"><strong>Sp\u0113les ar v\u0101rdiem un uzv\u0101rdiem<\/strong><\/p>\n\n\n\n<p class=\"has-black-color has-text-color\">Valdo\u0161o sist\u0113mu uzskata par rafin\u0113ti izsmalcin\u0101tu, bet eliti par gudru un visvarenu. Nekas nav t\u0101l\u0101k no paties\u012bbas. Vi\u0146i vienk\u0101r\u0161i dom\u0101 sav\u0101d\u0101k, un dom\u0101\u0161anas veids ir primit\u012bvs ierobe\u017eota skaita algoritmu kopums. T\u0101p\u0113c cilv\u0113ciska br\u012bvdom\u012bba no vi\u0146u viedok\u013ca ir sist\u0113miska k\u013c\u016bda, kas j\u0101likvid\u0113 jebkuriem l\u012bdzek\u013ciem. Pretej\u0101 gad\u012bjum\u0101 vi\u0146iem uz ekr\u0101na var par\u0101d\u012bties pazi\u0146ojums &#8220;sist\u0113mas sabrukums fat\u0101las k\u013c\u016bdas rezult\u0101t\u0101&#8221;.<\/p>\n\n\n\n<p class=\"has-black-color has-text-color\">M\u016bs vada refleksu l\u012bmen\u012b. Piem\u0113ram, ja v\u0113l\u0113\u0161an\u0101s kandid\u0101tam ir krievisks uzv\u0101rds, vi\u0146u s\u016bt\u012bs start\u0113t uz Latgali vai citu &#8220;krievisku&#8221; vietu. No visas kandid\u0101ta programmas v\u0113l\u0113t\u0101js sp\u0113j uztvert tikai uzv\u0101rdu, str\u0101d\u0101 nosac\u012bjuma reflekss. V\u0101rds un uzv\u0101rds ir svar\u012bgs faktors ar\u012b izv\u0113loties amatpersonas. No\u017e\u0113lojami, bet tas str\u0101d\u0101, un pan\u0101kumus veicina rakstur\u012bgais humori\u0146\u0161, kas pavada amatpersonu iecel\u0161anu amatos, atbilsto\u0161i uzv\u0101rdam.<\/p>\n\n\n\n<p class=\"has-black-color has-text-color\">Bija t\u0101ds LKP CK sekret\u0101rs J\u0101nis Oherins, kur\u0161 k\u0101du laiku figur\u0113ja kandid\u0101tu sarakst\u0101 1989. gada PSRS tautas deput\u0101tu v\u0113l\u0113\u0161an\u0101s. P\u0113c skata labdab\u012bgs onkolis, vi\u0146\u0161 ne ar ko neizc\u0113l\u0101s, tom\u0113r k\u0101ds vi\u0146u sarakst\u0101 bija ielicis uzv\u0101rda d\u0113\u013c. Kas vi\u0146a uzv\u0101rd\u0101 tik \u012bpa\u0161s? Lieta t\u0101, ka deput\u0101tiem no Latvijas ir pagr\u016bti uz\u0146emt labu neform\u0101lu kontaktu ar, piem\u0113ram, Krievijas deput\u0101tiem. Iesp\u0113jams, krievu deput\u0101ts, izlas\u012bjis sarakst\u0101 Oherina uzv\u0101rdu, n\u0101ks apskat\u012bt \u0161o br\u012bnumu no Latgales \u0101r\u0113m. &#8220;\u0422\u044b \u0447\u0451, \u0432 \u043d\u0430\u0442\u0443\u0440\u0435 \u041e\u0445\u0435\u0440\u0438\u043d? \u0413\u044b, \u0433\u044b!&#8221;<\/p>\n\n\n\n<p class=\"has-black-color has-text-color\">Ar\u012b mums LTF v\u0113l\u0113\u0161anu centr\u0101 bija l\u012bdz\u012bgs gad\u012bjums. Reiz ierad\u0101s P\u0113teris La\u0137is un k\u0101du min\u016bti nekust\u012bgi skat\u012bj\u0101s ar miglainu skatienu. &#8220;Te esot P\u0113rs un Rids, es n\u0101ku skat\u012bties, kas tie t\u0101di&#8221;.<\/p>\n\n\n\n<p class=\"has-black-color has-text-color\">Bija aizsardz\u012bbas ministrs Slakteris, lai viestu paniku ienaidnieku rind\u0101s, bet sp\u0113kav\u012brs Bergmanis izsvaid\u012bs uzbruc\u0113jus k\u0101 bru\u0146urupu\u010dus. Ko lai dara Karina P\u0113tersone, kad vairs neatrod sev pielietojumu? Lai <em>karina<\/em> orde\u0146us kapitula kancleres amat\u0101. Pirms bru\u0146oto sp\u0113ku komandiera Maklakova virz\u012b\u0161anas augstos amatos bija diskusija. Nez, vai <em>\u0161ie<\/em> uzskat\u012bs vi\u0146u par sav\u0113jo ar t\u0101du uzv\u0101rdu? Vai var rakst\u012bt vi\u0146a uzv\u0101rdu uz kr\u016b\u0161u uz\u0161uves k\u0101 &#8220;McLakov&#8221;, vai tas b\u016bs par traku?<\/p>\n\n\n\n<p class=\"has-black-color has-text-color\">Kad par v\u0113stnieku Krievij\u0101 tika iecelts diplom\u0101ts uzv\u0101rd\u0101 Skuja, ikvienam krievam bija skaidra atbilde uz jaut\u0101jumu &#8220;\u043e\u0442\u043a\u0443\u0434\u0430 \u043f\u043e\u0441\u043e\u043b?&#8221;. \u041f\u043e\u0441\u043e\u043b \u0421\u043a\u0443\u044f. Savuk\u0101rt Andra Piebalga atra\u0161an\u0101s Eiropas ener\u0123\u0113tikas komis\u0101ra amat\u0101 lika Gazproma bosiem vingrin\u0101ties latvie\u0161u valodas fon\u0113tik\u0101. Vi\u0146i bija perfekti apguvu\u0161i divska\u0146a &#8220;ie&#8221; izrunu, un zin\u0101ja, ka patska\u0146us nek\u0101d\u0101 gad\u012bjum\u0101 nedr\u012bkst izrun\u0101t atsevi\u0161\u0137i.<\/p>\n\n\n\n<p class=\"has-black-color has-text-color has-medium-font-size\"><strong>Darbs v\u0113stniec\u012bb\u0101<\/strong><\/p>\n\n\n\n<p class=\"has-black-color has-text-color\">Iepriek\u0161 rakst\u012bju par Latvijas \u0101rlietu tap\u0161anu, t\u0101p\u0113c b\u016btu j\u0101piemin v\u0113l viena b\u016btiska \u0101r\u0113jo attiec\u012bbu joma. \u010ceka kontrol\u0113(ja) viet\u0113jo person\u0101lu, kas str\u0101d\u0101 \u0101rvalstu v\u0113stniec\u012bb\u0101s R\u012bg\u0101. T\u0101 tas bija vismaz l\u012bdz 90-to gadu vidum, kad gandr\u012bz gadu notur\u0113jos k\u0101d\u0101 rietumvalsts v\u0113stniec\u012bb\u0101 k\u0101 pal\u012bgs komercjaut\u0101jumos.<\/p>\n\n\n\n<p class=\"has-black-color has-text-color\">Pieteicos konkursa k\u0101rt\u012bb\u0101, bet tiku pie\u0146emts darb\u0101 nekav\u0113joties, k\u0101 piln\u012bb\u0101 atbilsto\u0161s kandid\u0101ts. Dom\u0101ju, ka te nostr\u0101d\u0101ja par mani izplat\u012btais apmelojums, ka esmu \u010dekists. Par to liecin\u0101ja manas pirm\u0101s sarunas ar v\u0113stniec\u012bbas darbiniekiem, rezerv\u0113t\u0101 attieksme k\u0101 pret t\u0101du, kur\u0161 &#8220;gatavs p\u0101rdot savu m\u0101ti&#8221;. Ta\u010du darba gait\u0101 attiec\u012bbas uzlaboj\u0101s, es \u0101tri apguvu vienk\u0101r\u0161os amata pien\u0101kumus, un par jauno darbu biju gandr\u012bz vai saj\u016bsm\u0101. Ar\u012b pielaide nok\u0101rtoj\u0101s gludi, t\u0101 saucamais &#8220;security clearing&#8221; bija tikai pap\u012bru sarakst\u012b\u0161ana.<\/p>\n\n\n\n<p class=\"has-black-color has-text-color\">T\u0101 tas turpin\u0101j\u0101s k\u0101du m\u0113nesi vai divus, bet tad s\u0101ka zvan\u012bt \u010dekisti. &#8220;A kas j\u016bs t\u0101ds esiet? A kur\u0161 j\u016bs tur ielika? A jums diplom\u0101ta statuss ir?&#8221;. P\u0113d\u0113jais jaut\u0101jums tulkojum\u0101 no diplom\u0101tisk\u0101s smalkrunas apz\u012bm\u0113 draudus. No \u010dekistu viedok\u013ca es biju b\u012bstams precedents, t\u0101p\u0113c draudus \u012bstenoja nekav\u0113joties. Mani nos\u016bdz\u0113ja v\u0113stniec\u012bbas vad\u012bbai, sac\u0113l\u0101s skand\u0101ls, kas izskan\u0113ja l\u012bdz pat vi\u0146u \u0101rietu ministrijai. K\u0101 tas var b\u016bt, ka <em>cilv\u0113ks no malas<\/em> ir pie\u0146emts tik <em>sensit\u012bv\u0101<\/em> amat\u0101 ?! \u013boti vienk\u0101r\u0161i, pie\u0146emot darb\u0101, p\u0101rbauda tikai galven\u0101s nepiecie\u0161am\u0101s prasmes un iev\u0101c rekomend\u0101cijas, ofici\u0101las un neofici\u0101las, baumas, un taml\u012bdz\u012bgi. Tikai tad, kad darba gait\u0101 par cilv\u0113ku atkl\u0101jas jauna b\u016btiska inform\u0101cija, dro\u0161\u012bbnieki s\u0101k kas\u012bt pakau\u0161us un p\u0113t\u012bt, kas tas ir par <em>fakin ashol<\/em>, ko vi\u0146i apstiprin\u0101ju\u0161i atbild\u012bg\u0101 amat\u0101.<\/p>\n\n\n\n<p class=\"has-black-color has-text-color\">V\u0113stniec\u012bb\u0101 bija nol\u0113mu\u0161i tikt no manis va\u013c\u0101. Pret mani notika smag\u0101kais administrat\u012bvais presings, ko esmu piedz\u012bvojis sav\u0101 m\u016b\u017e\u0101. Neizpild\u0101mi uzdevumi un niev\u0101jo\u0161a attieksme izrais\u012bja stresu darb\u0101. M\u0101j\u0101s man kaimi\u0146os iemitin\u0101ja de\u0123ener\u0101tus, kas plos\u012bj\u0101s un lauz\u0101s man\u0101s durv\u012bs dien\u0101 un nakt\u012b. Reiz atgrie\u017eoties no darba, visa k\u0101p\u0146u telpa un sienas ap mana dz\u012bvok\u013ca durv\u012bm bija no\u0161\u0137iestas ar asin\u012bm. Ja t\u0101 bija imit\u0101cija, tad \u013coti dabiska. Turpat groz\u012bj\u0101s gr\u012b\u013c\u012bgs t\u0113vi\u0146\u0161 ar nazi rok\u0101s. Man ieraudz\u012bjis, vi\u0146\u0161 at\u0146irdz\u0101s un s\u0101ka tuvoties. Laikam biju k\u013cuvis t\u0101 saucamais <em>otmorozoks<\/em>, kam viss vienalga, jo mier\u012bgi atsl\u0113dzu durvis un iesl\u0113dzos sav\u0101 dz\u012bvokl\u012b.<\/p>\n\n\n\n<p class=\"has-black-color has-text-color\">Vai \u0161\u0101dos apst\u0101k\u013cos iesp\u0113jams str\u0101d\u0101t, spriediet pa\u0161i, bet es \u012bsum\u0101 past\u0101st\u012b\u0161u, ko dar\u012bju v\u0113stniec\u012bb\u0101. Es biju t\u0101 saucam\u0101 &#8220;komerci\u0101l\u0101 sekcija&#8221;, kam ir maz sakara ar politiskaj\u0101m un konsul\u0101raj\u0101m liet\u0101m. Manai darb\u012bbai der\u0113ja lielais virsraksts &#8220;eksporta veicin\u0101\u0161ana&#8221;. Praks\u0113 tas noz\u012bm\u0113ja pal\u012bdz\u0113t attiec\u012bg\u0101s valsts uz\u0146\u0113m\u0113jiem p\u0101rdot savas preces Latvij\u0101, atrast sadarb\u012bbas partnerus, tirgot\u0101jus, ra\u017eotnes, telpas un taml\u012bdz\u012bgi.<\/p>\n\n\n\n<p class=\"has-black-color has-text-color\">Citiem v\u0101rdiem sakot, mana darb\u012bba attiec\u0101s uz saimniecisko jomu, ko 90-os gados kontrol\u0113ja \u010deka un band\u012bti. Dabiski, ka mans amats bija vi\u0146u intere\u0161u sf\u0113r\u0101. \u010cekisti taj\u0101 laik\u0101 bija k\u013cuvu\u0161i par neatkar\u012bg\u0101s Latvijas specdienestu darbiniekiem. T\u0101p\u0113c no starptautisko attiec\u012bbu viedok\u013ca viss bija k\u0101rt\u012bb\u0101. Jaunaj\u0101 demokr\u0101tijas sargu status\u0101 tie nesaudz\u012bgi c\u012bn\u012bj\u0101s ar mani, \u0161im nol\u016bkam izplatot baumas par <em>krievu spiegu<\/em>.<\/p>\n\n\n\n<p class=\"has-black-color has-text-color\">Darbs ar leg\u0101lajiem uz\u0146\u0113m\u0113jiem un tirgot\u0101jiem aiz\u0146\u0113ma visvair\u0101k laika. No apgroz\u012bjuma viedok\u013ca raugoties, tas viss bija nieks, sal\u012bdzinot ar dar\u012bjumiem, kas notika ar krimin\u0101laj\u0101m aprind\u0101m. Par to varu tikai nojaust, sprie\u017eot p\u0113c atsevi\u0161\u0137iem gad\u012bjumiem, kad attiec\u012bgie p\u0101rst\u0101vji ierad\u0101s v\u0113stniec\u012bb\u0101 run\u0101t ar mani. Bija t\u0101di gad\u012bjumi, kad atbrauc <em>bratans<\/em> ar BMW un noparkojas ielas vid\u016b. Pie manis vi\u0146\u0161 ieve\u013cas ar &#8220;\u0441\u043b\u044b\u0448\u044c, \u044f \u043c\u044f\u0441\u0430 \u043a\u0443\u043f\u0438\u0442\u044c \u0445\u043e\u0447\u0443&#8221;. Saku, ka m\u0113s k\u0101rtojam tikai lielus dar\u012bjumus, nosaucu ja nemaldos, da\u017eus t\u016bksto\u0161us tonnu. P\u0101rdomas ilga tikai da\u017eas sekundes. &#8220;\u041d\u043e\u0440\u043c\u0430\u043b\u044c\u043d\u043e. \u0415\u0441\u043b\u0438 \u0432\u0441\u0451 \u0445\u043e\u0440\u043e\u0448\u043e \u043f\u0440\u043e\u0439\u0434\u0451\u0442, \u0435\u0449\u0451 \u0443 \u0432\u0430\u0441 \u043a\u0443\u043f\u0438\u043c&#8221;. L\u012bdz ar to var\u0113ju mier\u012bgu sirdi nodot klientu priek\u0161niec\u012bbai, kur k\u0101rtoja lielos dar\u012bjumus.<\/p>\n\n\n\n<p class=\"has-black-color has-text-color\">Toreiz 90-jos gados pietika kontrol\u0113t tirgu neliel\u0101 pils\u0113t\u0101 kaut kur Krievij\u0101, lai var\u0113tu peln\u012bt miljonus. Par to g\u0101ja slaven\u0101s band\u012btu <em>razborkas<\/em>, tas bija laika gars. P\u0101rtikas kvalit\u0101te nevienu neinteres\u0113ja, k\u0101 saka, aprija un pras\u012bja v\u0113l.<\/p>\n\n\n\n<p class=\"has-black-color has-text-color\">V\u0113stniec\u012bb\u0101 grib\u0113ja pan\u0101kt, lai no darba aizeju pats. Man nekas cits neatlika, t\u0101p\u0113c gatavojos darbu atst\u0101t, un liku saprast v\u0113stniec\u012bbas darbiniekiem, lai nep\u0101rcen\u0161as. Tas bija neilgi pirms aizie\u0161anas, kad man uz galda bija nomesta pamat\u012bga \u0137\u012bpa ar pap\u012briem ar atz\u012bmi izlas\u012bt, lai varu \u0137erties pie darba. T\u0101 bija sarakste attiec\u012bb\u0101 par Latvijas cukura r\u016bpniec\u012bbu. Toreiz v\u0113l darboj\u0101s 3 vai 4 fabrikas no padomju laikiem, kas ra\u017eoja cukuru no Latvij\u0101 audz\u0113t\u0101m cukurbiet\u0113m. Ja nemaldos, da\u017eas reizes zvan\u012bju ra\u017eot\u0101jiem, bet tas laikam bija p\u0113d\u0113jais, ko dar\u012bju v\u0113stniec\u012bb\u0101.<\/p>\n\n\n\n<p class=\"has-black-color has-text-color\">Vair\u0101k sakara ar Latvijas cukura r\u016bpniec\u012bbas izn\u012bcin\u0101\u0161anu man nav. Paz\u012bstot \u010dekas rokrakstu, tas var\u0113tu b\u016bt m\u0113\u0123in\u0101jums mani sakompromit\u0113t, pirms atst\u0101ju darbu. Par Latvijas cukuru kl\u012bst baumas un nost\u0101sti, t\u0101p\u0113c b\u016btu interesanti palas\u012bt koment\u0101rus par \u0161o t\u0113mu.<\/p>\n\n\n\n<p class=\"has-black-color has-text-color has-medium-font-size\"><strong>Sabiedr\u012bbas st\u0101voklis un perspekt\u012bva<\/strong><\/p>\n\n\n\n<p class=\"has-black-color has-text-color\">Vai ir v\u0113rts rak\u0146\u0101ties 30 gadu vecos notikumos? Esmu m\u0113\u0123in\u0101jis run\u0101t par to iepriek\u0161, sa\u0146emdams izsmieklu un \u0146irg\u0101\u0161anos, mani pa\u0161u diskredit\u0113jot, cen\u0161oties aizb\u0101zt muti un pazemot l\u012bdz margin\u0101lam l\u012bmenim. Pa\u0161reiz situ\u0101cija main\u0101s, jo cilv\u0113ki s\u0101k nojaust genoc\u012bda b\u016bt\u012bbu, kad at\u0146em darbu, ties\u012bbas un iztikas l\u012bdzek\u013cus, nerun\u0101jot par mazo biznesu un \u012bpa\u0161umu. Valsts jau sen ir nozagta, bet ma\u0161\u012bna, kas darbojas &#8220;valsts&#8221; viet\u0101 tika b\u016bv\u0113ta pirms 30 gadiem un darbojas visu \u0161o laiku. Rezult\u0101ts ir vad\u0101m\u0101 katastrofa, kas skar katru individu\u0101li, un t\u0101p\u0113c ir paman\u0101ma.<\/p>\n\n\n\n<p class=\"has-black-color has-text-color\">&#8220;Sabiedr\u012bba bez n\u0101kotnes&#8221;, tas ir secin\u0101jums, pie k\u0101 non\u0101k drosm\u012bg\u0101kie ofici\u0101lie koment\u0113t\u0101ji. Patie\u0161\u0101m, visi ofici\u0101lie politiskie un ekonomiskie algoritmi sevi ir izsm\u0113lu\u0161i. Neviens vairs ne\u0146em pret\u012b &#8220;-ismus&#8221;, neviens nev\u0113las karot un pak\u013cauties no\u017e\u0113lojamai politiskajai varai. T\u0101p\u0113c glob\u0101l\u0101 p\u0101rvalde vairs nesl\u0113pjas un cen\u0161as notur\u0113t vad\u012bbu ar v\u012brusa psihozi.<\/p>\n\n\n\n<p class=\"has-black-color has-text-color\">Cilv\u0113kiem neatliek nekas cits, k\u0101 organiz\u0113ties pa\u0161iem, veidojot p\u0101rvaldes, aizsardz\u012bbas un saimniecisk\u0101s strukt\u016bras. Ja labi pamekl\u0113, internet\u0101 var atrast piem\u0113rus, k\u0101 organiz\u0113t daudzu dz\u012bvok\u013cu nama p\u0101rvaldi, apdz\u012bvotas vietas p\u0101rvaldi, arodbiedr\u012bbu &#8230; Tas nav vienk\u0101r\u0161i, un to cent\u012bsies nov\u0113rst visiem l\u012bdzek\u013ciem. Piem\u0113ram, ar &#8220;pa\u0161izol\u0113\u0161anos&#8221;, pulc\u0113\u0161an\u0101s aizliegumiem un l\u012bdz\u012bgi. Organiz\u0113\u0161an\u0101s notiek da\u017e\u0101dos l\u012bme\u0146os, piem\u0113ram, izskan\u0113ja aicin\u0101jums dibin\u0101t &#8220;Habarovskas tautas republiku&#8221;, v\u0113l atmi\u0146\u0101 ir &#8220;Dzelten\u0101s vestes&#8221;.<\/p>\n\n\n\n<p class=\"has-black-color has-text-color\">Savu iesp\u0113ju robe\u017e\u0101s esmu centies dot ieguld\u012bjumu \u0161aj\u0101 darb\u0101, un tas ir<span class=\"has-inline-color has-vivid-purple-color\"> <a href=\"https:\/\/societyandnature.org\/sarunas\/galvenais\/\"><strong><em>aprakst\u012bts \u0161eit<\/em><\/strong><\/a>.<\/span><\/p>\n\n\n\n<p class=\"has-black-color has-text-color\">Cilv\u0113ki parasti nov\u0113rt\u0113 savas iesp\u0113jas par zemu. T\u0101 sakot, ko es viens iesp\u0113ju pret varas sist\u0113mu? Tas nav pareizi, \u0161\u012b sist\u0113ma ir sabrukuma st\u0101vokl\u012b, un t\u0101 aizraus sev l\u012bdzi ar\u012b nesp\u0113jniekus. Mums uzspie\u017e nedabisku uzved\u012bbu, kas ir pretrun\u0101 ar cilv\u0113ka b\u016bt\u012bbu. Pret to ir j\u0101c\u012bn\u0101s savu iesp\u0113ju robe\u017e\u0101s, un atra\u0161an\u0101s c\u012b\u0146as proces\u0101 ir katra v\u012brie\u0161a dabiskais st\u0101voklis.<\/p>\n\n\n\n<p>20.09.20<\/p>\n\n\n\n<p class=\"has-white-color has-black-background-color has-text-color has-background has-large-font-size\">LRTT<\/p>\n\n\n\n<p class=\"has-white-color has-vivid-red-background-color has-text-color has-background has-medium-font-size\">Protams, ka latvie\u0161i piln\u012bgi visur tika atstumti no varas gro\u017eiem vai nogalin\u0101ti ! Vainot latvie\u0161us pie \u0161odienas \u0101rpr\u0101ta, nav pr\u0101ta darbs ! Bet, m\u0113s &#8220;nok\u0101rtosim&#8221; ar\u012b \u0161o jaut\u0101jumu ! S\u0101tanisko cionistu laiks ir iztec\u0113jis&#8230;<\/p>\n\n\n\n<p><\/p>\n","protected":false},"excerpt":{"rendered":"<p>R. Bruners. Maisu zin\u0101t\u0146u kandid\u0101ta piez\u012bmes, nobeigums Nobeidzot t\u0113mu par LTF un v\u0113l\u0113\u0161an\u0101m 1990. gad\u0101, grib\u0113tu \u012bsum\u0101 piev\u0113rsties da\u017e\u0101m Latvijas \u010dekas aktivit\u0101t\u0113m starptautisk\u0101 m\u0113rog\u0101. T\u0101 ir st\u0101sta galven\u0101 varo\u0146a Mavrika Vulfsona tie\u0161\u0101s darb\u012bbas joma,&#46;&#46;&#46;<\/p>\n","protected":false},"author":1,"featured_media":57570,"comment_status":"open","ping_status":"open","sticky":false,"template":"","format":"standard","meta":[],"categories":[1,11],"tags":[],"_links":{"self":[{"href":"https:\/\/tautastribunals.eu\/index.php?rest_route=\/wp\/v2\/posts\/57691"}],"collection":[{"href":"https:\/\/tautastribunals.eu\/index.php?rest_route=\/wp\/v2\/posts"}],"about":[{"href":"https:\/\/tautastribunals.eu\/index.php?rest_route=\/wp\/v2\/types\/post"}],"author":[{"embeddable":true,"href":"https:\/\/tautastribunals.eu\/index.php?rest_route=\/wp\/v2\/users\/1"}],"replies":[{"embeddable":true,"href":"https:\/\/tautastribunals.eu\/index.php?rest_route=%2Fwp%2Fv2%2Fcomments&post=57691"}],"version-history":[{"count":10,"href":"https:\/\/tautastribunals.eu\/index.php?rest_route=\/wp\/v2\/posts\/57691\/revisions"}],"predecessor-version":[{"id":57701,"href":"https:\/\/tautastribunals.eu\/index.php?rest_route=\/wp\/v2\/posts\/57691\/revisions\/57701"}],"wp:featuredmedia":[{"embeddable":true,"href":"https:\/\/tautastribunals.eu\/index.php?rest_route=\/wp\/v2\/media\/57570"}],"wp:attachment":[{"href":"https:\/\/tautastribunals.eu\/index.php?rest_route=%2Fwp%2Fv2%2Fmedia&parent=57691"}],"wp:term":[{"taxonomy":"category","embeddable":true,"href":"https:\/\/tautastribunals.eu\/index.php?rest_route=%2Fwp%2Fv2%2Fcategories&post=57691"},{"taxonomy":"post_tag","embeddable":true,"href":"https:\/\/tautastribunals.eu\/index.php?rest_route=%2Fwp%2Fv2%2Ftags&post=57691"}],"curies":[{"name":"wp","href":"https:\/\/api.w.org\/{rel}","templated":true}]}}