{"id":57559,"date":"2020-09-09T07:12:42","date_gmt":"2020-09-09T04:12:42","guid":{"rendered":"https:\/\/tautastribunals.eu\/?p=57559"},"modified":"2020-09-09T07:12:43","modified_gmt":"2020-09-09T04:12:43","slug":"r-bruners-maisu-zinatnu-kandidata-piezimes-4-turpinajums","status":"publish","type":"post","link":"https:\/\/tautastribunals.eu\/?p=57559","title":{"rendered":"R. Bruners. Maisu zin\u0101t\u0146u kandid\u0101ta piez\u012bmes, 4. turpin\u0101jums"},"content":{"rendered":"\n<figure class=\"wp-block-image size-large is-resized\"><img decoding=\"async\" loading=\"lazy\" src=\"https:\/\/tautastribunals.eu\/wp-content\/uploads\/2019\/10\/1.-Rids-Bruners.L.Granti\u0146\u0161.J.Z\u012bverts.Latvija.LRTT_-768x144-1.png\" alt=\"\" class=\"wp-image-53460\" width=\"1052\" height=\"197\" srcset=\"https:\/\/tautastribunals.eu\/wp-content\/uploads\/2019\/10\/1.-Rids-Bruners.L.Granti\u0146\u0161.J.Z\u012bverts.Latvija.LRTT_-768x144-1.png 768w, https:\/\/tautastribunals.eu\/wp-content\/uploads\/2019\/10\/1.-Rids-Bruners.L.Granti\u0146\u0161.J.Z\u012bverts.Latvija.LRTT_-768x144-1-300x56.png 300w\" sizes=\"(max-width: 1052px) 100vw, 1052px\" \/><\/figure>\n\n\n\n<figure class=\"wp-block-image size-large is-resized\"><img decoding=\"async\" loading=\"lazy\" src=\"https:\/\/tautastribunals.eu\/wp-content\/uploads\/2020\/09\/Bruners.Grantins.Prieditis.LRTT_.png\" alt=\"\" class=\"wp-image-57563\" width=\"1041\" height=\"717\" srcset=\"https:\/\/tautastribunals.eu\/wp-content\/uploads\/2020\/09\/Bruners.Grantins.Prieditis.LRTT_.png 682w, https:\/\/tautastribunals.eu\/wp-content\/uploads\/2020\/09\/Bruners.Grantins.Prieditis.LRTT_-300x207.png 300w\" sizes=\"(max-width: 1041px) 100vw, 1041px\" \/><\/figure>\n\n\n\n<p><\/p>\n\n\n\n<p class=\"has-text-align-center has-white-color has-text-color has-background\" style=\"font-size:30px;background-color:#09422d\">R. Bruners. Maisu zin\u0101t\u0146u kandid\u0101ta piez\u012bmes, 4. turpin\u0101jums<\/p>\n\n\n\n<p class=\"has-black-color has-text-color\">\u0160\u012bs rakstu s\u0113rijas fokus\u0101 ir tr\u012bs v\u0113l\u0113\u0161anu kampa\u0146as Latvijai likten\u012bgaj\u0101 period\u0101 no 1989. gada l\u012bdz 1990. gadam. Galvenais ir nevis person\u0101lijas, bet apst\u0101k\u013ci, saist\u012btie notikumi un sekas. P\u0113c PSRS tautas deput\u0101tu v\u0113l\u0113\u0161an\u0101m 1989. gada pavasar\u012b tiku pab\u012bd\u012bts nost no turpm\u0101kaj\u0101m v\u0113l\u0113\u0161anu darb\u012bb\u0101m <a href=\"https:\/\/tautastribunals.eu\/?p=57403\"><span style=\"color:#2200a3\" class=\"has-inline-color\"><strong>iepriek\u0161 min\u0113to<\/strong><\/span><\/a> iemeslu d\u0113\u013c. T\u0101p\u0113c par LPSR AP un viet\u0113jo padomju v\u0113l\u0113\u0161an\u0101m neko b\u016btiski jaunu pav\u0113st\u012bt nevaru. Tom\u0113r \u0161aj\u0101 laik\u0101 un v\u0113l\u0101k notika ar\u012b citi sabiedriski noz\u012bm\u012bgi notikumi.<\/p>\n\n\n\n<p class=\"has-black-color has-text-color\">P\u0101rl\u016bkojot internetu atkl\u0101ju, ka visi tr\u012bs galvenie LTF v\u0113l\u0113\u0161anu vad\u012bt\u0101ji M\u0101ris Steins, Guntis Be\u0146\u0137is un P\u0113rs Sterni\u0146\u0161 ir k\u013cuvu\u0161i par Triju Zvaig\u017e\u0146u orde\u0146a (TZO) virsniekiem. Nezinu, vai termins &#8220;publiska persona&#8221; ir attiecin\u0101ms uz vi\u0146iem, bet jebkur\u0101 gad\u012bjum\u0101, tautai ir ties\u012bbas paz\u012bt savus varo\u0146us p\u0113c iesp\u0113jas lab\u0101k. Esmu str\u0101d\u0101jis kop\u0101 ar visiem trim vismaz pusotru gadu, un man vi\u0146u TZO virsnieku statuss izraisa jautr\u012bbu. \u012asum\u0101 m\u0113\u0123in\u0101\u0161u aprakst\u012bt k\u0101p\u0113c, lai las\u012bt\u0101ji pa\u0161i lemj, smieties vai raud\u0101t.<\/p>\n\n\n\n<p class=\"has-black-color has-text-color\">Vispirms vajadz\u0113tu atbild\u0113t uz vienu b\u016btisku jaut\u0101jumu. Vai min\u0113tie tr\u012bs virsnieki ir devu\u0161i b\u016btisku ieguld\u012bjumu Latvijas valsts tap\u0161an\u0101, <em>k<\/em><em>\u0101da t<\/em><em>\u0101 ir <\/em><em>\u0161odien<\/em>? Neap\u0161aub\u0101mi j\u0101, ir devu\u0161i, vi\u0146u nov\u0113rt\u0113jums no \u0161\u012b viedok\u013ca var\u0113tu b\u016bt daudz augst\u0101ks. Vi\u0146i ir str\u0101d\u0101ju\u0161i m\u0113r\u0137tiec\u012bgi, prec\u012bzi un neatlaid\u012bgi, realiz\u0113jot praks\u0113 to valstisko ideolo\u0123iju, ko tie\u0161i un pastarpin\u0101ti noteica ideologs Mavriks Vulfsons.<\/p>\n\n\n\n<p class=\"has-black-color has-text-color\">Citiem v\u0101rdiem sakot, min\u0113t\u0101 trijotne pieskait\u0101ma pie aizkuli\u0161u darbo\u0146iem, no kuriem tie\u0161i atkar\u012bga notikumu virz\u012bba. T\u0101diem parasti orde\u0146us nedod, ja ordenis nepiecie\u0161ams, tas &#8220;j\u0101sit cauri&#8221;. K\u0101dam nol\u016bkam nepiecie\u0161ams ordenis? Piem\u0113ram, lai paceltu savu statusu un sp\u0113ju aizsarg\u0101ties no &#8220;politi\u0137u&#8221; centieniem novelt savas k\u013c\u016bdas un neizdar\u012bbu uz darbiniekiem. Parasti deput\u0101tu kompetence ir daudz zem\u0101ka, nek\u0101 pieredz\u0113ju\u0161iem darbiniekiem, par god\u012bgumu nerun\u0101sim.<\/p>\n\n\n\n<p class=\"has-black-color has-text-color\">Tas var\u0113ja b\u016bt 90-to gadu vid\u016b, kad M\u0101ris uzaicin\u0101ja mani ierasties Saeimas kancelej\u0101. Ja nemaldos, cita starp\u0101 vi\u0146\u0161 piemin\u0113ja savus centienus tikt pie orde\u0146a. V\u0113l\u0101k izr\u0101d\u012bj\u0101s, ka pie orde\u0146iem tiku\u0161i ar\u012b Guntis un P\u0113rs. Dro\u0161i vien nospriedu\u0161i, ja jau esam atn\u0101ku\u0161i uz trena\u017eieru z\u0101li, tad nav j\u0113gas staig\u0101t apk\u0101rt tur saliktajiem musku\u013cu audz\u0113\u0161anas r\u012bkiem.<\/p>\n\n\n\n<p class=\"has-black-color has-text-color\">M\u0101ri Steinu var\u0113tu raksturot k\u0101 teicamu vad\u012bt\u0101ju ar autorit\u0101ti savu darbinieku vid\u016b. K\u0101 liel\u0101kie tr\u016bkumi Saeimas kancelejas vad\u012bt\u0101ja amat\u0101 var\u0113tu b\u016bt tie\u0161ums viedokl\u012b un izteicienos. Piel\u0101go\u0161an\u0101s ar liel\u0101m gr\u016bt\u012bb\u0101m, nesp\u0113ja izdab\u0101t v\u0113lm\u0113m un iegrib\u0101m. Dro\u0161i vien izrun\u0101\u0161an\u0101s d\u0113\u013c M\u0101rim ir radu\u0161\u0101s liel\u0101k\u0101s probl\u0113mas, un tas attiecas ne tikai uz darbu vien. Piem\u0113ram, latvie\u0161us M\u0101ris sauc par lopiem. K\u0101dreiz uz Gunta aizr\u0101d\u012bjumu vi\u0146\u0161 atcirta, ka &#8220;nek\u0101 tur nav un nekad neb\u016bs&#8221;. Tas bija teikts pirms 30 gadiem. K\u0101 tas ir \u0161odien?<\/p>\n\n\n\n<p class=\"has-black-color has-text-color\">Gunti Be\u0146\u0137i var\u0113tu d\u0113v\u0113t par visas komp\u0101nijas smadzen\u0113m. Guntim piemita fenomen\u0101la sp\u0113ja par\u0101d\u012bties vajadz\u012bgaj\u0101 viet\u0101 un laik\u0101, lai da\u017e\u0101s min\u016bt\u0113s ievirz\u012btu lietas vajadz\u012bgaj\u0101 virzien\u0101. P\u0113c tam vi\u0146\u0161 atkal var\u0113ja nozust un par\u0101d\u012bties n\u0101kamaj\u0101 iz\u0161\u0137ir\u012bgaj\u0101 br\u012bd\u012b.<\/p>\n\n\n\n<p class=\"has-black-color has-text-color\">Vienu t\u0101du epizodi grib\u0113tu aprakst\u012bt tuv\u0101k. Tas bija 1990. gada pavasar\u012b, kad tikko bija iev\u0113l\u0113ta jaun\u0101 Latvijas PSR augst\u0101k\u0101 padome. Tad uz LTF v\u0113l\u0113\u0161anu centru m\u0113dza piestaig\u0101t J\u0101nis Kinna. Saliecis vareno augumu l\u012bkumos, vi\u0146\u0161 staig\u0101ja paka\u013c Guntim. Rad\u0101s iespaids, ka Kinna v\u0113las sa\u0146emt atbildi uz k\u0101du b\u016btisku jaut\u0101jumu, ko var\u0113tu formul\u0113t k\u0101 &#8220;vai tagad dr\u012bkst?&#8221;.<\/p>\n\n\n\n<p class=\"has-black-color has-text-color\">Reiz Guntis iek\u0101rtoj\u0101s uz sarunu ar Kinnu man tie\u0161i blakus. &#8220;Bez probl\u0113m\u0101m&#8221;, teica Guntis &#8220;dro\u0161i uz priek\u0161u&#8221;. Kinna ar ac\u012bm meta z\u012bm\u012bgus skatienus man\u0101 virzien\u0101, uz ko Guntis ar smaidu atteica &#8220;tas te nevienu ne&#8230;&#8221;. K\u0101rt\u0113jo reizi lietas lab\u0101 tika izmantots mana apmelojuma rezult\u0101t\u0101 ieg\u016bt\u0101 \u010dekista slava. \u0160oreiz, iedro\u0161inot k\u0101du bail\u012bgu tipu, lai tas var\u0113tu \u0137erties pie savas strukt\u016bras veido\u0161anas, aiz\u0146emot svar\u012bgus l\u012bme\u0146us Latvijas varas piram\u012bd\u0101.<\/p>\n\n\n\n<p class=\"has-black-color has-text-color\">Masonu br\u0101l\u012bbas k\u0101 homoseksu\u0101listu organiz\u0113\u0161an\u0101s forma it k\u0101 neb\u016btu nosod\u0101mas. Tom\u0113r b\u016bt\u012bba k\u0101 vienm\u0113r ir slepen\u012bb\u0101. J\u0101sl\u0113pj ir ne tikai, maigi izsakoties, d\u012bvain\u0101s izdar\u012bbas. Runa ir par apsl\u0113ptu varas meh\u0101nismu, saist\u012bb\u0101 ar kontroli p\u0101r noz\u012bm\u012bgiem resursiem, kas noved pie bag\u0101t\u012bbas un ietekmes uzkr\u0101\u0161anas. Zin\u0101ms, ka ebreji m\u012bl gejus k\u0101 zosis pirms M\u0101rti\u0146iem. T\u0101p\u0113c tiem iedeva iztikai Latvijas (valsts) me\u017eus, ko tie \u0161\u0137in uz neb\u0113du v\u0113l \u0161obaltdien.<\/p>\n\n\n\n<p class=\"has-black-color has-text-color\">P\u0113rs Sterni\u0146\u0161 bija visjaun\u0101kais no visiem, un aizr\u0101v\u0101s ar visai radik\u0101l\u0101m ebreju idej\u0101m. \u0160aj\u0101 sakar\u0101 ir k\u0101da anekdote. Atn\u0101k ebrejs pie rab\u012bna p\u0113c padoma. &#8220;Mans d\u0113ls aizraujas ar cionismu, ko man dar\u012bt?&#8221;. Rab\u012bns atmet ar roku un saka &#8220;ne\u0146emiet galv\u0101, vi\u0146a vecum\u0101 visi ar to aizraujas&#8221;.<\/p>\n\n\n\n<p class=\"has-black-color has-text-color\">Latvie\u0161i reiz\u0113m p\u0101rlieku cen\u0161as apliecin\u0101t savu lojalit\u0101ti ebrejiem, cildinot ar\u012b t\u0101dus novirzienus, ko pa\u0161i ebreji uzskata par kait\u012bgiem. Liel\u0101s, radik\u0101l\u0101s ebreju organiz\u0101cijas, pimk\u0101rt Habad, tiek dibin\u0101tas no aug\u0161as ar m\u0113r\u0137i kontrol\u0113t l\u0113mumu pie\u0146em\u0161anu un izpildi glob\u0101l\u0101 m\u0113rog\u0101. Vi\u0146i nost\u0101da sevi augst\u0101k par cilv\u0113kiem, r\u012bkojas agres\u012bvi un veicina naidu pret ebrejiem kopum\u0101.<\/p>\n\n\n\n<p class=\"has-black-color has-text-color\">Ar P\u0113ru esam pavad\u012bju\u0161i daudzas stundas sarun\u0101s, brauk\u0101jot pa Latviju viet\u0113jo padomju v\u0113l\u0113\u0161anu laik\u0101. Esmu noklaus\u012bjies vi\u0146a j\u016bsm\u012bgos st\u0101stus par svar\u012bg\u0101m t\u0113m\u0101m, s\u0101kot ar kooperat\u012bvu kust\u012bbu un beidzot ar visaptvero\u0161as ebreju varas un p\u0101rvaldes nodibin\u0101\u0161anu Latvij\u0101. Viet\u0113jo padomju v\u0113l\u0113\u0161anu laik\u0101 nodibin\u0101tie kontakti un strukt\u016bras v\u0113l\u0101k tik\u0161ot izmantotas, lai dibin\u0101tu organiz\u0101ciju Latvijas m\u0113rog\u0101. Kas t\u0101 par organiz\u0101ciju, P\u0113rs nepateica, bet vi\u0146a uzskati man visvair\u0101k saist\u0101s ar Habad ideolo\u0123iju.<\/p>\n\n\n\n<p class=\"has-black-color has-text-color\">Padom\u0101sim abstrakti, kas nepiecie\u0161ams, lai tuk\u0161\u0101 viet\u0101 izveidotu organiz\u0101ciju? Pirmk\u0101rt, ir vajadz\u012bga autorit\u0101te. Autorit\u0101te var b\u016bt, piem\u0113ram, popul\u0101ra(s) persona(s), bet \u0161aj\u0101 gad\u012bjum\u0101 organiz\u0101cija izn\u0101ks ska\u013ca, tuk\u0161a un \u012bslaic\u012bga. Autorit\u0101te var b\u016bt k\u0101da augsta valsts iest\u0101de, k\u0101 piem\u0113ram, specdienesti. \u0160aj\u0101 gad\u012bjum\u0101 cilv\u0113ki tiek iesaist\u012bti pamat\u012bgi, tas turpin\u0101s paaudz\u0113s, un organiz\u0101cija sp\u0113j dz\u012bvot ilg\u0101k, nek\u0101 valsts, kas to rad\u012bjusi. Otrk\u0101rt, ir vajadz\u012bgi cilv\u0113ki, kuri sp\u0113j darboties. Var\u0113tu teikt, ka tre\u0161k\u0101rt, ir vajadz\u012bga ideolo\u0123ija. Tom\u0113r to veiksm\u012bgi aizst\u0101j ar autorit\u0101ti. Ideolo\u0123iju var piekabin\u0101t v\u0113l\u0101k, un nomain\u012bt p\u0113c nepiecie\u0161am\u012bbas.<\/p>\n\n\n\n<p class=\"has-black-color has-text-color\">1990. gad\u0101 P\u0113rs Sterni\u0146\u0161 k\u013cuva par Saeimas kancelejas pa\u0161vald\u012bbu noda\u013cas vad\u012bt\u0101ju, un \u0161aj\u0101 amat\u0101 atrad\u0101s apm\u0113ram p\u0101ris gadus. Pa vidu bija barik\u0101des un augusta pu\u010ds. Ne\u0161aubos, ka \u0161ajos notikumos vi\u0146\u0161 sevi par\u0101d\u012bja k\u0101 akt\u012bvu organiz\u0101toru un guva atbilsto\u0161u publicit\u0101ti. Tom\u0113r manupr\u0101t, vi\u0146a galven\u0101 misija \u0161aj\u0101 laik\u0101 bija iepriek\u0161 min\u0113t\u0101s organiz\u0101cijas izveido\u0161ana. Autorit\u0101te bija Saeimas apliec\u012bba kabat\u0101, bet cilv\u0113ki jau bija izraudz\u012bti v\u0113l\u0113\u0161anu gait\u0101.<\/p>\n\n\n\n<p class=\"has-black-color has-text-color\">Vai man ir taisn\u012bba, lai sprie\u017e tie, kuru r\u012bc\u012bb\u0101 ir objekt\u012bva inform\u0101cija un fakti. Par labu manai versijai liecina ar\u012b fakts, ka 1992. gad\u0101 R\u012bg\u0101 ierad\u0101s <em>rebes<\/em> \u0160neiersona emis\u0101ri, un Habad ofici\u0101li noform\u0113j\u0101s k\u0101 organiz\u0101cija Latvij\u0101. L\u012bdz ar to organiz\u0113\u0161an\u0101s periods bija nosl\u0113dzies, un <em>habad<\/em><em>\u0146iks<\/em> &#8211; entuziasts no Saeimas nozuda. P\u0113ra spo\u017e\u0101 karjera liecina, ka vi\u0146a darbo\u0161an\u0101s ir nov\u0113rt\u0113ta, un vi\u0146am b\u016bs ticis ar\u012b augst\u0101 l\u012bme\u0146a <em>odobrjams<\/em>. V\u0113l\u0101k vi\u0146\u0161 k\u013cuva par ministra vietnieku, un patlaban ir miljon\u0101rs.<\/p>\n\n\n\n<p class=\"has-black-color has-text-color\">Dom\u0101ju, ka P\u0113rs un Guntis, augstajos Saeimas amatos esot, b\u016bs \u013c\u0101vu\u0161ies k\u0101rdin\u0101jumam un saverv\u0113ju\u0161i ar\u012b da\u017eu l\u0113ttic\u012bgu latvie\u0161u <em>m\u012bl\u012bti<\/em>. T\u0101 gan nevar\u0113tu b\u016bt liela m\u0113roga par\u0101d\u012bba. Ja nu tom\u0113r ir k\u0101ds, kur\u0161 sadarbojas ar P\u0113ru Sterni\u0146u vai Gunti Be\u0146\u0137i, s\u016btiet vi\u0146us ell\u0113 nekav\u0113joties. Tur vi\u0146iem ir \u012bst\u0101 vieta. Pret\u0113j\u0101 gad\u012bjum\u0101 jums var rasties t\u0101das probl\u0113mas, ka pietiks visai dz\u012bvei un n\u0101kamaj\u0101m paaudz\u0113m.<\/p>\n\n\n\n<p>09.09.20<\/p>\n\n\n\n<p class=\"has-white-color has-black-background-color has-text-color has-background has-large-font-size\">LRTT<\/p>\n\n\n\n<p class=\"has-white-color has-black-background-color has-text-color has-background\"><em>&#8220;Ar P\u0113ru esam pavad\u012bju\u0161i daudzas stundas sarun\u0101s, brauk\u0101jot pa Latviju viet\u0113jo padomju v\u0113l\u0113\u0161anu laik\u0101. Esmu noklaus\u012bjies vi\u0146a j\u016bsm\u012bgos st\u0101stus par svar\u012bg\u0101m t\u0113m\u0101m, s\u0101kot ar kooperat\u012bvu kust\u012bbu un beidzot ar visaptvero\u0161as ebreju varas un p\u0101rvaldes nodibin\u0101\u0161anu Latvij\u0101. Viet\u0113jo padomju v\u0113l\u0113\u0161anu laik\u0101 nodibin\u0101tie kontakti un strukt\u016bras v\u0113l\u0101k tik\u0161ot izmantotas, lai dibin\u0101tu organiz\u0101ciju Latvijas m\u0113rog\u0101. Kas t\u0101 par organiz\u0101ciju, P\u0113rs nepateica, bet vi\u0146a uzskati man visvair\u0101k saist\u0101s ar Habad ideolo\u0123iju.&#8221;<\/em><\/p>\n\n\n\n<p class=\"has-white-color has-vivid-red-background-color has-text-color has-background has-medium-font-size\">Tu redz&#8217; tikai: <strong>&#8220;beidzot ar visaptvero\u0161as ebreju varas un p\u0101rvaldes nodibin\u0101\u0161anu Latvij\u0101 !&#8221;<\/strong><\/p>\n","protected":false},"excerpt":{"rendered":"<p>R. Bruners. Maisu zin\u0101t\u0146u kandid\u0101ta piez\u012bmes, 4. turpin\u0101jums \u0160\u012bs rakstu s\u0113rijas fokus\u0101 ir tr\u012bs v\u0113l\u0113\u0161anu kampa\u0146as Latvijai likten\u012bgaj\u0101 period\u0101 no 1989. gada l\u012bdz 1990. gadam. Galvenais ir nevis person\u0101lijas, bet apst\u0101k\u013ci, saist\u012btie notikumi un&#46;&#46;&#46;<\/p>\n","protected":false},"author":1,"featured_media":57571,"comment_status":"open","ping_status":"open","sticky":false,"template":"","format":"standard","meta":[],"categories":[1,11],"tags":[],"_links":{"self":[{"href":"https:\/\/tautastribunals.eu\/index.php?rest_route=\/wp\/v2\/posts\/57559"}],"collection":[{"href":"https:\/\/tautastribunals.eu\/index.php?rest_route=\/wp\/v2\/posts"}],"about":[{"href":"https:\/\/tautastribunals.eu\/index.php?rest_route=\/wp\/v2\/types\/post"}],"author":[{"embeddable":true,"href":"https:\/\/tautastribunals.eu\/index.php?rest_route=\/wp\/v2\/users\/1"}],"replies":[{"embeddable":true,"href":"https:\/\/tautastribunals.eu\/index.php?rest_route=%2Fwp%2Fv2%2Fcomments&post=57559"}],"version-history":[{"count":9,"href":"https:\/\/tautastribunals.eu\/index.php?rest_route=\/wp\/v2\/posts\/57559\/revisions"}],"predecessor-version":[{"id":57569,"href":"https:\/\/tautastribunals.eu\/index.php?rest_route=\/wp\/v2\/posts\/57559\/revisions\/57569"}],"wp:featuredmedia":[{"embeddable":true,"href":"https:\/\/tautastribunals.eu\/index.php?rest_route=\/wp\/v2\/media\/57571"}],"wp:attachment":[{"href":"https:\/\/tautastribunals.eu\/index.php?rest_route=%2Fwp%2Fv2%2Fmedia&parent=57559"}],"wp:term":[{"taxonomy":"category","embeddable":true,"href":"https:\/\/tautastribunals.eu\/index.php?rest_route=%2Fwp%2Fv2%2Fcategories&post=57559"},{"taxonomy":"post_tag","embeddable":true,"href":"https:\/\/tautastribunals.eu\/index.php?rest_route=%2Fwp%2Fv2%2Ftags&post=57559"}],"curies":[{"name":"wp","href":"https:\/\/api.w.org\/{rel}","templated":true}]}}