{"id":57397,"date":"2020-09-18T06:18:02","date_gmt":"2020-09-18T03:18:02","guid":{"rendered":"https:\/\/tautastribunals.eu\/?p=57397"},"modified":"2020-09-18T06:18:03","modified_gmt":"2020-09-18T03:18:03","slug":"riekstins-par-l-grantinu-un-vinam-lidzigiem","status":"publish","type":"post","link":"https:\/\/tautastribunals.eu\/?p=57397","title":{"rendered":"Rieksti\u0146\u0161 par L. Granti\u0146u un vi\u0146am l\u012bdz\u012bgiem"},"content":{"rendered":"\n<figure class=\"wp-block-image size-large is-resized\"><img decoding=\"async\" loading=\"lazy\" src=\"https:\/\/tautastribunals.eu\/wp-content\/uploads\/2020\/08\/Helsinki-86.-LRTT.-Granti\u0146\u0161.Bord\u0101ns.Stuk\u0101ns-7.png\" alt=\"\" class=\"wp-image-57111\" width=\"1173\" height=\"129\"\/><\/figure>\n\n\n\n<figure class=\"wp-block-image size-large is-resized\"><img decoding=\"async\" loading=\"lazy\" src=\"https:\/\/tautastribunals.eu\/wp-content\/uploads\/2016\/03\/Heinis-L\u0101ma-SilaraupsTomsons-Granti\u0146\u0161..PNG\" alt=\"\" class=\"wp-image-31140\" width=\"1172\" height=\"581\" srcset=\"https:\/\/tautastribunals.eu\/wp-content\/uploads\/2016\/03\/Heinis-L\u0101ma-SilaraupsTomsons-Granti\u0146\u0161..PNG 640w, https:\/\/tautastribunals.eu\/wp-content\/uploads\/2016\/03\/Heinis-L\u0101ma-SilaraupsTomsons-Granti\u0146\u0161.-300x148.PNG 300w\" sizes=\"(max-width: 1172px) 100vw, 1172px\" \/><figcaption><span class=\"has-inline-color has-vivid-red-color\"><strong>Ja neb\u016btu L. Granti\u0146\u0161, tad j\u016bs ne \u0161o foto un nedz ar\u012b Atmodu neb\u016btu ne redz\u0113ju\u0161i, ne izjutu\u0161i. L.Granti\u0146am nav nek\u0101ds sakars ar p\u0101r\u0113j\u0101m Helsinku grup\u0101m,  kuras organiz\u0113ja cionistu izdzimumi. M\u016bs neieredz t\u0101p\u0113c, ka bij\u0101m tikai un vien\u012bgi latvie\u0161i ! Cionistu izdzimumi, ar Juri Rubeni, Valdi \u0160teinu un VDD priek\u0161gal\u0101, cen\u0161\u0101s iest\u0101st\u012bt sabiedr\u012bbai, ka L. Granti\u0146\u0161 nav H- 86 dokumentu autors&#8230;. ! T\u0101s ir neiedom\u0101jamas bailes no latvie\u0161iem un Paties\u012bbas ! Visi, kuri to saka, ir pieskait\u0101mi pie m\u016bsu tautas n\u0101v\u012bg\u0101kajiem ienaidniekem un sod\u0101mi ar ASM<\/strong><\/span>. <strong><span class=\"has-inline-color has-vivid-red-color\">T\u0101 diena pien\u0101ks, kad r\u0113\u0137ini tiks sl\u0113gti ! Par to lai ne\u0161aub\u0101s neviens melis, zaglis un slepkava !<\/span><\/strong><\/figcaption><\/figure>\n\n\n\n<p class=\"has-black-color has-text-color has-background has-medium-font-size\" style=\"background-color:#e2f8ef\"><strong><span class=\"has-inline-color has-vivid-red-color\"><a href=\"https:\/\/web.facebook.com\/yankaaaa?comment_id=Y29tbWVudDozMjQ2MzU1NzE1NDAwNzMwXzMzNTA0Mzg4NjQ5OTI0MTQ%3D&amp;__cft__[0]=AZUv3DhPwFNEJ0Z-TQB72S7qj-E0Zx5RR-Zm0DLwmIDja_8s4ON9hebajyHYX9Ko-VTTA0CqcQpZqgq7z-59W_qQ6Xswrbp7RMfptSHwxUJK_TiWAxW-yxSA2ih44OoCixk&amp;__tn__=R]-R\">Janis Riekstins<\/a> <\/span><\/strong>Toreiz jau <strong>&#8220;uzmeta&#8221; <\/strong>piln\u012bgi visus god\u012bgos, ide\u0101lu n\u0101kotni gribo\u0161us visa latvisk\u0101 atjauno\u0161anas entuziastus, ne tikai<strong> Granti\u0146u<\/strong> vienu vien&#8230; Ja toreiz nebiji piedero\u0161s pie \u010dekband\u012btu grup\u0113juma, no Tevis atbr\u012bvoj\u0101s vis\u0101dos veidos&#8230; ja nok\u013cuvi pie varas, tad <strong>Tevi<\/strong> diskredit\u0113ja ar \u0146irg\u0101m, rupjiem meliem un apzin\u0101t\u0101m provok\u0101cij\u0101m&#8230; Es paz\u012bstu godpr\u0101t\u012bgus patriotus, kuri jau m\u0113nesi p\u0113c janv\u0101ra notikumiem tika ar draudiem izspiesti no <strong>premjera godma\u0146a pak\u013caut\u012bb\u0101 eso\u0161as sp\u0113ka strukt\u016bras,<\/strong> lai viet\u0101 noliktu sev vajadz\u012bgos elementus&#8230;t\u0101pat paz\u012bstu v\u012brus, kuri izst\u0101j\u0101s no pirm\u0101s \u012ast\u0101s zemessardzes, kad redz\u0113ja, ka \u0161is form\u0113jums tiek gal\u012bgi p\u0101r\u0146emts no sl\u0113pti naid\u012bgo hameleonu flanga puses&#8230; Visu varu, tautas fronti un sabiedrisk\u0101s organiz\u0101cijas p\u0101r\u0146\u0113ma sarkano \u010dekband\u012btu vilki aitas \u0101d\u0101, kuri tagad ir apvienoju\u0161ies ar rietumu rafin\u0113toq sorose\u013cu mafiju&#8230; Igau\u0146iem lab\u0101k, jo vi\u0146i jau s\u0101kum\u0101 nenotic\u0113ja vis\u0101diem<strong> gorbunoviem, godma\u0146isiem <\/strong>utt., vi\u0146i saprata, ka vilks tikumu nemain\u012bs nekad&#8230; Un <strong>Granti\u0146\u0161 <\/strong>ir liels malacis, ka turpina nor\u0101d\u012bt mums un vienm\u0113r atg\u0101dina sv\u0113to indi\u0101\u0146u taisn\u012bgumu&#8230;neeksist\u0113 divas \u012bsten\u012bbas&#8230; J\u0101, <strong>Granti\u0146am i<\/strong>r asa m\u0113le, kad j\u0101aizst\u0101v \u012bsten\u012bba, un tas daudz\u0101m jumprav\u0101m<img decoding=\"async\" loading=\"lazy\" alt=\"\ud83d\ude05\" src=\"https:\/\/static.xx.fbcdn.net\/images\/emoji.php\/v9\/tac\/1.5\/16\/1f605.png\" width=\"16\" height=\"16\"> var nepatikt&#8230; pret provokat\u012bviem un nepatiesiem v\u0101rdiem un j\u0113dzieniem vi\u0146\u0161 ir nesaudz\u012bgs&#8230; vi\u0146\u0161 ne\u013cauj novirz\u012bties no taisna ce\u013ca un uzreiz saskata m\u0113\u011fin\u0101jumus &#8220;<strong>iz\u0161\u016bpot ku\u011fi<\/strong>&#8220;&#8230; <img decoding=\"async\" loading=\"lazy\" alt=\"\ud83c\udf1e\" src=\"https:\/\/static.xx.fbcdn.net\/images\/emoji.php\/v9\/tb8\/1.5\/16\/1f31e.png\" width=\"16\" height=\"16\">Kaut k\u0101 t\u0101&#8230; sav\u0113jie saprat\u012bs <img decoding=\"async\" loading=\"lazy\" alt=\"\ud83d\ude05\" src=\"https:\/\/static.xx.fbcdn.net\/images\/emoji.php\/v9\/tac\/1.5\/16\/1f605.png\" width=\"16\" height=\"16\"><\/p>\n\n\n\n<p><\/p>\n\n\n\n<p class=\"has-white-color has-black-background-color has-text-color has-background has-medium-font-size\">\u0160eit m\u0113s redzam tos, kuri<strong> &#8220;atlas\u012bja&#8221;<\/strong> vi\u0146u bandai kait\u012bgos <strong>\u201celementus\u201d- latvie\u0161u patriotus<\/strong>. Atlas\u012b\u0161ana notika gan diskredit\u0113jot, gan fiziski izn\u012bcinot. Uz foto skat\u0101m\u0101 banda ir peln\u012bjusi vienu- brut\u0101li eksekut\u012bvu fizisku izn\u012bcin\u0101\u0161anu- atbilsto\u0161u vi\u0146a pastr\u0101d\u0101tajiem noziegumiem !!!<\/p>\n\n\n\n<figure class=\"wp-block-image size-large is-resized\"><img decoding=\"async\" loading=\"lazy\" src=\"https:\/\/tautastribunals.eu\/wp-content\/uploads\/2018\/07\/Muci\u0146\u0161.GorbunovsGodmanisGranti\u0146\u0161.LRTT_.png\" alt=\"\" class=\"wp-image-45417\" width=\"1170\" height=\"959\" srcset=\"https:\/\/tautastribunals.eu\/wp-content\/uploads\/2018\/07\/Muci\u0146\u0161.GorbunovsGodmanisGranti\u0146\u0161.LRTT_.png 605w, https:\/\/tautastribunals.eu\/wp-content\/uploads\/2018\/07\/Muci\u0146\u0161.GorbunovsGodmanisGranti\u0146\u0161.LRTT_-300x246.png 300w\" sizes=\"(max-width: 1170px) 100vw, 1170px\" \/><\/figure>\n\n\n\n<p>18.09.20<\/p>\n\n\n\n<p class=\"has-white-color has-black-background-color has-text-color has-background has-huge-font-size\">LRTT arh\u012bvs<\/p>\n\n\n\n<p class=\"has-vivid-red-color has-black-background-color has-text-color has-background has-large-font-size\">Linards Granti\u0146\u0161<\/p>\n\n\n\n<p class=\"has-drop-cap\"><\/p>\n\n\n\n<p class=\"has-vivid-red-color has-black-background-color has-text-color has-background\" style=\"font-size:30px\">Es zv\u0113r\u0113ju <strong>Dieva priek\u0161\u0101<\/strong>, ka atrieb\u0161u latvie\u0161u tautas slepkav\u0101m.<\/p>\n\n\n\n<p>Neatrad\u012bsies neviens, kur\u0161 var\u0113tu sac\u012bt, ka neesmu izpild\u012bjis sol\u012bto. Izpild\u012b\u0161u ar\u012b <strong>\u0160O<\/strong> ! Par to vismaz\u0101k lai \u0161aub\u0101s sarkanie noziedznieki ar <strong>Godmani, Borovkovu<\/strong> un abiem <strong>Bunk\u0101m <\/strong>priek\u0161gal\u0101.<\/p>\n\n\n\n<p><strong>Helsinki- 86<\/strong> bija tie, kuri deva pirmo un iz\u0161\u0137iro\u0161o triecienu lielkrievu \u0161ovinistu per\u0113klim- <strong>PSRS<\/strong>, kas t\u0101 rezult\u0101t\u0101 sagruva k\u0101<strong> \u0137irmju sagrauzta su\u0146u b\u016bda.<\/strong><\/p>\n\n\n\n<p>Sarkanie<strong> Tautfrontie\u0161i <\/strong>gan m\u0113\u0123ina \u0161os nopelnus pierakst\u012bt sev, kas, protams, vair\u0101k <strong>izklaus\u0101s p\u0113c anekdotes<\/strong>.<\/p>\n\n\n\n<h2 class=\"has-vivid-red-color has-black-background-color has-text-color has-background has-large-font-size\">MIGLA SARKAN\u0100- NOL\u0100D\u0112T\u0100<\/h2>\n\n\n\n<div class=\"wp-block-image\"><figure class=\"alignleft\"><img decoding=\"async\" loading=\"lazy\" width=\"472\" height=\"328\" src=\"http:\/\/tautastribunals.eu\/wp-content\/uploads\/2012\/08\/Pl\u012b\u010ds-Godmanis-Bunka-Borovkovs1.jpg\" alt=\"Pl\u012b\u010ds, Godmanis, Bunka, Borovkovs\" class=\"wp-image-10682\" srcset=\"https:\/\/tautastribunals.eu\/wp-content\/uploads\/2012\/08\/Pl\u012b\u010ds-Godmanis-Bunka-Borovkovs1.jpg 472w, https:\/\/tautastribunals.eu\/wp-content\/uploads\/2012\/08\/Pl\u012b\u010ds-Godmanis-Bunka-Borovkovs1-300x208.jpg 300w\" sizes=\"(max-width: 472px) 100vw, 472px\" \/><\/figure><\/div>\n\n\n\n<p>Un t\u0101: <strong>Helsinki-86<\/strong> uzs\u0101ka \u0161o<em>(pa\u0161laik ieilgu\u0161o)<\/em> atmodu, bet <strong>LRTT<\/strong> to pabeigs ar <strong>NIRNBERGA-2.<\/strong><\/p>\n\n\n\n<p>P\u0113c pirm\u0101 <strong>\u201c\u0160ausmu foto\u201d<\/strong> <a href=\"http:\/\/tautastribunals.eu\/?p=10624\">http:\/\/tautastribunals.eu\/?p=10624<\/a> public\u0113\u0161anas <strong>LRTT<\/strong> sa\u0146\u0113ma \u013coti svar\u012bgu inform\u0101ciju par k\u0101du uz foto<em>(nr.4)<\/em> redzamu tipu.<\/p>\n\n\n\n<p><strong>Un t\u0101, \u0161eit \u012bsa inform\u0101cija par katru no redzamajiem:<\/strong><\/p>\n\n\n\n<p><strong>Foto: <\/strong><em><span class=\"has-inline-color has-vivid-red-color\">Las\u012bt\u0101j, uz foto redzamie izdzimte\u0146i nekad nedzied\u0101s par <strong>\u201cSAVU T\u0112VU ZEMI\u201d<\/strong>, jo vi\u0146i ir \u0161\u012bs <strong>ZEMES<\/strong> bendes.<\/span><\/em><\/p>\n\n\n\n<p><em>Vi\u0146i nekad<strong> NEATDUS\u0112SIES T\u0100S <\/strong>atmat\u0101, jo p\u0113c \u0161o lopu nospr\u0101g\u0161anas vi\u0146i tiks iesviesti <strong>CIVILIZ\u0100CIJAS <\/strong>klo\u0101k\u0101.<\/em><\/p>\n\n\n\n<p><strong>Nr. 1<\/strong>. Krievu izcelsmes latviski run\u0101jo\u0161ais <strong>Rihards Bunka<\/strong>, <strong>Andra Bunkas<\/strong> aud\u017eud\u0113ls. Akt\u012bvi, pret\u0113ji Satversmei, a\u0123it\u0113ja <strong>par krievu valodas statusa paaugstin\u0101\u0161anu l\u012bdz valsts valodas statusam<\/strong>. \u0160im krievu \u010dekistenes p\u0113cn\u0101c\u0113jam pat esot jau noorganiz\u0113ta izpild\u012bt\u0101ju banda, kuru vi\u0146\u0161 nosauc par \u201capkalpojo\u0161o apar\u0101tu\u201d. Konkr\u0113t\u0101k to var pateikt: pas\u016bt\u012bto slepkav\u012bbu izpild\u012bt\u0101ji- 5. kolonna. Par \u0161o <strong>kustoni<\/strong> var sac\u012bt: <strong><em>\u012bsts \u0160ustina mazd\u0113ls.<\/em><\/strong><\/p>\n\n\n\n<p><span class=\"has-inline-color has-vivid-red-color\"><strong>Nr. 2<\/strong>. <strong>Andris Bunka,<\/strong><\/span> komunists,<strong> KGB <\/strong>darbonis. Laik\u0101, kad <strong>Godmanis <\/strong>veica grandiozo latvie\u0161u tautas un <strong>Latvijas valsts izzag\u0161anu<\/strong>, bija \u0161\u012b \u017e\u012bda &nbsp;pal\u012bgs un ar\u012b apsardzes brig\u0101des komandieris. T\u0101tad: augst\u0101k\u0101s raudzes slepkava- <strong>latvie\u0161u tautas bende.<\/strong><\/p>\n\n\n\n<p><span class=\"has-inline-color has-vivid-red-color\"><strong>Nr. 3<\/strong>. <strong>T\u0101lavs Jundzis<\/strong>,<\/span> komunists, \u010dekists, bezierunu \u017e\u012bda <strong>Godma\u0146a<\/strong> pav\u0113\u013cu pild\u012bt\u0101js, latvie\u0161u tautas n\u012bd\u0113js un krievisk\u0101 dz\u012bves veida atbalst\u012bt\u0101js.<\/p>\n\n\n\n<p><strong><span class=\"has-inline-color has-vivid-red-color\">Nr. 4.<\/span><\/strong> \u0160eit j\u016bs redziet \u012bstu <strong>S\u0101tana iemiesojumu,<\/strong> komunistu <strong>Imantu Pl\u012b\u010du<\/strong>, kur\u0161 padomju laikos bija atbild\u012bgs par <strong>cilv\u0113ku pazu\u0161anu<\/strong> ! Vai vi\u0146\u0161 \u0161odien ir&nbsp; p\u0101rv\u0113rties par e\u0146\u0123eli ? Nek\u0101d\u0101 gad\u012bjuma. Vi\u0146a d\u0101snos <strong>\u201cpakalpojumus<\/strong>\u201d turpina izmantot <strong>Borovkova- Godma\u0146a<\/strong> banda.<\/p>\n\n\n\n<p><strong><span class=\"has-inline-color has-vivid-red-color\">Nr. 5.<\/span><\/strong> \u0160is <strong>\u201csprands\u201d<\/strong> pieder pa\u0161am <strong>s\u0101tanistu f\u012breram Ivaram Godmanim<\/strong>. <strong>Godmanis<\/strong>: komunists, slepkava, \u010dekists, padomju laikos k\u0101 spiegs pild\u012bja uzdevumu <strong>Austrij\u0101.<\/strong> Latvie\u0161u tautu un<strong> Latvijas<\/strong> valsti apzadzis <strong>vair\u0101ku miljardu apm\u0113ros.<\/strong> P\u0113c <strong>Tiesiskuma<\/strong> atjauno\u0161anas <strong>Latvij\u0101 <\/strong>tiks publiski pak\u0101rts, par pr\u0101tam neiedom\u0101jam\u0101m zv\u0113r\u012bb\u0101m pret latvie\u0161u tautu un cilv\u0113ci kopum\u0101.*<\/p>\n\n\n\n<p><span class=\"has-inline-color has-vivid-red-color\"><strong>Nr. 6.<\/strong> <\/span>Tas ir \u0161\u012b foto \u201cknips\u0113t\u0101js\u201d \u017e\u012bds <strong>Aivars Borovkovs<\/strong>. Par \u0161o izdzimteni var sac\u012bt tikai vienu- <strong>nol\u0101d\u0113ts latvie\u0161u tautas slepkava<\/strong>. Padomju laika augsta ranga <strong>KGB<\/strong> oficieris, kur\u0161 bija akt\u012bvs <strong>H-86<\/strong> izn\u012bcin\u0101t\u0101js. <strong>Borovkovs,<\/strong> t\u0101pat k\u0101 <strong>Godmanis<\/strong>, p\u0113c <strong>Tiesiskuma <\/strong>atjauno\u0161anas <strong>Latvij\u0101<\/strong> tiks publiski <strong>pak\u0101rts<\/strong> !<\/p>\n\n\n\n<p>Tikai tad, kad \u0161ie komunistiskie \u010dekas noziedznieki tiks izn\u012bcin\u0101ti, var\u0113s s\u0101kties <strong>Latvijas valsts uzplaukums<\/strong>.<\/p>\n\n\n\n<p>*Vai j\u016bs ziniet, ka <strong>Godmanim<\/strong> uzn\u0101kot l\u0113kmes, kad vi\u0146\u0161 izdala bullim l\u012bdz\u012bgas ska\u0146as ?<\/p>\n\n\n\n<p>Med\u012bc\u012bnas leksik\u0101 to sauc par <strong>\u0160IZOFR\u0112NIJU<\/strong>, bet reli\u0123iskaj\u0101s aprind\u0101s par <strong>S\u0100TANA APS\u0112ST\u012aBU. <\/strong>Kato\u013ci v\u0113l \u0161odien veic <strong>S\u0100TANA IZDZ\u012a\u0160ANU<\/strong>.<\/p>\n\n\n\n<p>Vai <strong>Godmanim<\/strong> nevajadz\u0113tu l\u016bgt <strong>EXORCITU<\/strong> pal\u012bdz\u012bbu ?<\/p>\n\n\n\n<p>L. Granti\u0146\u0161&nbsp;&nbsp; 26.08.12<\/p>\n","protected":false},"excerpt":{"rendered":"<p>Janis Riekstins Toreiz jau &#8220;uzmeta&#8221; piln\u012bgi visus god\u012bgos, ide\u0101lu n\u0101kotni gribo\u0161us visa latvisk\u0101 atjauno\u0161anas entuziastus, ne tikai Granti\u0146u vienu vien&#8230; Ja toreiz nebiji piedero\u0161s pie \u010dekband\u012btu grup\u0113juma, no Tevis atbr\u012bvoj\u0101s vis\u0101dos veidos&#8230; ja nok\u013cuvi&#46;&#46;&#46;<\/p>\n","protected":false},"author":1,"featured_media":57551,"comment_status":"open","ping_status":"open","sticky":false,"template":"","format":"standard","meta":[],"categories":[1],"tags":[],"_links":{"self":[{"href":"https:\/\/tautastribunals.eu\/index.php?rest_route=\/wp\/v2\/posts\/57397"}],"collection":[{"href":"https:\/\/tautastribunals.eu\/index.php?rest_route=\/wp\/v2\/posts"}],"about":[{"href":"https:\/\/tautastribunals.eu\/index.php?rest_route=\/wp\/v2\/types\/post"}],"author":[{"embeddable":true,"href":"https:\/\/tautastribunals.eu\/index.php?rest_route=\/wp\/v2\/users\/1"}],"replies":[{"embeddable":true,"href":"https:\/\/tautastribunals.eu\/index.php?rest_route=%2Fwp%2Fv2%2Fcomments&post=57397"}],"version-history":[{"count":16,"href":"https:\/\/tautastribunals.eu\/index.php?rest_route=\/wp\/v2\/posts\/57397\/revisions"}],"predecessor-version":[{"id":57690,"href":"https:\/\/tautastribunals.eu\/index.php?rest_route=\/wp\/v2\/posts\/57397\/revisions\/57690"}],"wp:featuredmedia":[{"embeddable":true,"href":"https:\/\/tautastribunals.eu\/index.php?rest_route=\/wp\/v2\/media\/57551"}],"wp:attachment":[{"href":"https:\/\/tautastribunals.eu\/index.php?rest_route=%2Fwp%2Fv2%2Fmedia&parent=57397"}],"wp:term":[{"taxonomy":"category","embeddable":true,"href":"https:\/\/tautastribunals.eu\/index.php?rest_route=%2Fwp%2Fv2%2Fcategories&post=57397"},{"taxonomy":"post_tag","embeddable":true,"href":"https:\/\/tautastribunals.eu\/index.php?rest_route=%2Fwp%2Fv2%2Ftags&post=57397"}],"curies":[{"name":"wp","href":"https:\/\/api.w.org\/{rel}","templated":true}]}}