{"id":5725,"date":"2011-06-01T22:05:47","date_gmt":"2011-06-01T19:05:47","guid":{"rendered":"http:\/\/tautastribunals.eu\/?p=5725"},"modified":"2011-06-02T10:04:30","modified_gmt":"2011-06-02T07:04:30","slug":"nelausim-kangariem-uzgavilet","status":"publish","type":"post","link":"https:\/\/tautastribunals.eu\/?p=5725","title":{"rendered":"Ne\u013causim kangariem uzgavil\u0113t"},"content":{"rendered":"<h2><span style=\"color: #008000\"><img decoding=\"async\" loading=\"lazy\" class=\"alignleft size-full wp-image-5754\" src=\"http:\/\/tautastribunals.eu\/wp-content\/uploads\/2011\/06\/LRTT-1.bmp\" alt=\"LRTT 1\" width=\"66\" height=\"63\" \/>LRTT pievienojas VL! aicin\u0101jumam:<\/span><span style=\"color: #008000\"> <\/span><\/h2>\n<p><em><span style=\"color: #008000\">izmantot p\u0113d\u0113jo iesp\u0113ju, lai atliku\u0161o <strong>devi\u0146u dienu<\/strong> laik\u0101 parakst\u012btos par valsts valodas nostiprin\u0101\u0161anu<strong> Latvijas <\/strong>skol\u0101s! <\/span><\/em><\/p>\n<p><em><span style=\"color: #008000\"><strong>=====================================================<\/strong><\/span><\/em><\/p>\n<h2><span style=\"color: #3366ff\">Latvie\u0161u valodai ienaidnieku netr\u016bkst !!!<\/span><\/h2>\n<p><span style=\"color: #3366ff\">Tie nav\u00a0tikai<strong><span style=\"text-decoration: underline\"> <em>krievi un \u017e\u012bdi<\/em><\/span><\/strong><em>,<\/em> bet ar\u012b pa\u0161i latvie\u0161i, kuri p\u0101rdevu\u0161ies par<em> <strong>j\u016bdasa gra\u0161iem<\/strong> \u0161\u012bm <span style=\"text-decoration: underline\">div\u0101m noziedz\u012bgaj\u0101m taut\u0101m<\/span>,<\/em> kuras\u00a0 <strong>k\u0101 \u0113rces<\/strong><em> iez\u012bdu\u0161\u0101s <strong><span style=\"text-decoration: underline\">latvie\u0161u tautas mies\u0101.<\/span><\/strong><\/em><\/span><\/p>\n<p><em><span style=\"color: #008000\"><strong><span style=\"color: #3366ff\">Inteli\u0123encei, kurai b\u016btu &#8220;j\u0101kliedz&#8221; par katastrof\u0101lo latvie\u0161u valodas st\u0101vokli Latvij\u0101, a\u0123it\u0113 pret\u0113jo !!!<\/span><\/strong><\/span><\/em><\/p>\n<p><span style=\"color: #3366ff\">Nu k\u0101 lai saprot, piem\u0113ram, <strong>\u0161\u012bs divas latvie\u0161u<\/strong> <em>&#8220;inteli\u0123ences&#8221;<\/em> p\u0101rst\u0101ves, <strong>M\u0101ru Sv\u012bri<\/strong> un <strong>Annu \u017d\u012bguri<\/strong>, kuras labpr\u0101t redz\u0113tu\u00a0<strong>Latvijas\u00a0vald\u012bb\u0101<\/strong> noziedzniekus no <strong>SC.<\/strong> T\u0101 ir apsl\u0113pta a\u0123it\u0101cija pret latvie\u0161u valodu, jo slepkava un mafiozi <strong>Urbanovi\u010ds<\/strong> ir atkl\u0101ti uzst\u0101jies par krievu valodas dominanci <strong>Latvij\u0101<\/strong> !!!\u00a0<\/span><\/p>\n<h1><span style=\"color: #3366ff\">Tas ir sp\u013c\u0101viens latvie\u0161u tautai sej\u0101 !!!\u00a0<\/span><\/h1>\n<p><span style=\"color: #3366ff\">Un k\u0101p\u0113c, lai t\u0101da <strong>SV\u012aRE\u00a0<\/strong> b\u016btu par latvisku <strong>Latviju,<\/strong> ja vi\u0146a bija rakstnieku<strong> LKP<\/strong> pirmorganiz\u0101cijas p\u0113d\u0113j\u0101 sekret\u0101re !!!<em>\u00a0<\/em> Daudz lab\u0101ka par noziedznieci <strong>SV\u012aRI<\/strong> nav ar\u012b <strong>\u017d\u012aGURE, <\/strong>ab\u0101m <strong>SC<\/strong> <em>&#8220;uz l\u016bp\u0101m&#8221;<\/em> viet\u0101 un neviet\u0101<em>.<\/em> <strong>&#8220;Patriote&#8221; <\/strong>\u017d\u012bgure raksta to, ko vi\u0146ai at\u013cauj biju\u0161ie &#8220;varenie&#8221;!!! Cik tas ir no\u017e\u0113lojami&#8230; !<\/span><\/p>\n<p><span style=\"color: #008000\"><em><span style=\"color: #3366ff\">\u0160\u0101da tipa inteli\u0123ence nekad neaizst\u0101v\u0113s <strong><span style=\"text-decoration: underline\">latvie\u0161us un latvie\u0161u valodu<\/span><\/strong>, jo vi\u0146u \u0123en\u0113tiskais &#8216;kods&#8221;\u00a0liek vi\u0146iem\u00a0r\u0101pot okupantu priek\u0161\u0101 !!! <\/span><\/em><\/span><\/p>\n<p><span style=\"color: #008000\"><span style=\"color: #3366ff\"><strong>\u017d\u012bgure<\/strong> neb\u016bt nav t\u0101, par ko uzdodas. P\u0113d\u0113j\u0101 intervija LA to pier\u0101da: <\/span><a href=\"http:\/\/la.lv\/index.php?option=com_content&amp;view=article&amp;id=317054:vrt-valsts-prezidenta-rosinto-saeimas-atlaianu&amp;Itemid=93\"><em><span style=\"color: #ff00ff\">http:\/\/la.lv\/index.php?option=com_content&amp;view=article&amp;id=317054:vrt-valsts-prezidenta-rosinto-saeimas-atlaianu&amp;Itemid=93<\/span><\/em><\/a><\/span><\/p>\n<p><span style=\"color: #3366ff\">Un ko dara m\u016bsu <strong>&#8220;gar\u012bgie br\u0101\u013ci- luter\u0101\u0146i&#8221;<\/strong> ? Vai vi\u0146i aizst\u0101v latvie\u0161u valodu ? Protams, ka n\u0113 ! Vi\u0146iem uzsp\u013caut uz latviet\u012bbu un latvie\u0161u valodu, jo <strong>LELB <\/strong>vad\u012bb\u0101 ir <strong>VDK<\/strong> izvirz\u012bt\u0101s uztic\u012bbas personas, s\u0101kot no <strong>Vanaga <\/strong>un <strong>Br\u016bvera<\/strong>, beidzot ar <strong>Rubeni<\/strong> un <strong>Pl\u0101ti.<\/strong> <strong><\/strong><\/span><\/p>\n<p><span style=\"color: #3366ff\"><strong>&#8220;ATDZIM\u0160ANA UN ATJAUNO\u0160AN\u0100S&#8221; VDK<\/strong> gaum\u0113.<\/span><\/p>\n<p><span style=\"color: #3366ff\">Un ko dara <strong><span style=\"text-decoration: underline\">4.maija kli\u0137es<\/span><\/strong> pak\u013c\u0101v\u012bgie \u017eurn\u0101listi ? Pareiz\u0101k\u00a0b\u016btu sac\u012bt, <strong>\u017dURN\u0100LIS-TE\u013bI<\/strong> ! <\/span><\/p>\n<h2><span style=\"color: #3366ff\">Te\u013ci, bet ne \u017eurn\u0101listi. <\/span><\/h2>\n<p><span style=\"color: #3366ff\">Cikiem no vi\u0146iem<strong> PAS\u0112 b\u016bs <\/strong>z\u012bmogs par latvie\u0161u valodas atbalst\u012b\u0161anu\u00a0? Nemaz jau nerun\u0101jot par to, ka vajadz\u0113tu no vi\u0146u puses akt\u012bvi a\u0123it\u0113t par m\u016bsu valodu. <\/span><\/p>\n<p><span style=\"color: #3366ff\">Bet <strong>te\u013ci<\/strong> ir un paliek <strong>te\u013ci<\/strong>, tie skat\u0101s zobos <strong>\u0112lertei <\/strong>un turpina nicin\u0101t savu m\u0101tes valodu, iztap\u012bgi ar okupantiem p\u013cerkst\u0113t ma\u0137-tvaju m\u0113l\u0113.<\/span><\/p>\n<p><span style=\"color: #3366ff\">Nu nav mums latvie\u0161iem inteli\u0123ences, ir tikai surog\u0101ti un pabiras. Neklaus\u012bsimies, ko \u0161ie pabiras saka, <strong>iesim parakst\u012bties<\/strong> par savu valodu,<strong> kurai l\u012bdz\u012bgas pasaul\u0113 nav<\/strong>. <\/span><\/p>\n<p><span style=\"color: #3366ff\">M\u0113s varam b\u016bt lepni, ka mums ir vec\u0101k\u0101 dz\u012bv\u0101 valoda pasaul\u0113 ! <\/span><\/p>\n<h1><span style=\"color: #3366ff\">T\u0101p\u0113c sarg\u0101sim to, k\u0101 visd\u0101rg\u0101ko P\u0113rli ! <\/span><\/h1>\n<p><span style=\"color: #3366ff\">Ne\u013causim krieviem, \u017e\u012bdiem un kangarveid\u012bgaj\u0101m &#8220;sv\u012br\u0113m&#8221; to pazudin\u0101t !<\/span><\/p>\n<h2><span style=\"color: #3366ff\">DIEVS SV\u0112T\u012a LATVIJU !<\/span><\/h2>\n<p><span style=\"color: #993366\"><em><span style=\"color: #3366ff\">LRTT\u00a0\u00a0 \u00a001.06.2011<\/span><\/em><\/span><\/p>\n<p><img decoding=\"async\" loading=\"lazy\" class=\"alignleft size-full wp-image-5727\" src=\"http:\/\/tautastribunals.eu\/wp-content\/uploads\/2011\/06\/dam.jpg\" alt=\"dam\" width=\"92\" height=\"135\" \/><img decoding=\"async\" loading=\"lazy\" class=\"alignleft size-full wp-image-5730\" src=\"http:\/\/tautastribunals.eu\/wp-content\/uploads\/2011\/06\/LRTT.jpg\" alt=\"LRTT\" width=\"528\" height=\"136\" srcset=\"https:\/\/tautastribunals.eu\/wp-content\/uploads\/2011\/06\/LRTT.jpg 1615w, https:\/\/tautastribunals.eu\/wp-content\/uploads\/2011\/06\/LRTT-300x77.jpg 300w, https:\/\/tautastribunals.eu\/wp-content\/uploads\/2011\/06\/LRTT-800x205.jpg 800w\" sizes=\"(max-width: 528px) 100vw, 528px\" \/><\/p>\n<p><strong><em>\u00a0<\/em><\/strong><\/p>\n<p><span style=\"color: #3366ff\"><em><strong>LRTT pies\u0113d\u0113t\u0101js, H-86 akt\u012bvists, barik\u0101\u017eu dal\u012bbnieks, <\/strong><\/em><strong><span style=\"text-decoration: underline\">Edgars Damb\u012btis.<\/span><\/strong><\/span><\/p>\n<p><span style=\"color: #3366ff\">\u00a0<em><strong>LRTT pies\u0113d\u0113t\u0101js H-86 akt\u012bvists, <\/strong><\/em><strong><span style=\"text-decoration: underline\">K\u0101rlis Doropolskis.<\/span><\/strong><\/span><\/p>\n<p><span style=\"color: #3366ff\"><em><strong>LRTT priek\u0161s\u0113d\u0113t\u0101js, H-86 dibin\u0101t\u0101js, LNF biedrs, Triju Zvaig\u017e\u0146u orde\u0146a \u012bpa\u0161nieks<\/strong><\/em><em>,<\/em><strong><em> <\/em><\/strong><strong><span style=\"text-decoration: underline\">Linards Granti\u0146\u0161<\/span><\/strong><em><strong>.<\/strong><\/em><\/span><\/p>\n<p><span style=\"color: #3366ff\"><em><strong>LRTT pies\u0113d\u0113t\u0101js, H-86 akt\u012bvists, Triju Zvaig\u017e\u0146u orde\u0146a \u012bpa\u0161nieks<span style=\"text-decoration: underline\">, <\/span><\/strong><\/em><strong><span style=\"text-decoration: underline\">Aivars Pr\u016bsis. <\/span><\/strong><strong>\u00a0\u00a0\u00a0<\/strong><\/span><\/p>\n<p><span style=\"color: #3366ff\"><em><strong>LRTT pies\u0113d\u0113t\u0101js, H-86 biedrs, LNF biedrs, <\/strong><\/em><strong><span style=\"text-decoration: underline\">J\u0101nis Z\u012bverts.<\/span><\/strong><\/span><\/p>\n<p><span style=\"color: #3366ff\"><em><strong>LRTT pies\u0113d\u0113t\u0101js, H-86 l\u012bdzdibin\u0101t\u0101js, LNF biedrs, Triju Zvaig\u017e\u0146u orde\u0146a \u012bpa\u0161nieks, <\/strong><\/em><strong><span style=\"text-decoration: underline\">Raimonds Bitenieks<\/span><\/strong><em><strong>.<\/strong><\/em><\/span><\/p>\n<p><span style=\"color: #3366ff\"><strong><em>=================================================<\/em><\/strong><\/span><\/p>\n<p><span style=\"color: #3366ff\"><strong><em><span style=\"color: #ff0000\">MIGLA SARKAN\u0100 &#8211; NOL\u0100D\u0112T\u0100<\/span><\/em><\/strong><\/span><\/p>\n<p><span style=\"color: #3366ff\"><strong><em><span style=\"color: #ff0000\"><img decoding=\"async\" loading=\"lazy\" class=\"alignleft size-full wp-image-5763\" src=\"http:\/\/tautastribunals.eu\/wp-content\/uploads\/2011\/06\/Anna-\u017d\u012bgure.jpg\" alt=\"Anna \u017d\u012bgure\" width=\"92\" height=\"132\" \/><img decoding=\"async\" loading=\"lazy\" class=\"alignleft size-full wp-image-5764\" src=\"http:\/\/tautastribunals.eu\/wp-content\/uploads\/2011\/06\/M\u0101ra-Sv\u012bre.jpg\" alt=\"M\u0101ra Sv\u012bre\" width=\"88\" height=\"130\" \/><\/span><\/em><\/strong><\/span><\/p>\n<p><span style=\"color: #3366ff\"><strong><em><span style=\"color: #ff0000\">\u00a0<\/span><\/em><\/strong><\/span><\/p>\n<p><span style=\"color: #3366ff\"><strong><em><span style=\"color: #ff0000\">Foto: Anna \u017d\u012bgure un komuniste M\u0101ra Sv\u012bre.<\/span><\/em><\/strong><\/span><\/p>\n<p><span style=\"color: #3366ff\"><strong><em><span style=\"color: #ff0000\">K\u0101 sac\u012bt j\u0101saka: j\u016bs \u0161eit redzat da\u017e\u0101da &#8220;kalibra&#8221; latvie\u0161u tautas bendes, SC atbalst\u012bt\u0101jas&#8230; .<\/span><\/em><\/strong><\/span><\/p>\n<p><span style=\"color: #3366ff\"><strong><em><span style=\"color: #ff0000\">Velns, l\u016bdzu ap\u017e\u0113lojies par latvie\u0161u tautu, aizv\u0101c savus kalpus, vi\u0146i ta\u010du tik ilgi ir tev kalpoju\u0161i !<\/span><\/em><\/strong><\/span><\/p>\n","protected":false},"excerpt":{"rendered":"<p>LRTT pievienojas VL! aicin\u0101jumam: izmantot p\u0113d\u0113jo iesp\u0113ju, lai atliku\u0161o devi\u0146u dienu laik\u0101 parakst\u012btos par valsts valodas nostiprin\u0101\u0161anu Latvijas skol\u0101s! ===================================================== Latvie\u0161u valodai ienaidnieku netr\u016bkst !!! Tie nav\u00a0tikai krievi un \u017e\u012bdi, bet ar\u012b pa\u0161i latvie\u0161i,&#46;&#46;&#46;<\/p>\n","protected":false},"author":6,"featured_media":0,"comment_status":"open","ping_status":"open","sticky":false,"template":"","format":"standard","meta":[],"categories":[1],"tags":[],"_links":{"self":[{"href":"https:\/\/tautastribunals.eu\/index.php?rest_route=\/wp\/v2\/posts\/5725"}],"collection":[{"href":"https:\/\/tautastribunals.eu\/index.php?rest_route=\/wp\/v2\/posts"}],"about":[{"href":"https:\/\/tautastribunals.eu\/index.php?rest_route=\/wp\/v2\/types\/post"}],"author":[{"embeddable":true,"href":"https:\/\/tautastribunals.eu\/index.php?rest_route=\/wp\/v2\/users\/6"}],"replies":[{"embeddable":true,"href":"https:\/\/tautastribunals.eu\/index.php?rest_route=%2Fwp%2Fv2%2Fcomments&post=5725"}],"version-history":[{"count":41,"href":"https:\/\/tautastribunals.eu\/index.php?rest_route=\/wp\/v2\/posts\/5725\/revisions"}],"predecessor-version":[{"id":5773,"href":"https:\/\/tautastribunals.eu\/index.php?rest_route=\/wp\/v2\/posts\/5725\/revisions\/5773"}],"wp:attachment":[{"href":"https:\/\/tautastribunals.eu\/index.php?rest_route=%2Fwp%2Fv2%2Fmedia&parent=5725"}],"wp:term":[{"taxonomy":"category","embeddable":true,"href":"https:\/\/tautastribunals.eu\/index.php?rest_route=%2Fwp%2Fv2%2Fcategories&post=5725"},{"taxonomy":"post_tag","embeddable":true,"href":"https:\/\/tautastribunals.eu\/index.php?rest_route=%2Fwp%2Fv2%2Ftags&post=5725"}],"curies":[{"name":"wp","href":"https:\/\/api.w.org\/{rel}","templated":true}]}}