{"id":57119,"date":"2020-08-13T04:20:43","date_gmt":"2020-08-13T01:20:43","guid":{"rendered":"https:\/\/tautastribunals.eu\/?p=57119"},"modified":"2020-08-18T22:41:02","modified_gmt":"2020-08-18T19:41:02","slug":"r-bruners-maisu-zinatnu-kandidata-piezimes-1-turpinajums","status":"publish","type":"post","link":"https:\/\/tautastribunals.eu\/?p=57119","title":{"rendered":"R. Bruners. Maisu zin\u0101t\u0146u kandid\u0101ta piez\u012bmes, 1. turpin\u0101jums"},"content":{"rendered":"\n<figure class=\"wp-block-image size-large is-resized\"><img decoding=\"async\" loading=\"lazy\" src=\"https:\/\/tautastribunals.eu\/wp-content\/uploads\/2019\/03\/1.-Rids-Bruners.L.Granti\u0146\u0161.J.Z\u012bverts.Latvija.LRTT_-768x144.png\" alt=\"\" class=\"wp-image-49671\" width=\"1072\" height=\"201\" srcset=\"https:\/\/tautastribunals.eu\/wp-content\/uploads\/2019\/03\/1.-Rids-Bruners.L.Granti\u0146\u0161.J.Z\u012bverts.Latvija.LRTT_-768x144.png 768w, https:\/\/tautastribunals.eu\/wp-content\/uploads\/2019\/03\/1.-Rids-Bruners.L.Granti\u0146\u0161.J.Z\u012bverts.Latvija.LRTT_-768x144-300x56.png 300w\" sizes=\"(max-width: 1072px) 100vw, 1072px\" \/><\/figure>\n\n\n\n<p class=\"has-very-light-gray-color has-very-dark-gray-background-color has-text-color has-background has-medium-font-size\">R. Bruners. Maisu zin\u0101t\u0146u kandid\u0101ta piez\u012bmes, 1. turpin\u0101jums<\/p>\n\n\n\n<p class=\"has-text-align-center has-black-color has-white-background-color has-text-color has-background has-medium-font-size\">Bari\u0146\u0161 ebreju zem vado\u0146a bildes, top jauna sabiedr\u012bba.<\/p>\n\n\n\n<p class=\"has-text-align-center has-black-color has-text-color has-medium-font-size\"> Cik rei\u017eu v\u0113stures gait\u0101 \u0161\u012b situ\u0101cija jau pieredz\u0113ta ?<\/p>\n\n\n\n<figure class=\"wp-block-image size-large is-resized\"><img decoding=\"async\" loading=\"lazy\" src=\"https:\/\/tautastribunals.eu\/wp-content\/uploads\/2020\/08\/Kristovskis.Bruners.Granti\u0146\u0161.LTF_.LRTT_.png\" alt=\"\" class=\"wp-image-57142\" width=\"1279\" height=\"865\"\/><\/figure>\n\n\n\n<p class=\"has-black-color has-white-background-color has-text-color has-background\">Kad vec\u0101 iek\u0101rta vairs nesp\u0113j sekm\u012bgi simul\u0113t cilv\u0113c\u012bbu, to nomaina ar nomin\u0101li jaunu iek\u0101rtu. Jauno fas\u0101di veido, izmantojot cilv\u0113ku centienus &#8220;par visu labo, pret visu \u013cauno&#8221;, bet ideolo\u0123iju piemekl\u0113 atbilsto\u0161i sabiedr\u012bbas vair\u0101kuma kv\u0113l\u0101kajai v\u0113lmei. Nez no kurienes uzrodas harizmatiski l\u012bderi. Pak\u0101pjoties uz vec\u0101s iek\u0101rtas drup\u0101m, tie nok\u013c\u016bst vad\u012bb\u0101, pie reizes likvid\u0113jot vec\u0101s iek\u0101rtas cilv\u0113ciskos sasniegumus, un ievie\u0161ot jaunas apspie\u0161anas metodes.<\/p>\n\n\n\n<p class=\"has-black-color has-white-background-color has-text-color has-background\">T\u0101p\u0113c \u0161odienas probl\u0113mu c\u0113lo\u0146i mekl\u0113jami 80-to gadu beigu notikumos, un 90-to gadu s\u0101kum\u0101. Man toreiz gad\u012bj\u0101s b\u016bt kl\u0101t noz\u012bm\u012bg\u0101s noris\u0113s. <a href=\"https:\/\/tautastribunals.eu\/?p=56461\">Iepriek\u0161 s\u0101ku rakst\u012bt<\/a> par sabiedr\u012bb\u0101 maz\u0101k zin\u0101miem faktiem, bet turpin\u0101\u0161u ar \u0161\u012b p\u0101rejas perioda epizod\u0113m. Tie\u0161i tad notika p\u0101rveidojumi, kas izveidoja jauno sabiedrisko apzi\u0146u un attiec\u012bgi izaudzin\u0101ja jauno paaudzi.<\/p>\n\n\n\n<p class=\"has-black-color has-white-background-color has-text-color has-background\">Kas attiecas uz mani pa\u0161u, min\u0113tais periods dz\u012bv\u0113 k\u013cuva par vienu no galvenajiem iemesliem, k\u0101p\u0113c jau vair\u0101k k\u0101 15 gadus dz\u012bvoju emigr\u0101cij\u0101. T\u0101tad mana attieksme ir visnota\u013c nopietna, tom\u0113r ceru, ka las\u012bt\u0101ji piedos manu va\u013c\u012bgo izteiksmes formu. Iedom\u0101jieties, ka esiet noskat\u012bju\u0161ies absurdu tra\u0123ikom\u0113diju te\u0101tr\u012b. Ja k\u0101ds jums l\u016bgs aprakst\u012bt redz\u0113to, k\u0101dus izteiksmes l\u012bdzek\u013cus j\u016bs lietosiet?<\/p>\n\n\n\n<p class=\"has-text-align-center\">* * *<\/p>\n\n\n\n<p class=\"has-black-color has-white-background-color has-text-color has-background\">Tautas fronti dibin\u0101ja 1988. gad\u0101 emocion\u0101l\u0101 gaisotn\u0113. Tom\u0113r pragmatiski raugoties, kas bija LTF galvenais uzdevums? Protams, t\u0101s bija v\u0113l\u0113\u0161anas, ce\u013c\u0161 uz re\u0101lo varu. T\u0101p\u0113c nekav\u0113joties izveidoja v\u0113l\u0113\u0161anu centru LTF valdes pak\u013caut\u012bb\u0101, lai koordin\u0113tu kandid\u0101tu izvirz\u012b\u0161anu ar m\u0113r\u0137i izveidot vienotu LTF sarakstu. Tas noz\u012bm\u0113ja nodarboties ar visu to \u0101rpr\u0101tu un c\u012b\u0146\u0101m, kas risin\u0101j\u0101s kandid\u0101tus izvirzot. Liekas, ka tik grandioza uzdevuma veik\u0161an\u0101 vajadz\u0113tu piedal\u012bties visiem LTF l\u012bderiem, kuri jau taj\u0101 laik\u0101 bija guvu\u0161i publicit\u0101ti ar masu mediju pal\u012bdz\u012bbu.<\/p>\n\n\n\n<p class=\"has-black-color has-white-background-color has-text-color has-background\">Realit\u0101te bija pavisam sav\u0101d\u0101ka. Kad pirmo reizi ierados LTF v\u0113l\u0113\u0161anu centr\u0101, tur s\u0113d\u0113ja M\u0101ris Steins viens pats. Ja ir interese k\u0101 es tur nok\u013cuvu, labpr\u0101t past\u0101st\u012b\u0161u. Labuma no manis bija maz, jo taj\u0101 laik\u0101 biju absol\u016bts nej\u0113ga, bez jebk\u0101das pieredzes sabiedrisk\u0101s aktivit\u0101t\u0113s. T\u0101p\u0113c v\u0113l jo vair\u0101k mani \u0161ok\u0113ja fakts, ka esmu nok\u013cuvis viet\u0101, kur risin\u0101s Latvijas b\u016bt\/neb\u016bt jaut\u0101jums. Vismaz t\u0101 sapratu, t\u0101p\u0113c dar\u012bju ko man liek un centos uztvert notieko\u0161\u0101 j\u0113gu.<\/p>\n\n\n\n<p class=\"has-black-color has-white-background-color has-text-color has-background\">Ar \u0161odienas ac\u012bm raugoties, jaut\u0101jums bija atrisin\u0101ts jau pirms 1988. gada, par to rakst\u012bju iepriek\u0161. Proti, Latvijai viennoz\u012bm\u012bgi b\u016bt, bet c\u012b\u0146as g\u0101ja par to, k\u0101di sp\u0113ki un konkr\u0113ti kur\u0161 b\u016bs pie teik\u0161anas. At\u0161\u0137ir\u012bb\u0101 no LNNK un cit\u0101m &#8220;radik\u0101l\u0101m&#8221; organiz\u0101cij\u0101m, kur vald\u012bja discipl\u012bna un visu noteica \u010deka, LTF kodolu, it sevi\u0161\u0137i domi, veidoja vis\u0101s to\u0146k\u0101rt\u0101s b\u013caujo\u0161i (pus)ebreju br\u012bvdom\u0101t\u0101ji. T\u0101p\u0113c bija vajadz\u012bga LTF valde, neliela grupa, kas pie\u0146\u0113ma visus svar\u012bgos l\u0113mumus un sp\u0113ja milz\u012bgo organiz\u0101ciju notur\u0113t r\u0101mjos.<\/p>\n\n\n\n<p class=\"has-black-color has-white-background-color has-text-color has-background\">V\u0113l\u0113\u0161anu centrs ar laiku k\u013cuva par v\u0113l centraliz\u0113t\u0101ku grupi\u0146u, kas ebrejisko l\u012bniju ietur\u0113ja sevi\u0161\u0137i stingri. No s\u0101kuma es biju M\u0101rim vien\u012bgais pal\u012bgs, bet ar laiku vi\u0146\u0161 s\u0101ka sod\u012bties, ka man\u0101 kl\u0101tb\u016btn\u0113 nevar run\u0101t par <em>lietu<\/em>. \u0160aj\u0101 laik\u0101 k\u0101ds bija izpra\u0161\u0146\u0101jis manu m\u0101ti, lai noskaidrotu vai esmu ebrejs vai n\u0113. Noskaidroja ka neesmu, un man dotie uzdevumi k\u013cuva arvien bezj\u0113dz\u012bg\u0101ki. S\u0101k\u0101s ar\u012b provok\u0101cijas, t\u0101 saucam\u0101s <em>podstavas<\/em>. Nojautu ka mani patur izk\u0101rtnei, bet v\u0113l\u0101k sapratu ka ne tikai.<\/p>\n\n\n\n<p class=\"has-black-color has-white-background-color has-text-color has-background\">Lai nu k\u0101, bet <em>lietu<\/em> vajadz\u0113ja izrun\u0101t un dar\u012bt. T\u0101p\u0113c v\u0113l\u0113\u0161anu centr\u0101 par\u0101d\u012bj\u0101s M\u0101ra ebreju draugi Guntis un Pers. Vi\u0146i trijat\u0101 izveidoja to kodolu, kas re\u0101li vad\u012bja visas tr\u012bs uzvar\u0101m vainagot\u0101s LTF v\u0113l\u0113\u0161anu kampa\u0146as, s\u0101kot ar PSRS tautas deput\u0101tu v\u0113l\u0113\u0161an\u0101m 1989. gad\u0101 un beidzot ar triumf\u0101lo uzvaru 1990. gad\u0101, kad iev\u0113l\u0113t\u0101 LPSR AP pie\u0146\u0113ma neatkar\u012bbas deklar\u0101ciju.<\/p>\n\n\n\n<p class=\"has-black-color has-white-background-color has-text-color has-background\">M\u0101ris Steins k\u013cuva par jaun\u0101s Saeimas kancelejas direktoru, Guntis Be\u0146\u0137is bija vi\u0146a vietnieks, bet Pers Sterni\u0146\u0161 vad\u012bja pa\u0161vald\u012bbu noda\u013cu. Zino\u0161s las\u012bt\u0101js var\u0113tu jaut\u0101t, k\u0101da vilka p\u0113c Saeim\u0101 vajadz\u012bga pa\u0161vald\u012bbu noda\u013ca? Sav\u0113l\u0113tie deput\u0101ti t\u0101dus jaut\u0101jumus neuzdeva. Ja ir, t\u0101tad vajag. Notikumu izkl\u0101st\u0101 non\u0101ksim ar\u012b l\u012bdz tam.<\/p>\n\n\n\n<p class=\"has-black-color has-white-background-color has-text-color has-background\">Ko v\u0113l var\u0113tu pajaut\u0101t uzman\u012bgs las\u012bt\u0101js? V\u0113l\u0113\u0161anu centr\u0101 bija j\u0101b\u016bt k\u0101dam no &#8230; Ir ta\u010du skaidri zin\u0101ms, ka PSRS nekas nenotika bez visu redzo\u0161\u0101s acs kl\u0101tb\u016btnes. Ja nop\u0113rk 10 dol\u0101rus var dab\u016bt re\u0101lu cietumsodu, bet te sast\u0101da parlamentu un gatavojas g\u0101zt past\u0101vo\u0161o iek\u0101rtu. Kaut k\u0101 nenopietni izklaus\u0101s.<\/p>\n\n\n\n<p class=\"has-black-color has-white-background-color has-text-color has-background\">V\u0113l\u0113\u0161anu centram tika piekomand\u0113ts <em>jurists<\/em> Arv\u012bds Dravnieks. Vi\u0146\u0161 par\u0101d\u012bj\u0101s p\u0113c tam, kad M\u0101ris, man asist\u0113jot, bija sacer\u0113jis da\u017eus raksti\u0146us par v\u0113l\u0113\u0161an\u0101m, ko nekav\u0113joties public\u0113ja &#8220;Padomju Jaunatne&#8221;. Arv\u012bds no pa\u0161a s\u0101kuma par\u0101d\u012bja izcilas sp\u0113jas saputrot jebkuru visvienk\u0101r\u0161\u0101ko jaut\u0101jumu, lai p\u0113c tam censtos p\u0101r\u0146emt attiec\u012bg\u0101 jaut\u0101juma risin\u0101\u0161anu un vad\u012bbu kopum\u0101. T\u0101di <em>juristi <\/em>toreiz par\u0101d\u012bj\u0101s visur, kur notika galven\u0101s atmodas aktivit\u0101tes. Vi\u0146i guva pan\u0101kumus t\u0101p\u0113c, ka cilv\u0113kiem pietr\u016bka stingr\u012bbas un pa\u0161apzi\u0146as, lai tos vienk\u0101r\u0161i pas\u016bt\u012btu. Nep\u0101rsp\u0113ts pan\u0101kumos \u0161aj\u0101 jom\u0101 ir <em>jurists <\/em>Juris Boj\u0101rs.<\/p>\n\n\n\n<p class=\"has-black-color has-white-background-color has-text-color has-background\">K\u013cuva skaidrs ka no Arv\u012bda j\u0113gas nav, un vi\u0146u m\u0113\u0123in\u0101ja at\u0161\u016bt. Tas notika ar main\u012bgiem pan\u0101kumiem. Kad lik\u0101s ka Arv\u012bds beidzot ir veiksm\u012bgi padz\u012bts, vi\u0146\u0161 atkal uzpeld\u0113ja kaut k\u0101d\u0101 koordinatora status\u0101. Var\u0113ja just ka vi\u0146am ir aizmugure, ko pastiprin\u0101ja nekaun\u012bba un uzst\u0101j\u012bba. Liekas, ka Arv\u012bds sp\u0113ja g\u016bt pan\u0101kumus kontaktos ar tiem cilv\u0113kiem, kuri smalkj\u016bt\u012bbas d\u0113\u013c nesp\u0113ja vi\u0146u pas\u016bt\u012bt tr\u012bs m\u0101jas t\u0101l\u0101k. Toreiz vi\u0146\u0161 kontakt\u0113ja ar Daini \u012av\u0101nu, bet patlaban j\u016btams ka vi\u0146am izdevies piesm\u0113r\u0113ties prezidentam Egilam Levitam.<\/p>\n\n\n\n<p class=\"has-text-align-center\">* * *<\/p>\n\n\n\n<p class=\"has-black-color has-white-background-color has-text-color has-background\">Paties\u012bb\u0101, par p\u0113d\u0113jo p\u0101rejas periodu Latvijas v\u0113stur\u0113 rodas daudz jaut\u0101jumu. T\u0101p\u0113c st\u0101sts par v\u0113l\u0113\u0161an\u0101m b\u016bs ar daudz\u0101m atk\u0101p\u0113m. Nav svar\u012bgi kur\u0161 konkr\u0113ti k\u013cuva par deput\u0101tu, bet kur\u0161 n\u0113. V\u0113l\u0113\u0161anu laik\u0101 no 1988. gada nogales l\u012bdz 1990. gada pavasarim no PSRS klo\u0101kas dz\u012bl\u0113m uznira iek\u0101rtas \u012bstie saimnieki, lai pieteiktu savas intereses un ties\u012bbas uz Latvijas p\u012br\u0101ga dal\u012b\u0161anu.<\/p>\n\n\n\n<p class=\"has-black-color has-white-background-color has-text-color has-background\">M\u016bsu \u0161odienas probl\u0113mas un sa\u0161utums ir tikai par to, ka vi\u0146i sa\u0146emt\u0101s p\u012br\u0101ga da\u013cas patlaban \u0113d. Vai prec\u012bz\u0101k izsakoties, mielasts tuvojas beig\u0101m, bet uz skatuves ir jauns vadonis, tverams un taust\u0101ms, ar iedvesmojo\u0161i b\u012bbelisku uzv\u0101rdu. Tad nu <em>b\u012bbeliskie<\/em> atkal pulc\u0113sies, lai ievad\u012btu m\u016bs n\u0101kamaj\u0101 ce\u013ca posm\u0101, kas ejams cilv\u0113ka tap\u0161an\u0101 par m\u0113rka\u0137i.<\/p>\n\n\n\n<p class=\"has-black-color has-white-background-color has-text-color has-background\">LTF v\u0113l\u0113\u0161anu centra fenomens ir taj\u0101 apst\u0101kl\u012b, ka tur koncentr\u0113j\u0101s visas atz\u012bt\u0101s intereses, kas attiecas uz sabiedr\u012bbas ideolo\u0123isko un politisko vad\u012bbu. \u0160o koncentr\u0101tu es v\u0113los pied\u0101v\u0101t las\u012bt\u0101jiem, jo visu s\u012bki aprakst\u012bt man nav ne laika, ne v\u0113l\u0113\u0161an\u0101s. Mans m\u0113r\u0137is ir pav\u0113rt daudzas durvis, savuk\u0101rt interesentiem ir iesp\u0113ja izv\u0113l\u0113ties un izp\u0113t\u012bt pamat\u012bg\u0101k. Viens otrs to jau dara, un manupr\u0101t tas ir pareizais ce\u013c\u0161. Varb\u016bt izdosies piemekl\u0113t atsl\u0113gu ar\u012b t\u0101m durv\u012bm, kas ved uz taisn\u012bgu un cilv\u0113cisku sabiedr\u012bbu.<\/p>\n\n\n\n<p>13.08.20<\/p>\n\n\n\n<p class=\"has-very-light-gray-color has-vivid-red-background-color has-text-color has-background has-large-font-size\">LRTT p\u0113cv\u0101rds<\/p>\n\n\n\n<p class=\"has-black-color has-text-color has-background\" style=\"background-color:#fbe6e6\">Tie\u0161i t\u0101, <strong>Brunera kungs<\/strong>, ja m\u0113s gribam b\u016bt <strong>Patiesi <\/strong>savas <strong>Sirdsapzi\u0146as <\/strong>un<strong> sabiedr\u012bbas <\/strong>priek\u0161\u0101, mums j\u0101run\u0101<strong> Paties\u012bba <\/strong>! <strong>Paties\u012bba <\/strong>par to, kas ir tie, kuri mums uzdevu\u0161ies par ce\u013cve\u017eiem uz <strong>GAI\u0160O N\u0100KOTNI<\/strong>. Reiz vien\u0101 no p\u0113d\u0113j\u0101m tel. sarun\u0101m ar v\u0113sturnieku- profesoru <strong>Induli Roni<\/strong>, vi\u0146am jaut\u0101ju: <strong>\u201cRo\u0146a kungs, j\u016bs reiz mani nod\u0113v\u0113j\u0101t par antisem\u012btu un es to nebaid\u012bjos nopublic\u0113t, bet tagad J\u016bs pats to sak\u0101t ?\u201d<\/strong> Vi\u0146a atbilde bija<em>(tie\u0161i v\u0101rds v\u0101rda neatceros, bet t\u0101 bija par k\u0101rt\u012bm un to izsp\u0113li<\/em>): <strong>\u201cKad redzu, ka mana tauta tiek padz\u012bta un aizst\u0101ta ar citu, tad j\u0101liek gald\u0101 visas k\u0101rtis !\u201d<\/strong><\/p>\n\n\n\n<p class=\"has-black-color has-text-color has-background\" style=\"background-color:#fbe7e7\">Apmu\u013c\u0137otai sabiedr\u012bbai ir j\u0101apskaidro, ka <strong>sem\u012bt- ebreji Latvij\u0101<\/strong> nekad nav biju\u0161i, nav un dro\u0161i var sac\u012bt, ka neb\u016bs. Pie mums ir <strong>band\u012btiskas Haz\u0101rijas<\/strong> sektanti- <strong>S\u0101tana piel\u016bdz\u0113ji<\/strong>. Protams, vi\u0146i \u0161odien <strong>IZPAU\u017dAS da\u017e\u0101d\u0101s form\u0101s<\/strong>, s\u0101kot no: \u201c<strong>sinagogistiem<\/strong>\u201d, <strong>komunistiem <\/strong>un beidzot ar \u201c<strong>tautfrontistiem<\/strong>\u201d, kuri visi bija <strong>komunistu(cionistu)- \u010dekistu ligzd\u0101 izper\u0113ti anticilv\u0113ciski hibr\u012bdi<\/strong>, jo: <strong>komunisms bija nekas vair\u0101k, k\u0101 mask\u0113ts j\u016bdaisma<em>(viltus j\u016bdu)<\/em> totalit\u0101risms<\/strong> !<\/p>\n\n\n\n<p class=\"has-black-color has-text-color has-background\" style=\"background-color:#ffe8e8\"><strong>\u0160teins, Boj\u0101rs, Ink\u0113ns, \u012av\u0101ns, \u0112lerte &amp; co<\/strong>\u2026ir vis\u012bst\u0101kie s\u0101tanisti- <strong>M\u016a\u017d\u012aGIE \u017d\u012aDI<\/strong> ! Tad, kad liel\u0101k\u0101 da\u013ca cilv\u0113ku saprat\u012bs, kas ir \u0161ie \u201c<a href=\"https:\/\/tautastribunals.eu\/?p=16800\"><strong>PROMITEJI<\/strong><\/a>\u201d, tad ar\u012b iest\u0101sies <strong>JAUNAIS LAIKMETS<\/strong> !<\/p>\n\n\n\n<figure class=\"wp-block-image size-large\"><img decoding=\"async\" loading=\"lazy\" width=\"689\" height=\"417\" src=\"https:\/\/tautastribunals.eu\/wp-content\/uploads\/2020\/04\/Peters-godmanis-din\u0113vi\u010ds-\u0161kapars-\u0113lerte-ra\u017euks-kalniete-1-Kopie.jpg\" alt=\"\" class=\"wp-image-55683\" srcset=\"https:\/\/tautastribunals.eu\/wp-content\/uploads\/2020\/04\/Peters-godmanis-din\u0113vi\u010ds-\u0161kapars-\u0113lerte-ra\u017euks-kalniete-1-Kopie.jpg 689w, https:\/\/tautastribunals.eu\/wp-content\/uploads\/2020\/04\/Peters-godmanis-din\u0113vi\u010ds-\u0161kapars-\u0113lerte-ra\u017euks-kalniete-1-Kopie-300x182.jpg 300w\" sizes=\"(max-width: 689px) 100vw, 689px\" \/><\/figure>\n\n\n\n<figure class=\"wp-block-image size-large\"><img decoding=\"async\" loading=\"lazy\" width=\"700\" height=\"461\" src=\"https:\/\/tautastribunals.eu\/wp-content\/uploads\/2019\/06\/V\u0113jonisSuharenkoGranti\u0146\u0161.LRTT_.png\" alt=\"\" class=\"wp-image-51181\" srcset=\"https:\/\/tautastribunals.eu\/wp-content\/uploads\/2019\/06\/V\u0113jonisSuharenkoGranti\u0146\u0161.LRTT_.png 700w, https:\/\/tautastribunals.eu\/wp-content\/uploads\/2019\/06\/V\u0113jonisSuharenkoGranti\u0146\u0161.LRTT_-300x198.png 300w\" sizes=\"(max-width: 700px) 100vw, 700px\" \/><\/figure>\n","protected":false},"excerpt":{"rendered":"<p>R. Bruners. Maisu zin\u0101t\u0146u kandid\u0101ta piez\u012bmes, 1. turpin\u0101jums Bari\u0146\u0161 ebreju zem vado\u0146a bildes, top jauna sabiedr\u012bba. Cik rei\u017eu v\u0113stures gait\u0101 \u0161\u012b situ\u0101cija jau pieredz\u0113ta ? Kad vec\u0101 iek\u0101rta vairs nesp\u0113j sekm\u012bgi simul\u0113t cilv\u0113c\u012bbu, to&#46;&#46;&#46;<\/p>\n","protected":false},"author":1,"featured_media":57142,"comment_status":"open","ping_status":"open","sticky":false,"template":"","format":"standard","meta":[],"categories":[1,11],"tags":[],"_links":{"self":[{"href":"https:\/\/tautastribunals.eu\/index.php?rest_route=\/wp\/v2\/posts\/57119"}],"collection":[{"href":"https:\/\/tautastribunals.eu\/index.php?rest_route=\/wp\/v2\/posts"}],"about":[{"href":"https:\/\/tautastribunals.eu\/index.php?rest_route=\/wp\/v2\/types\/post"}],"author":[{"embeddable":true,"href":"https:\/\/tautastribunals.eu\/index.php?rest_route=\/wp\/v2\/users\/1"}],"replies":[{"embeddable":true,"href":"https:\/\/tautastribunals.eu\/index.php?rest_route=%2Fwp%2Fv2%2Fcomments&post=57119"}],"version-history":[{"count":25,"href":"https:\/\/tautastribunals.eu\/index.php?rest_route=\/wp\/v2\/posts\/57119\/revisions"}],"predecessor-version":[{"id":57326,"href":"https:\/\/tautastribunals.eu\/index.php?rest_route=\/wp\/v2\/posts\/57119\/revisions\/57326"}],"wp:featuredmedia":[{"embeddable":true,"href":"https:\/\/tautastribunals.eu\/index.php?rest_route=\/wp\/v2\/media\/57142"}],"wp:attachment":[{"href":"https:\/\/tautastribunals.eu\/index.php?rest_route=%2Fwp%2Fv2%2Fmedia&parent=57119"}],"wp:term":[{"taxonomy":"category","embeddable":true,"href":"https:\/\/tautastribunals.eu\/index.php?rest_route=%2Fwp%2Fv2%2Fcategories&post=57119"},{"taxonomy":"post_tag","embeddable":true,"href":"https:\/\/tautastribunals.eu\/index.php?rest_route=%2Fwp%2Fv2%2Ftags&post=57119"}],"curies":[{"name":"wp","href":"https:\/\/api.w.org\/{rel}","templated":true}]}}