{"id":56922,"date":"2020-08-06T04:26:32","date_gmt":"2020-08-06T01:26:32","guid":{"rendered":"https:\/\/tautastribunals.eu\/?p=56922"},"modified":"2020-11-04T11:28:02","modified_gmt":"2020-11-04T09:28:02","slug":"tautas-varas-fronte-cekas-instruments","status":"publish","type":"post","link":"https:\/\/tautastribunals.eu\/?p=56922","title":{"rendered":"Tautas varas FRONTE, \u010dekas instruments !"},"content":{"rendered":"\n<figure class=\"wp-block-image size-large is-resized\"><img decoding=\"async\" loading=\"lazy\" src=\"https:\/\/tautastribunals.eu\/wp-content\/uploads\/2020\/02\/L.Granti\u0146\u0161.J.Z\u012bvertsBord\u0101nsBut\u0101nsLRTT-1-2-800x116.png\" alt=\"\" class=\"wp-image-54931\" width=\"1073\" height=\"156\" srcset=\"https:\/\/tautastribunals.eu\/wp-content\/uploads\/2020\/02\/L.Granti\u0146\u0161.J.Z\u012bvertsBord\u0101nsBut\u0101nsLRTT-1-2-800x116.png 800w, https:\/\/tautastribunals.eu\/wp-content\/uploads\/2020\/02\/L.Granti\u0146\u0161.J.Z\u012bvertsBord\u0101nsBut\u0101nsLRTT-1-2-300x44.png 300w, https:\/\/tautastribunals.eu\/wp-content\/uploads\/2020\/02\/L.Granti\u0146\u0161.J.Z\u012bvertsBord\u0101nsBut\u0101nsLRTT-1-2-768x112.png 768w, https:\/\/tautastribunals.eu\/wp-content\/uploads\/2020\/02\/L.Granti\u0146\u0161.J.Z\u012bvertsBord\u0101nsBut\u0101nsLRTT-1-2.png 1073w\" sizes=\"(max-width: 1073px) 100vw, 1073px\" \/><\/figure>\n\n\n\n<p class=\"has-vivid-red-color has-text-color has-background has-large-font-size\" style=\"background-color:#174232\">No LRTT arh\u012bva:<\/p>\n\n\n\n<p class=\"has-black-color has-text-color has-background\" style=\"background-color:#e0f5ed\">Tiek dibin\u0101tas da\u017e\u0101das <a href=\"https:\/\/tautastribunals.eu\/?p=55966\">\u0101kstu organiz\u0101cijas<\/a>\u2026 .T\u0101 saucam\u0101: <strong>Tautas Varas Fronte <\/strong>atkl\u0101ti sav\u0101<strong> MANIFEST\u0100<\/strong> uzst\u0101jas pret <strong>ASV<\/strong><em>(protams ar\u012b NATO)<\/em> milit\u0101ro kl\u0101tb\u016btni<strong> Latvij\u0101<\/strong> ! K\u0101 interes\u0113s tas viss ir, nav gr\u016bti iedom\u0101ties, it sevi\u0161\u0137i tad, ja zin\u0101m, ka \u0161o <strong>\u201cvaras fronti\u201d <\/strong>ir dibin\u0101jis neviens cits k\u0101: <strong><u>Padomju <\/u><\/strong>patri<strong>jods<\/strong> <strong>K. Dimiters<\/strong> ! Vi\u0146am piesl\u0113jies v\u0113l k\u0101ds no \u0161\u012bs \u0161lakas,- \u0101\u017eu r\u012bk\u013cgriezis, sievie\u0161u<strong> \u201cp\u0113r\u0113js\u201d<\/strong>, muslims, <strong>Padomju<\/strong> laikos saverv\u0113tais <strong>VDK<\/strong> zi\u0146ot\u0101js, \u0161odienas <strong>Aivara Borovkova<\/strong> draugs,- <strong>Roberts K\u013cimovi\u010ds<\/strong> ! V\u0113l nez no kurienes <strong>\u201cuzpeld\u0113jis\u201d<\/strong> k\u0101ds <strong>Jerem\u0113jevs<\/strong>, kuram par draugu k\u013cuvis mums paz\u012bstamais <strong>A\u010cG\u0100RNI.com<\/strong> \u012bpa\u0161nieks <strong>M\u0101ris B\u0113rzi\u0146\u0161<\/strong>. <strong>A\u010dg\u0101rni.com<\/strong> ir <strong>\u201caizklap\u0113ts\u201d <\/strong>un pats<strong> B\u0113rzi\u0146\u0161, <\/strong>cik noprotams, k\u013cuvis par<strong> Aivara Borovkova <\/strong>sabiedroto vai draugu, ja jau atkl\u0101ti a\u0123it\u0113 pret <strong>ASV<\/strong> karasp\u0113ku. Kur\u0161 tad tagad aizst\u0101v\u0113s s\u0101tanistu upuri <strong>Gintu Voici\u0161u<\/strong> ?<\/p>\n\n\n\n<div class=\"wp-block-image\"><figure class=\"aligncenter size-large\"><img decoding=\"async\" loading=\"lazy\" width=\"1082\" height=\"434\" src=\"https:\/\/tautastribunals.eu\/wp-content\/uploads\/2020\/08\/Jerem\u0113jevsB\u0113rzi\u0146\u0161.Kadi\u0161s.Granti\u0146\u0161.Borovkovs.LRTT_.png\" alt=\"\" class=\"wp-image-57005\"\/><figcaption><strong>FOTO:<\/strong> <strong><span class=\"has-inline-color has-vivid-red-color\">Visi \u0161ie drazas uzst\u0101jas par v\u0113l\u0113\u0161anu boikotu !<\/span><\/strong><\/figcaption><\/figure><\/div>\n\n\n\n<figure class=\"wp-block-image size-large is-resized\"><img decoding=\"async\" loading=\"lazy\" src=\"https:\/\/tautastribunals.eu\/wp-content\/uploads\/2020\/07\/M\u0101ris-B\u0113rzi\u0146\u0161.-L.-Granti\u0146\u0161.LRTT_.jpg\" alt=\"\" class=\"wp-image-56924\" width=\"649\" height=\"486\"\/><\/figure>\n\n\n\n<p class=\"has-black-color has-white-background-color has-text-color has-background\">\u0160eit piemin\u0113tie visi ir <strong>Padomju okup\u0101cijas specdienestu<\/strong> <em>(Borovkova &amp; Co)<\/em> saorganiz\u0113ti \u0161va\u013ci, kuri savu dz\u012bvi, p\u0113c <strong>Tiesiskuma atjauno\u0161anas Latvij\u0101<\/strong>, beigs aiz rest\u0113m un da\u013ca ar\u012b <strong>\u201cpie laternas\u201d.<\/strong> A\u0123it\u0113t, par nepiedal\u012b\u0161anos v\u0113l\u0113\u0161an\u0101s, kad <strong>nav notikusi okup\u0101cijas demont\u0101\u017ea un valsts ir pilna ar okup\u0101cijas laik\u0101 ievestajiem kolonistiem<\/strong>, ir vissmag\u0101kais noziegums, k\u0101ds vien var tikt pastr\u0101d\u0101ts pret okup\u0113to latvie\u0161u tautu.<\/p>\n\n\n\n<p class=\"has-cyan-bluish-gray-background-color has-background has-medium-font-size\"><strong><span class=\"has-inline-color has-vivid-red-color\"> T\u0100 IR NODEV\u012aBA UN NODEV\u012aBAS &#8220;CENA&#8221; IR N\u0100VE ! <\/span><\/strong><\/p>\n\n\n\n<p class=\"has-black-color has-white-background-color has-text-color has-background\">Jo maz\u0101k latvie\u0161u aizies uz v\u0113l\u0113\u0161an\u0101m, jo liel\u0101ka varb\u016bt\u012bba, ka <strong>Latvija LIKUM\u012aG\u0100<\/strong> ce\u013c\u0101 tiek pievienota <strong>Krievijai- atdota piln\u012bgai saplos\u012b\u0161anai<\/strong>, jo <strong>Pasaule<\/strong> ta\u010du m\u016bs uzskata par demokr\u0101tisku valsti, kaut ar\u012b t\u0101da neesam. Uz to gaida visi <strong>komunisti, \u010dekisti <\/strong>un <strong>valsts izlaup\u012bt\u0101ji<\/strong>, jo tas b\u016btu garants, ka vi\u0146i izmuktu no peln\u012bt\u0101 soda. \u0160eit piemin\u0113tie izdzimumi nav uzskat\u0101mi par cilv\u0113kiem un t\u0101p\u0113c uz vi\u0146iem neattiecas <strong>Cilv\u0113kties\u012bbas <\/strong>!<\/p>\n\n\n\n<p class=\"has-black-color has-white-background-color has-text-color has-background\">Katra norm\u0101la cilv\u0113ka pien\u0101kums ir, <strong>pirms nav atjaunots Tiesiskums<\/strong>,<strong> uzsp\u013caut \u0161iem nodev\u012bbas cerme\u0146iem<\/strong>, bet p\u0113c <strong>Tiesiskuma atjauno\u0161anas<\/strong>, vi\u0146i sa\u0146ems to ,ko peln\u012bju\u0161i !<\/p>\n\n\n\n<figure class=\"wp-block-image size-large is-resized\"><img decoding=\"async\" loading=\"lazy\" src=\"https:\/\/tautastribunals.eu\/wp-content\/uploads\/2020\/06\/L\u012bga-MuzikanteLiene-ApineSteidz\u012bte-Freiberga-Aivars-Garda.png\" alt=\"\" class=\"wp-image-56421\" width=\"1066\" height=\"446\" srcset=\"https:\/\/tautastribunals.eu\/wp-content\/uploads\/2020\/06\/L\u012bga-MuzikanteLiene-ApineSteidz\u012bte-Freiberga-Aivars-Garda.png 659w, https:\/\/tautastribunals.eu\/wp-content\/uploads\/2020\/06\/L\u012bga-MuzikanteLiene-ApineSteidz\u012bte-Freiberga-Aivars-Garda-300x126.png 300w\" sizes=\"(max-width: 1066px) 100vw, 1066px\" \/><figcaption><strong>FOTO: <span class=\"has-inline-color has-vivid-red-color\">Ar\u012b \u0161\u012b &#8220;nac- patriotu&#8221; varza a\u0123it\u0113 pret piedal\u012b\u0161anos v\u0113l\u0113\u0161an\u0101s !<\/span><\/strong><\/figcaption><\/figure>\n\n\n\n<p>06.08.20<\/p>\n","protected":false},"excerpt":{"rendered":"<p>No LRTT arh\u012bva: Tiek dibin\u0101tas da\u017e\u0101das \u0101kstu organiz\u0101cijas\u2026 .T\u0101 saucam\u0101: Tautas Varas Fronte atkl\u0101ti sav\u0101 MANIFEST\u0100 uzst\u0101jas pret ASV(protams ar\u012b NATO) milit\u0101ro kl\u0101tb\u016btni Latvij\u0101 ! K\u0101 interes\u0113s tas viss ir, nav gr\u016bti iedom\u0101ties, it&#46;&#46;&#46;<\/p>\n","protected":false},"author":1,"featured_media":57005,"comment_status":"open","ping_status":"open","sticky":false,"template":"","format":"standard","meta":[],"categories":[1],"tags":[],"_links":{"self":[{"href":"https:\/\/tautastribunals.eu\/index.php?rest_route=\/wp\/v2\/posts\/56922"}],"collection":[{"href":"https:\/\/tautastribunals.eu\/index.php?rest_route=\/wp\/v2\/posts"}],"about":[{"href":"https:\/\/tautastribunals.eu\/index.php?rest_route=\/wp\/v2\/types\/post"}],"author":[{"embeddable":true,"href":"https:\/\/tautastribunals.eu\/index.php?rest_route=\/wp\/v2\/users\/1"}],"replies":[{"embeddable":true,"href":"https:\/\/tautastribunals.eu\/index.php?rest_route=%2Fwp%2Fv2%2Fcomments&post=56922"}],"version-history":[{"count":18,"href":"https:\/\/tautastribunals.eu\/index.php?rest_route=\/wp\/v2\/posts\/56922\/revisions"}],"predecessor-version":[{"id":57237,"href":"https:\/\/tautastribunals.eu\/index.php?rest_route=\/wp\/v2\/posts\/56922\/revisions\/57237"}],"wp:featuredmedia":[{"embeddable":true,"href":"https:\/\/tautastribunals.eu\/index.php?rest_route=\/wp\/v2\/media\/57005"}],"wp:attachment":[{"href":"https:\/\/tautastribunals.eu\/index.php?rest_route=%2Fwp%2Fv2%2Fmedia&parent=56922"}],"wp:term":[{"taxonomy":"category","embeddable":true,"href":"https:\/\/tautastribunals.eu\/index.php?rest_route=%2Fwp%2Fv2%2Fcategories&post=56922"},{"taxonomy":"post_tag","embeddable":true,"href":"https:\/\/tautastribunals.eu\/index.php?rest_route=%2Fwp%2Fv2%2Ftags&post=56922"}],"curies":[{"name":"wp","href":"https:\/\/api.w.org\/{rel}","templated":true}]}}