{"id":56885,"date":"2020-07-29T07:15:20","date_gmt":"2020-07-29T04:15:20","guid":{"rendered":"https:\/\/tautastribunals.eu\/?p=56885"},"modified":"2021-02-17T09:52:52","modified_gmt":"2021-02-17T07:52:52","slug":"j-stukanam-nekavejoties-jaatbrivo-gintu-voicisu","status":"publish","type":"post","link":"https:\/\/tautastribunals.eu\/?p=56885","title":{"rendered":"J. Stuk\u0101nam nekav\u0113joties j\u0101atbr\u012bvo Gintu Voici\u0161u !"},"content":{"rendered":"\n<figure class=\"wp-block-image size-large is-resized\"><img decoding=\"async\" loading=\"lazy\" src=\"https:\/\/tautastribunals.eu\/wp-content\/uploads\/2020\/02\/L.Granti\u0146\u0161.J.Z\u012bvertsBord\u0101nsBut\u0101nsLRTT-1-3-800x116.png\" alt=\"\" class=\"wp-image-55065\" width=\"1450\" height=\"210\" srcset=\"https:\/\/tautastribunals.eu\/wp-content\/uploads\/2020\/02\/L.Granti\u0146\u0161.J.Z\u012bvertsBord\u0101nsBut\u0101nsLRTT-1-3-800x116.png 800w, https:\/\/tautastribunals.eu\/wp-content\/uploads\/2020\/02\/L.Granti\u0146\u0161.J.Z\u012bvertsBord\u0101nsBut\u0101nsLRTT-1-3-300x44.png 300w, https:\/\/tautastribunals.eu\/wp-content\/uploads\/2020\/02\/L.Granti\u0146\u0161.J.Z\u012bvertsBord\u0101nsBut\u0101nsLRTT-1-3-768x112.png 768w, https:\/\/tautastribunals.eu\/wp-content\/uploads\/2020\/02\/L.Granti\u0146\u0161.J.Z\u012bvertsBord\u0101nsBut\u0101nsLRTT-1-3.png 1073w\" sizes=\"(max-width: 1450px) 100vw, 1450px\" \/><\/figure>\n\n\n\n<p class=\"has-very-light-gray-color has-text-color has-background has-medium-font-size\" style=\"background-color:#134935\">K\u0101dai ir j\u0101b\u016bt jaun\u0101 \u0123ener\u0101lprokurora darba priorit\u0101tei ?<\/p>\n\n\n\n<figure class=\"wp-block-image size-large\"><img decoding=\"async\" loading=\"lazy\" width=\"842\" height=\"342\" src=\"https:\/\/tautastribunals.eu\/wp-content\/uploads\/2020\/07\/Juris-Stuk\u0101ns.L.-Granti\u0146\u0161.LRTT_-1.png\" alt=\"\" class=\"wp-image-56916\"\/><\/figure>\n\n\n\n<p class=\"has-very-light-gray-background-color has-background has-normal-font-size\"><strong>LRTT uzskata: <\/strong>J\u0101p\u0101rskata \u0161ausm\u012bg\u0101k\u0101s netaisn\u012bbas- <strong>noziegumus pret latvie\u0161u tautu un cilv\u0113ci, <\/strong>kuras veicis <strong>E. Kalnmeiers<\/strong> ar savu \u010dekistu vad\u012btu noziedznieku bandu:<strong> Borovkovs &amp; Bunka<\/strong>.<\/p>\n\n\n\n<p class=\"has-very-light-gray-background-color has-background has-normal-font-size\"><strong>Nekav\u0113joties<\/strong> p\u0101rskat\u012bt <strong>Gintas Voici\u0161as LIETU<\/strong> un nekav\u0113joties arest\u0113t visus, kuri veiku\u0161i \u0161o noziegumu,- s\u0101kot no <strong>Kalnmeiera<\/strong>&#8230;. un beidzot ar vis\u0101m \u0161im karikat\u016br\u0101m: nelatviskaj\u0101m<strong> \u010duprik\u0101m, n\u0101ru\u0161k\u0101m<\/strong>, <strong>fjodorovih\u0101m, ku\u0161akov\u0101m, mo\u013c\u0146ik\u0101m&#8230;  ! <\/strong><\/p>\n\n\n\n<p class=\"has-very-light-gray-color has-text-color has-background has-large-font-size\" style=\"background-color:#114431\">LRTT arh\u012bvs<\/p>\n\n\n\n<p>T\u0101tad, \u0161\u012b 4. maija <strong>LR tieslietu sist\u0113mas noziedz\u012bg\u0101- nelatvie\u0161u banda<\/strong>, noties\u0101jot nevain\u012bgu cilv\u0113ku, <strong>veica s\u0101tanisku ritu\u0101lu<\/strong>, kura rezult\u0101t\u0101 izdal\u012bj\u0101s neiedom\u0101jami liela cie\u0161anu ener\u0123ija, kura pabaroja izsalku\u0161os s\u0101tanistus, jo no <strong>Dievi\u0161\u0137\u0101s Pasaules<\/strong> \u0161\u012bs kreat\u016bras ener\u0123iju nesa\u0146em.<\/p>\n\n\n\n<h3><a href=\"https:\/\/www.youtube.com\/watch?list=PLMU6DaXY_anMZteJEzXwlcotl2DEcWQN1&amp;time_continue=5&amp;v=I4083t9ceSw\">-K\u0101 tika ties\u0101ta <strong>Ginta Voici\u0161a,<\/strong> kura it k\u0101 nogalin\u0101jusi divus savus b\u0113rnus<em>(atv\u0113rt)<\/em> ?<\/a><\/h3>\n\n\n\n<div class=\"wp-block-image\"><figure class=\"alignleft is-resized\"><img decoding=\"async\" loading=\"lazy\" src=\"https:\/\/tautastribunals.eu\/wp-content\/uploads\/2018\/05\/Ginta-Voici\u0161a.L.Granti\u0146\u0161.M.-B\u0113rzi\u0146\u0161.LRTT_.png\" alt=\"\" class=\"wp-image-44842\" width=\"219\" height=\"298\"\/><\/figure><\/div>\n\n\n\n<p>Nerun\u0101sim gari, bet tika p\u0113c sausas <strong>B\u016aT\u012aBAS.<\/strong> Ties\u0101t\u0101ji bija tie\u0161i t\u0101 pati anti-latvisk\u0101 banda, kura ties\u0101ja<strong> Osvaldu Miglu<\/strong>. Neapskat\u012bsim \u0161eit jucekl\u012bg\u0101s liec\u012bbas un <strong>\u201cpier\u0101d\u012bjumus\u201d<\/strong> par ko run\u0101<strong> M\u0101ris B\u0113rzi\u0146\u0161<\/strong>, bet visprimit\u012bv\u0101ko- element\u0101r\u0101ko <strong>LO\u0122IKU. <\/strong><\/p>\n\n\n\n<p>Ja sieviete nogalin\u0101jusi, k\u0101 antilatvisk\u0101s bandas spriedum\u0101 sac\u012bts, divus savus mazgad\u012bgos b\u0113rni\u0146us, tad vi\u0146a ir <strong>gar\u012bgi slima<\/strong> un <strong>nav ties\u0101jama<\/strong>. Ja vi\u0146u ties\u0101ja, tad tas ir pier\u0101d\u012bjums par labu tam, ka <strong>vi\u0146a nebija savu b\u0113rnu slepkava<\/strong> !<\/p>\n\n\n\n<h2>Nav citas taisn\u012bbas un varianti !!!<\/h2>\n\n\n\n<p>\u0160\u012b s\u0101tanistu banda tom\u0113r vi\u0146u noties\u0101 uz 20 gadiem. Sieviete zaud\u0113jusi savus divus b\u0113rni\u0146us un plus visam kl\u0101t v\u0113l \u0161is<strong> \u201cm\u016b\u017ea\u201d <\/strong>ieslodz\u012bjums. Atkal tiek rad\u012btas milzu moc\u012bbas un s\u0101pju ener\u0123ijas, no kur\u0101m var baroties \u0161ie s\u0101taniskie izdzimumi.<\/p>\n\n\n\n<p class=\"has-very-light-gray-color has-text-color has-background has-large-font-size\" style=\"background-color:#0d4430\">LRTT &amp; H- 86 pieprasa: <\/p>\n\n\n\n<p class=\"has-text-align-center has-very-light-gray-color has-vivid-red-background-color has-text-color has-background\" style=\"font-size:26px\">10 000 000 Eiro ir tas minimums, kas pien\u0101kas Gintai Voici\u0161ai !<\/p>\n\n\n\n<p class=\"has-very-light-gray-color has-vivid-red-background-color has-text-color has-background has-normal-font-size\">Nekav\u0113joties atbr\u012bvot \u0161o sievieti- <strong>Gintu Voici\u0161u<\/strong>, kuras <strong>nevain\u012bba<\/strong> \u0161aj\u0101 \u0101rpr\u0101ta valsts varas org\u0101nu pastr\u0101d\u0101taj\u0101 noziegum\u0101 jau ir pier\u0101d\u012bta,<strong> apg\u0101d\u0101t vi\u0146u ar dz\u012bvojamo plat\u012bbu <\/strong>un izmaks\u0101t ne maz\u0101k k\u0101 <strong>desmit miljonus Eiro uz noziedznieku r\u0113\u0137ina<\/strong> !<\/p>\n\n\n\n<p class=\"has-cyan-bluish-gray-background-color has-background has-normal-font-size\">\u0160eit par visiem de\u0123ener\u0101tiem s\u012bk\u0101k:<\/p>\n\n\n\n<figure class=\"wp-block-embed is-type-wp-embed is-provider-wordpress wp-block-embed-wordpress\"><div class=\"wp-block-embed__wrapper\">\n<blockquote class=\"wp-embedded-content\" data-secret=\"27nyB9tD4l\"><a href=\"https:\/\/tautastribunals.eu\/?p=53628\">\u0122ener\u0101lprokurora E. Kalnmeiera \u0101rpr\u0101ta noziegums (nozieguma pieseg\u0161ana) !<\/a><\/blockquote><iframe class=\"wp-embedded-content\" sandbox=\"allow-scripts\" security=\"restricted\" style=\"position: absolute; clip: rect(1px, 1px, 1px, 1px);\" title=\"&#8220;\u0122ener\u0101lprokurora E. Kalnmeiera \u0101rpr\u0101ta noziegums (nozieguma pieseg\u0161ana) !&#8221; &#8212; \" src=\"https:\/\/tautastribunals.eu\/?p=53628&#038;embed=true#?secret=27nyB9tD4l\" data-secret=\"27nyB9tD4l\" width=\"500\" height=\"282\" frameborder=\"0\" marginwidth=\"0\" marginheight=\"0\" scrolling=\"no\"><\/iframe>\n<\/div><\/figure>\n\n\n\n<p>29.07.20<\/p>\n","protected":false},"excerpt":{"rendered":"<p>K\u0101dai ir j\u0101b\u016bt jaun\u0101 \u0123ener\u0101lprokurora darba priorit\u0101tei ? LRTT uzskata: J\u0101p\u0101rskata \u0161ausm\u012bg\u0101k\u0101s netaisn\u012bbas- noziegumus pret latvie\u0161u tautu un cilv\u0113ci, kuras veicis E. Kalnmeiers ar savu \u010dekistu vad\u012btu noziedznieku bandu: Borovkovs &amp; Bunka. Nekav\u0113joties p\u0101rskat\u012bt&#46;&#46;&#46;<\/p>\n","protected":false},"author":1,"featured_media":0,"comment_status":"open","ping_status":"open","sticky":false,"template":"","format":"standard","meta":[],"categories":[1],"tags":[],"_links":{"self":[{"href":"https:\/\/tautastribunals.eu\/index.php?rest_route=\/wp\/v2\/posts\/56885"}],"collection":[{"href":"https:\/\/tautastribunals.eu\/index.php?rest_route=\/wp\/v2\/posts"}],"about":[{"href":"https:\/\/tautastribunals.eu\/index.php?rest_route=\/wp\/v2\/types\/post"}],"author":[{"embeddable":true,"href":"https:\/\/tautastribunals.eu\/index.php?rest_route=\/wp\/v2\/users\/1"}],"replies":[{"embeddable":true,"href":"https:\/\/tautastribunals.eu\/index.php?rest_route=%2Fwp%2Fv2%2Fcomments&post=56885"}],"version-history":[{"count":26,"href":"https:\/\/tautastribunals.eu\/index.php?rest_route=\/wp\/v2\/posts\/56885\/revisions"}],"predecessor-version":[{"id":59637,"href":"https:\/\/tautastribunals.eu\/index.php?rest_route=\/wp\/v2\/posts\/56885\/revisions\/59637"}],"wp:attachment":[{"href":"https:\/\/tautastribunals.eu\/index.php?rest_route=%2Fwp%2Fv2%2Fmedia&parent=56885"}],"wp:term":[{"taxonomy":"category","embeddable":true,"href":"https:\/\/tautastribunals.eu\/index.php?rest_route=%2Fwp%2Fv2%2Fcategories&post=56885"},{"taxonomy":"post_tag","embeddable":true,"href":"https:\/\/tautastribunals.eu\/index.php?rest_route=%2Fwp%2Fv2%2Ftags&post=56885"}],"curies":[{"name":"wp","href":"https:\/\/api.w.org\/{rel}","templated":true}]}}