{"id":56799,"date":"2020-07-19T18:54:07","date_gmt":"2020-07-19T15:54:07","guid":{"rendered":"https:\/\/tautastribunals.eu\/?p=56799"},"modified":"2020-07-19T18:54:07","modified_gmt":"2020-07-19T15:54:07","slug":"l-lapsam-nokrit-garnirejums-paliek-tikai-plika-kaka","status":"publish","type":"post","link":"https:\/\/tautastribunals.eu\/?p=56799","title":{"rendered":"L. Lapsam nokr\u012bt garnir\u0113jums,- paliek tikai plika kaka"},"content":{"rendered":"\n<div class=\"wp-block-image\"><figure class=\"aligncenter size-large\"><img decoding=\"async\" loading=\"lazy\" width=\"800\" height=\"116\" src=\"https:\/\/tautastribunals.eu\/wp-content\/uploads\/2020\/02\/L.Granti\u0146\u0161.J.Z\u012bvertsBord\u0101nsBut\u0101nsLRTT-1-4-800x116.png\" alt=\"\" class=\"wp-image-55084\" srcset=\"https:\/\/tautastribunals.eu\/wp-content\/uploads\/2020\/02\/L.Granti\u0146\u0161.J.Z\u012bvertsBord\u0101nsBut\u0101nsLRTT-1-4-800x116.png 800w, https:\/\/tautastribunals.eu\/wp-content\/uploads\/2020\/02\/L.Granti\u0146\u0161.J.Z\u012bvertsBord\u0101nsBut\u0101nsLRTT-1-4-300x44.png 300w, https:\/\/tautastribunals.eu\/wp-content\/uploads\/2020\/02\/L.Granti\u0146\u0161.J.Z\u012bvertsBord\u0101nsBut\u0101nsLRTT-1-4-768x112.png 768w, https:\/\/tautastribunals.eu\/wp-content\/uploads\/2020\/02\/L.Granti\u0146\u0161.J.Z\u012bvertsBord\u0101nsBut\u0101nsLRTT-1-4.png 1073w\" sizes=\"(max-width: 800px) 100vw, 800px\" \/><figcaption>                                                                                            <\/figcaption><\/figure><\/div>\n\n\n\n<figure class=\"wp-block-image\"><img decoding=\"async\" src=\"https:\/\/zinas.nra.lv\/_mm\/photos\/2020-07\/1440px\/472014_4ba842d2e5.jpg\" alt=\"\"\/><\/figure>\n\n\n\n<p><\/p>\n\n\n\n<p style=\"background-color:#10593e\" class=\"has-text-color has-background has-text-align-center has-medium-font-size has-very-light-gray-color\"><a href=\"https:\/\/neatkariga.nra.lv\/intervijas\/319131-lato-lapsa-par-valsts-galvu-mums-ir-cilveks-kuram-ar-melosanu-nav-nekadu-problemu?utm_campaign=nralvLinks&amp;utm_content=redirect&amp;utm_medium=site&amp;utm_source=nra.lv\">&#8220;Rakst\u012bt mani mudina nauda,&#8221;saka Lato<em>(atv\u0113rt)<\/em> !<\/a><\/p>\n\n\n\n<p class=\"has-text-color has-normal-font-size has-very-dark-gray-color\"><strong>Kas j\u016bs pamudin\u0101ja rakst\u012bt gr\u0101matu tie\u0161i par Egilu Levitu?<\/strong><\/p>\n\n\n\n<p class=\"has-background has-very-light-gray-background-color\">Kas attiecas uz t\u0101 sauktaj\u0101m politiskaj\u0101m gr\u0101mat\u0101m, tad pamudin\u0101jums ir viens &#8211; ir nepiecie\u0161ams cilv\u0113ks vai notikums, kas b\u016btu pietiekami interesants pietiekami lielai sabiedr\u012bbas da\u013cai, kura b\u016btu gatava par to balsot visnopietn\u0101kaj\u0101 veid\u0101, k\u0101d\u0101 vien iesp\u0113jams balsot. Proti, ar savu maci\u0146u&#8230; .<\/p>\n\n\n\n<p class=\"has-text-color has-background has-normal-font-size has-very-dark-gray-color has-very-light-gray-background-color\"><strong>Vai l\u012bdz ar to var uzskat\u012bt, ka v\u0113lmei rakst\u012bt gr\u0101matu par Levitu ir zin\u0101ms komerci\u0101ls pamats?<\/strong><\/p>\n\n\n\n<p class=\"has-background has-very-light-gray-background-color\">Neap\u0161aub\u0101mi. V\u0113lreiz atk\u0101rtoju. Man ir j\u0101b\u016bt saj\u016btai, ka cilv\u0113kus interes\u0113s tas, ko esmu uzrakst\u012bjis. Ja cilv\u0113kus neinteres\u0113s tas cilv\u0113ks, tad cilv\u0113kus ar\u012b neinteres\u0113s tas, ko esmu uzrakst\u012bjis&#8230; . <\/p>\n\n\n\n<p style=\"font-size:25px\" class=\"has-text-color has-background has-very-light-gray-color has-vivid-red-background-color\">L. Granti\u0146a viedoklis<\/p>\n\n\n\n<p style=\"font-size:15px\" class=\"has-background has-very-light-gray-background-color\">Kad<strong> NEATKAR\u012aGAJ\u0100 <\/strong>izlas\u012bju augst\u0101k min\u0113to rakstu, kur\u0101 vi\u0146\u0161 visam p\u0101ri min tikai finansi\u0101lo izdev\u012bgumu, man rad\u0101s neizsak\u0101ms pret\u012bgums pret \u0161o viepli ! Izr\u0101d\u0101s, vi\u0146\u0161 to nedara <strong>Paties\u012bbas<\/strong>, bet naudas d\u0113\u013c- <strong>kas ir s\u0101tanisma darba instruments<\/strong>. Tas noz\u012bm\u0113, ka vi\u0146am cilv\u0113ka un tautas liktenis ir izsak\u0101ms<strong> NAUDAS DAUDZUM\u0100 <\/strong>! K\u0101 redzam no<strong> AP<\/strong> koment\u0101ra, tad vi\u0146am tie\u0161i tas pats<strong> &#8220;iekritis ac\u012bs&#8221; <\/strong>!<\/p>\n\n\n\n<p class=\"has-background has-medium-font-size has-cyan-bluish-gray-background-color\">Un pamaz\u0101m jau ar\u012b uzpel inform\u0101cija par \u0161o di\u017eo c\u012bn\u012bt\u0101ju:<\/p>\n\n\n\n<figure class=\"wp-block-image size-large\"><img decoding=\"async\" loading=\"lazy\" width=\"645\" height=\"817\" src=\"https:\/\/tautastribunals.eu\/wp-content\/uploads\/2020\/07\/Lato-Lapsa.Granti\u0146\u0101.Pried\u012btis.LRTT_.png\" alt=\"\" class=\"wp-image-56833\"\/><\/figure>\n\n\n\n<p class=\"has-text-color has-background has-medium-font-size has-very-light-gray-color has-very-dark-gray-background-color\"><a href=\"http:\/\/artursprieditis.lv\">Arturs Pried\u012btis<\/a> sagt: <a href=\"https:\/\/tautastribunals.eu\/?p=56788#comment-72802\">2020. gada 18. Juli um 16.33&nbsp;Uhr <\/a><a href=\"https:\/\/tautastribunals.eu\/wp-admin\/comment.php?action=editcomment&amp;c=72802\">(Bearbeiten)<\/a><\/p>\n\n\n\n<p style=\"font-size:14px\" class=\"has-background has-cyan-bluish-gray-background-color\">Paldies par \u013coti operat\u012bvo teksta public\u0113\u0161anu! Da\u017ei paskaidrojumi: 1) \u201ePietiek\u201c nedodu darbus no \u0161.g. maija s\u0101kuma; darbi tiek ievietoti blogos un par to inform\u0113jot \u201eFacebook\u201c kont\u0101, apmekl\u0113t\u0101ju skaits sniedzas da\u017ereiz t\u016bksto\u0161os, un visi ir norm\u0101li cilv\u0113ki ar konstrukt\u012bviem koment\u0101riem; 2) par Lapsu un Levitu eksist\u0113 t\u0101ds mans viedoklis: Tas, ka E.Levits nav piem\u0113rots valsts prezidenta darbam, \u0161aubas nerada. T\u0101da secin\u0101juma pamat\u0101 ir konstat\u0113t\u0101 vi\u0146a profesion\u0101l\u0101 nekompetence un mor\u0101li psiholo\u0123isk\u0101s \u012bpa\u0161\u012bbas, kuras nek\u0101di nav savienojamas ar pras\u012bb\u0101m valsts visaugst\u0101kajai amatpersonai. Levita atbilst\u012bba vai neatbilst\u012bba ir j\u0101v\u0113rt\u0113 saska\u0146\u0101 ar vi\u0146a cilv\u0113cisko piem\u0113rot\u012bbu, bet nevis bezpr\u0101t\u012bgi j\u0101pak\u013caujas viena izteikti negod\u012bga tipa aizs\u0101ktajai tendenciozajai<span class=\"has-inline-color has-vivid-red-color\"> <strong>nomelno\u0161anas kampa\u0146ai savt\u012bg\u0101 komerci\u0101l\u0101 form\u0101<\/strong><\/span>; noteikti ir nepiecie\u0161ams Levita un Lapsas sal\u012bdzin\u0101jums. Ta\u010du es to nesp\u0113ju veikt. Nesp\u0113ju veikt t\u0101p\u0113c, ka nezinu k\u0101diem v\u0101rdiem raksturot Lapsu. Tie v\u0101rdi, kuri der\u0113tu Levita raksturojum\u0101, nek\u0101d\u0101 zi\u0146\u0101 neder Lapsas raksturojum\u0101. Levitam der cilv\u0113kam adres\u0113ti v\u0101rdi. Lapsam neder cilv\u0113kam adres\u0113ti v\u0101rdi, jo n\u0101kas fiks\u0113t kaut ko t\u0101du, kas nek\u0101d\u0101 zi\u0146\u0101 nav saist\u0101ms ar cilv\u0113ku, cilv\u0113c\u012bbu. T\u0101p\u0113c es nezinu Lapsas portretam vajadz\u012bgos v\u0101rdus. Zinu tikai cilv\u0113kam adres\u0113jamus v\u0101rdus. Lapsam piem\u0113rojamus v\u0101rdus nezinu un j\u016btu, ka nekad nezin\u0101\u0161u. 3) neuzskatu par ienaidnieku to, kur\u0161 sav\u0101 bezsp\u0113c\u012bb\u0101 kait\u0113t man s\u0101k pazemojo\u0161i iztur\u0113ties pret manu sievu; tam ir j\u0101b\u016bt cits \u201estatuss\u201c.<\/p>\n\n\n\n<p>19.07.20<\/p>\n","protected":false},"excerpt":{"rendered":"<p>&#8220;Rakst\u012bt mani mudina nauda,&#8221;saka Lato(atv\u0113rt) ! Kas j\u016bs pamudin\u0101ja rakst\u012bt gr\u0101matu tie\u0161i par Egilu Levitu? Kas attiecas uz t\u0101 sauktaj\u0101m politiskaj\u0101m gr\u0101mat\u0101m, tad pamudin\u0101jums ir viens &#8211; ir nepiecie\u0161ams cilv\u0113ks vai notikums, kas b\u016btu&#46;&#46;&#46;<\/p>\n","protected":false},"author":1,"featured_media":0,"comment_status":"open","ping_status":"open","sticky":false,"template":"","format":"standard","meta":[],"categories":[1],"tags":[],"_links":{"self":[{"href":"https:\/\/tautastribunals.eu\/index.php?rest_route=\/wp\/v2\/posts\/56799"}],"collection":[{"href":"https:\/\/tautastribunals.eu\/index.php?rest_route=\/wp\/v2\/posts"}],"about":[{"href":"https:\/\/tautastribunals.eu\/index.php?rest_route=\/wp\/v2\/types\/post"}],"author":[{"embeddable":true,"href":"https:\/\/tautastribunals.eu\/index.php?rest_route=\/wp\/v2\/users\/1"}],"replies":[{"embeddable":true,"href":"https:\/\/tautastribunals.eu\/index.php?rest_route=%2Fwp%2Fv2%2Fcomments&post=56799"}],"version-history":[{"count":24,"href":"https:\/\/tautastribunals.eu\/index.php?rest_route=\/wp\/v2\/posts\/56799\/revisions"}],"predecessor-version":[{"id":56836,"href":"https:\/\/tautastribunals.eu\/index.php?rest_route=\/wp\/v2\/posts\/56799\/revisions\/56836"}],"wp:attachment":[{"href":"https:\/\/tautastribunals.eu\/index.php?rest_route=%2Fwp%2Fv2%2Fmedia&parent=56799"}],"wp:term":[{"taxonomy":"category","embeddable":true,"href":"https:\/\/tautastribunals.eu\/index.php?rest_route=%2Fwp%2Fv2%2Fcategories&post=56799"},{"taxonomy":"post_tag","embeddable":true,"href":"https:\/\/tautastribunals.eu\/index.php?rest_route=%2Fwp%2Fv2%2Ftags&post=56799"}],"curies":[{"name":"wp","href":"https:\/\/api.w.org\/{rel}","templated":true}]}}