{"id":56781,"date":"2020-07-20T07:08:50","date_gmt":"2020-07-20T04:08:50","guid":{"rendered":"https:\/\/tautastribunals.eu\/?p=56781"},"modified":"2020-07-20T07:11:19","modified_gmt":"2020-07-20T04:11:19","slug":"lasitajs-kad-viltvardis-keras-pie-salmina","status":"publish","type":"post","link":"https:\/\/tautastribunals.eu\/?p=56781","title":{"rendered":"Las\u012bt\u0101js: Kad Viltv\u0101rdis &#8220;\u0137eras pie salmi\u0146a&#8221; !"},"content":{"rendered":"\n<figure class=\"wp-block-image size-large\"><img decoding=\"async\" loading=\"lazy\" width=\"800\" height=\"112\" src=\"https:\/\/tautastribunals.eu\/wp-content\/uploads\/2019\/10\/www.tautastribunals.eu-12-5-800x112.png\" alt=\"\" class=\"wp-image-53522\" srcset=\"https:\/\/tautastribunals.eu\/wp-content\/uploads\/2019\/10\/www.tautastribunals.eu-12-5-800x112.png 800w, https:\/\/tautastribunals.eu\/wp-content\/uploads\/2019\/10\/www.tautastribunals.eu-12-5-300x42.png 300w, https:\/\/tautastribunals.eu\/wp-content\/uploads\/2019\/10\/www.tautastribunals.eu-12-5-768x108.png 768w, https:\/\/tautastribunals.eu\/wp-content\/uploads\/2019\/10\/www.tautastribunals.eu-12-5.png 950w\" sizes=\"(max-width: 800px) 100vw, 800px\" \/><figcaption><span style=\"color:#239068\" class=\"has-inline-color\"><strong>L<\/strong><\/span><span style=\"color:#2a6751\" class=\"has-inline-color\"><strong>RTT:<\/strong> Tik tie\u0161\u0101m, <strong>Viltv\u0101r\u017ea<\/strong><em>(N\u0100CIJAS F\u0100TERA) <\/em>ciemo\u0161an\u0101s pie noziedznieka <strong>R. Bunkas<\/strong>, ir uzskat\u0101ma par<strong> \u201ecer\u012bbas\u201c<\/strong> p\u0113d\u0113jo salmi\u0146u, ar kura pal\u012bdz\u012bbu sl\u012bkonis cer v\u0113l pagl\u0101bt savu dz\u012bv\u012bbu<em>(godu)<\/em> !!!<\/span><\/figcaption><\/figure>\n\n\n\n<p style=\"font-size:15px\" class=\"has-background has-very-light-gray-background-color\">Kad \u0113ter\u0101 lab\u0101 ang\u013cu valod\u0101 s\u0101k skan\u0113t jaun\u0101s paaudzes latvie\u0161u juristu balsis, kas atmasko <strong>Egilu Levitu, <\/strong>kura v\u0101rds tagad ir <strong>Viltv\u0101rdis<\/strong>, un vi\u0146a b\u012bd\u012bt\u0101jus, tad s\u0101k brukt \u010dekistu un vi\u0146u b\u0113rni\u0146u rad\u012bto organiz\u0101ciju <strong>Latvijas Juristu biedr\u012bbas<\/strong> <em>(\u201em\u016b\u017e\u012bgais\u201c prezidents Aivars Borovkovs<\/em>),<strong> Latvijas Juristu apvien\u012bbas <\/strong><em>(\u201em\u016b\u017e\u012bgais\u201c valdes priek\u0161s\u0113d\u0113t\u0101js Rihards Bunka)<\/em> v\u0101rda monopols un l\u012bdz ar to iesp\u0113jas ietekm\u0113t politiskos procesus valst\u012b. <\/p>\n\n\n\n<figure class=\"wp-block-embed-youtube wp-block-embed is-type-video is-provider-youtube wp-embed-aspect-4-3 wp-has-aspect-ratio\"><div class=\"wp-block-embed__wrapper\">\n<iframe loading=\"lazy\" title=\"Tribute to President Trump from Europe, Baltic States, Latvia\" width=\"500\" height=\"375\" src=\"https:\/\/www.youtube.com\/embed\/KIeymap86zU?feature=oembed&#038;wmode=opaque\" frameborder=\"0\" allow=\"accelerometer; autoplay; encrypted-media; gyroscope; picture-in-picture\" allowfullscreen><\/iframe>\n<\/div><\/figure>\n\n\n\n<p style=\"font-size:15px\" class=\"has-background has-very-light-gray-background-color\">Paklausoties jurista <strong>J\u0101\u0146a P\u013cavi\u0146a<\/strong> uzst\u0101\u0161anos, var redz\u0113t, ka vi\u0146\u0161 ir galvas tiesas stipri p\u0101r\u0101ks par <strong>Augst\u0101k\u0101s tiesas priek\u0161s\u0113d\u0113t\u0101ju<\/strong>, \u010dekas maisos atrasto <strong>Ivaru Bi\u010dkovi\u010du<\/strong> (<em>tagad Aigaru Strupi\u0161u<\/em>), \u0123ener\u0101lprokuroru <strong>\u0112riku Kalnmeieru <\/strong><em>(mel\u012bg\u0101s Solvitas \u0100bolti\u0146as cilv\u0113ku Juri Stuk\u0101nu),<\/em><strong> Satversmes aizsardz\u012bbas biroja direktoru J\u0101ni Maiz\u012bti<\/strong>,<strong> Valsts dro\u0161\u012bbas dienesta priek\u0161nieku Normundu Me\u017evietu<\/strong> un t\u0101 t\u0101l\u0101k un t\u0101 joproj\u0101m. <\/p>\n\n\n\n<figure class=\"wp-block-image size-large\"><img decoding=\"async\" loading=\"lazy\" width=\"875\" height=\"337\" src=\"https:\/\/tautastribunals.eu\/wp-content\/uploads\/2020\/07\/grafik-8.png\" alt=\"\" class=\"wp-image-56785\"\/><figcaption><strong><span style=\"color:#df2323\" class=\"has-inline-color\">Krimin\u0101lelements !<\/span><\/strong><\/figcaption><\/figure>\n\n\n\n<p style=\"font-size:15px\" class=\"has-background has-very-light-gray-background-color\">Ne pa velti bija tiku\u0161ies <strong>Egils Levits<\/strong> un \u010dekista <strong>Ivara Godma\u0146a<\/strong> drauga <strong>\u010dekista Andra Bunkas d\u0113lu Rihardu Bunku.<\/strong> <strong>Rihardam Bunkam<\/strong> interes\u0113 dz\u012bvot k\u0101 nierei taukos jeb, citiem v\u0101rdiem run\u0101jot, parazit\u0113t uz citu cilv\u0113ku r\u0113\u0137ina.<strong> Jurists J\u0101nis P\u013cavi\u0146\u0161<\/strong> ar saviem citiem domubiedriem juristiem agri vai v\u0113lu n\u0101ks pie varas <strong>Latvij\u0101<\/strong>, un tad visiem <em>borovkoviem, bunk\u0101m, maiz\u012b\u0161iem, kalnmeieriem, me\u017evietiem, bi\u010dkovi\u010diem, stuk\u0101niem, \u0101bolti\u0146am, strupi\u0161iem<\/em> b\u016bs j\u0101atbild par savu l\u012bdzdal\u012bbu pie m\u016bsu valsts nozag\u0161anas un cilv\u0113ku d\u012bvain\u0101m n\u0101v\u0113m<em> (pat ac\u012bm redzam\u0101m pas\u016bt\u012bjuma slepkav\u012bb\u0101m).<\/em><\/p>\n\n\n\n<p class=\"has-text-color has-background has-medium-font-size has-very-light-gray-color has-vivid-red-background-color\">LRTT viedoklis par P\u013cavi\u0146u un &#8220;Main\u0101m Pasauli !&#8221;<\/p>\n\n\n\n<p style=\"font-size:15px\" class=\"has-background has-very-light-gray-background-color\">Nedom\u0101ju, Las\u012bt\u0101j, ka viss ir tik cer\u012bgi, kas attiecas uz <strong>P\u013cavi\u0146u <\/strong>!<\/p>\n\n\n\n<p style=\"font-size:15px\" class=\"has-background has-very-light-gray-background-color\">Ja m\u0113s &#8220;<strong>iemetam aci&#8221;<\/strong> interneta vietn\u0113 &#8220;<strong><a href=\"https:\/\/mainampasauli.news\/\">Main\u0101m pasauli<\/a><\/strong>&#8220;, tad jau no pirm\u0101 mirk\u013ca j\u016btam par k\u0101du <strong>&#8220;pasauli&#8221;<\/strong> ir runa. M\u0113s redzam interviju ar <strong>J\u016bliju Stepa\u0146enko<\/strong>, kura ir okup\u0101cijas partijas: <strong>SASKA\u0145A<\/strong>, p\u0101rst\u0101ve ! Var sac\u012bt, ka t\u0101di pa\u0161i polit- klauni k\u0101 <strong><a href=\"http:\/\/tautasvarasfronte.lv\/\">TAUTAS VARAS FRONTE<\/a> <\/strong>!<\/p>\n\n\n\n<p class=\"has-text-color has-background has-medium-font-size has-very-light-gray-color has-very-dark-gray-background-color\">Kas ir J. Stepa\u0146enko ? L\u016bk: <\/p>\n\n\n\n<p class=\"has-background has-cyan-bluish-gray-background-color\"><a href=\"https:\/\/lv.wikipedia.org\/wiki\/12._Saeimas_v%C4%93l%C4%93%C5%A1anas\">12. Saeimas v\u0113l\u0113\u0161an\u0101s<\/a> 2014. gad\u0101 J. Stepa\u0146enko iev\u0113l\u0113ja <a href=\"https:\/\/lv.wikipedia.org\/wiki\/12._Saeima\">12. Saeim\u0101<\/a> no partijas &#8220;<a href=\"https:\/\/lv.wikipedia.org\/wiki\/Saska%C5%86a\">Saska\u0146a<\/a>&#8221; saraksta, taj\u0101 p\u0101rst\u0101vot sadarb\u012bbas partneri&nbsp;\u2014 partiju &#8220;<a href=\"https:\/\/lv.wikipedia.org\/wiki\/Gods_kalpot_R%C4%ABgai\">Gods kalpot R\u012bgai<\/a>&#8220;. 2018. gada ruden\u012b J. Stepa\u0146enko tika <a href=\"https:\/\/lv.wikipedia.org\/wiki\/13._Saeimas_v%C4%93l%C4%93%C5%A1anas\">iev\u0113l\u0113ta<\/a> ar\u012b <a href=\"https:\/\/lv.wikipedia.org\/wiki\/13._Saeima\">13. Saeim\u0101<\/a> no partijas &#8220;<a href=\"https:\/\/lv.wikipedia.org\/wiki\/Saska%C5%86a\">Saska\u0146a<\/a>&#8221; saraksta, ta\u010du, v\u0113l nes\u0101koties Saeimas darbam, frakcijas &#8220;Saska\u0146a&#8221; vad\u012bba aicin\u0101ja vi\u0146u k\u013c\u016bt par pie frakcij\u0101m nepiedero\u0161u deput\u0101ti, kam J. Stepa\u0146enko piekrita, nosl\u0113dzot \u012bpa\u0161u vieno\u0161anos par turpm\u0101ko sadarb\u012bbu. J. Stepa\u0146enko 13. Saeim\u0101 darbojas Juridiskaj\u0101 komisij\u0101, Eiropas lietu komisij\u0101, Tiesu politikas apak\u0161komisij\u0101 un Krimin\u0101lties\u012bbu politikas apak\u0161komisij\u0101. 2020. gada 21. febru\u0101r\u012b, kop\u0101 ar pieciem citiem partijas biedriem, izst\u0101jusies no partijas &#8220;<a href=\"https:\/\/lv.wikipedia.org\/wiki\/Gods_kalpot_R%C4%ABgai\">Gods kalpot R\u012bgai<\/a>&#8220;.<sup><a href=\"https:\/\/lv.wikipedia.org\/wiki\/J%C5%ABlija_Stepa%C5%86enko#cite_note-4\">[4]<\/a><\/sup><\/p>\n\n\n\n<figure class=\"wp-block-embed-youtube wp-block-embed is-type-video is-provider-youtube wp-embed-aspect-16-9 wp-has-aspect-ratio\"><div class=\"wp-block-embed__wrapper\">\n<iframe loading=\"lazy\" title=\"Liel\u0101 intervija ar Saeimas deput\u0101ti J\u016bliju Stepa\u0146enko\" width=\"500\" height=\"281\" src=\"https:\/\/www.youtube.com\/embed\/BnyZZijJZms?feature=oembed&#038;wmode=opaque\" frameborder=\"0\" allow=\"accelerometer; autoplay; encrypted-media; gyroscope; picture-in-picture\" allowfullscreen><\/iframe>\n<\/div><\/figure>\n\n\n\n<p style=\"font-size:15px\" class=\"has-background has-very-light-gray-background-color\">\u0160ie mums pasauli &#8220;<strong>izmain\u012bs<\/strong>&#8221; t\u0101, ka atkal tiksim transport\u0113ti lopu vagonos uz attiec\u012bgo debess pusi&#8230; .<strong> S\u0101tanistiem valoda vienm\u0113r bijusi salda, god. Las\u012bt\u0101j !<\/strong><\/p>\n\n\n\n<p style=\"font-size:15px\" class=\"has-text-color has-background has-very-dark-gray-color has-very-light-gray-background-color\">Es neb\u016bt neesmu <strong>A. Pried\u012b\u0161a<\/strong> draugs un piekrit\u0113js, bet <strong>Vi\u0146a<\/strong> sac\u012btais par \u0161o, <strong>4. maija kli\u0137es bandu<\/strong>, ir piln\u012bgi pareizs un<span class=\"has-inline-color has-vivid-red-color\"> <a href=\"https:\/\/tautastribunals.eu\/?p=56788\">sac\u012btais par<strong> P\u013cavi\u0146u<\/strong><\/a><strong>, <\/strong><\/span>ir v\u0113r\u0101 \u0146emams ! Vi\u0146a akad\u0113miskais rakst\u012bbas stils ir br\u012b\u017eiem gr\u016bti &#8220;<strong>sagremojams<\/strong>&#8221; un da\u017ereiz izn\u0101k vair\u0101kas reizes p\u0101rlas\u012bt, lai to izprastu&#8230; tikai nepie\u0146emams tas, ka Vi\u0146\u0161 nelie\u0161u vainu da\u017ek\u0101rt nove\u013c uz \u0161o pa\u0161u nelie\u0161u nozomb\u0113to latvie\u0161u tautu&#8230;, bet varb\u016bt ar laiku saprat\u012bs&#8230;, jo beidzot ar\u012b ir sapratis, kas ir<strong> Lato Lapsa<\/strong> ?! <\/p>\n\n\n\n<p style=\"font-size:15px\" class=\"has-text-color has-background has-very-dark-gray-color has-very-light-gray-background-color\">Ja <strong>A. Pried\u012btis<\/strong> v\u0113las \u0161eit public\u0113ties, es Vi\u0146u neatraid\u012b\u0161u&#8230;, jo Vi\u0146a teiktais satur turpat vai 100%t\u012bgu <strong>Paties\u012bbu<\/strong>, kas attiecas uz <strong>Latvij\u0101<\/strong> valdo\u0161o nelie\u0161u bandu ! Atceros, cik prec\u012bzi Vi\u0146\u0161 uzrakst\u012bja par manu arestu pirms pieciem gadiem&#8230;, es apzin\u0101ti aizbraucu<strong> &#8220;provok\u0101cijas&#8221;<\/strong> nol\u016bkos, lai visiem par\u0101d\u012btu <strong>4. maija bandas<\/strong> \u012bsto seju. <strong>A. Pried\u012btis<\/strong> tie\u0161i t\u0101 to bija ar\u012b sapratis un ari to t\u0101 uzrakst\u012bja&#8230; . <\/p>\n\n\n\n<p><\/p>\n\n\n\n<div class=\"wp-block-image\"><figure class=\"alignright size-large\"><img decoding=\"async\" loading=\"lazy\" width=\"849\" height=\"399\" src=\"https:\/\/tautastribunals.eu\/wp-content\/uploads\/2020\/07\/KozlovskisMaiz\u012btisMe\u017evietsRasna\u010dsKalnmeiersGranti\u0146\u0161LRTT.png\" alt=\"\" class=\"wp-image-56823\"\/><figcaption><strong><span class=\"has-inline-color has-vivid-red-color\">FOTO: \u0160o nelie\u0161u vieta nav starp cilv\u0113kiem !<\/span><\/strong><\/figcaption><\/figure><\/div>\n\n\n\n<p style=\"font-size:15px\" class=\"has-text-color has-background has-very-dark-gray-color has-very-light-gray-background-color\">Piebild\u012b\u0161u: arestam biju sagatavojies, bet, ka tas notiks <strong>tik asi\u0146aini,<\/strong> man pat \u013caun\u0101kajos murgos nevar\u0113ja ien\u0101kt pr\u0101t\u0101, jo, k\u0101 tagad zin\u0101ms, mani bija paredz\u0113ts me\u017ea mas\u012bv\u0101, ce\u013c\u0101 pie<strong> Laimo\u0146a Pura<\/strong>, kop\u0101 ar sievu &#8220;<strong>likvid\u0113t<\/strong>&#8220;&#8230; .<\/p>\n\n\n\n<p>20.07.20<\/p>\n","protected":false},"excerpt":{"rendered":"<p>Kad \u0113ter\u0101 lab\u0101 ang\u013cu valod\u0101 s\u0101k skan\u0113t jaun\u0101s paaudzes latvie\u0161u juristu balsis, kas atmasko Egilu Levitu, kura v\u0101rds tagad ir Viltv\u0101rdis, un vi\u0146a b\u012bd\u012bt\u0101jus, tad s\u0101k brukt \u010dekistu un vi\u0146u b\u0113rni\u0146u rad\u012bto organiz\u0101ciju Latvijas&#46;&#46;&#46;<\/p>\n","protected":false},"author":1,"featured_media":0,"comment_status":"open","ping_status":"open","sticky":false,"template":"","format":"standard","meta":[],"categories":[1],"tags":[],"_links":{"self":[{"href":"https:\/\/tautastribunals.eu\/index.php?rest_route=\/wp\/v2\/posts\/56781"}],"collection":[{"href":"https:\/\/tautastribunals.eu\/index.php?rest_route=\/wp\/v2\/posts"}],"about":[{"href":"https:\/\/tautastribunals.eu\/index.php?rest_route=\/wp\/v2\/types\/post"}],"author":[{"embeddable":true,"href":"https:\/\/tautastribunals.eu\/index.php?rest_route=\/wp\/v2\/users\/1"}],"replies":[{"embeddable":true,"href":"https:\/\/tautastribunals.eu\/index.php?rest_route=%2Fwp%2Fv2%2Fcomments&post=56781"}],"version-history":[{"count":18,"href":"https:\/\/tautastribunals.eu\/index.php?rest_route=\/wp\/v2\/posts\/56781\/revisions"}],"predecessor-version":[{"id":56839,"href":"https:\/\/tautastribunals.eu\/index.php?rest_route=\/wp\/v2\/posts\/56781\/revisions\/56839"}],"wp:attachment":[{"href":"https:\/\/tautastribunals.eu\/index.php?rest_route=%2Fwp%2Fv2%2Fmedia&parent=56781"}],"wp:term":[{"taxonomy":"category","embeddable":true,"href":"https:\/\/tautastribunals.eu\/index.php?rest_route=%2Fwp%2Fv2%2Fcategories&post=56781"},{"taxonomy":"post_tag","embeddable":true,"href":"https:\/\/tautastribunals.eu\/index.php?rest_route=%2Fwp%2Fv2%2Ftags&post=56781"}],"curies":[{"name":"wp","href":"https:\/\/api.w.org\/{rel}","templated":true}]}}