{"id":56763,"date":"2020-07-18T11:55:32","date_gmt":"2020-07-18T08:55:32","guid":{"rendered":"https:\/\/tautastribunals.eu\/?p=56763"},"modified":"2020-07-18T11:55:32","modified_gmt":"2020-07-18T08:55:32","slug":"jana-plavina-pazinojums-ir-labs","status":"publish","type":"post","link":"https:\/\/tautastribunals.eu\/?p=56763","title":{"rendered":"J\u0101\u0146a P\u013cavi\u0146a pazi\u0146ojums ir labs !"},"content":{"rendered":"\n<p><\/p>\n\n\n\n<figure class=\"wp-block-image size-large\"><img decoding=\"async\" loading=\"lazy\" width=\"800\" height=\"116\" src=\"https:\/\/tautastribunals.eu\/wp-content\/uploads\/2020\/05\/L.Granti\u0146\u0161.J.Z\u012bvertsBord\u0101nsBut\u0101nsLRTT-1-800x116.png\" alt=\"\" class=\"wp-image-55995\" srcset=\"https:\/\/tautastribunals.eu\/wp-content\/uploads\/2020\/05\/L.Granti\u0146\u0161.J.Z\u012bvertsBord\u0101nsBut\u0101nsLRTT-1-800x116.png 800w, https:\/\/tautastribunals.eu\/wp-content\/uploads\/2020\/05\/L.Granti\u0146\u0161.J.Z\u012bvertsBord\u0101nsBut\u0101nsLRTT-1-300x44.png 300w, https:\/\/tautastribunals.eu\/wp-content\/uploads\/2020\/05\/L.Granti\u0146\u0161.J.Z\u012bvertsBord\u0101nsBut\u0101nsLRTT-1-768x112.png 768w, https:\/\/tautastribunals.eu\/wp-content\/uploads\/2020\/05\/L.Granti\u0146\u0161.J.Z\u012bvertsBord\u0101nsBut\u0101nsLRTT-1.png 1073w\" sizes=\"(max-width: 800px) 100vw, 800px\" \/><\/figure>\n\n\n\n<h1>Pievienojies Latvijas un Baltijas valstu v\u0113st\u012bjumam Trampam<\/h1>\n\n\n\n<h3>J\u0101nis P\u013cavi\u0146\u0161 sav\u0101 <em>Facebook <\/em>profil\u0101 public\u0113jis v\u0113st\u012bjumu ASV prezidentam Donaldam Trampam. Katrs, kur\u0161 v\u0113las ir aicin\u0101ts <a rel=\"noreferrer noopener\" href=\"https:\/\/www.facebook.com\/janis.plavins\/videos\/3326590737391070\" target=\"_blank\">pievienoties \u0161im v\u0113st\u012bjumam<\/a>, ar to daloties. <a rel=\"noreferrer noopener\" href=\"https:\/\/www.facebook.com\/janis.plavins\/videos\/3326590737391070\" target=\"_blank\">To var izdar\u012bt \u0161eit.<\/a><\/h3>\n\n\n\n<figure class=\"wp-block-embed-youtube wp-block-embed is-type-video is-provider-youtube wp-embed-aspect-4-3 wp-has-aspect-ratio\"><div class=\"wp-block-embed__wrapper\">\n<iframe loading=\"lazy\" title=\"Tribute to President Trump from Europe, Baltic States, Latvia\" width=\"500\" height=\"375\" src=\"https:\/\/www.youtube.com\/embed\/KIeymap86zU?feature=oembed&#038;wmode=opaque\" frameborder=\"0\" allow=\"accelerometer; autoplay; encrypted-media; gyroscope; picture-in-picture\" allowfullscreen><\/iframe>\n<\/div><\/figure>\n\n\n\n<p>God\u0101tais prezidenta <em>Donalds J. Trump<\/em> kungs!<br><br>M\u0113s aizraut\u012bgi atbalst\u0101m liel\u0101s p\u0101rmai\u0146as, kuras j\u016bs ienesat pasaul\u0113! M\u0113s augstu v\u0113rt\u0113jam un god\u0101jam j\u016bsu c\u012b\u0146u ar <em>Deep State<\/em> \u2013 neredzamo ienaidnieku. M\u0113s no sirds nov\u0113rt\u0113jam j\u016bsu lielos centienus atgriezt pasauli pie Dieva, atpaka\u013c pie dievi\u0161\u0137aj\u0101m v\u0113rt\u012bb\u0101m, j\u016bsu stingro nost\u0101ju aizst\u0101vot br\u012bv\u012bbu, aizst\u0101vot dz\u012bv\u012bbu un aizsarg\u0101jot b\u0113rnus. Lai ar\u012b tas pagaid\u0101m nav redzams visiem \u2013 m\u0113s atz\u012bstam un augstu v\u0113rt\u0113jam j\u016bsu drosm\u012bgos centienus. M\u0113s priec\u0101jamies, ka esat atzin\u012bgi nov\u0113rt\u0113jis arhib\u012bskapa Karlo Marijas Vigano v\u0113stuli. M\u0113s ar lielu apbr\u012bnu v\u0113rojam, k\u0101 j\u016bs Baltaj\u0101 nam\u0101 sveicat Polijas prezidentu Duda kungu. Mums ir vien\u0101das v\u0113rt\u012bbas, viens redz\u0113jums.<\/p>\n\n\n\n<p>M\u016bsu valsts \u2013 Latvija \u0123eogr\u0101fiski atrodas tuvu Polijai, tom\u0113r t\u0101 atrodas dzi\u013ci Neredzam\u0101 ienaidnieka purv\u0101. Latvijas prezidents \u2013 ir biju\u0161ais Sorosa fonda izpildinstit\u016bcijas loceklis, Sorosa rokaspuisis. P\u0113c tikko izdot\u0101s gr\u0101matas, kur\u0101 Latvijas prezidentu atmaskoja slavens izmekl\u0113jo\u0161ais \u017eurn\u0101lists, m\u0113s tagad saucam savu prezidentu \u2013 Viltv\u0101rdi \u2013 atbilsto\u0161i gr\u0101matas nosaukumam. Vi\u0146\u0161 meloja par savu pag\u0101tni, par pilson\u012bbu, par izgl\u012bt\u012bbu, par vec\u0101kiem un sen\u010diem. Demokr\u0101tisk\u0101s valst\u012bs prezidenti atk\u0101pjas, kad vi\u0146us pie\u0137er tik lielos melos.<\/p>\n\n\n\n<blockquote class=\"wp-block-quote has-text-align-center\"><p><strong>Bet Latvija ir cit\u0101di, jo kli\u0137e vi\u0146u aizsarg\u0101. Latvijas viltus mediji nekad neuzdod Viltv\u0101rdim ne\u0113rtus jaut\u0101jumus.<\/strong><\/p><\/blockquote>\n\n\n\n<p>Un vi\u0146\u0161 nav vien\u012bgais. Citi m\u016bsu prezidenti tik\u0101s ar Sorosu viesn\u012bc\u0101s \u0101rzem\u0113s, sp\u0113l\u0113ja tenisu un pat pie\u0161\u0137\u012bra vi\u0146am augst\u0101ko valsts apbalvojumu 2005. gad\u0101.<\/p>\n\n\n\n<figure class=\"wp-block-image size-large is-resized\"><img decoding=\"async\" loading=\"lazy\" src=\"https:\/\/tautastribunals.eu\/wp-content\/uploads\/2020\/07\/grafik-7.png\" alt=\"\" class=\"wp-image-56767\" width=\"660\" height=\"353\"\/><figcaption><strong><span class=\"has-inline-color has-vivid-red-color\">FOTO: <\/span><\/strong><em><span class=\"has-inline-color has-vivid-cyan-blue-color\"><strong>Viltvardis<\/strong>(N\u0100CIJAS T\u0112VS- KREM\u013bA KURMIS) ar komunistu<strong> Jundzi<\/strong>, kur\u0161 savu t\u0113vu, kas bija priesteris, neielaida sav\u0101 m\u0101j\u0101. <strong>Jundzis <\/strong>bija lielo<strong> Latvijas r\u016bpn\u012bcu likvidators<\/strong>, kur\u0161 str\u0101d\u0101ja un str\u0101d\u0101 v\u0113l \u0161odien<strong> cionistu uzdevum\u0101<\/strong> !<\/span><\/em><\/figcaption><\/figure>\n\n\n\n<p>Soross p\u0101rvalda Latviju kop\u0161 1990. gada s\u0101kuma un ir ieguld\u012bjis vair\u0101k nek\u0101 100 miljonus dol\u0101ru, lai virz\u012btu savu dienask\u0101rt\u012bbu par genderismu, netikum\u012bbas izplat\u012b\u0161anu, viltus demokr\u0101tiju un par\u0101du verdz\u012bbas programmu un, pats galvenais, lai nostiprin\u0101tu savu politisko ietekmi. Visas pie varas eso\u0161\u0101s Latvijas politisk\u0101s partijas ir vi\u0146a kabat\u0101. M\u016bsu viet\u0113jais purvs Sorosa rokaspui\u0161u p\u0101rvald\u012bts pat Latvij\u0101 m\u0113\u0123in\u0101ja izvirz\u012bt rasismu k\u0101 probl\u0113mu. Tas beidz\u0101s \u013coti neveiksm\u012bgi, jo var paiet pat m\u0113ne\u0161i, lai m\u016bsu valst\u012b atrastu kaut vienu meln\u0101dainu cilv\u0113ku. M\u0113s ar liel\u0101m ba\u017e\u0101m v\u0113rojam Baidena bandu \u2013 <em>Black Lives Matter, Antifa<\/em> u.c., kas m\u0113\u0123ina demont\u0113t v\u0113sturi, kult\u016bru un izrais\u012bt haosu ASV. M\u0113s apzin\u0101mies, ka paties\u012bb\u0101 \u0161\u012b ir tikai vi\u0146u p\u0113d\u0113jie agonijas izmisuma centieni, zaud\u0113jot varu un ietekmi.<\/p>\n\n\n\n<p>M\u016bsu \u0101rlietu ministrs nos\u016bt\u012bja 100 000 eiro no m\u016bsu nodok\u013cu maks\u0101t\u0101ju naudas uz Pasaules Vesel\u012bbas organiz\u0101ciju \u2013 jau n\u0101kamaj\u0101 dien\u0101, kad j\u016bs pazi\u0146ojat, ka samazin\u0101sit t\u0101s finans\u0113jumu. M\u0113s esam p\u0101rliecin\u0101ti, ka diena ir tuvu, kad ar\u012b Latvija pamet\u012bs PVO.<br><br>M\u016bsu valst\u012b tiek pie\u013cauta Covid-19 miru\u0161o statistikas izkrop\u013co\u0161ana, cen\u0161oties palielin\u0101t bailes, tiek pie\u0146emti jauni ierobe\u017eojumi, cen\u0161oties novest l\u012bdz bankrotam mazos uz\u0146\u0113mumus un joproj\u0101m izvairoties aptur\u0113t dramatisko iedz\u012bvot\u0101ju skaita samazin\u0101\u0161anos. Latvija ir visstrauj\u0101k izz\u016bdo\u0161\u0101 tauta Eirop\u0101. Ac\u012bmredzot p\u0113d\u0113jo 30 gadu laik\u0101 \u0161eit pie varas eso\u0161o <em>Deep State<\/em> p\u0101rst\u0101vju galvenais m\u0113r\u0137is bija iedz\u012bvot\u0101ju skaita samazin\u0101\u0161ana. Tas tiek dar\u012bts sistem\u0101tiski, jo nodok\u013cu slogs, kas noteikts vid\u0113jai algai, ir \u0101rk\u0101rt\u012bgi augsts \u2013 l\u012bdz 80%, ieskaitot 21% nodokli p\u0101rtikas prec\u0113m. Ja tas nav m\u016bsdienu verdz\u012bbas veids, kas tad tas ir?<\/p>\n\n\n\n<blockquote class=\"wp-block-quote has-text-align-center\"><p><strong>P\u0113d\u0113j\u0101 desmitgad\u0113 m\u0113s esam zaud\u0113ju\u0161i vienu tre\u0161da\u013cu iedz\u012bvot\u0101ju. Tik mazai valstij k\u0101 Latvijai ar iedz\u012bvot\u0101ju skaitu nepilni 2 miljoni \u2013 \u0161\u012b nav statistika, tas ir eksistences jaut\u0101jums.<\/strong><\/p><\/blockquote>\n\n\n\n<p>C\u012b\u0146a pret <em>purvu <\/em>neattiecas tikai uz k\u0101du atsevi\u0161\u0137u valsti, t\u0101 ir c\u012b\u0146a starp gaismu un tumsu vis\u0101 pasaul\u0113, un, pateicoties Dieva \u017e\u0113last\u012bbai, j\u016bs esat dz\u012bvojo\u0161\u0101 le\u0123enda, kur\u0161 vada \u0161o c\u012b\u0146u. Katr\u0101 zemes nost\u016br\u012b ir j\u0101b\u016bt atbalstam, lai nocirstu visas \u0161\u012b tum\u0161\u0101 purva p\u016b\u0137a galvas. M\u0113s, Latvijas cilv\u0113ki, redzam kop\u0113jo ainu, redzam, ka neredzamais ienaidnieks katru dienu k\u013c\u016bst arvien paman\u0101m\u0101ks un zaud\u0113 savu sp\u0113ku, m\u0113s atz\u012bstam j\u016bsu milz\u012bgos centienus un esam gatavi sniegt maksim\u0101lu atbalstu.<br><br>M\u0113s ar prieku k\u013c\u016btu par j\u016bsu starptautisk\u0101 t\u012bkla un komandas da\u013cu, ja jums m\u016bsu pal\u012bdz\u012bba \u0161\u0137istu noder\u012bga. M\u0113s br\u012bvpr\u0101t\u012bgi dar\u0101m daudz, lai inform\u0113tu cilv\u0113kus un veicin\u0101tu izpratni par m\u016bsdienu pasaules re\u0101lajiem notikumiem un izaicin\u0101jumiem. Nesen m\u0113s bij\u0101m spiesti izveidot pavisam jaunu zi\u0146u vietni k\u0101 vien\u012bgo iesp\u0113ju public\u0113t pret\u0113ju viedokli, sk. Mainampasuli.news (tansl .: main\u012bt pasauli.jaunumi). \u0160\u012b ir vien\u012bg\u0101 (skaitot <em>mainstream <\/em>vietnes) zi\u0146u vietne latvie\u0161u valod\u0101, kas atbalsta j\u016bs k\u0101 prezidentu un public\u0113 j\u016bsu teikto. Visi citi pla\u0161sazi\u0146as l\u012bdzek\u013cu kan\u0101li nekad nepublic\u0113s nevienu pozit\u012bvu zi\u0146u, iz\u0146emot <em>Deep State<\/em> darba k\u0101rt\u012bbu. L\u016bdzu, piev\u0113rsiet uzman\u012bbu savam nesen ieceltajam v\u0113stniekam Latvij\u0101 D\u017eonam Karvailam, kur\u0161 v\u0113stniec\u012bb\u0101 izkar LGBT karogu ASV karoga viet\u0101 un sav\u0101 2. j\u016blija run\u0101 st\u0101sta, ka \u201cpasaulei j\u0101iedvesmo re\u0101la r\u012bc\u012bba pret rasismu\u201d.<br><br>Lai Dievs J\u016bs sv\u0113t\u012b!<br><br>Ar visliel\u0101ko cie\u0146u,<br>J\u0101nis P\u013cavi\u0146\u0161<br>Latvijas pilsonis<\/p>\n\n\n\n<p>18.07.20<\/p>\n","protected":false},"excerpt":{"rendered":"<p>Pievienojies Latvijas un Baltijas valstu v\u0113st\u012bjumam Trampam J\u0101nis P\u013cavi\u0146\u0161 sav\u0101 Facebook profil\u0101 public\u0113jis v\u0113st\u012bjumu ASV prezidentam Donaldam Trampam. Katrs, kur\u0161 v\u0113las ir aicin\u0101ts pievienoties \u0161im v\u0113st\u012bjumam, ar to daloties. To var izdar\u012bt \u0161eit. God\u0101tais&#46;&#46;&#46;<\/p>\n","protected":false},"author":1,"featured_media":0,"comment_status":"open","ping_status":"open","sticky":false,"template":"","format":"standard","meta":[],"categories":[1],"tags":[],"_links":{"self":[{"href":"https:\/\/tautastribunals.eu\/index.php?rest_route=\/wp\/v2\/posts\/56763"}],"collection":[{"href":"https:\/\/tautastribunals.eu\/index.php?rest_route=\/wp\/v2\/posts"}],"about":[{"href":"https:\/\/tautastribunals.eu\/index.php?rest_route=\/wp\/v2\/types\/post"}],"author":[{"embeddable":true,"href":"https:\/\/tautastribunals.eu\/index.php?rest_route=\/wp\/v2\/users\/1"}],"replies":[{"embeddable":true,"href":"https:\/\/tautastribunals.eu\/index.php?rest_route=%2Fwp%2Fv2%2Fcomments&post=56763"}],"version-history":[{"count":6,"href":"https:\/\/tautastribunals.eu\/index.php?rest_route=\/wp\/v2\/posts\/56763\/revisions"}],"predecessor-version":[{"id":56770,"href":"https:\/\/tautastribunals.eu\/index.php?rest_route=\/wp\/v2\/posts\/56763\/revisions\/56770"}],"wp:attachment":[{"href":"https:\/\/tautastribunals.eu\/index.php?rest_route=%2Fwp%2Fv2%2Fmedia&parent=56763"}],"wp:term":[{"taxonomy":"category","embeddable":true,"href":"https:\/\/tautastribunals.eu\/index.php?rest_route=%2Fwp%2Fv2%2Fcategories&post=56763"},{"taxonomy":"post_tag","embeddable":true,"href":"https:\/\/tautastribunals.eu\/index.php?rest_route=%2Fwp%2Fv2%2Ftags&post=56763"}],"curies":[{"name":"wp","href":"https:\/\/api.w.org\/{rel}","templated":true}]}}