{"id":56751,"date":"2020-07-16T06:11:27","date_gmt":"2020-07-16T03:11:27","guid":{"rendered":"https:\/\/tautastribunals.eu\/?p=56751"},"modified":"2020-07-16T06:11:27","modified_gmt":"2020-07-16T03:11:27","slug":"lpsr-spermas-produkti-konsolidejas","status":"publish","type":"post","link":"https:\/\/tautastribunals.eu\/?p=56751","title":{"rendered":"LPSR spermas produkti konsolid\u0113jas"},"content":{"rendered":"\n<figure class=\"wp-block-image size-large\"><img decoding=\"async\" loading=\"lazy\" width=\"800\" height=\"112\" src=\"https:\/\/tautastribunals.eu\/wp-content\/uploads\/2019\/11\/www.tautastribunals.eu-12-800x112.png\" alt=\"\" class=\"wp-image-53856\" srcset=\"https:\/\/tautastribunals.eu\/wp-content\/uploads\/2019\/11\/www.tautastribunals.eu-12-800x112.png 800w, https:\/\/tautastribunals.eu\/wp-content\/uploads\/2019\/11\/www.tautastribunals.eu-12-300x42.png 300w, https:\/\/tautastribunals.eu\/wp-content\/uploads\/2019\/11\/www.tautastribunals.eu-12-768x108.png 768w, https:\/\/tautastribunals.eu\/wp-content\/uploads\/2019\/11\/www.tautastribunals.eu-12.png 950w\" sizes=\"(max-width: 800px) 100vw, 800px\" \/><\/figure>\n\n\n\n<figure class=\"wp-block-image size-large\"><img decoding=\"async\" loading=\"lazy\" width=\"808\" height=\"334\" src=\"https:\/\/tautastribunals.eu\/wp-content\/uploads\/2020\/07\/Rihards-Bunka.Egils-Levits.L.Granti\u0146\u0161.J.Bord\u0101ns.LRTT_.png\" alt=\"\" class=\"wp-image-56752\"\/><\/figure>\n\n\n\n<p class=\"has-text-color has-background has-very-light-gray-color has-vivid-red-background-color\"><strong>Valsts prezidents 7.j\u016blij\u0101<\/strong> tik\u0101s ar <strong>Latvijas juristu apvien\u012bbas p\u0101rst\u0101vjiem,<\/strong> p\u0101rrun\u0101jot aktu\u0101los jaut\u0101jumus ties\u012bbu zin\u0101t\u0146u un jurisprudences jaut\u0101jumos. <strong>E.Levits<\/strong> nov\u0113l\u0113ja ar\u012b turpm\u0101k b\u016bt akt\u012bviem nevalstisk\u0101 sektora un m\u016bsdien\u012bgas ties\u012bbu domas att\u012bst\u012bt\u0101jiem <strong>Latvij\u0101. LJA<\/strong> p\u0101rst\u0101v\u0113ja Valdes locekle <strong>Kitija Bite<\/strong>, Sadarb\u012bbas sektora \u0101rvalstu grupas vad\u012bt\u0101js <strong>Kristaps Zari\u0146\u0161<\/strong>, valdes priek\u0161s\u0113d\u0113t\u0101js <strong>Rihards Bunka.<\/strong><\/p>\n\n\n\n<p style=\"font-size:15px\" class=\"has-background has-very-light-gray-background-color\"><strong>\u201cM\u016bsu\u201d<\/strong> prezidents ierodas pie mums tik paz\u012bstam\u0101s <strong>\u201cjuristu\u201d <\/strong>bandas, kura sevi d\u0113v\u0113 par<strong> Latvijas Juristu Apvien\u012bbu ! <\/strong>Nez k\u0101p\u0113c \u0161is noziedznieku per\u0113klis <strong>\u201caizmirsa\u201d<\/strong> nor\u0101d\u012bt, ka p\u0113c ideolo\u0123isk\u0101s b\u016bt\u012bbas t\u0101 ir d\u0113v\u0113jama par <strong>Latvijas PSR Juristu Apvien\u012bbu<\/strong>, kurai ar \u0161odienas <strong>Latviju<\/strong> nav nekas kop\u012bgs ! Un t\u0101, -atk\u0101rtosim \u0161aj\u0101<strong> i- vietne<\/strong> jau daudzk\u0101rt sac\u012bto priek\u0161 tiem, kuri \u0161eit iegriezu\u0161ies pirmo reizi: <strong>Rihards Bunka<\/strong>, kur\u0161 ir nelatviskas izcelsmes<em>(m\u0101te ir Baltkrievijas PSR jebreika- \u010dekas darbiniece, t\u0113vs nav zin\u0101ms, bet pat\u0113vs ir Latvijas PSR \u010dekas pulkvedis Andris Bunka- mongolo\u012bdiska izskata latviec, no kura ar\u012b mantojis latvisko uzv\u0101rdu !)<\/em> pie \u0161\u012bs biedr\u012bbas tika noziedz\u012bg\u0101 ce\u013c\u0101, padzenot t\u0101s dibin\u0101t\u0101ju <strong>M\u0101ri B\u0113rzi\u0146u<\/strong>. <strong>M\u0101ris B\u0113rzi\u0146\u0161<\/strong> \u0161o biedr\u012bbu dibin\u0101ja k\u0101: <strong>LATVIE\u0160U JURISTU BIEDR\u012aBU,<\/strong> bet<strong> Bunka<\/strong>, vilt\u012bgi krimin\u0101l\u0101 veid\u0101 padzenot<strong> B\u0113rzi\u0146u<\/strong>, to p\u0101rkrist\u012bja par <strong>Latvijas Juristu Apvien\u012bbu<\/strong> ! <\/p>\n\n\n\n<p style=\"font-size:15px\" class=\"has-background has-very-light-gray-background-color\"><strong>Levita <\/strong>t\u0113vs bija <strong>Krievijas jebrejs- \u010dekists<\/strong>, bet m\u0101te v\u0101ciete ! Vai ir kas nepareizi pasac\u012bts, ka abi ir \u010dekistu<strong> spermas produkti <\/strong>? K\u0101p\u0113c t\u0101dam <strong>Levitam <\/strong>bija j\u0101lien pie \u0161\u012b slepkavas ? T\u0101p\u0113c, ka vi\u0146us vieno <strong>\u201casins balss\u201d<\/strong> ! Vi\u0146i viens otru atpaz\u012bst jau p\u0113c smakas, saka liel\u0101kie <strong>Gar\u012bg\u0101s pasaules saprat\u0113ji<\/strong>. <\/p>\n\n\n\n<p style=\"font-size:15px\" class=\"has-background has-very-light-gray-background-color\"><strong>R. Bunkas <\/strong>banda pied\u0101v\u0101ja sadarb\u012bbu ar\u012b <strong>Tieslietu Ministram J\u0101nim Bord\u0101nam<\/strong>, bet tas no \u0161\u012bs sadarb\u012bbas atsac\u012bj\u0101s, kas bija sp\u013c\u0101viens sej\u0101 \u0161ai bandai un pat t\u0101s izn\u012bc\u012bbas draudi. <strong>Rihards Bunka<\/strong> ir latvie\u0161u patriotu un latvie\u0161u biznesme\u0146u slepkav\u012bbu organiz\u0113t\u0101js, bet piesedz\u0113js bija \u0123ener\u0101lprokurors <strong>E. Kalnmeiers. Latvij\u0101 <\/strong>ir notiku\u0161as simtiem slepkav\u012bbas, bet neviens !!! slepkava nav notverts ! <strong>Un ar\u012b nenotvers, jo tie, kuri mekl\u0113 slepkavas, pa\u0161i ir \u0161ie slepkavas !<\/strong> \u0160odien <strong>Bunka <\/strong>cen\u0161as revan\u0161\u0113ties.<strong> R. Bunkas<\/strong> draudz\u012bba ar <strong>E. Levitu <\/strong>ir \u013cauns sign\u0101ls <strong>J\u0101nim Bord\u0101nam<\/strong> ! <strong>R. Bunku, <\/strong>pirms da\u017eiem gadiem par sadisma izpausm\u0113m pret ieslodz\u012btajiem, atlaida no darba cietum\u0101, bet <strong>E. Levitam<\/strong> tagad draud kaunpilna padz\u012b\u0161ana no <strong>LR <\/strong>prezidenta <strong>KR\u0112SLA, <\/strong>iesp\u0113jams, ka pat var sekot arests ! <\/p>\n\n\n\n<p style=\"font-size:15px\" class=\"has-background has-very-light-gray-background-color\">Par <strong>R. Bunkas <\/strong>bandu skarbus v\u0101rdus pasac\u012bja padz\u012bt\u0101 sekret\u0101re <strong>Astr\u012bda Bab\u0101ne: \u201c\u0160obr\u012bd LJA valde ir vis\u0161ausm\u012bg\u0101ko nelie\u0161u sav\u0101rst\u012bjums !\u201d<\/strong> <em><a href=\"https:\/\/tautastribunals.eu\/?p=39910\">(lasi A. Bab\u0101nes liec\u012bbas H- 86)<\/a><\/em><\/p>\n\n\n\n<p style=\"font-size:15px\" class=\"has-text-color has-background has-very-light-gray-color has-very-dark-gray-background-color\">T\u0101tad, 7 j\u016blij\u0101 tik\u0101s divi \u010dekistu kori\u0123\u0113ti latvie\u0161u tautas slepkavas !!!<\/p>\n\n\n\n<p style=\"font-size:15px\" class=\"has-background has-cyan-bluish-gray-background-color\"><strong>LRTT &amp; H- 86 <\/strong>ir piepras\u012bjis <strong>Tieslietu un Iek\u0161lietu ministriem<\/strong> noskaidrot, cik likum\u012bgi ir<strong> Bunkas &amp; Borovkova <\/strong>veidojumi<em><a href=\"https:\/\/tautastribunals.eu\/?p=49663\">(atv\u0113rt)<\/a> <\/em>? <\/p>\n\n\n\n<div class=\"wp-block-image\"><figure class=\"alignleft\"><img decoding=\"async\" loading=\"lazy\" width=\"1104\" height=\"1691\" src=\"https:\/\/tautastribunals.eu\/wp-content\/uploads\/2019\/03\/J.Bord\u0101ns.S.\u0122ir\u0123ens.L.Granti\u0146\u0161.LRTT_.jpg\" alt=\"\" class=\"wp-image-49666\" srcset=\"https:\/\/tautastribunals.eu\/wp-content\/uploads\/2019\/03\/J.Bord\u0101ns.S.\u0122ir\u0123ens.L.Granti\u0146\u0161.LRTT_.jpg 1104w, https:\/\/tautastribunals.eu\/wp-content\/uploads\/2019\/03\/J.Bord\u0101ns.S.\u0122ir\u0123ens.L.Granti\u0146\u0161.LRTT_-196x300.jpg 196w, https:\/\/tautastribunals.eu\/wp-content\/uploads\/2019\/03\/J.Bord\u0101ns.S.\u0122ir\u0123ens.L.Granti\u0146\u0161.LRTT_-768x1176.jpg 768w, https:\/\/tautastribunals.eu\/wp-content\/uploads\/2019\/03\/J.Bord\u0101ns.S.\u0122ir\u0123ens.L.Granti\u0146\u0161.LRTT_-522x800.jpg 522w\" sizes=\"(max-width: 1104px) 100vw, 1104px\" \/><\/figure><\/div>\n\n\n\n<p>16.07.20<\/p>\n\n\n\n<p><\/p>\n\n\n\n<p><\/p>\n\n\n\n<p><\/p>\n","protected":false},"excerpt":{"rendered":"<p>Valsts prezidents 7.j\u016blij\u0101 tik\u0101s ar Latvijas juristu apvien\u012bbas p\u0101rst\u0101vjiem, p\u0101rrun\u0101jot aktu\u0101los jaut\u0101jumus ties\u012bbu zin\u0101t\u0146u un jurisprudences jaut\u0101jumos. E.Levits nov\u0113l\u0113ja ar\u012b turpm\u0101k b\u016bt akt\u012bviem nevalstisk\u0101 sektora un m\u016bsdien\u012bgas ties\u012bbu domas att\u012bst\u012bt\u0101jiem Latvij\u0101. LJA p\u0101rst\u0101v\u0113ja Valdes&#46;&#46;&#46;<\/p>\n","protected":false},"author":1,"featured_media":0,"comment_status":"open","ping_status":"open","sticky":false,"template":"","format":"standard","meta":[],"categories":[1],"tags":[],"_links":{"self":[{"href":"https:\/\/tautastribunals.eu\/index.php?rest_route=\/wp\/v2\/posts\/56751"}],"collection":[{"href":"https:\/\/tautastribunals.eu\/index.php?rest_route=\/wp\/v2\/posts"}],"about":[{"href":"https:\/\/tautastribunals.eu\/index.php?rest_route=\/wp\/v2\/types\/post"}],"author":[{"embeddable":true,"href":"https:\/\/tautastribunals.eu\/index.php?rest_route=\/wp\/v2\/users\/1"}],"replies":[{"embeddable":true,"href":"https:\/\/tautastribunals.eu\/index.php?rest_route=%2Fwp%2Fv2%2Fcomments&post=56751"}],"version-history":[{"count":8,"href":"https:\/\/tautastribunals.eu\/index.php?rest_route=\/wp\/v2\/posts\/56751\/revisions"}],"predecessor-version":[{"id":56760,"href":"https:\/\/tautastribunals.eu\/index.php?rest_route=\/wp\/v2\/posts\/56751\/revisions\/56760"}],"wp:attachment":[{"href":"https:\/\/tautastribunals.eu\/index.php?rest_route=%2Fwp%2Fv2%2Fmedia&parent=56751"}],"wp:term":[{"taxonomy":"category","embeddable":true,"href":"https:\/\/tautastribunals.eu\/index.php?rest_route=%2Fwp%2Fv2%2Fcategories&post=56751"},{"taxonomy":"post_tag","embeddable":true,"href":"https:\/\/tautastribunals.eu\/index.php?rest_route=%2Fwp%2Fv2%2Ftags&post=56751"}],"curies":[{"name":"wp","href":"https:\/\/api.w.org\/{rel}","templated":true}]}}