{"id":56715,"date":"2020-07-11T10:35:39","date_gmt":"2020-07-11T07:35:39","guid":{"rendered":"https:\/\/tautastribunals.eu\/?p=56715"},"modified":"2020-07-11T10:35:39","modified_gmt":"2020-07-11T07:35:39","slug":"seitpie-baltkomistiem-jau-l-lapsa-ir-konkretaks","status":"publish","type":"post","link":"https:\/\/tautastribunals.eu\/?p=56715","title":{"rendered":"\u0160eit(pie BALTKOMistiem) jau L. Lapsa  ir konkr\u0113t\u0101ks"},"content":{"rendered":"\n<p class=\"has-text-color has-background has-normal-font-size has-very-light-gray-color has-very-dark-gray-background-color\">Vi\u0146\u0161 saka: ja ir cilv\u0113ks ar pietieko\u0161u izgl\u012bt\u012bbu<em><strong>(kvalifik\u0101ciju !)<\/strong><\/em> un argument\u0113tu iemeslu, tad var tikt pie arh\u012bviem&#8230; . T\u0101 k\u0101, ja nav<strong> &#8220;attiec\u012bgas izgl\u012bt\u012bbas&#8221;<\/strong> un <strong>&#8220;argument\u0113jo\u0161s iemesls&#8221;<\/strong>, tad arh\u012bvi ir sl\u0113gti ! Vai tad<strong> L L<\/strong> ir k\u0101da<strong> &#8220;speci\u0101la izgl\u012bt\u012bba&#8221;<\/strong> vai <strong>tom\u0113r<\/strong> !!! <strong>&#8220;k\u0101da pareiz\u0101 aizmugure&#8221; <\/strong>?<\/p>\n\n\n\n<figure class=\"wp-block-embed-youtube wp-block-embed is-type-video is-provider-youtube wp-embed-aspect-16-9 wp-has-aspect-ratio\"><div class=\"wp-block-embed__wrapper\">\n<div class=\"video-container\"><iframe loading=\"lazy\" title=\"\u0423\u0442\u0440\u043e \u043d\u0430 \u0411\u0430\u043b\u0442\u043a\u043e\u043c\u0435 \u2013 \u043f\u0438\u0441\u0430\u0442\u0435\u043b\u044c, \u0436\u0443\u0440\u043d\u0430\u043b\u0438\u0441\u0442 \u041b\u0430\u0442\u043e \u041b\u0430\u043f\u0441\u0430\" width=\"500\" height=\"281\" src=\"https:\/\/www.youtube.com\/embed\/uo2lGxGWm-8?feature=oembed&#038;wmode=opaque\" frameborder=\"0\" allow=\"accelerometer; autoplay; encrypted-media; gyroscope; picture-in-picture\" allowfullscreen><\/iframe><\/div>\n<\/div><\/figure>\n\n\n\n<p class=\"has-text-color has-background has-normal-font-size has-very-light-gray-color has-very-dark-gray-background-color\">K\u0101p\u0113c <strong>L. Lapsas<\/strong> kungs<em>(biedrs)<\/em> tik labpr\u0101t ierodas pie <strong>BALTKOM<\/strong>istiem ? <\/p>\n\n\n\n<p class=\"has-text-color has-background has-normal-font-size has-very-light-gray-color has-very-dark-gray-background-color\">Un interesanti, ka vien\u0101 viet\u0101 vi\u0146\u0161 run\u0101: m\u0113s dz\u012bvojam demokr\u0101tisk\u0101 valst\u012b un vi\u0146am izdot gr\u0101matas nevar aizliegt un t\u0101s ar\u012b <strong>IZDODAS,<\/strong> bet t\u016blit ar\u012b saka, ka<strong> Latvija<\/strong> ir policejiska valsts,- var atn\u0101kt un konfisc\u0113t serveri&#8230; un, tad ej un skaidrojies vair\u0101kus gadus, t\u0101p\u0113c serveris ir re\u0123istr\u0113ts \u0101rpus <strong>Latvijas <\/strong>! <\/p>\n\n\n\n<p class=\"has-background has-medium-font-size has-cyan-bluish-gray-background-color\">Vai tad \u0161ie nav <strong>Lato Lapsas<\/strong> v\u0101rdi: <strong><a href=\"https:\/\/www.diena.lv\/raksts\/latvija\/zinas\/lapsa-dzivojam-policejiski-banditiska-valsti-13913808\">M\u0113s dz\u012bvojam policejiski band\u012bdisk\u0101 valst\u012b<\/a><\/strong><a href=\"https:\/\/www.diena.lv\/raksts\/latvija\/zinas\/lapsa-dzivojam-policejiski-banditiska-valsti-13913808\"><em> (atv\u0113rt)<\/em><\/a><strong><a href=\"https:\/\/www.diena.lv\/raksts\/latvija\/zinas\/lapsa-dzivojam-policejiski-banditiska-valsti-13913808\">!<\/a><\/strong><\/p>\n\n\n\n<p class=\"has-text-color has-background has-normal-font-size has-very-light-gray-color has-very-dark-gray-background-color\">Viss jau ir labi un skaisti, god.<strong> Lapsas kungs<\/strong>, bet <strong>J\u016bs <\/strong>melojat tik pat intens\u012bvi  k\u0101 <strong>J\u016bsu <\/strong>gr\u0101matas varonis- m\u016bsu <strong>N\u0100CIJAS T\u0112VS- Egils Levits <\/strong>! Un str\u0101d\u0101jat <strong>J\u016bs <\/strong>p\u0113c<strong> PAS\u016aT\u012aJUMA<\/strong> un pas\u016bt\u012bt\u0101js ir tie\u0161i tas pats, kas st\u0101v aiz \u0161iem <strong>BALTKOM<\/strong>istiem.<\/p>\n\n\n\n<p class=\"has-text-color has-background has-normal-font-size has-very-light-gray-color has-very-dark-gray-background-color\">Sav\u0101 iepriek\u0161\u0113j\u0101 gr\u0101mat\u0101 <strong>Lapsas kungs <\/strong>nosauc <strong>v\u0113sturnieku- profesoru<\/strong> <strong>Induli Roni <\/strong>un akt\u012bv\u0101s <strong>Atmodas aizs\u0101c\u0113ju Linardu Granti\u0146u par GAR\u0100 APDAL\u012aTIEM.<\/strong> Vai tas n\u0101k no pa\u0161a <strong>LATO LAPSAS,<\/strong> vai tom\u0113r ir k\u0101ds <strong>PAS\u016aT\u012aT\u0100JS<\/strong> ? L\u016bk, te tad ar\u012b atbilde pati <strong>UZKR\u012aT UZ M\u0112LES<\/strong> ! <\/p>\n\n\n\n<p class=\"has-text-color has-background has-normal-font-size has-very-light-gray-color has-very-dark-gray-background-color\">Tas viss ir te\u0101tris, s\u0101kot no<strong> idiota<\/strong><em> <\/em>un <strong>tautas bendes<\/strong><em>(n\u0101cijas t\u0113va)<\/em> ieb\u012bd\u012b\u0161anas par prezidentu un vi\u0146a &#8220;<strong>atmasko\u0161anu<\/strong>&#8221; ! \u0160is te\u0101tris ir vajadz\u012bgs, lai iemidzin\u0101tu tautu un var\u0113tu to piln\u012bgi izn\u012bcin\u0101t !<\/p>\n\n\n\n<p class=\"has-text-color has-background has-normal-font-size has-very-light-gray-color has-vivid-red-background-color\"><strong>&#8220;Lai tie mu\u013c\u0137i<\/strong><em>(latvie\u0161i)<\/em><strong> pl\u0113\u0161as sav\u0101 starp\u0101, bet m\u0113s pa to laiku dar\u012bsim to, kas mums<\/strong><em>(izredz\u0113tajiem)<\/em><strong> izdev\u012bgi,&#8221;<\/strong><em><strong>saka CGP<\/strong>(Ci\u0101nas Gudro Protokoli) !<\/em><\/p>\n\n\n\n<p class=\"has-text-color has-background has-normal-font-size has-very-light-gray-color has-very-dark-gray-background-color\"><strong>Lato Lapsa <\/strong>un <strong>Egils Levits<\/strong>, ir <strong>VIENAS CILTS <\/strong>p\u0101rst\u0101vji- m\u016bsu tautas <strong>visnikn\u0101kie ienaidnieki <\/strong>!<\/p>\n\n\n\n<figure class=\"wp-block-image size-large\"><img decoding=\"async\" loading=\"lazy\" width=\"702\" height=\"214\" src=\"https:\/\/tautastribunals.eu\/wp-content\/uploads\/2019\/12\/Borovkovs.Lato-Lapsa.-Liepnieks.-\u0160mits.Urbanovi\u010ds.Granti\u0146\u0161.LRTT_-1.png\" alt=\"\" class=\"wp-image-54161\" srcset=\"https:\/\/tautastribunals.eu\/wp-content\/uploads\/2019\/12\/Borovkovs.Lato-Lapsa.-Liepnieks.-\u0160mits.Urbanovi\u010ds.Granti\u0146\u0161.LRTT_-1.png 702w, https:\/\/tautastribunals.eu\/wp-content\/uploads\/2019\/12\/Borovkovs.Lato-Lapsa.-Liepnieks.-\u0160mits.Urbanovi\u010ds.Granti\u0146\u0161.LRTT_-1-300x91.png 300w\" sizes=\"(max-width: 702px) 100vw, 702px\" \/><figcaption><strong>FOTO: \u0160eit redzami tie, kuriem PATIES\u012aBA ir visnikn\u0101kais ienaidnieks !<\/strong><\/figcaption><\/figure>\n\n\n\n<figure class=\"wp-block-image size-large\"><img decoding=\"async\" loading=\"lazy\" width=\"768\" height=\"184\" src=\"https:\/\/tautastribunals.eu\/wp-content\/uploads\/2019\/05\/Lato-Lapsa.L.Granti\u0146\u0161P.Spro\u0123is.LRTT_-768x184-1.png\" alt=\"\" class=\"wp-image-50561\" srcset=\"https:\/\/tautastribunals.eu\/wp-content\/uploads\/2019\/05\/Lato-Lapsa.L.Granti\u0146\u0161P.Spro\u0123is.LRTT_-768x184-1.png 768w, https:\/\/tautastribunals.eu\/wp-content\/uploads\/2019\/05\/Lato-Lapsa.L.Granti\u0146\u0161P.Spro\u0123is.LRTT_-768x184-1-300x72.png 300w\" sizes=\"(max-width: 768px) 100vw, 768px\" \/><\/figure>\n\n\n\n<p>121.07.20               L. Granti\u0146\u0161<\/p>\n","protected":false},"excerpt":{"rendered":"<p>Vi\u0146\u0161 saka: ja ir cilv\u0113ks ar pietieko\u0161u izgl\u012bt\u012bbu(kvalifik\u0101ciju !) un argument\u0113tu iemeslu, tad var tikt pie arh\u012bviem&#8230; . T\u0101 k\u0101, ja nav &#8220;attiec\u012bgas izgl\u012bt\u012bbas&#8221; un &#8220;argument\u0113jo\u0161s iemesls&#8221;, tad arh\u012bvi ir sl\u0113gti ! Vai tad&#46;&#46;&#46;<\/p>\n","protected":false},"author":1,"featured_media":0,"comment_status":"open","ping_status":"open","sticky":false,"template":"","format":"standard","meta":[],"categories":[1],"tags":[],"_links":{"self":[{"href":"https:\/\/tautastribunals.eu\/index.php?rest_route=\/wp\/v2\/posts\/56715"}],"collection":[{"href":"https:\/\/tautastribunals.eu\/index.php?rest_route=\/wp\/v2\/posts"}],"about":[{"href":"https:\/\/tautastribunals.eu\/index.php?rest_route=\/wp\/v2\/types\/post"}],"author":[{"embeddable":true,"href":"https:\/\/tautastribunals.eu\/index.php?rest_route=\/wp\/v2\/users\/1"}],"replies":[{"embeddable":true,"href":"https:\/\/tautastribunals.eu\/index.php?rest_route=%2Fwp%2Fv2%2Fcomments&post=56715"}],"version-history":[{"count":4,"href":"https:\/\/tautastribunals.eu\/index.php?rest_route=\/wp\/v2\/posts\/56715\/revisions"}],"predecessor-version":[{"id":56720,"href":"https:\/\/tautastribunals.eu\/index.php?rest_route=\/wp\/v2\/posts\/56715\/revisions\/56720"}],"wp:attachment":[{"href":"https:\/\/tautastribunals.eu\/index.php?rest_route=%2Fwp%2Fv2%2Fmedia&parent=56715"}],"wp:term":[{"taxonomy":"category","embeddable":true,"href":"https:\/\/tautastribunals.eu\/index.php?rest_route=%2Fwp%2Fv2%2Fcategories&post=56715"},{"taxonomy":"post_tag","embeddable":true,"href":"https:\/\/tautastribunals.eu\/index.php?rest_route=%2Fwp%2Fv2%2Ftags&post=56715"}],"curies":[{"name":"wp","href":"https:\/\/api.w.org\/{rel}","templated":true}]}}