{"id":56693,"date":"2020-07-14T07:42:09","date_gmt":"2020-07-14T04:42:09","guid":{"rendered":"https:\/\/tautastribunals.eu\/?p=56693"},"modified":"2020-07-14T07:42:09","modified_gmt":"2020-07-14T04:42:09","slug":"par-idiotiem-un-valsts-nodevejiem","status":"publish","type":"post","link":"https:\/\/tautastribunals.eu\/?p=56693","title":{"rendered":"Par idiotiem un valsts nodev\u0113jiem !"},"content":{"rendered":"\n<figure class=\"wp-block-image size-large\"><img decoding=\"async\" loading=\"lazy\" width=\"800\" height=\"116\" src=\"https:\/\/tautastribunals.eu\/wp-content\/uploads\/2020\/02\/L.Granti\u0146\u0161.J.Z\u012bvertsBord\u0101nsBut\u0101nsLRTT-1-800x116.png\" alt=\"\" class=\"wp-image-54883\" srcset=\"https:\/\/tautastribunals.eu\/wp-content\/uploads\/2020\/02\/L.Granti\u0146\u0161.J.Z\u012bvertsBord\u0101nsBut\u0101nsLRTT-1-800x116.png 800w, https:\/\/tautastribunals.eu\/wp-content\/uploads\/2020\/02\/L.Granti\u0146\u0161.J.Z\u012bvertsBord\u0101nsBut\u0101nsLRTT-1-300x44.png 300w, https:\/\/tautastribunals.eu\/wp-content\/uploads\/2020\/02\/L.Granti\u0146\u0161.J.Z\u012bvertsBord\u0101nsBut\u0101nsLRTT-1-768x112.png 768w, https:\/\/tautastribunals.eu\/wp-content\/uploads\/2020\/02\/L.Granti\u0146\u0161.J.Z\u012bvertsBord\u0101nsBut\u0101nsLRTT-1.png 1073w\" sizes=\"(max-width: 800px) 100vw, 800px\" \/><\/figure>\n\n\n\n<p class=\"has-text-color has-background has-large-font-size has-very-light-gray-color has-very-dark-gray-background-color\"><a href=\"http:\/\/www.viltvardis.com\/\">Viltv\u0101rdis.com<\/a><\/p>\n\n\n\n<p class=\"has-text-color has-background has-normal-font-size has-very-light-gray-color has-very-dark-gray-background-color\"><strong>LRTT:<\/strong> Atcer\u0113simies tikai kas par <strong>triumf\u0101lu inaugur\u0101ciju<\/strong> tika uztais\u012bta<strong> LU zin\u0101tnisk\u0101 ateisma pasniedz\u0113jas- komunistes D. Beitneres <\/strong>dzemd\u0113tajam <strong>N\u0100CIJAS T\u0112VAM<\/strong> ! Visa <strong>GAISMAS PILS <\/strong>\u0161alca un tr\u012bs\u0113ja <strong>Jauno Laiku<\/strong> cer\u012bb\u0101s ! <strong>\u201cInteli\u0123ence\u201d M. Z\u0101l\u012bte <\/strong>pazi\u0146oja, ka esam tiku\u0161i pie <strong>lielkalibra lielgabala<\/strong>, kur\u0161 b\u016bs sp\u0113j\u012bgs \u0161aut p\u0101ri kontinentiem un <strong>satricin\u0101t noziedz\u012bgo pasauli<\/strong>, bet \u0161odien izr\u0101d\u0101s, ka lielgabala viet\u0101 mums <strong>\u201ciesm\u0113r\u0113ts\u201d<\/strong> vis\u012bst\u0101kais <strong>s\u016bds uz pu\u013c\u0137a gala<\/strong>, kas ir sp\u0113j\u012bgs izdal\u012bt neko vair\u0101k k\u0101 reti rieb\u012bgu smirdo\u0146u. \u0160is nelietis nav j\u0101padzen, bet pa tie\u0161o roku dzel\u017eos j\u0101aiztransport\u0113 uz<strong> RCC<\/strong>, kur ir vi\u0146a \u012bst\u0101 vieta ! Slepkavam fini\u0161s ir kar\u0101tavas un t\u0101s vi\u0146\u0161 ar\u012b sa\u0146ems, t\u0101pat k\u0101 <strong>Satversmes Aizsardz\u012bbas Biroja<\/strong> <strong>\u010dekistu banda,<\/strong> kura \u017eulikam pie\u0161\u0137\u012bra <strong>PIELAIDI VALSTS NOSL\u0112PUMIEM<\/strong> ! Paskatieties uz \u201c<strong>SABIEDR\u012aB\u0100 PAZ\u012aSTAMAJIEM\u201d<\/strong><em>(raksta beig\u0101s)<\/em><strong>,<\/strong> kuri vi\u0146u virz\u012bja\u2026vieni vien\u012bgi <strong>Ci\u0101nas smerde\u013ci<\/strong>, kuri <strong>viens otru atpaz\u012bst p\u0113c smakas <\/strong>! J\u0101, latviet, s\u0101tanisti viens otru atpaz\u012bst p\u0113c smakas ! <\/p>\n\n\n\n<figure class=\"wp-block-image size-large is-resized\"><img decoding=\"async\" loading=\"lazy\" src=\"https:\/\/tautastribunals.eu\/wp-content\/uploads\/2020\/01\/E.Levits.Prezidents.Kari\u0146\u0161.Granti\u0146\u0161.LRTT-Kopie.png\" alt=\"\" class=\"wp-image-54522\" width=\"661\" height=\"375\" srcset=\"https:\/\/tautastribunals.eu\/wp-content\/uploads\/2020\/01\/E.Levits.Prezidents.Kari\u0146\u0161.Granti\u0146\u0161.LRTT-Kopie.png 600w, https:\/\/tautastribunals.eu\/wp-content\/uploads\/2020\/01\/E.Levits.Prezidents.Kari\u0146\u0161.Granti\u0146\u0161.LRTT-Kopie-300x171.png 300w\" sizes=\"(max-width: 661px) 100vw, 661px\" \/><\/figure>\n\n\n\n<p style=\"font-size:25px\" class=\"has-text-color has-background has-vivid-red-color has-very-dark-gray-background-color\">cilveks444 <\/p>\n\n\n\n<p class=\"has-text-color has-background has-normal-font-size has-very-light-gray-color has-very-dark-gray-background-color\">Nu ko? Atkal \u201cb\u0101re\u0146u\u201d tauta tiks apj\u0101ta, atkal mums mesiju, kas pild\u012bs pasaules vareno iegribas, uztieps. Levits ir liber\u0101l\u0101 LC produkts. T\u0101 pa\u0161a LC, kur roku rok\u0101 darboj\u0101s biju\u0161ie komunisti, VDK darbo\u0146i, \u010dekas stuka\u010di un PBLA \u201ctautie\u0161i\u201d. Levits tur iek\u0161\u0101 bija no matu galiem l\u012bdz pap\u0113\u017eiem, vi\u0146\u0161 bija viens no galvenajiem darbo\u0146iem toreiz. Tie\u0161i LC laik\u0101 Latvijas valsts tika nozagta. Bet laikam v\u0113l ir ko zagt, t\u0101p\u0113c ar\u012b biju\u0161ie Latvijas ce\u013ca darbo\u0146i ir uzstut\u0113ti aug\u0161\u0101 no politisko miro\u0146u z\u0101rka. Levits vien no \u0161iem. Faktiski loks b\u016bs nosl\u0113dzies. S\u0101kot ar krimin\u0101lu un brut\u0101lu Latvijas tautas aplaup\u012b\u0161anu 90-tajos gados, beidzot ar \u0161odien\u0101m, kad pie varas valst\u012b prezidenta amat\u0101 b\u016bs likts sl\u012bp\u0113ts un m\u0101c\u012bts bl\u0113dis.<\/p>\n\n\n\n<p>14.07.20<\/p>\n\n\n\n<p style=\"font-size:34px\" class=\"has-text-color has-background has-very-light-gray-color has-vivid-red-background-color\">&#8220;Izcilais&#8221; Latvijas Valsts PREZIDENTS !<\/p>\n\n\n\n<h1>119 sabiedr\u012bb\u0101 paz\u012bstami cilv\u0113ki aicina virz\u012bt Levitu Valsts prezidenta amatam&nbsp;<\/h1>\n\n\n\n<p><a href=\"https:\/\/www.delfi.lv\/news\/national\/politics\/119-sabiedriba-pazistami-cilveki-aicina-virzit-levitu-valsts-prezidenta-amatam.d?id=50840789&amp;com=1&amp;reg=1&amp;no=0&amp;s=1\">(270)<\/a><\/p>\n\n\n\n<h1>www.DELFI.lv<\/h1>\n\n\n\n<p>2094<\/p>\n\n\n\n<figure class=\"wp-block-image\"><img decoding=\"async\" src=\"https:\/\/g3.delphi.lv\/images\/pix\/676x385\/im-lrW4HAtE\/73b5a5c6bb21406deb-50840909.jpg\" alt=\"119 sabiedr\u012bb\u0101 paz\u012bstami cilv\u0113ki aicina virz\u012bt Levitu Valsts prezidenta amatam\"\/><figcaption>Foto: LETA<\/figcaption><\/figure>\n\n\n\n<p>Pilsonisk\u0101 iniciat\u012bva<strong> &#8220;Par izcilu Latvijas Valsts prezidentu&#8221;,<\/strong> kuras aicin\u0101jumu parakst\u012bju\u0161i vair\u0101k nek\u0101 100 Latvij\u0101 zin\u0101mi cilv\u0113ki, mudina Saeim\u0101 p\u0101rst\u0101v\u0113t\u0101s politisk\u0101s partijas virz\u012bt Egilu Levitu Latvijas Valsts prezidenta amatam, port\u0101lu &#8220;Delfi&#8221; inform\u0113ja iniciat\u012bvas autori.<\/p>\n\n\n\n<h1>Lasi v\u0113l<\/h1>\n\n\n\n<p><a href=\"https:\/\/www.delfi.lv\/news\/national\/politics\/koalicijas-partijas-aprili-cer-vienoties-par-kopigu-kandidatu-prezidenta-amatam.d?id=50840289\"><\/a><a href=\"https:\/\/www.delfi.lv\/news\/national\/politics\/koalicijas-partijas-aprili-cer-vienoties-par-kopigu-kandidatu-prezidenta-amatam.d?id=50840289\"> Koal\u012bcijas partijas apr\u012bl\u012b cer vienoties par kop\u012bgu kandid\u0101tu prezidenta amatam <\/a><a href=\"https:\/\/www.delfi.lv\/news\/national\/politics\/koalicijas-partijas-aprili-cer-vienoties-par-kopigu-kandidatu-prezidenta-amatam.d?id=50840289&amp;com=1&amp;reg=1\">(73)<\/a><a href=\"https:\/\/www.delfi.lv\/news\/national\/politics\/levits-veletos-but-visas-koalicijas-valsts-prezidenta-amata-kandidats.d?id=50831691\"> <\/a><a href=\"https:\/\/www.delfi.lv\/news\/national\/politics\/levits-veletos-but-visas-koalicijas-valsts-prezidenta-amata-kandidats.d?id=50831691\">Levits v\u0113l\u0113tos b\u016bt visas koal\u012bcijas Valsts prezidenta amata kandid\u0101ts <\/a><a href=\"https:\/\/www.delfi.lv\/news\/national\/politics\/levits-veletos-but-visas-koalicijas-valsts-prezidenta-amata-kandidats.d?id=50831691&amp;com=1&amp;reg=1\">(114)<\/a><\/p>\n\n\n\n<p>Pilsonisk\u0101 iniciat\u012bva ar\u012b aicina Egilu Levitu piekrist kandid\u0113t prezidenta amatam. Aicin\u0101jum\u0101 Saeimas deput\u0101tiem, uzsv\u0113rts, ka <a href=\"https:\/\/www.delfi.lv\/temas\/egils-levits\" target=\"_blank\" rel=\"noreferrer noopener\">Egils Levits<\/a> ir augstas raudzes profesion\u0101lis, par kura st\u0101ju fundament\u0101lo v\u0113rt\u012bbu jaut\u0101jumos un viedok\u013ca neatkar\u012bbu nav \u0161aubu un kur\u0161 ilgsto\u0161i ir devis iev\u0113rojamu pienesumu Latvijas valsts att\u012bst\u012bbai, inform\u0113 pilsonisk\u0101s iniciat\u012bvas p\u0101rst\u0101ve Krist\u012bne Tjarve.<\/p>\n\n\n\n<p>\u0160o aicin\u0101jumu jau parakst\u012bju\u0161i:<\/p>\n\n\n\n<p class=\"has-text-color has-background has-normal-font-size has-very-light-gray-color has-vivid-red-background-color\">Valdis \u0100bols \u2013 \u017eurn\u0101la &#8220;R\u012bgas Laiks&#8221; redaktors; \u0100rija Aile \u2013 pedago\u0123e; Anita Andrejeva \u2013 \u0101rste; Georgs Andrejevs \u2013 biju\u0161ais \u0101rlietu ministrs; Raivis Ar\u0161auskis \u2013 fizioterapeits; Aldis Austers \u2013 sabiedriskais darbinieks; Arta B\u0101rzdi\u0146a \u2013 B\u0113rnu kl\u012bnisk\u0101s universit\u0101tes slimn\u012bcas Anesteziolo\u0123ijas un intens\u012bv\u0101s terapijas kl\u012bnikas vad\u012bt\u0101ja; Toms Baumanis \u2013 LATO valdes priek\u0161s\u0113d\u0113t\u0101js; Gatis Ba\u017ebauers \u2013 RTU prorektora vietnieks; Normunds Bergs \u2013 uz\u0146\u0113m\u0113js, A\/S SAF Tehnika valdes priek\u0161s\u0113d\u0113t\u0101js; Inga B\u0113rzi\u0146a \u2013 Kuld\u012bgas novada Domes priek\u0161s\u0113d\u0113t\u0101ja; Valdis B\u0113rzi\u0146\u0161 \u2013 &#8220;Latvie\u0161u fonda&#8221; p\u0101rst\u0101vis; Inese Birzniece \u2013 5. un 7. Saeimas deput\u0101te, konsultante; P\u0113teris Bol\u0161aitis \u2013 profesors; Aivars Borovkovs \u2013 jurists; Ieva Brante \u2013 pilsoniski akt\u012bva juriste; Daiga Brinkmane \u2013 m\u0101ksliniece; M\u0101rti\u0146\u0161 Burke-Burkevics \u2013 Kuld\u012bgas Sv. Annas bazn\u012bcas m\u0101c\u012bt\u0101js; Juris C\u0101l\u012btis \u2013 teologs; Lolita Cauka-Kalna \u2013 aktrise; Lolita \u010cig\u0101ne \u201312.Saeimas deput\u0101te; Margarita D\u0101ve \u2013 uz\u0146\u0113m\u0113ja; Reg\u012bna Dei\u010dmane \u2013 t\u0113lniece, P\u0113tera Vaska fonda priek\u0161s\u0113d\u0113t\u0101ja; Guna Deksne \u2013 pediatre; Ain\u0101rs Dimants \u2013 Biznesa augstskolas &#8220;Tur\u012bba&#8221; Komunik\u0101cijas fakult\u0101tes profesors; Zane Dombrovska \u2013 aktrise; Lidija Doro\u0146ina-Lasmane \u2013 PSRS okup\u0101cijas laika preto\u0161an\u0101s kust\u012bbas dal\u012bbniece; Arv\u012bds Dravnieks \u2013 Publisko ties\u012bbu instit\u016bta direktors; Maira Dzelzkal\u0113ja-Burmistre \u2013 Zemnieku saeimas priek\u0161s\u0113d\u0113t\u0101ja vietniece; Ing\u016bna Ebela \u2013 biedr\u012bbas &#8220;Gl\u0101biet b\u0113rnus&#8221; vad\u012bt\u0101ja; Sarm\u012bte \u0112lerte \u2013 Meierovica biedr\u012bbas valdes locekle; Zaiga Gaile \u2013 arhitekte; M\u0101ris Gailis \u2013 uz\u0146\u0113m\u0113js; Dzintra Geka \u2013 kinore\u017eisore; Romualds Gerulis-Bergmanis \u2013 students; Andris Gobi\u0146\u0161 \u2013 sabiedriskais darbinieks; Franks Gordons \u2013 publicists; \u0112riks Graudi\u0146\u0161 \u2013 students; \u017danete Grende \u2013 fonda &#8220;Viegli&#8221; padomes priek\u0161s\u0113d\u0113t\u0101ja; U\u0123is Gruntmanis \u2013 \u0101rsts; Alvis Hermanis \u2013 re\u017eisors; Nora Ikstena \u2013rakstniece; Agnese Irbe \u2013 filolo\u0123e; J\u0101nis Irbe \u2013 IT risin\u0101jumu arhitekts; Dainis \u012av\u0101ns \u2013 Latvijas Tautas frontes pirmais priek\u0161s\u0113d\u0113t\u0101js; Juris Jansons \u2013 ties\u012bbsargs; Vadims Jero\u0161enko \u2013 uz\u0146\u0113m\u0113js; Ilze Jurk\u0101ne \u2013 finan\u0161u konsultante; Viesturs Kairi\u0161s \u2013 re\u017eisors; Dainis Kalns \u2013 \u0137irurgs, Siguldas operas sv\u0113tku veidot\u0101js; Baiba Kangare \u2013 profesore; M\u0101rti\u0146\u0161 Kapr\u0101ns \u2013 LU Filozofijas un sociolo\u0123ijas instit\u016bta p\u0113tnieks; Toms \u0136encis \u2013 filozofs; M\u0101rti\u0146\u0161 \u0136ibilds \u2013 \u017eurn\u0101lists; Elita K\u013cavi\u0146a \u2013 aktrise; Filips K\u013cavi\u0146\u0161 \u2013 advok\u0101ts; In\u0101ra Kolmane \u2013 filmu re\u017eisore, producente; Ligita Kovtuna \u2013 \u017eurn\u0101liste, gr\u0101matu izdev\u0113ja; J\u0101nis Krasti\u0146\u0161 \u2013 RTU arhitekt\u016bras profesors; Iveta Kr\u0113vica \u2013 tiesnese; Dainis Krievi\u0146\u0161 \u2013 \u0101rsts; Inga Krigena-Jurk\u0101ne \u2013 tiesnese; Andris Kronbergs \u2013 arhitekts; Veronika Kr\u016bmi\u0146a \u2013 juriste; Rolands Lappu\u0137e \u2013 diplom\u0101ts, konsultants; Ilm\u0101rs Latkovskis \u2013 11. un 12. Saeimas deput\u0101ts; Dace Ledi\u0146a \u2013 arhitekte; P\u0113teris Ledi\u0146\u0161 \u2013 programm\u0113t\u0101js; Lauris Liepa \u2013 advok\u0101ts; Valdis Liepi\u0146\u0161 \u2013 11. Saeimas deput\u0101ts; Meldra L\u016bse \u2013 masiere; Sandra Matrevica \u2013 uz\u0146\u0113m\u0113ja; M\u0101ris Matrevics \u2013 Jelgavas Tipogr\u0101fijas valdes priek\u0161s\u0113d\u0113t\u0101js; Ingr\u012bda Meierovica \u2013 sabiedrisk\u0101 darbiniece; Aija Melle \u2013 R\u012bgas Juglas vidusskolas direktore; Andrejs Me\u017emalis \u2013 atva\u013cin\u0101ts flotes admir\u0101lis; Ilm\u0101rs Me\u017es \u2013 demogr\u0101fs; Baiba Mik\u0101la \u2013 uz\u0146\u0113m\u0113ja, Kuld\u012bgas novada Domes deput\u0101te; Uldis Neiburgs \u2013 v\u0113stures doktors, LU V\u0113stures instit\u016bta vado\u0161ais p\u0113tnieks; Lelde Neimane \u2013 v\u0113sturniece; Valters Nollendorfs \u2013 Okup\u0101cijas muzeja biedr\u012bbas priek\u0161s\u0113d\u0113t\u0101js; Agija Ozoli\u0146a-Kozlovska \u2013 Operetes te\u0101tra vad\u012bt\u0101ja; Ruta Pazdere \u2013 Latvijas okup\u0101cijas izp\u0113tes biedr\u012bbas valdes priek\u0161s\u0113d\u0113t\u0101ja; Edv\u012bns Raups \u2013 dzejnieks, pedagogs; Romualds Ra\u017euks \u2013 11. un 12. Saeimas deput\u0101ts; Ilga Reizniece \u2013 m\u016bzi\u0137e, folkloras pedago\u0123e; Arnis \u0160ablovskis \u2013 publicists; Dace Selecka \u2013 not\u0101re; Inna Semjonova \u2013 uz\u0146\u0113m\u0113ja; Boriss Semjonovs \u2013 uz\u0146\u0113m\u0113js; J\u0101nis Sili\u0146\u0161 \u2013 Eduarda Smi\u013c\u0123a te\u0101tra muzeja vad\u012bt\u0101js; D\u0101vis S\u012bmanis \u2013 kinore\u017eisors; M\u0101ris Simanovi\u010ds \u2013 uz\u0146\u0113m\u0113js, Eco Baltia valdes priek\u0161s\u0113d\u0113t\u0101js; Maija Sinka \u2013 arhitekte; Druvis Skulte \u2013 biju\u0161ais vald\u012bbas ministrs; Raimonds Slaidi\u0146\u0161 \u2013 advok\u0101ts; Tatjana Slobod\u010dikova \u2013 filologs; Laima Slava \u2013 m\u0101kslas zin\u0101tniece; M\u0101ris \u0160lokenbergs \u2013 SSE R\u012bga prorektors, emeritus; Oj\u0101rs Sp\u0101r\u012btis \u2013 Latvijas Zin\u0101t\u0146u akad\u0113mijas prezidents; Una Sp\u0113lmane-Baumane \u2013 Konr\u0101da Adenauera fonda Latvijas biroja vad\u012bt\u0101ja; Inna \u0160teinbuka \u2013 LU profesore; Ieva Struka \u2013 Latvijas Nacion\u0101l\u0101 te\u0101tra Liter\u0101r\u0101s da\u013cas vad\u012bt\u0101ja; Krist\u012bne Tjarve \u2013 komunik\u0101cijas profesion\u0101le; Andris Toma\u0161\u016bns \u2013 v\u0113sturnieks; Ieva Treija \u2013 uz\u0146\u0113m\u0113ja; Armands Trip\u0101ns \u2013 TV re\u017eisors, sporta \u017eurn\u0101lists; P\u0113teris Vasks \u2013 komponists; Edgars V\u0113rpe \u2013 Valsts kult\u016brkapit\u0101lafonda direktors; L\u012bga V\u0113vere \u2013 medm\u0101sa; Anna Viduleja \u2013 kinore\u017eisore; Andris Vilks \u2013 Latvijas Nacion\u0101l\u0101s bibliot\u0113kas direktors; Vilis V\u012btols \u2013 mecen\u0101ts; Andrejs \u017dagars \u2013 re\u017eisors; M\u0101ra Z\u0101l\u012bte \u2013 rakstniece; Vija Zari\u0146a \u2013 m\u0101ksliniece, pedago\u0123e; Kaspars Zari\u0146\u0161 \u2013 m\u0101kslinieks, pedagogs; Kaspars Zellis \u2013 v\u0113sturnieks; Anna \u017d\u012bgure \u2013 rakstniece; Daiga Zirn\u012bte \u2013 pedago\u0123e.<\/p>\n\n\n\n<p>Rakstniece M\u0101ra Z\u0101l\u012bte uzsver, ka sal\u012bdzinot ar daudzo gadu r\u0113najiem un bezcer\u012bgajiem prezident\u016bras gadiem, Egila Levita kandidat\u016bra ir k\u0101 spo\u017ea zvaigzne. &#8220;Sp\u012bdums, kas \u0161ai zvaigznei piem\u012bt, ce\u013cas no dzi\u013cas inteli\u0123ences, no izcilas izpratnes par Latvijas vietu un lomu Eiropas un pasaules kontekst\u0101. No sp\u0113jas, un tas ir tik svar\u012bgi, br\u012bvi komunic\u0113t \u010detr\u0101s sve\u0161valod\u0101s &#8211; ang\u013cu, v\u0101cu, fran\u010du un krievu. Latvijai ir \u013coti nepiecie\u0161ama zvaigzne, kas apsp\u012bd m\u016bsu valsts tum\u0161os beztiesiskos kaktus, un to Levits sp\u0113s, b\u016bdams augsti kvalific\u0113ts jurists. Tie\u0161i Levits lika juridiskos pamatus Latvijas valsts atjauno\u0161anai, un visus \u0161os gadus vi\u0146\u0161 ir bijis cie\u0161\u0101 sasaist\u0113 ar Latviju. Mana p\u0101rliec\u012bba ir, ka vi\u0146\u0161 sp\u0113tu visus putnus, kam no\u0161\u013cuku\u0161i kn\u0101bji, ar savu lielo tic\u012bbu Latvijas valstij un latvie\u0161u n\u0101cijai atkalt celt sp\u0101rnos,&#8221; nor\u0101da rakstniece.<\/p>\n\n\n\n<p>Savuk\u0101rt uz\u0146\u0113m\u0113js Normunds Bergs saka, ka ir patiesi noilgojies p\u0113c prezidenta, kas sp\u0113j redz\u0113t un dom\u0101t glob\u0101l\u0101s kategorij\u0101s: &#8220;Kas run\u0101 par m\u0101ksl\u012bgo intelektu, pamatties\u012bb\u0101m uz hum\u0101no kontaktu, klimata mai\u0146u un citiem riskiem, kas vistie\u0161\u0101k\u0101 veid\u0101 m\u016bs ietekm\u0113 jau tagad. Galu gal\u0101, kas br\u012bvi sp\u0113j sazin\u0101ties sve\u0161valod\u0101s. Egils Levits t\u0101ds ir.&#8221;<\/p>\n\n\n\n<p>Aicin\u0101jum\u0101 uzsv\u0113rts, ka Egils Levits ir Eiropas l\u012bmen\u012b paz\u012bstama un cien\u012bta person\u012bba. Vi\u0146\u0161 iemieso saska\u0146u starp Latvijas k\u0101 nacion\u0101las valsts un Eiropas kop\u0113j\u0101m v\u0113rt\u012bb\u0101m, vienm\u0113r ir aizst\u0101v\u0113jis Satversmes pamatprincipus, iest\u0101jies par atv\u0113rtu, modernu, savu valodu un kult\u016bru cieno\u0161u Latvijas valsti Eiropas valstu saim\u0113.<\/p>\n\n\n\n<p>Ikviens ir aicin\u0101ts ar savu parakstu atbalst\u012bt aicin\u0101jumu interneta vietn\u0113 <a href=\"https:\/\/www.peticijas.com\/aicinm_virzt_egilu_levitu_latvijas_valsts_prezidenta_amatam\" target=\"_blank\" rel=\"noreferrer noopener\">peticijas.com<\/a>.<\/p>\n\n\n\n<p>Biedr\u012bba &#8220;Par izcilu Latvijas Valsts prezidentu&#8221; dibin\u0101ta \u0161\u0101 gada 23. janv\u0101r\u012b, un taj\u0101 ir piecas amatpersonas &#8211; Krist\u012bne Tjarve, Aldis Austers, \u0112riks Graudi\u0146\u0161, P\u0113teris Paulis Bol\u0161aitis un L\u012bga Kovtuna, liecina &#8220;Lursoft&#8221; dati.<\/p>\n\n\n\n<p><\/p>\n\n\n\n<p><\/p>\n\n\n\n<p><\/p>\n","protected":false},"excerpt":{"rendered":"<p>Viltv\u0101rdis.com LRTT: Atcer\u0113simies tikai kas par triumf\u0101lu inaugur\u0101ciju tika uztais\u012bta LU zin\u0101tnisk\u0101 ateisma pasniedz\u0113jas- komunistes D. Beitneres dzemd\u0113tajam N\u0100CIJAS T\u0112VAM ! Visa GAISMAS PILS \u0161alca un tr\u012bs\u0113ja Jauno Laiku cer\u012bb\u0101s ! \u201cInteli\u0123ence\u201d M. Z\u0101l\u012bte&#46;&#46;&#46;<\/p>\n","protected":false},"author":1,"featured_media":0,"comment_status":"open","ping_status":"open","sticky":true,"template":"","format":"standard","meta":[],"categories":[1],"tags":[],"_links":{"self":[{"href":"https:\/\/tautastribunals.eu\/index.php?rest_route=\/wp\/v2\/posts\/56693"}],"collection":[{"href":"https:\/\/tautastribunals.eu\/index.php?rest_route=\/wp\/v2\/posts"}],"about":[{"href":"https:\/\/tautastribunals.eu\/index.php?rest_route=\/wp\/v2\/types\/post"}],"author":[{"embeddable":true,"href":"https:\/\/tautastribunals.eu\/index.php?rest_route=\/wp\/v2\/users\/1"}],"replies":[{"embeddable":true,"href":"https:\/\/tautastribunals.eu\/index.php?rest_route=%2Fwp%2Fv2%2Fcomments&post=56693"}],"version-history":[{"count":21,"href":"https:\/\/tautastribunals.eu\/index.php?rest_route=\/wp\/v2\/posts\/56693\/revisions"}],"predecessor-version":[{"id":57014,"href":"https:\/\/tautastribunals.eu\/index.php?rest_route=\/wp\/v2\/posts\/56693\/revisions\/57014"}],"wp:attachment":[{"href":"https:\/\/tautastribunals.eu\/index.php?rest_route=%2Fwp%2Fv2%2Fmedia&parent=56693"}],"wp:term":[{"taxonomy":"category","embeddable":true,"href":"https:\/\/tautastribunals.eu\/index.php?rest_route=%2Fwp%2Fv2%2Fcategories&post=56693"},{"taxonomy":"post_tag","embeddable":true,"href":"https:\/\/tautastribunals.eu\/index.php?rest_route=%2Fwp%2Fv2%2Ftags&post=56693"}],"curies":[{"name":"wp","href":"https:\/\/api.w.org\/{rel}","templated":true}]}}