{"id":56506,"date":"2020-06-24T12:39:41","date_gmt":"2020-06-24T09:39:41","guid":{"rendered":"https:\/\/tautastribunals.eu\/?p=56506"},"modified":"2020-06-24T12:39:41","modified_gmt":"2020-06-24T09:39:41","slug":"karteja-cionistu-zlurga-pret-latviesu-tautu","status":"publish","type":"post","link":"https:\/\/tautastribunals.eu\/?p=56506","title":{"rendered":"K\u0101rt\u0113j\u0101 cionistu \u017e\u013curga pret latvie\u0161u tautu !"},"content":{"rendered":"\n<figure class=\"wp-block-image\"><img decoding=\"async\" loading=\"lazy\" width=\"800\" height=\"128\" src=\"https:\/\/tautastribunals.eu\/wp-content\/uploads\/2020\/02\/komunisms.LRTT_.-Granti\u0146\u0161.Latvija-800x128.png\" alt=\"\" class=\"wp-image-54932\" srcset=\"https:\/\/tautastribunals.eu\/wp-content\/uploads\/2020\/02\/komunisms.LRTT_.-Granti\u0146\u0161.Latvija-800x128.png 800w, https:\/\/tautastribunals.eu\/wp-content\/uploads\/2020\/02\/komunisms.LRTT_.-Granti\u0146\u0161.Latvija-300x48.png 300w, https:\/\/tautastribunals.eu\/wp-content\/uploads\/2020\/02\/komunisms.LRTT_.-Granti\u0146\u0161.Latvija-768x122.png 768w, https:\/\/tautastribunals.eu\/wp-content\/uploads\/2020\/02\/komunisms.LRTT_.-Granti\u0146\u0161.Latvija.png 916w\" sizes=\"(max-width: 800px) 100vw, 800px\" \/><\/figure>\n\n\n\n<figure class=\"wp-block-image\"><img decoding=\"async\" loading=\"lazy\" width=\"800\" height=\"316\" src=\"https:\/\/tautastribunals.eu\/wp-content\/uploads\/2020\/06\/P\u013cavnieksAr\u0101js.Gr\u016btups.Granti\u0146\u0161.LRTT-Kopie-800x316.png\" alt=\"\" class=\"wp-image-56507\" srcset=\"https:\/\/tautastribunals.eu\/wp-content\/uploads\/2020\/06\/P\u013cavnieksAr\u0101js.Gr\u016btups.Granti\u0146\u0161.LRTT-Kopie-800x316.png 800w, https:\/\/tautastribunals.eu\/wp-content\/uploads\/2020\/06\/P\u013cavnieksAr\u0101js.Gr\u016btups.Granti\u0146\u0161.LRTT-Kopie-300x119.png 300w, https:\/\/tautastribunals.eu\/wp-content\/uploads\/2020\/06\/P\u013cavnieksAr\u0101js.Gr\u016btups.Granti\u0146\u0161.LRTT-Kopie-768x304.png 768w, https:\/\/tautastribunals.eu\/wp-content\/uploads\/2020\/06\/P\u013cavnieksAr\u0101js.Gr\u016btups.Granti\u0146\u0161.LRTT-Kopie.png 840w\" sizes=\"(max-width: 800px) 100vw, 800px\" \/><figcaption><strong>Lai nol\u0101d\u0113ts ik viens, kur\u0161 apvaino latvie\u0161us taj\u0101, ko pa\u0161i veiku\u0161i !<\/strong><\/figcaption><\/figure>\n\n\n\n<p class=\"has-text-color has-background has-medium-font-size has-very-light-gray-color has-very-dark-gray-background-color\">K\u0101p\u0113c \u0161ie meli atkal un atkal ir j\u0101atk\u0101rto ? <\/p>\n\n\n\n<p class=\"has-text-color has-background has-medium-font-size has-very-light-gray-color has-very-dark-gray-background-color\">T\u0101p\u0113c, latviet, lai m\u016bsos iedz\u012btu vainas saj\u016btu tie, kuri pa\u0161i peldas pasaules tautu asin\u012bs\u2026 .<\/p>\n\n\n\n<p style=\"font-size:14px\" class=\"has-text-color has-background has-very-light-gray-color has-very-dark-gray-background-color\">K\u0101rt\u0113j\u0101 <strong>cionistisko\nnoziedznieku \u017e\u013curga<\/strong> pret latvie\u0161u tautu ! <strong>Neviena pasaules tiesa<\/strong> nav\npier\u0101d\u012bjusi, kad k\u0101ds latvietis b\u016btu no\u0161\u0101vis k\u0101du \u017e\u012bdu ! <strong>Toties to, ka \u017e\u012bdu\nkomis\u0101ri piedal\u012bj\u0101s latvie\u0161u \u0161au\u0161an\u0101, t\u0101du inform\u0101ciju varam atrast neskait\u0101mos\ndokumentos<\/strong> ! <strong>A. Gr\u016btups<\/strong>, kur\u0161 bija izp\u0113t\u012bjis neskait\u0101mus dokumentus\npar <strong>Holokaustu Latvij\u0101<\/strong>, neatrada nevienu gad\u012bjumu, kad k\u0101ds latvietis,\nkur\u0161 atrad\u0101s v\u0101cu okup\u0101cijas karasp\u0113ka\/ policijas da\u013c\u0101s, b\u016btu no\u0161\u0101vis k\u0101du\nhaz\u0101r- \u017e\u012bdu, jo par sem\u012btiskajiem ebrejiem \u0161aj\u0101 gad\u012bjum\u0101 visp\u0101r nevar b\u016bt jel\nk\u0101da runa, t\u0101di ne tikai <strong>Latvij\u0101<\/strong>, bet vis\u0101 pla\u0161aj\u0101 <strong>Eirop\u0101 <\/strong>nebija\natrodami. <strong>A. Gr\u016btups<\/strong> nep\u0101rprotami pasac\u012bja, ka <strong>\u017e\u012bdu \u0161\u0101v\u0113ju komanda\nsast\u0101v\u0113ja<\/strong> tikai no v\u0101cie\u0161iem ! Latvietim t\u0101das lietas netika uztic\u0113tas. Tas,\n<strong>ka latvie\u0161u policijas da\u013cas piedal\u012bj\u0101s bo\u013c\u0161evistisko izdzimte\u0146u tvarst\u012b\u0161an\u0101,<\/strong>\nnav nek\u0101ds kara noziegums, bet gan katra god\u012bga cilv\u0113ka pien\u0101kums, it sevi\u0161\u0137i\ntad, kad tika piedz\u012bvotas \u0161o sarkano asinssu\u0146u or\u0123ijas pret<strong> Latvijas <\/strong>pilso\u0146iem\np\u0113c <strong>Latvijas okup\u0101cijas<\/strong>. Varu apgalvot, ka dr\u012bzum\u0101 \u0161im <strong>\u201cri\u010dardam\u201d<\/strong>\nb\u016bs j\u0101st\u0101jas <strong>starptautisk\u0101 tribun\u0101la<\/strong> priek\u0161\u0101 un j\u0101atbild par sadarb\u012bbu\nar s\u0101taniskajiem cionistiem, kuri l\u012bdz \u0161im br\u012bdim v\u0113l veic genoc\u012bdu pret\nlatvie\u0161u tautu un <strong>Latvijas valsti<\/strong>. Un ne jau tikai \u0161im <strong>Ci\u0101nas\npakalpi\u0146am<\/strong> vien, bet ar\u012b t\u0101diem <strong>rukiem, kangeriem, neiburgiem &amp; co\u2026\n.<\/strong><\/p>\n\n\n\n<p class=\"has-text-color has-background has-medium-font-size has-very-light-gray-color has-vivid-red-background-color\">Un \u0161eit v\u0113l p\u013cavniek veid\u012bgie&#8230;<\/p>\n\n\n\n<figure class=\"wp-block-image is-resized\"><img decoding=\"async\" loading=\"lazy\" src=\"https:\/\/tautastribunals.eu\/wp-content\/uploads\/2020\/06\/M\u0101ris-Ruks.\u017d\u012bdi.-L.-Granti\u0146\u0161.J.-Bord\u0101ns.LRTT-Kopie.png\" alt=\"\" class=\"wp-image-56510\" width=\"687\" height=\"894\" srcset=\"https:\/\/tautastribunals.eu\/wp-content\/uploads\/2020\/06\/M\u0101ris-Ruks.\u017d\u012bdi.-L.-Granti\u0146\u0161.J.-Bord\u0101ns.LRTT-Kopie.png 568w, https:\/\/tautastribunals.eu\/wp-content\/uploads\/2020\/06\/M\u0101ris-Ruks.\u017d\u012bdi.-L.-Granti\u0146\u0161.J.-Bord\u0101ns.LRTT-Kopie-231x300.png 231w\" sizes=\"(max-width: 687px) 100vw, 687px\" \/><\/figure>\n\n\n\n<figure class=\"wp-block-embed-wordpress wp-block-embed is-type-wp-embed is-provider-latvijas-republikas-tautas\"><div class=\"wp-block-embed__wrapper\">\n<blockquote class=\"wp-embedded-content\" data-secret=\"AzbSZTbHJn\"><a href=\"https:\/\/tautastribunals.eu\/?p=35768\">L. Granti\u0146\u0161. U. Neiburga k\u0101rt\u0113jais antilatviskais dil\u0113rijs !<\/a><\/blockquote><iframe title=\"&#8222;L. Granti\u0146\u0161. U. Neiburga k\u0101rt\u0113jais antilatviskais dil\u0113rijs !&#8220; &#8212; Latvijas Republikas tautas\" class=\"wp-embedded-content\" sandbox=\"allow-scripts\" security=\"restricted\" style=\"position: absolute; clip: rect(1px, 1px, 1px, 1px);\" src=\"https:\/\/tautastribunals.eu\/?p=35768&#038;embed=true#?secret=AzbSZTbHJn\" data-secret=\"AzbSZTbHJn\" width=\"500\" height=\"282\" frameborder=\"0\" marginwidth=\"0\" marginheight=\"0\" scrolling=\"no\"><\/iframe>\n<\/div><\/figure>\n\n\n\n<figure class=\"wp-block-image\"><img decoding=\"async\" loading=\"lazy\" width=\"699\" height=\"411\" src=\"https:\/\/tautastribunals.eu\/wp-content\/uploads\/2020\/06\/S\u016bds.P\u013cavnieks.Granti\u0146\u0161.LRTT_.png\" alt=\"\" class=\"wp-image-56514\" srcset=\"https:\/\/tautastribunals.eu\/wp-content\/uploads\/2020\/06\/S\u016bds.P\u013cavnieks.Granti\u0146\u0161.LRTT_.png 699w, https:\/\/tautastribunals.eu\/wp-content\/uploads\/2020\/06\/S\u016bds.P\u013cavnieks.Granti\u0146\u0161.LRTT_-300x176.png 300w\" sizes=\"(max-width: 699px) 100vw, 699px\" \/><\/figure>\n\n\n\n<p>24.06.20<\/p>\n\n\n\n<p style=\"background-color:#981f1f;font-size:28px\" class=\"has-text-color has-background has-very-light-gray-color\">Ko saka &#8220;internets&#8221; ?<\/p>\n\n\n\n<figure class=\"wp-block-image\"><img decoding=\"async\" src=\"https:\/\/pbs.twimg.com\/profile_images\/488392791978811392\/2FhjyOZx_normal.jpeg\" alt=\"\"\/><\/figure>\n\n\n\n<p style=\"background-color:#f9a3a3;font-size:14px\" class=\"has-background\">                                                   <strong> Ivars Smelds<\/strong>                                       19:32, 2. J\u016bnijs 2020     Ja uzskata, ka tikai sast\u0101v\u0113\u0161ana vien Ar\u0101ja komand\u0101 ir noziegums,  tad Cukurs, protams, ir vain\u012bgs. Un ar\u012b tad vi\u0146am ir vainu m\u012bkstino\u0161s  apst\u0101klis \u2013 cik zinu, Ar\u0101js vi\u0146u pagl\u0101ba sav\u0101 komand\u0101 no nacistu tiesas  par it k\u0101 sakariem ar komunistiem \u2013 tas par autora apgalvojumu vai vi\u0146\u0161  var\u0113ja aiziet no komandas. Cukura vaina slepkav\u012bb\u0101s, savuk\u0101rt, nav  pier\u0101d\u012bta un l\u012bdz ar to \u0161aj\u0101s aps\u016bdz\u012bb\u0101s vi\u0146\u0161 b\u016btu attaisnojams. Glu\u017ei  pret\u0113ji, ir zi\u0146as, ka da\u017eus ebrejus vi\u0146\u0161 esot pat izgl\u0101bis. <\/p>\n\n\n\n<p style=\"background-color:#8f2525;font-size:28px\" class=\"has-text-color has-background has-very-light-gray-color\">\u0160is koment\u0101rs pasaka LIETAS B\u016aT\u012aBU !<\/p>\n\n\n\n<figure class=\"wp-block-image\"><img decoding=\"async\" src=\"https:\/\/abs.twimg.com\/sticky\/default_profile_images\/default_profile_normal.png\" alt=\"\"\/><\/figure>\n\n\n\n<p style=\"background-color:#e77777;font-size:14px\" class=\"has-background\">                                                 <strong>   dzintra   <\/strong>                                    23:11, 23. Maijs 2020     Vai taisn\u012bba,ka jauneklis ir Saula Kagana\/p\u0113ckara ebreju  restit\u016bcijas procesa izveidot\u0101js\/ stipendi\u0101ts?Ja tas tiesa,tad nav ko  br\u012bn\u012bties par gr\u0101matas tendenciozo,diezgan naid\u012bgo saturu un reiz\u0113m  diezgan haotisko tekstu. <\/p>\n","protected":false},"excerpt":{"rendered":"<p>K\u0101p\u0113c \u0161ie meli atkal un atkal ir j\u0101atk\u0101rto ? T\u0101p\u0113c, latviet, lai m\u016bsos iedz\u012btu vainas saj\u016btu tie, kuri pa\u0161i peldas pasaules tautu asin\u012bs\u2026 . K\u0101rt\u0113j\u0101 cionistisko noziedznieku \u017e\u013curga pret latvie\u0161u tautu ! Neviena pasaules&#46;&#46;&#46;<\/p>\n","protected":false},"author":1,"featured_media":0,"comment_status":"open","ping_status":"open","sticky":false,"template":"","format":"standard","meta":[],"categories":[1],"tags":[],"_links":{"self":[{"href":"https:\/\/tautastribunals.eu\/index.php?rest_route=\/wp\/v2\/posts\/56506"}],"collection":[{"href":"https:\/\/tautastribunals.eu\/index.php?rest_route=\/wp\/v2\/posts"}],"about":[{"href":"https:\/\/tautastribunals.eu\/index.php?rest_route=\/wp\/v2\/types\/post"}],"author":[{"embeddable":true,"href":"https:\/\/tautastribunals.eu\/index.php?rest_route=\/wp\/v2\/users\/1"}],"replies":[{"embeddable":true,"href":"https:\/\/tautastribunals.eu\/index.php?rest_route=%2Fwp%2Fv2%2Fcomments&post=56506"}],"version-history":[{"count":15,"href":"https:\/\/tautastribunals.eu\/index.php?rest_route=\/wp\/v2\/posts\/56506\/revisions"}],"predecessor-version":[{"id":56544,"href":"https:\/\/tautastribunals.eu\/index.php?rest_route=\/wp\/v2\/posts\/56506\/revisions\/56544"}],"wp:attachment":[{"href":"https:\/\/tautastribunals.eu\/index.php?rest_route=%2Fwp%2Fv2%2Fmedia&parent=56506"}],"wp:term":[{"taxonomy":"category","embeddable":true,"href":"https:\/\/tautastribunals.eu\/index.php?rest_route=%2Fwp%2Fv2%2Fcategories&post=56506"},{"taxonomy":"post_tag","embeddable":true,"href":"https:\/\/tautastribunals.eu\/index.php?rest_route=%2Fwp%2Fv2%2Ftags&post=56506"}],"curies":[{"name":"wp","href":"https:\/\/api.w.org\/{rel}","templated":true}]}}