{"id":5649,"date":"2011-05-24T15:23:58","date_gmt":"2011-05-24T12:23:58","guid":{"rendered":"http:\/\/tautastribunals.eu\/?p=5649"},"modified":"2011-05-24T15:23:58","modified_gmt":"2011-05-24T12:23:58","slug":"a-balts-nodevejs-ir-pretigs","status":"publish","type":"post","link":"https:\/\/tautastribunals.eu\/?p=5649","title":{"rendered":"A. Balts. Nodev\u0113js ir pret\u012bgs&#8230;"},"content":{"rendered":"<p><span style=\"color: #993366\"><strong><img decoding=\"async\" loading=\"lazy\" class=\"alignleft size-full wp-image-5651\" src=\"http:\/\/tautastribunals.eu\/wp-content\/uploads\/2011\/05\/Tribu\u0101ls-24.jpg\" alt=\"Tribu\u0101ls 2\" width=\"82\" height=\"78\" \/>LRTT pasts<\/strong><\/span><\/p>\n<h2><span style=\"color: #993366\">A.Balts. Nodev\u0113js ir pret\u012bg\u0101ks par nikn\u0101ko naidnieku!<\/span><\/h2>\n<p><span style=\"color: #993366\">\u00a0<\/span><span style=\"color: #993366\">L\u012bdz \u0161im uzskat\u012bju <strong>AM 1485<\/strong> frekfenc\u0113 dzirdamo raidstaciju <strong>&#8220;Merkurs&#8221;<\/strong> par vien\u012bgo Latvij\u0101, kur var dzird\u0113t sen aizmirstu m\u016bziku un neizpu\u0161\u0137otu paties\u012bbu, k\u0101 ar\u012b izdzird\u0113t cilv\u0113kus, kas run\u0101 to, ko dom\u0101. Nevis &#8211; k\u0101 pareizi, &#8220;politkorekti&#8221; un cit\u0101di liekul\u012bgi vai atkl\u0101ti mel\u012bgi v\u0101vu\u013co p\u0101r\u0113j\u0101s radiostacij\u0101s un <strong>TV!<\/strong> \u012apa\u0161i prieks vienm\u0113r dzird\u0113t <strong>J.Lapinska k-ga <\/strong>al.a\u017e dedz\u012bgos un dzi\u013ca latviskuma pilnos koment\u0101rus. Bet vakardienas tie\u0161raid\u0113 <strong>19.maija<\/strong> vakara raid\u012bjum\u0101 noklaus\u012bjos uzaicin\u0101t\u0101<strong> Saeimas<\/strong> p\u0101rst\u0101vja <strong>dz. rasna\u010da<\/strong> atbildes radio zvan\u012bt\u0101jiem tie\u0161aj\u0101 \u0113ter\u0101 un biju sa\u0161utis, dzirdot to, ko run\u0101ja un atbild\u0113ja ilggad\u012bgais <strong>TB deput\u0101ts.<\/strong> K\u0101 profesion\u0101ls demagogs, ar vismaz <em><span style=\"text-decoration: underline\">10 gadu tren\u0113tu<\/span><\/em> run\u0101t\u0101ja st\u0101\u017eu <strong>Saeim\u0101 <\/strong>vi\u0146\u0161 izloc\u012bj\u0101s no visiem zvan\u012bt\u0101ju tie\u0161ajiem jaut\u0101jumiem un muld\u0113ja <em><span style=\"text-decoration: underline\">latviski skaistus niekus<\/span><\/em>.<\/span><\/p>\n<p><span style=\"color: #993366\"><img decoding=\"async\" loading=\"lazy\" class=\"alignleft size-full wp-image-5654\" src=\"http:\/\/tautastribunals.eu\/wp-content\/uploads\/2011\/05\/kaka.jpg\" alt=\"kaka\" width=\"93\" height=\"176\" \/><\/span><\/p>\n<p><span style=\"color: #ff0000\"><strong>MIGLA SARKAN\u0100- NOL\u0100D\u0112T\u0100<\/strong><\/span><\/p>\n<p><span style=\"color: #993366\"><strong><span style=\"color: #ff0000\">Foto:<\/span><\/strong> <span style=\"color: #ff0000\"><em>O, o, o, ko tik m\u0113s viss&#8217; nedarij&#8217; ar<strong> Straumi<\/strong> un <strong>Krastu<\/strong>\u00a0Latvijas lab\u0101 !!! O, o, o, to jums var &#8220;noskait\u012bt&#8221; <strong>Krusti\u0146\u0161<\/strong> ar pietuku <strong>L\u012bc\u012bti<\/strong> no<strong> LA. <\/strong><\/em><\/span><\/span><\/p>\n<p><span style=\"color: #993366\"><span style=\"color: #ff0000\"><span style=\"text-decoration: underline\">Nu neko j\u016bs maitas putni <strong>Latvijas<\/strong> lab\u0101 neesiet dar\u012bju\u0161i, bet, gan tikai zagu\u0161i, zagu\u0161i un zagu\u0161i&#8230; .<\/span><\/span><\/span><\/p>\n<p><span style=\"color: #993366\">Tas izrais\u012bja <strong><span style=\"text-decoration: underline\">sa\u0161utuma v\u0113tru<\/span><\/strong> ne tikai man, jo p\u0113d\u0113jo triju zvan\u012bt\u0101ju sarunas laik\u0101 sazvan\u012bt <strong>&#8220;Merkura&#8221; <\/strong>studiju nebija iesp\u0113jams, tik \u013coti bija aiz\u0146emts studijas telefons. Uz konkr\u0113tiem cilv\u0113ku jaut\u0101jumiem, k\u0101p\u0113c vi\u0146\u0161 un <strong>&#8220;nacion\u0101l\u0101&#8221;<\/strong> partija<strong><span style=\"text-decoration: underline\"> TB nav g\u0101jusi uz pa\u0161as deklar\u0113to m\u0113r\u0137i &#8211; okup\u0101cijas seku likvid\u0101ciju <\/span><\/strong>&#8211; un k\u0101p\u0113c vi\u0146i nav neko dar\u012bju\u0161i, lai likvid\u0113tu parlament\u0101r\u0101 ce\u013c\u0101 jau b\u012bstami lielo, uzb\u0101z\u012bgo rusifik\u0101ciju, atbilde netika dota. <strong><em><span style=\"text-decoration: underline\">Deput\u0101ts garlaikoti atbild\u0113ja<\/span><\/em><\/strong>, ka <strong>&#8220;\u013coti jauki jaut\u0101jumi&#8221;<\/strong> un vi\u0146\u0161 pat cienot t\u0101 uzdev\u0113jus, bet \u017e\u0113l, ka vi\u0146i tik apm\u0101ti visi un neredz to lielo darbu, ko nacion\u0101laj\u0101 lauk\u0101 ir veikusi <strong>TB <\/strong>un, lai lasot laikrakstu <strong>&#8220;Lauku Av\u012bze&#8221; <\/strong>&#8211; tur viss esot par vi\u0146u lielajiem darbiem. Ar\u012b citi zvan\u012bt\u0101ji neatlaid\u012bgi jaut\u0101ja, k\u0101p\u0113c valst\u012b tiek patur\u0113ti <span style=\"text-decoration: underline\">krievvalod\u012bgie iebrauc\u0113ji<\/span>, kuri bija, ir un paliks neloj\u0101li un <span style=\"text-decoration: underline\">naid\u012bgi latvie\u0161iem<\/span> un\u00a0 <span style=\"text-decoration: underline\">Latvijas valstij.<\/span> Tika run\u0101ts par referendumu un valsts valodas m\u0101c\u012bbu valsts skol\u0101s. Un, ka skol\u0101s latviski sam\u0101c\u012btie okupantu b\u0113rni, esot m\u0101j\u0101s cit\u0101 info. telp\u0101 un caur vi\u0146u vec\u0101ku naid\u012bgo attieksmi neb\u016bs nekas cits, k\u0101 labi latviski run\u0101jo\u0161i m\u016bsu latvisk\u0101s valsts ienaidnieki un ikdienas saskarsm\u0113 pie tam neat\u0161\u0137irami no mums, <em><span style=\"text-decoration: underline\">k\u0101 ide\u0101la 5.kolonna<\/span><\/em>&#8230; . Tika min\u0113ti<strong> p\u013ciners<\/strong> un <strong>\u017edanoka,<\/strong> kuri naski sam\u0101c\u012bj\u0101s latvie\u0161u valodu, bet t\u0101 tikai var\u0113ja v\u0113l vair\u0101k sariebt latvie\u0161u tautai utt. Bet <strong>dz.rasna\u010ds<\/strong> izlik\u0101s nesaprotot un hum\u0101ni pazi\u0146oja, ka vi\u0146am nepie\u0146emama b\u0113rnu \u0161\u0137iro\u0161ana p\u0113c taut\u012bbas, un tad izfantaz\u0113ja, ka varb\u016bt v\u0113l <em><span style=\"text-decoration: underline\">run\u0101t\u0101js s\u0101k\u0161ot ar\u012b galvaskausus m\u0113r\u012bt.<\/span><\/em> \u00a0\u0160\u012bs aplam\u012bbas vi\u0146\u0161 muld\u0113ja piln\u012bgi apzin\u0101ti tikai t\u0101p\u0113c, lai neb\u016btu j\u0101saka, ka runa iet par starptautiski atz\u012btu un juridisku j\u0113dzienu &#8211; <strong><span style=\"text-decoration: underline\">deokup\u0101cija\/dekoloniz\u0101cija<\/span><\/strong>, par te nelikum\u012bgi eso\u0161iem <strong>psrs kolonistiem &#8211; okupantiem<\/strong> , nevis par nez k\u0101d\u0101m taut\u012bb\u0101m un to nacistisku \u0161\u0137iro\u0161anu. Bija skaidri noprotams, ka \u0161is un p\u0101r\u0113jie <strong>TB <\/strong>\u013cauti\u0146i, desmitiem gadu barojoties uz tautas r\u0113\u0137ina, visus \u0161os gadus ir m\u016bs nodevu\u0161i un tais\u0101s to turpin\u0101t un nekad\u00a0 ne\u012bstenos galveno m\u0113r\u0137i &#8211; <strong><span style=\"text-decoration: underline\">atjaunot 1918.gada Latvijas Republiku un veikt dekoloniz\u0101ciju !<\/span><\/strong><\/span><\/p>\n<p><span style=\"color: #993366\">Bet gan jau \u0161ie lieku\u013ci <strong>mirsto\u0161o latvie\u0161u valodu<\/strong> un tautu skaisti izrot\u0101s ar smuk\u0101m pu\u0137\u012bt\u0113m, teiks izjustas runas st\u0101vot pie Latvijas kapa elegantos uzvalkos, trekniem piestu\u0137\u0113tiem vaigiem un makiem, kas piepild\u012bti no pa\u0161u nodot\u0101s un aplaup\u012bt\u0101s tautas iztikas minimuma.<\/span><\/p>\n<p><span style=\"color: #993366\">Gr\u016bti izteikt, cik pret\u012bgi bija klaus\u012bties \u0161\u0101du liekul\u012bgu muldo\u0146u, jo klaja, atkl\u0101ta sve\u0161o ienaidnieka uzbrukumus nav tik pret\u012bgi dzird\u0113t, k\u0101 \u0161\u0101da pa\u0161apmierin\u0101ta <strong>&#8220;sav\u0113j\u0101&#8221;<\/strong> nodev\u012bgo tark\u0161\u0137o\u0146u<span style=\"text-decoration: underline\"> <strong>Latvijai<\/strong> tik kritisk\u0101 br\u012bd\u012b !<\/span><\/span><\/p>\n<p><span style=\"color: #993366\"><span style=\"text-decoration: underline\"><em>24.05.2011<\/em><\/span><\/span><\/p>\n","protected":false},"excerpt":{"rendered":"<p>LRTT pasts A.Balts. Nodev\u0113js ir pret\u012bg\u0101ks par nikn\u0101ko naidnieku! \u00a0L\u012bdz \u0161im uzskat\u012bju AM 1485 frekfenc\u0113 dzirdamo raidstaciju &#8220;Merkurs&#8221; par vien\u012bgo Latvij\u0101, kur var dzird\u0113t sen aizmirstu m\u016bziku un neizpu\u0161\u0137otu paties\u012bbu, k\u0101 ar\u012b izdzird\u0113t cilv\u0113kus,&#46;&#46;&#46;<\/p>\n","protected":false},"author":6,"featured_media":0,"comment_status":"open","ping_status":"open","sticky":false,"template":"","format":"standard","meta":[],"categories":[1],"tags":[],"_links":{"self":[{"href":"https:\/\/tautastribunals.eu\/index.php?rest_route=\/wp\/v2\/posts\/5649"}],"collection":[{"href":"https:\/\/tautastribunals.eu\/index.php?rest_route=\/wp\/v2\/posts"}],"about":[{"href":"https:\/\/tautastribunals.eu\/index.php?rest_route=\/wp\/v2\/types\/post"}],"author":[{"embeddable":true,"href":"https:\/\/tautastribunals.eu\/index.php?rest_route=\/wp\/v2\/users\/6"}],"replies":[{"embeddable":true,"href":"https:\/\/tautastribunals.eu\/index.php?rest_route=%2Fwp%2Fv2%2Fcomments&post=5649"}],"version-history":[{"count":11,"href":"https:\/\/tautastribunals.eu\/index.php?rest_route=\/wp\/v2\/posts\/5649\/revisions"}],"predecessor-version":[{"id":5675,"href":"https:\/\/tautastribunals.eu\/index.php?rest_route=\/wp\/v2\/posts\/5649\/revisions\/5675"}],"wp:attachment":[{"href":"https:\/\/tautastribunals.eu\/index.php?rest_route=%2Fwp%2Fv2%2Fmedia&parent=5649"}],"wp:term":[{"taxonomy":"category","embeddable":true,"href":"https:\/\/tautastribunals.eu\/index.php?rest_route=%2Fwp%2Fv2%2Fcategories&post=5649"},{"taxonomy":"post_tag","embeddable":true,"href":"https:\/\/tautastribunals.eu\/index.php?rest_route=%2Fwp%2Fv2%2Ftags&post=5649"}],"curies":[{"name":"wp","href":"https:\/\/api.w.org\/{rel}","templated":true}]}}