{"id":56476,"date":"2020-06-20T01:42:43","date_gmt":"2020-06-19T22:42:43","guid":{"rendered":"https:\/\/tautastribunals.eu\/?p=56476"},"modified":"2020-06-20T22:06:15","modified_gmt":"2020-06-20T19:06:15","slug":"r-bruners-par-tiem-laikiematbilde-ernestam","status":"publish","type":"post","link":"https:\/\/tautastribunals.eu\/?p=56476","title":{"rendered":"R. Bruners. Par tiem laikiem(atbilde Ernestam)"},"content":{"rendered":"\n<figure class=\"wp-block-image\"><img decoding=\"async\" loading=\"lazy\" width=\"768\" height=\"144\" src=\"https:\/\/tautastribunals.eu\/wp-content\/uploads\/2019\/10\/1.-Rids-Bruners.L.Granti\u0146\u0161.J.Z\u012bverts.Latvija.LRTT_-768x144-1.png\" alt=\"\" class=\"wp-image-53460\" srcset=\"https:\/\/tautastribunals.eu\/wp-content\/uploads\/2019\/10\/1.-Rids-Bruners.L.Granti\u0146\u0161.J.Z\u012bverts.Latvija.LRTT_-768x144-1.png 768w, https:\/\/tautastribunals.eu\/wp-content\/uploads\/2019\/10\/1.-Rids-Bruners.L.Granti\u0146\u0161.J.Z\u012bverts.Latvija.LRTT_-768x144-1-300x56.png 300w\" sizes=\"(max-width: 768px) 100vw, 768px\" \/><\/figure>\n\n\n\n<p><\/p>\n\n\n\n<p><\/p>\n\n\n\n<table class=\"wp-block-table\"><tbody><tr><td>Ernests <br><a href=\"https:\/\/tautastribunals.eu\/wp-admin\/edit-comments.php?s=213.226.141.103&amp;mode=detail\"><\/a><\/td><td>Brunera kungs, izst\u0101stiet vair\u0101k par \u0112riku J\u0113kabsonu un Gunti Indriksonu.<br>\nUn to vai \u010dekas p\u0101r\u0146em\u0161an\u0101 un t\u0101s p\u0101rmai\u0146u laikos bija iesaist\u012bti ar\u012b trimdas latvie\u0161i?<\/td><\/tr><\/tbody><\/table>\n\n\n\n<p>Tos abus nepaz\u012bstu, bet ar Indriksonu saist\u012btiem cilv\u0113kiem kontakti ir biju\u0161i, dro\u0161i vien.<\/p>\n\n\n\n<p>T\u0101 saucam\u0101 \u201e\u010dekas p\u0101r\u0146em\u0161ana\u201c\nvisdr\u012bz\u0101k bija form\u0101la lieta. Pats tur nepiedal\u012bjos, t\u0101p\u0113c gr\u016bti spriest. Bet\njaut\u0101jums par trimdas latvie\u0161u piedal\u012b\u0161anos \u010dekas p\u0101rmai\u0146u laikos ir \u013coti\ninteresants no mana viedok\u013ca. \u010cekisti un rietumu valstu dienestu p\u0101rst\u0101vji,\ntrimdas latvie\u0161i, darboj\u0101s saska\u0146oti un viens otru labi pazina. Rad\u0101s iespaids,\nka m\u016bs nodod no krievu \u010dekas rietumu jauno saimnieku r\u012bc\u012bb\u0101. Savuk\u0101rt, \u0161os\njaunos saimniekus bie\u017ei p\u0101rst\u0101v\u0113ja tie pa\u0161i vecie \u010dekisti, kuri p\u0101rg\u0101ju\u0161i jauno\nsaimnieku dienest\u0101.<\/p>\n\n\n\n<p>Run\u0101jot par ministru kabineta\n(MK) bunkuru un manis vad\u012bto inform\u0101cijas centru, par to interes\u0113j\u0101s J\u0101nis\nGobi\u0146\u0161. Vi\u0146\u0161 toreiz staig\u0101ja apk\u0101rt ar AT&amp;T viz\u012btkarti. Vi\u0146u pie mums\natveda Aivars Borovkovs. Ar Gobi\u0146u kop\u0101 bija Ain\u0101rs Gulbis SWH R\u012bga \u012bpa\u0161nieks,\nar kuru abi \u0161\u0137ita lieli draugi. T\u0101p\u0113c tagad dom\u0101ju, ka \u0161ie kontakti g\u0101ja pa\nhomoseksu\u0101lo l\u012bniju, bet toreiz par to nojautas nebija.<\/p>\n\n\n\n<p>Toreiz grib\u0113ju \u0101tr\u0101k \u0137erties kl\u0101t\ndatu b\u0101z\u0113m un datoru t\u012bkliem. Biju ieguvis telpas MK un ar mani kop\u0101 bija tikai\n2 kol\u0113\u0123i, ja pareizi atceros. T\u0101p\u0113c ar Gobi\u0146u un Gulbi vienoj\u0101mies t\u0101, ka vi\u0146i\nfinans\u0113s profesion\u0101lu Latvijas programmistu algas, bet m\u0113s serv\u0113jam telpas,\niek\u0101rtas un organiz\u0113jam darbu MK. Toreiz noorganiz\u0113ju apspriedi visiem kop\u0101 ar\nGodmani, kur tas tika fiks\u0113ts protokol\u0101.<\/p>\n\n\n\n<p>Tas s\u0101k\u0101s 1990. gad\u0101 un\nturpin\u0101j\u0101s l\u012bdz 1991. gada nogalei. Pa vidu bija janv\u0101ra barik\u0101des un augusta\npu\u010ds, un taj\u0101 laik\u0101 atrados min\u0113taj\u0101 bunkur\u0101.<\/p>\n\n\n\n<p>V\u0113l viena interesanta persona, ko\nv\u0113l\u0113tos piemin\u0113t, ir Atis Leji\u0146\u0161. Vi\u0146am nav nek\u0101da sakara ne ar min\u0113to bunkuru,\nne inform\u0101cijas sist\u0113m\u0101m. Bet par vi\u0146a saist\u012bbu ar \u201especdienestiem\u201c dro\u0161i vien\n\u0161aubu nav. Patlaban Atis mier\u012bgi snau\u017e Saeim\u0101, bet pirms 30 gadiem un ar\u012b daudz\nagr\u0101k vi\u0146\u0161 intens\u012bvi dibin\u0101ja kontaktus ar Latvijas latvie\u0161iem. Piem\u0113ram,\npadomju laikos mans pazi\u0146a Raits Gailis bija vedis Ati iek\u0161\u0101 padomju armijas da\u013c\u0101s\nUng\u0101rij\u0101, lai uz\u0146emtu kontaktus ar tur dieno\u0161ajiem latvie\u0161iem. <\/p>\n\n\n\n<p>Atis Leji\u0146\u0161 ir labi raksto\u0161s\ncilv\u0113ks un padomju laik\u0101 vi\u0146\u0161 bija uz\u0146\u0113mis pat filmu par Afganist\u0101nas karu, no\nmod\u017eahedu poz\u012bcij\u0101m raugoties. Nezinu, vai vi\u0146\u0161 ir (atkl\u0101ti) rakst\u012bjis par sav\u0101m\ngait\u0101m atmodas laik\u0101, bet noteikti b\u016btu v\u0113rts uzdot vi\u0146am jaut\u0101jumus par to. <\/p>\n\n\n\n<p>Kad g\u0101ja boj\u0101 Raits Gailis, Leji\u0146\u0161 public\u0113ja vi\u0146a piemi\u0146ai velt\u012btu rakstu ar interesant\u0101m deta\u013c\u0101m. Tas bija rakst\u012bts emocion\u0101li, k\u0101 par kritu\u0161u c\u012b\u0146u biedru. Raita \u0123imene pieder\u0113ja \u201eorg\u0101niem\u201c, nezinu vai t\u0101 bija \u010deka vai GRU. Vi\u0146a m\u0101te un mana m\u0101te bija draudzenes no studiju laikiem, un pirm\u0101 it nemaz nesl\u0113pa, ka vi\u0146ai dots uzdevums \u201euzman\u012bt\u201c.<\/p>\n\n\n\n<figure class=\"wp-block-image\"><img decoding=\"async\" loading=\"lazy\" width=\"800\" height=\"548\" src=\"https:\/\/tautastribunals.eu\/wp-content\/uploads\/2020\/06\/Atis-Leji\u0146\u0161.-Egils-levits.Granti\u0146\u0161.-LRTT-800x548.png\" alt=\"\" class=\"wp-image-56491\" srcset=\"https:\/\/tautastribunals.eu\/wp-content\/uploads\/2020\/06\/Atis-Leji\u0146\u0161.-Egils-levits.Granti\u0146\u0161.-LRTT.png 800w, https:\/\/tautastribunals.eu\/wp-content\/uploads\/2020\/06\/Atis-Leji\u0146\u0161.-Egils-levits.Granti\u0146\u0161.-LRTT-300x206.png 300w, https:\/\/tautastribunals.eu\/wp-content\/uploads\/2020\/06\/Atis-Leji\u0146\u0161.-Egils-levits.Granti\u0146\u0161.-LRTT-768x526.png 768w\" sizes=\"(max-width: 800px) 100vw, 800px\" \/><figcaption><strong>FOTO: L\u016bk, &#8220;m\u016bsu&#8221; soci\u0137is Atis Leji\u0146\u0161 ar Maskavas a\u0123enta L\u0113bera skolnieku- Egilu Levitu !!! Vienas &#8220;sektas&#8221; locek\u013ci- VDK &#8220;kurmji&#8221;!<\/strong><\/figcaption><\/figure>\n\n\n\n<p>1990. gada pavasar\u012b, ja pareizi\natceros, tas bija p\u0113c tam, kad LTF uzvar\u0113ja v\u0113l\u0113\u0161an\u0101s, es kop\u0101 ar v\u0113l\u0113\u0161anu\nakt\u012bvistu grupi\u0146u piedal\u012bjos ce\u013cojum\u0101 uz Stokholmu. M\u016bs iel\u016bdza Zviedrijas\nsoci\u0101ldemokr\u0101tisk\u0101 partija. Kad ierad\u0101mies viesn\u012bc\u0101, tur priek\u0161\u0101 bija Atis\nLeji\u0146\u0161, kur\u0161 m\u016bs sagaid\u012bja k\u0101 labus draugus. <\/p>\n\n\n\n<p>Iepriek\u0161 rakst\u012bju, ka Andropova\nlaik\u0101 (1982. \u2013 1984.) s\u0101k\u0101s PSRS un rietumu valstu kop\u012bga r\u012bc\u012bba, kas bija\nv\u0113rsta uz PSRS likvid\u0113\u0161anu. <\/p>\n\n\n\n<p>Noz\u012bme bija ar\u012b saimnieciskajiem\nkontaktiem. Neatceros, kur\u0161 mani iepaz\u012bstin\u0101ja ar Norbertu Klaucenu, ros\u012bgo\n\u010cik\u0101gas ebreju, kam bija sakari lielo korpor\u0101ciju vad\u012bb\u0101. Vi\u0146\u0161 par\u0101d\u012bj\u0101s R\u012bg\u0101\n1991. gada vasar\u0101, ja nemaldos. Mani vi\u0146\u0161 iepaz\u012bstin\u0101ja ar k\u0101du darbinieku no\nIBM. \u0160aj\u0101 sakar\u0101 bija interesants atgad\u012bjums augusta pu\u010da laik\u0101. <\/p>\n\n\n\n<p>Nakt\u012b no 19. uz 20. augustu\ns\u0113d\u0113ju bunkur\u0101 un ar p\u0101rsteigumu konstat\u0113ju, ka darbojas telekss. Tas bija t\u0101ds\nuzlabots telegr\u0101fa variants, kas pa izdal\u012bt\u0101m telefona l\u012bnij\u0101m bija piesl\u0113gts\nstarptautiskajam t\u012bklam. Latvijas radio darboj\u0101s un zi\u0146oja par armijas un omona\nr\u012bc\u012bb\u0101m. Noliku radio blakus un s\u0101ku raid\u012bt ar teleksu ang\u013cu valod\u0101 uz Klaucena\niedoto kontakta adresi ASV. Raid\u012bju visu nakti. No r\u012bta zi\u0146as izs\u012bka, un var\u0113ja\nnojaust, ka radio ir pu\u010distu kontrol\u0113. Devos pastaig\u0101.<\/p>\n\n\n\n<p>MK \u0113ka skait\u012bj\u0101s ie\u0146emta, tom\u0113r\ngaraj\u0101 ce\u013c\u0101 l\u012bdz premjera kabinetam nesastapu nevienu cilv\u0113ku. Non\u0101cis gal\u0101,\nsastapu Andri Bunku, kur\u0161 ierosin\u0101ja iet brokast\u012bs. K\u0101 pa br\u012bnumu da\u017ei virtuves\ndarbinieki bija ieradu\u0161ies darb\u0101 un m\u0113s ietur\u0113j\u0101m, dro\u0161i vien, dr\u016bm\u0101k\u0101s\nbrokastis m\u016b\u017e\u0101.<\/p>\n\n\n\n<p>V\u0113l\u0101k Klaucens man teica, ka ar\nsaviem teleksa raid\u012bjumiem esmu k\u013cuvis bezmaz par zvaigzni. Vi\u0146i piesl\u0113gu\u0161i tos\ntelev\u012bzijai, un manis tulkot\u0101s Latvijas radio zi\u0146as esot g\u0101ju\u0161as tie\u0161aj\u0101 \u0113ter\u0101\nvien\u0101 no ASV zi\u0146u kan\u0101liem.<\/p>\n\n\n\n<p>Labaj\u0101m attiec\u012bb\u0101m ar Norbertu\nKlaucenu nebija ilgs m\u016b\u017es. Tie\u0161i \u0161eit pielika roku koment\u0101ros min\u0113tie\nprominentie \u010dekisti. Proti, pret mani tika sar\u012bkota provok\u0101cija, lai sanaidotu.\n<\/p>\n\n\n\n<p>Klaucens bija atvedis no ASV\ndatoru un atst\u0101ja to man, lai m\u016bsu speci\u0101listi nov\u0113rt\u0113. Nez k\u0101p\u0113c, t\u016bl\u012bt p\u0113c\ntam par datoru ieinteres\u0113j\u0101s P\u0113teris Videnieks, kur\u0161 taj\u0101 laik\u0101 bija satiksmes\nministrs. Vai nevarot to datoru pa\u0146emt izm\u0113\u0123in\u0101t? K\u0101p\u0113c n\u0113, iedevu to vi\u0146am un\ndators aizg\u0101ja ar galiem. Atbrauca Klaucens, un pras\u012bja kur ir dators. M\u0113\u0123in\u0101ju\nto atdab\u016bt no Videnieka, bet nesekm\u012bgi. T\u0101 viet\u0101 Klaucenam aizveda kaut k\u0101dus\nl\u016b\u017e\u0146us, par ko vi\u0146\u0161 satrakoj\u0101s un vainoja notiku\u0161aj\u0101 mani.<\/p>\n\n\n\n<p class=\"has-text-color has-background has-large-font-size has-very-light-gray-color has-very-dark-gray-background-color\">LRTT viedoklis<\/p>\n\n\n\n<p class=\"has-text-color has-background has-small-font-size has-very-light-gray-color has-very-dark-gray-background-color\">Negribu<strong> Brunera kungam <\/strong>aizr\u0101d\u012bt, bet tikai &#8220;ska\u013ci izsac\u012bt savas domas&#8221;. Vai neb\u016btu visu pirms aptvero\u0161i izst\u0101st\u012bt t\u0101 laika notikumus no sava redzes &#8220;tor\u0146a&#8221; un tad run\u0101t par jauno <strong>SABIEDR\u012aBAS MODELI<\/strong> ? Mans viedoklis ir, ka vajag tikt piln\u012bg\u0101 skaidr\u012bb\u0101 ar m\u016bsu pag\u0101tni. Mums ir j\u0101zina visi to laiku provokatori, lai vi\u0146i atkal nesaind\u0113 n\u0101kotnes <strong>sabiedr\u012bbas model<\/strong>i. Ir jau s\u0101kusies t\u0101da tendence, ka t\u0101 laika <strong>&#8220;modelisti&#8221;<\/strong> atkal v\u0113las ko model\u0113t&#8230; . \u0160is, <strong>Brunera kungs<\/strong>, ir v\u0113rt\u012bgs atmi\u0146u raksts !<\/p>\n\n\n\n<figure class=\"wp-block-image\"><img decoding=\"async\" loading=\"lazy\" width=\"800\" height=\"554\" src=\"https:\/\/tautastribunals.eu\/wp-content\/uploads\/2020\/06\/Din\u0113vi\u010ds.-Granti\u0146\u0161.-Bruners-LRTT-800x554.png\" alt=\"\" class=\"wp-image-56481\" srcset=\"https:\/\/tautastribunals.eu\/wp-content\/uploads\/2020\/06\/Din\u0113vi\u010ds.-Granti\u0146\u0161.-Bruners-LRTT-800x554.png 800w, https:\/\/tautastribunals.eu\/wp-content\/uploads\/2020\/06\/Din\u0113vi\u010ds.-Granti\u0146\u0161.-Bruners-LRTT-300x208.png 300w, https:\/\/tautastribunals.eu\/wp-content\/uploads\/2020\/06\/Din\u0113vi\u010ds.-Granti\u0146\u0161.-Bruners-LRTT-768x531.png 768w, https:\/\/tautastribunals.eu\/wp-content\/uploads\/2020\/06\/Din\u0113vi\u010ds.-Granti\u0146\u0161.-Bruners-LRTT.png 912w\" sizes=\"(max-width: 800px) 100vw, 800px\" \/><figcaption><strong>FOTO: L\u016bk, komunists Din\u0113vi\u010ds v\u0113las g\u0101zt TO, ko pats rad\u012bja ! Vai tad t\u0101 nav atkal l\u012b\u0161ana n\u0101kotnes jaunaj\u0101 SABIEDR\u012aBAS MODEL\u012a, lai izmuktu no soda un turpin\u0101tu izn\u012bcin\u0101t to, kas v\u0113l palicis p\u0101ri no Latvijas ? Par \u0161iem m\u0113sliem, Brunera kungs, ir j\u0101run\u0101 ska\u013ci, lai vi\u0146i saprot, ka vi\u0146u \u012bst\u0101 vieta ir- PIE SIENAS !<\/strong><\/figcaption><\/figure>\n\n\n\n<p>20.06.20            <\/p>\n","protected":false},"excerpt":{"rendered":"<p>Ernests Brunera kungs, izst\u0101stiet vair\u0101k par \u0112riku J\u0113kabsonu un Gunti Indriksonu. Un to vai \u010dekas p\u0101r\u0146em\u0161an\u0101 un t\u0101s p\u0101rmai\u0146u laikos bija iesaist\u012bti ar\u012b trimdas latvie\u0161i? Tos abus nepaz\u012bstu, bet ar Indriksonu saist\u012btiem cilv\u0113kiem kontakti&#46;&#46;&#46;<\/p>\n","protected":false},"author":1,"featured_media":0,"comment_status":"open","ping_status":"open","sticky":false,"template":"","format":"standard","meta":[],"categories":[1,11],"tags":[],"_links":{"self":[{"href":"https:\/\/tautastribunals.eu\/index.php?rest_route=\/wp\/v2\/posts\/56476"}],"collection":[{"href":"https:\/\/tautastribunals.eu\/index.php?rest_route=\/wp\/v2\/posts"}],"about":[{"href":"https:\/\/tautastribunals.eu\/index.php?rest_route=\/wp\/v2\/types\/post"}],"author":[{"embeddable":true,"href":"https:\/\/tautastribunals.eu\/index.php?rest_route=\/wp\/v2\/users\/1"}],"replies":[{"embeddable":true,"href":"https:\/\/tautastribunals.eu\/index.php?rest_route=%2Fwp%2Fv2%2Fcomments&post=56476"}],"version-history":[{"count":8,"href":"https:\/\/tautastribunals.eu\/index.php?rest_route=\/wp\/v2\/posts\/56476\/revisions"}],"predecessor-version":[{"id":56492,"href":"https:\/\/tautastribunals.eu\/index.php?rest_route=\/wp\/v2\/posts\/56476\/revisions\/56492"}],"wp:attachment":[{"href":"https:\/\/tautastribunals.eu\/index.php?rest_route=%2Fwp%2Fv2%2Fmedia&parent=56476"}],"wp:term":[{"taxonomy":"category","embeddable":true,"href":"https:\/\/tautastribunals.eu\/index.php?rest_route=%2Fwp%2Fv2%2Fcategories&post=56476"},{"taxonomy":"post_tag","embeddable":true,"href":"https:\/\/tautastribunals.eu\/index.php?rest_route=%2Fwp%2Fv2%2Ftags&post=56476"}],"curies":[{"name":"wp","href":"https:\/\/api.w.org\/{rel}","templated":true}]}}