{"id":56401,"date":"2020-06-09T23:27:11","date_gmt":"2020-06-09T20:27:11","guid":{"rendered":"https:\/\/tautastribunals.eu\/?p=56401"},"modified":"2020-06-09T23:27:11","modified_gmt":"2020-06-09T20:27:11","slug":"lasitajs-par-izdzivosanu","status":"publish","type":"post","link":"https:\/\/tautastribunals.eu\/?p=56401","title":{"rendered":"Las\u012bt\u0101js par IZDZ\u012aVO\u0160ANU !"},"content":{"rendered":"\n<figure class=\"wp-block-image is-resized\"><img decoding=\"async\" loading=\"lazy\" src=\"https:\/\/tautastribunals.eu\/wp-content\/uploads\/2019\/02\/Latvija.-Akur\u0101tere.jpg\" alt=\"\" class=\"wp-image-49354\" width=\"725\" height=\"117\" srcset=\"https:\/\/tautastribunals.eu\/wp-content\/uploads\/2019\/02\/Latvija.-Akur\u0101tere.jpg 557w, https:\/\/tautastribunals.eu\/wp-content\/uploads\/2019\/02\/Latvija.-Akur\u0101tere-300x48.jpg 300w\" sizes=\"(max-width: 725px) 100vw, 725px\" \/><\/figure>\n\n\n\n<p><\/p>\n\n\n\n<p style=\"background-color:#359270\" class=\"has-text-color has-background has-small-font-size has-very-light-gray-color\">Labi pasac\u012bts un tie\u0161i t\u0101 ar\u012b b\u016bs, k\u0101 saka k\u0101ds<strong>Las\u012bt\u0101js<\/strong>, bet ar vienu mazu iz\u0146\u0113mumu. Un, \u0161\u012bs iz\u0146\u0113mums ir: <strong>NOZIEDZNIEKI,<\/strong> tie, kuri \u0146\u0113mu\u0161i to, kas vi\u0146iem nepieder. Tie tiks \u0137erti, lai ar\u012b kur\u0101 pasaules mal\u0101 vi\u0146i b\u016bs aizmuku\u0161i. Tiks atvilkti uz zemi, kuru tie aplaup\u012bju\u0161i. Bez maz\u0101k\u0101s \u017e\u0113last\u012bbas tie tiks fiziski izn\u012bcin\u0101ti, kop\u0101 ar tiem, kuri vi\u0146iem pal\u012bdz\u0113ju\u0161i<strong> \u201cr\u012bt\u201d <\/strong>tautai nozagto- un tie b\u016bs b\u0113rni un pat mazb\u0113rnus ieskaitot. Tas b\u016bs <strong>Tiesiski<\/strong> un <strong>Likum\u012bgi<\/strong>&#8211; p\u0113c <strong>S\u0113jas un P\u013caujas<\/strong> <strong>LIKUMA <\/strong>! Tas ir<strong> DIEVA LIKUMS<\/strong>. Par to, ja atceraties, run\u0101ja ar\u012b <strong>Us\u016brijas \u0161amanis<\/strong> !<\/p>\n\n\n\n<p><a href=\"http:\/\/www.delfi.lv\/aculiecinieks\/news\/neticamais\/usurijas-samanis-latvijas-glabejs-ir-starp-jums.d?id=36084312#ixzz2wLEOzjpp\"> <\/a><\/p>\n\n\n\n<div class=\"wp-block-image\"><figure class=\"alignleft is-resized\"><img decoding=\"async\" loading=\"lazy\" src=\"http:\/\/tautastribunals.eu\/wp-content\/uploads\/2014\/04\/\u0160amanis-LRTT.-Granti\u0146\u0161.jpg\" alt=\"\u0160amanis, LRTT. Granti\u0146\u0161\" class=\"wp-image-19683\" width=\"219\" height=\"152\" srcset=\"https:\/\/tautastribunals.eu\/wp-content\/uploads\/2014\/04\/\u0160amanis-LRTT.-Granti\u0146\u0161.jpg 520w, https:\/\/tautastribunals.eu\/wp-content\/uploads\/2014\/04\/amanis-LRTT.-Granti\u0146\u0161-300x207.jpg 300w\" sizes=\"(max-width: 219px) 100vw, 219px\" \/><\/figure><\/div>\n\n\n\n<p><a href=\"http:\/\/www.delfi.lv\/aculiecinieks\/news\/neticamais\/usurijas-samanis-latvijas-glabejs-ir-starp-jums.d?id=36084312#ixzz2wLEOzjpp\">\u2013 Us\u016brijas \u0161amanis: Latvijas gl\u0101b\u0113js ir starp jums: <em>\u201eDr\u012bz  \u0161\u012bs maz\u0101s tautas paciet\u012bba l\u016bz\u012bs, un \u0161\u012bs sav\u0101kt\u0101s zi\u0146as izplat\u012bsies pa  visu pasauli, radot lav\u012bnu. Viet\u0113jie valdnieki b\u016bs p\u0101rcentu\u0161ies. <\/em><\/a><\/p>\n\n\n\n<p><a href=\"http:\/\/www.delfi.lv\/aculiecinieks\/news\/neticamais\/usurijas-samanis-latvijas-glabejs-ir-starp-jums.d?id=36084312#ixzz2wLEOzjpp\"><em>\u012astie  zemes p\u0101rvald\u012bt\u0101ji \u0101tri atbr\u012bvosies no valdniekiem un naudas namu  kalpiem, visu vainu uzve\u013cot vi\u0146iem. \u0160os cilv\u0113kus sod\u012bs k\u0101 cilv\u0113ki, t\u0101  Dievs vair\u0101k\u0101s paaudz\u0113s. Vi\u0146us vaj\u0101s k\u0101 trakus su\u0146us gan sav\u0101 zem\u0113, gan  \u0101rpus t\u0101s.\u201d-, <\/em>bet visu rakstu\u0161eit: <\/a> <\/p>\n\n\n\n<p><a href=\"http:\/\/www.delfi.lv\/aculiecinieks\/news\/neticamais\/usurijas-samanis-latvijas-glabejs-ir-starp-jums.d?id=36084312#ixzz2wLEOzjpp \">http:\/\/www.delfi.lv\/aculiecinieks\/news\/neticamais\/usurijas-samanis-latvijas-glabejs-ir-starp-jums.d?id=36084312#ixzz2wLEOzjpp <\/a><\/p>\n\n\n\n<figure class=\"wp-block-image\"><img decoding=\"async\" loading=\"lazy\" width=\"800\" height=\"533\" src=\"https:\/\/tautastribunals.eu\/wp-content\/uploads\/2017\/10\/Linards-Muci\u0146\u0161.Granti\u0146\u0161.LRTT..PNG\" alt=\"\" class=\"wp-image-42037\" srcset=\"https:\/\/tautastribunals.eu\/wp-content\/uploads\/2017\/10\/Linards-Muci\u0146\u0161.Granti\u0146\u0161.LRTT..PNG 800w, https:\/\/tautastribunals.eu\/wp-content\/uploads\/2017\/10\/Linards-Muci\u0146\u0161.Granti\u0146\u0161.LRTT.-300x199.PNG 300w\" sizes=\"(max-width: 800px) 100vw, 800px\" \/><figcaption>\u0160aj\u0101 foto m\u0113s redzam vinu no tiem, kur\u0161 maksas ! Un maks\u0101s visi tie, kurus j\u016bs redzat \u0161aj\u0101 foto- berni un ar\u012b mazb\u0113rni. Vi\u0146\u0161 ar <strong>saviem melnajiem nodev\u012bbas darbiem<\/strong> b\u016bs nesis izn\u012bc\u012bbu ar\u012b saviem b\u0113rniem ! Citiem b\u0113rniem \u0161is kropls dz\u012bv\u012bbu at\u0146\u0113ma un maizes kumosu no mutes atr\u0101va, lai sav\u0113jos p\u0101rtic\u012bb\u0101 lutin\u0101tu !<\/figcaption><\/figure>\n\n\n\n<p class=\"has-text-color has-background has-large-font-size has-very-light-gray-color has-very-dark-gray-background-color\">V\u0113sture atk\u0101rtojas, Armand. <\/p>\n\n\n\n<p class=\"has-background has-very-light-gray-background-color\">Tu jau ar\u012b to labi zini, bet ar\nleti\u0146iem viss ir k\u0101rt\u012bb\u0101. Daudz kop\u012bga: dom\u0101t, redz\u0113t re\u0101li, labs humors, labs darbs\n\u2013 pat ang\u013ci slav\u0113. Inteli\u0123ents humors- k\u0101 dzirdi un k\u0101 redzi. Pat mats iesl\u0113pts\npujen\u0113s vai pat roz\u0113s. <\/p>\n\n\n\n<p class=\"has-background has-very-light-gray-background-color\">Izdz\u012bvos, pat ja atst\u0101s vien\nkailo dz\u012bv\u012bbu. Ja esi ar vi\u0146iem <em>(leti\u0146iem)<\/em> \u2013 beidz niev\u0101t. Vi\u0146i jau uz\nniev\u0101m tikai uzdungo: \u201e<strong>Lai mani n\u012bst, lai mani niev\u0101<\/strong>\u201d, vai to pa\u0161u\npidrall\u0101. K\u0101 tur teica tas<strong> \u010caterd\u017ei <\/strong>no <strong>Indijas<\/strong>: Tauta, kura nem\u012bl\nkarot, nem\u012bl revol\u016bcijas, jo zina- <strong>t\u0101s pa\u0161as savus b\u0113rnus aprij<\/strong>. Ja\npiespie\u017e, tad karo t\u0101, ka pat tiem, kuri piespie\u017e, j\u0101sarg\u0101s. <\/p>\n\n\n\n<p class=\"has-background has-very-light-gray-background-color\">T\u0101 ka \u2013 velt\u012bgi p\u0101rmest, ka\nnekaro. <\/p>\n\n\n\n<p class=\"has-background has-very-light-gray-background-color\">Izskat\u0101s, ka izdz\u012bvos bez t\u0101 kara,\nar to pa\u0161u dziesmu, labu humoru, mieru m\u012blo\u0161iem g\u0113niem un t\u0101m pa\u0161\u0101m gadsimtos\nnovalk\u0101t\u0101m pastal\u0101m.<\/p>\n\n\n\n<p class=\"has-background has-very-light-gray-background-color\">Nemauc visus p\u0101r vienu k\u0101rti.<\/p>\n\n\n\n<figure class=\"wp-block-embed-youtube wp-block-embed is-type-video is-provider-youtube wp-embed-aspect-4-3 wp-has-aspect-ratio\"><div class=\"wp-block-embed__wrapper\">\n<iframe loading=\"lazy\" title=\"Meln\u0101 v\u0101rna 2015\" width=\"500\" height=\"375\" src=\"https:\/\/www.youtube.com\/embed\/mqrWneDP6qo?feature=oembed&#038;wmode=opaque\" frameborder=\"0\" allow=\"accelerometer; autoplay; encrypted-media; gyroscope; picture-in-picture\" allowfullscreen><\/iframe>\n<\/div><\/figure>\n\n\n\n<figure class=\"wp-block-embed-youtube wp-block-embed is-type-video is-provider-youtube wp-embed-aspect-16-9 wp-has-aspect-ratio\"><div class=\"wp-block-embed__wrapper\">\n<div class=\"video-container\"><iframe loading=\"lazy\" title=\"Ker\u0113vica, Busulis, koris, Pauls \u2013 &quot;Meln\u0101 v\u0101rna&quot;\" width=\"500\" height=\"281\" src=\"https:\/\/www.youtube.com\/embed\/WK3SyTBh59U?feature=oembed&#038;wmode=opaque\" frameborder=\"0\" allow=\"accelerometer; autoplay; encrypted-media; gyroscope; picture-in-picture\" allowfullscreen><\/iframe><\/div>\n<\/div><\/figure>\n\n\n\n<figure class=\"wp-block-embed-youtube wp-block-embed is-type-video is-provider-youtube wp-embed-aspect-16-9 wp-has-aspect-ratio\"><div class=\"wp-block-embed__wrapper\">\n<div class=\"video-container\"><iframe loading=\"lazy\" title=\"Ieva Ker\u0113vica un Aivars Br\u012bze - &quot;Meln\u0101 v\u0101rna&quot;\" width=\"500\" height=\"281\" src=\"https:\/\/www.youtube.com\/embed\/My8Xn4Rv4cg?feature=oembed&#038;wmode=opaque\" frameborder=\"0\" allow=\"accelerometer; autoplay; encrypted-media; gyroscope; picture-in-picture\" allowfullscreen><\/iframe><\/div>\n<\/div><\/figure>\n\n\n\n<figure class=\"wp-block-embed-youtube wp-block-embed is-type-video is-provider-youtube wp-embed-aspect-4-3 wp-has-aspect-ratio\"><div class=\"wp-block-embed__wrapper\">\n<div class=\"video-container\"><iframe loading=\"lazy\" title=\"Man skau\u0123i kapu rok .....simis\" width=\"500\" height=\"375\" src=\"https:\/\/www.youtube.com\/embed\/IF1OQgGSMxY?feature=oembed&#038;wmode=opaque\" frameborder=\"0\" allow=\"accelerometer; autoplay; encrypted-media; gyroscope; picture-in-picture\" allowfullscreen><\/iframe><\/div>\n<\/div><\/figure>\n\n\n\n<figure class=\"wp-block-embed-youtube wp-block-embed is-type-video is-provider-youtube wp-embed-aspect-16-9 wp-has-aspect-ratio\"><div class=\"wp-block-embed__wrapper\">\n<iframe loading=\"lazy\" title=\"Edgars Liepi\u0146\u0161 - Sib\u012brijas Tango\" width=\"500\" height=\"281\" src=\"https:\/\/www.youtube.com\/embed\/2_6c0PyOOS0?feature=oembed&#038;wmode=opaque\" frameborder=\"0\" allow=\"accelerometer; autoplay; encrypted-media; gyroscope; picture-in-picture\" allowfullscreen><\/iframe>\n<\/div><\/figure>\n\n\n\n<p>09.06.20<\/p>\n","protected":false},"excerpt":{"rendered":"<p>Labi pasac\u012bts un tie\u0161i t\u0101 ar\u012b b\u016bs, k\u0101 saka k\u0101dsLas\u012bt\u0101js, bet ar vienu mazu iz\u0146\u0113mumu. Un, \u0161\u012bs iz\u0146\u0113mums ir: NOZIEDZNIEKI, tie, kuri \u0146\u0113mu\u0161i to, kas vi\u0146iem nepieder. Tie tiks \u0137erti, lai ar\u012b kur\u0101 pasaules&#46;&#46;&#46;<\/p>\n","protected":false},"author":1,"featured_media":0,"comment_status":"open","ping_status":"open","sticky":false,"template":"","format":"standard","meta":[],"categories":[1],"tags":[],"_links":{"self":[{"href":"https:\/\/tautastribunals.eu\/index.php?rest_route=\/wp\/v2\/posts\/56401"}],"collection":[{"href":"https:\/\/tautastribunals.eu\/index.php?rest_route=\/wp\/v2\/posts"}],"about":[{"href":"https:\/\/tautastribunals.eu\/index.php?rest_route=\/wp\/v2\/types\/post"}],"author":[{"embeddable":true,"href":"https:\/\/tautastribunals.eu\/index.php?rest_route=\/wp\/v2\/users\/1"}],"replies":[{"embeddable":true,"href":"https:\/\/tautastribunals.eu\/index.php?rest_route=%2Fwp%2Fv2%2Fcomments&post=56401"}],"version-history":[{"count":11,"href":"https:\/\/tautastribunals.eu\/index.php?rest_route=\/wp\/v2\/posts\/56401\/revisions"}],"predecessor-version":[{"id":56412,"href":"https:\/\/tautastribunals.eu\/index.php?rest_route=\/wp\/v2\/posts\/56401\/revisions\/56412"}],"wp:attachment":[{"href":"https:\/\/tautastribunals.eu\/index.php?rest_route=%2Fwp%2Fv2%2Fmedia&parent=56401"}],"wp:term":[{"taxonomy":"category","embeddable":true,"href":"https:\/\/tautastribunals.eu\/index.php?rest_route=%2Fwp%2Fv2%2Fcategories&post=56401"},{"taxonomy":"post_tag","embeddable":true,"href":"https:\/\/tautastribunals.eu\/index.php?rest_route=%2Fwp%2Fv2%2Ftags&post=56401"}],"curies":[{"name":"wp","href":"https:\/\/api.w.org\/{rel}","templated":true}]}}