{"id":56356,"date":"2020-06-10T11:11:37","date_gmt":"2020-06-10T08:11:37","guid":{"rendered":"https:\/\/tautastribunals.eu\/?p=56356"},"modified":"2020-06-10T13:25:12","modified_gmt":"2020-06-10T10:25:12","slug":"tandems-dzintars-urbanovics-izgaismojas-pilniba","status":"publish","type":"post","link":"https:\/\/tautastribunals.eu\/?p=56356","title":{"rendered":"Tand\u0113ms- Dzintars &#038; Urbanovi\u010ds izgaismojas piln\u012bb\u0101"},"content":{"rendered":"\n<figure class=\"wp-block-image\"><img decoding=\"async\" loading=\"lazy\" width=\"800\" height=\"116\" src=\"https:\/\/tautastribunals.eu\/wp-content\/uploads\/2020\/02\/L.Granti\u0146\u0161.J.Z\u012bvertsBord\u0101nsBut\u0101nsLRTT-1-3-800x116.png\" alt=\"\" class=\"wp-image-55065\" srcset=\"https:\/\/tautastribunals.eu\/wp-content\/uploads\/2020\/02\/L.Granti\u0146\u0161.J.Z\u012bvertsBord\u0101nsBut\u0101nsLRTT-1-3-800x116.png 800w, https:\/\/tautastribunals.eu\/wp-content\/uploads\/2020\/02\/L.Granti\u0146\u0161.J.Z\u012bvertsBord\u0101nsBut\u0101nsLRTT-1-3-300x44.png 300w, https:\/\/tautastribunals.eu\/wp-content\/uploads\/2020\/02\/L.Granti\u0146\u0161.J.Z\u012bvertsBord\u0101nsBut\u0101nsLRTT-1-3-768x112.png 768w, https:\/\/tautastribunals.eu\/wp-content\/uploads\/2020\/02\/L.Granti\u0146\u0161.J.Z\u012bvertsBord\u0101nsBut\u0101nsLRTT-1-3.png 1073w\" sizes=\"(max-width: 800px) 100vw, 800px\" \/><\/figure>\n\n\n\n<p class=\"has-text-color has-background has-medium-font-size has-very-light-gray-color has-very-dark-gray-background-color\">Kur\u0161 sac\u012bs, ka Lembergs nav \u012bstais Latvijas &#8220;prezidents&#8217;?<\/p>\n\n\n\n<p style=\"background-color:#113e2d\" class=\"has-text-color has-background has-small-font-size has-very-light-gray-color\">Var\u0113tu jau nepiegriezt sevi\u0161\u0137u uzman\u012bbu \u0161im balsojumam<em>(raksta beig\u0101s),<\/em> ja t\u0101 balsot\u0101ji nedal\u012btos p\u0113c politisk\u0101 \u201c<strong>spektra<\/strong>\u201d. Te tad ar\u012b s\u0101kas tas interesant\u0101kais, kas par\u0101da politisko \u201c<strong>partiju<\/strong>\u201d ideolo\u0123isko radniec\u012bbu, pat piln\u012bgu<strong> GAR\u012aGO VIENOT\u012aBU<\/strong>, kas l\u012bdz \u0161im tika diezgan saudz\u012bgi mask\u0113ts.<strong> ATTUR\u0112\u0160AN\u0100S<\/strong> \u0161in\u012b gad\u012bjum\u0101 ir identiska balsojumam <strong>PRET<\/strong> ! Runa ir par <strong>NA <\/strong>un <strong>SASKA\u0145U <\/strong>! Vai tad pie R\u012bgas p\u0101rkrievo\u0161ana<strong>s U\u0161akova<\/strong> laik\u0101 nepiedal\u012bj\u0101s ar\u012b<strong> NA<\/strong> ? Vai tika protest\u0113ts, par <strong>latvie\u0161u b\u0113rnud\u0101rzu necel\u0161anu un milz\u012bgo korupciju<\/strong> ? Netika ! <strong>Baiba Broka<\/strong> un <strong>Dace Melb\u0101rde<\/strong> ir <strong>R\u012bgas <\/strong>izlaup\u012bt\u0101ja un <strong>Putina<\/strong> piel\u016bdz\u0113ja <strong>Nila U\u0161akova<\/strong> \u0123imenes draudzenes. <strong>Melb\u0101rde<\/strong> un <strong>Dzintars<\/strong>, cionista<strong> E. Levita <\/strong>uzdevum\u0101<strong>,<\/strong> nomaina <strong>LATVISKO<\/strong> valsts att\u012bst\u012bbas koncepciju uz <strong>NACION\u0100LO <\/strong>! T\u0101s pieskait\u0101ms pie <strong>Valsts<\/strong> un<strong> tautas<\/strong> nodev\u012bbas <strong>AUGST\u0100K\u0100S PAK\u0100PES<\/strong>. To dr\u012bkst\u0113ja dar\u012bt pati <strong>TAUTA<\/strong>, proti, referendum\u0101.<\/p>\n\n\n\n<p class=\"has-background has-large-font-size has-vivid-green-cyan-background-color\"> Kas ir azartsp\u0113\u013cu<strong> Z\u0100LES <\/strong>? <\/p>\n\n\n\n<p style=\"background-color:#0f4732\" class=\"has-text-color has-background has-small-font-size has-very-light-gray-color\">T\u0101s pieder starptautiskajam cionistu<strong> KARTELIM<\/strong>. T\u0101tad, tie, kuri balsoja PRET, nebalsoja vai attur\u0113j\u0101s, str\u0101d\u0101 cionistu lab\u0101. Sp\u0113\u013cu<strong> Z\u0100LES<\/strong> ir apr\u012bkotas ar \u201c<strong>psihotroniem iero\u010diem<\/strong>\u201d, kas grauj cilv\u0113ka <strong>APZI\u0145U<\/strong>, padarot to par pak\u013c\u0101v\u012bgu vergu- lopu, v\u0101rda t\u0101 tie\u0161aj\u0101 noz\u012bm\u0113. \u0160is balsojums visu \u201c<strong>sak\u0101rtoja pa plauktiem<\/strong>\u201d ! Atsij\u0101ja s\u0113nalas no graudiem ! <strong>NA <\/strong>kop\u0101 ar <strong>SASKA\u0145U, JV<\/strong> un<strong> ZZS <\/strong>nobalsoja<em> <strong>pret <\/strong><\/em>JKP priek\u0161likumu, t\u0101tad, pret veselo sapr\u0101tu un tautas interes\u0113m ! Pat t\u0101di \u201c<strong>latvie\u0161u<\/strong>\u201d aizst\u0101vji k\u0101 <strong>Raivis Dzintars<\/strong> un <strong>Edv\u012bns \u0160nore<\/strong> ir kop\u0101 ar <strong>u\u0161akovie\u0161iem- lembergie\u0161iem<\/strong> !  <\/p>\n\n\n\n<figure class=\"wp-block-image is-resized\"><img decoding=\"async\" loading=\"lazy\" src=\"https:\/\/tautastribunals.eu\/wp-content\/uploads\/2020\/06\/Melb\u0101rde.U\u0161akovs.Broka_.png\" alt=\"\" class=\"wp-image-56386\" width=\"637\" height=\"381\" srcset=\"https:\/\/tautastribunals.eu\/wp-content\/uploads\/2020\/06\/Melb\u0101rde.U\u0161akovs.Broka_.png 547w, https:\/\/tautastribunals.eu\/wp-content\/uploads\/2020\/06\/Melb\u0101rde.U\u0161akovs.Broka_-300x179.png 300w\" sizes=\"(max-width: 637px) 100vw, 637px\" \/><figcaption><strong>Sav\u0113jie !<\/strong><\/figcaption><\/figure>\n\n\n\n<p style=\"background-color:#124a35\" class=\"has-text-color has-background has-small-font-size has-very-light-gray-color\"><strong> NA<\/strong>, ar savu <strong>Tieslietu ministru Dz. Rasna\u010du,<\/strong> piedal\u012bj\u0101s <strong>H- 86 <\/strong>dibin\u0101t\u0101ja un <strong>akt\u012bv\u0101s Atmodas<\/strong> aizs\u0101c\u0113ja <strong>L. Granti\u0146a<\/strong> zv\u0113r\u012bgaj\u0101 arest\u0101 pirms pieciem gadiem. <strong>Raivis Dzitars<\/strong> sav\u0101<strong> NA<\/strong> interneta vietne pat ne ar p\u016b\u0161 plestu v\u0101rdu par \u0161o gad\u012bjumu neiemin\u0113j\u0101s, kaut gan s\u0113\u017e <strong>L. Granti\u0146a<\/strong> un vi\u0146am l\u012bdz\u012bgo atjaunotaj\u0101 <strong>Latvijas Republikas Saeim\u0101<\/strong>. Nu, un ja m\u0113s zin\u0101m, ka vi\u0146\u0161 latvie\u0161u slepkavas <strong>M. Vulfsona<\/strong> radinieks, tad viss nost\u0101jas sav\u0101s viet\u0101s. Bet viss reiz n\u0101k gaism\u0101 un par visu j\u0101sa\u0146em alga. \u0160odien vi\u0146\u0161 \u0161o <strong>\u201calgu\u201d<\/strong> vi\u0146\u0161 sa\u0146em v\u0113l no<strong> Lemberga<\/strong>, dr\u012bz to visu p\u0101r\u0146ems \u201c<strong>nopietn\u0101ka iest\u0101de<\/strong>\u201d- <strong>Tiesas spriedums un kar\u0101tavas<\/strong>. <strong>NA <\/strong>ir nekas vair\u0101k k\u0101 ind\u012bga \u0113rce uz latvie\u0161u tautas miesas, jo tie\u0161i <strong>NA <\/strong>izmain\u012bja latvie\u0161u tautas n\u0101kotnes att\u012bst\u012bbas koncepciju no <strong>LATVISKUMA<\/strong> uz <strong>NACION\u0100LO<\/strong>, kas ir nekas vair\u0101k, ka cionistu \u201c<strong>darba modelis<\/strong>\u201d! <\/p>\n\n\n\n<figure class=\"wp-block-image\"><img decoding=\"async\" loading=\"lazy\" width=\"793\" height=\"294\" src=\"https:\/\/tautastribunals.eu\/wp-content\/uploads\/2020\/06\/U\u0161akovs.Granti\u0146\u0161.Broka_.LRTT_.png\" alt=\"\" class=\"wp-image-56387\" srcset=\"https:\/\/tautastribunals.eu\/wp-content\/uploads\/2020\/06\/U\u0161akovs.Granti\u0146\u0161.Broka_.LRTT_.png 793w, https:\/\/tautastribunals.eu\/wp-content\/uploads\/2020\/06\/U\u0161akovs.Granti\u0146\u0161.Broka_.LRTT_-300x111.png 300w, https:\/\/tautastribunals.eu\/wp-content\/uploads\/2020\/06\/U\u0161akovs.Granti\u0146\u0161.Broka_.LRTT_-768x285.png 768w\" sizes=\"(max-width: 793px) 100vw, 793px\" \/><figcaption><strong>Nacion\u0101li ideolo\u0123iski vienojo\u0161\u0101s saites: <\/strong>R\u012bgas domes priek\u0161s\u0113d\u0113t\u0101js Nils U\u0161akovs (S) pirms vair\u0101k\u0101m ned\u0113\u013c\u0101m  apmekl\u0113jis R\u012bgas domes opoz\u012bcijas deput\u0101tes Baibas Brokas (VL-TB\/LNNK)  dzim\u0161anas dienas svin\u012bbas.<\/figcaption><\/figure>\n\n\n\n<figure class=\"wp-block-image\"><img decoding=\"async\" loading=\"lazy\" width=\"762\" height=\"800\" src=\"https:\/\/tautastribunals.eu\/wp-content\/uploads\/2020\/06\/Dzintars-Raivis.Lembergs-Aivars.-Granti\u0146\u0161-Linards.LRTT_-762x800.png\" alt=\"\" class=\"wp-image-56389\" srcset=\"https:\/\/tautastribunals.eu\/wp-content\/uploads\/2020\/06\/Dzintars-Raivis.Lembergs-Aivars.-Granti\u0146\u0161-Linards.LRTT_-762x800.png 762w, https:\/\/tautastribunals.eu\/wp-content\/uploads\/2020\/06\/Dzintars-Raivis.Lembergs-Aivars.-Granti\u0146\u0161-Linards.LRTT_-286x300.png 286w, https:\/\/tautastribunals.eu\/wp-content\/uploads\/2020\/06\/Dzintars-Raivis.Lembergs-Aivars.-Granti\u0146\u0161-Linards.LRTT_-768x806.png 768w, https:\/\/tautastribunals.eu\/wp-content\/uploads\/2020\/06\/Dzintars-Raivis.Lembergs-Aivars.-Granti\u0146\u0161-Linards.LRTT_.png 913w\" sizes=\"(max-width: 762px) 100vw, 762px\" \/><figcaption><strong>Dzintars ierodas p\u0113c sol\u012bt\u0101s pr\u0113mijas.<\/strong><\/figcaption><\/figure>\n\n\n\n<p><a href=\"https:\/\/konservativie.lv\/2020\/06\/05\/pec-plasam-debatem-saeima-noraida-jkp-rosinajumu-jaunaja-covid-19-likuma-aizliegt-organizet-azartspeles-un-izlozes\/\">https:\/\/konservativie.lv\/2020\/06\/05\/pec-plasam-debatem-saeima-noraida-jkp-rosinajumu-jaunaja-covid-19-likuma-aizliegt-organizet-azartspeles-un-izlozes\/<\/a>P\u0113c pla\u0161\u0101m debat\u0113m Saeima noraida JKP rosin\u0101jumu jaunaj\u0101 Covid-19 likum\u0101 aizliegt organiz\u0113t azartsp\u0113les un izlozes<\/p>\n\n\n\n<figure class=\"wp-block-image\"><img decoding=\"async\" loading=\"lazy\" width=\"800\" height=\"249\" src=\"https:\/\/tautastribunals.eu\/wp-content\/uploads\/2020\/06\/JKP.Bord\u0101ns.Granti\u0146\u0161.LRTT-Kopie-800x249.png\" alt=\"\" class=\"wp-image-56382\" srcset=\"https:\/\/tautastribunals.eu\/wp-content\/uploads\/2020\/06\/JKP.Bord\u0101ns.Granti\u0146\u0161.LRTT-Kopie-800x249.png 800w, https:\/\/tautastribunals.eu\/wp-content\/uploads\/2020\/06\/JKP.Bord\u0101ns.Granti\u0146\u0161.LRTT-Kopie-300x93.png 300w, https:\/\/tautastribunals.eu\/wp-content\/uploads\/2020\/06\/JKP.Bord\u0101ns.Granti\u0146\u0161.LRTT-Kopie-768x239.png 768w, https:\/\/tautastribunals.eu\/wp-content\/uploads\/2020\/06\/JKP.Bord\u0101ns.Granti\u0146\u0161.LRTT-Kopie.png 932w\" sizes=\"(max-width: 800px) 100vw, 800px\" \/><\/figure>\n\n\n\n<p> \ud83d\udd34 T\u0101 ir zaud\u0113ta kauja pret azartsp\u0113l\u0113m, bet ne zaud\u0113ts kar\u0161! Dalies ar \u0161o ierakstu, lai piln\u012bgi visi uzzin\u0101tu, kas ir kas!<br> \ud83d\udc49  \u0160is ir Saeimas kop\u0113jais balsojums par priek\u0161likumu, kas paredz\u0113tu uz  p\u0113c-Covid laiku, kad sp\u0113k\u0101 v\u0113l b\u016btu da\u017e\u0101di citi ierobe\u017eojumi un  iz\u0146\u0113mumi, turpin\u0101t tur\u0113t sl\u0113gtas azartsp\u0113\u013cu z\u0101les!<br> \u2139 Par priek\u0161likumu &#8211; 26; Pret &#8211; 34; Atturas &#8211; 24; Nebalso &#8211; 9. <\/p>\n\n\n\n<p class=\"has-text-color has-background has-medium-font-size has-very-light-gray-color has-very-dark-gray-background-color\">Piev\u0113rsiet uzman\u012bbu tiem, kas nebalso!<br><\/p>\n\n\n\n<p> \u2757 Tas noz\u012bm\u0113, ka s\u0101kot ar 10. j\u016bniju azartsp\u0113les rull\u0113s Latvij\u0101 gan fizisk\u0101s z\u0101l\u0113s, gan interakt\u012bvaj\u0101 vid\u0113 uz vella parau\u0161anu!<br> \u2757 Paldies visiem tiem deput\u0101tiem, kas atbalst\u012bja \u0161o priek\u0161likumu un kop\u0113jo c\u012b\u0146u! <\/p>\n\n\n\n<figure class=\"wp-block-image is-resized\"><img decoding=\"async\" loading=\"lazy\" src=\"https:\/\/tautastribunals.eu\/wp-content\/uploads\/2020\/06\/Raivis-Dzintars.Bord\u0101ns.Granti\u0146\u0161.M\u016brniece.LRTT_-497x800.png\" alt=\"\" class=\"wp-image-56358\" width=\"652\" height=\"1049\" srcset=\"https:\/\/tautastribunals.eu\/wp-content\/uploads\/2020\/06\/Raivis-Dzintars.Bord\u0101ns.Granti\u0146\u0161.M\u016brniece.LRTT_-497x800.png 497w, https:\/\/tautastribunals.eu\/wp-content\/uploads\/2020\/06\/Raivis-Dzintars.Bord\u0101ns.Granti\u0146\u0161.M\u016brniece.LRTT_-186x300.png 186w, https:\/\/tautastribunals.eu\/wp-content\/uploads\/2020\/06\/Raivis-Dzintars.Bord\u0101ns.Granti\u0146\u0161.M\u016brniece.LRTT_.png 768w\" sizes=\"(max-width: 652px) 100vw, 652px\" \/><\/figure>\n\n\n\n<p>10.06.20.              LRTT<\/p>\n","protected":false},"excerpt":{"rendered":"<p>Kur\u0161 sac\u012bs, ka Lembergs nav \u012bstais Latvijas &#8220;prezidents&#8217;? Var\u0113tu jau nepiegriezt sevi\u0161\u0137u uzman\u012bbu \u0161im balsojumam(raksta beig\u0101s), ja t\u0101 balsot\u0101ji nedal\u012btos p\u0113c politisk\u0101 \u201cspektra\u201d. Te tad ar\u012b s\u0101kas tas interesant\u0101kais, kas par\u0101da politisko \u201cpartiju\u201d ideolo\u0123isko&#46;&#46;&#46;<\/p>\n","protected":false},"author":1,"featured_media":0,"comment_status":"open","ping_status":"open","sticky":false,"template":"","format":"standard","meta":[],"categories":[1],"tags":[],"_links":{"self":[{"href":"https:\/\/tautastribunals.eu\/index.php?rest_route=\/wp\/v2\/posts\/56356"}],"collection":[{"href":"https:\/\/tautastribunals.eu\/index.php?rest_route=\/wp\/v2\/posts"}],"about":[{"href":"https:\/\/tautastribunals.eu\/index.php?rest_route=\/wp\/v2\/types\/post"}],"author":[{"embeddable":true,"href":"https:\/\/tautastribunals.eu\/index.php?rest_route=\/wp\/v2\/users\/1"}],"replies":[{"embeddable":true,"href":"https:\/\/tautastribunals.eu\/index.php?rest_route=%2Fwp%2Fv2%2Fcomments&post=56356"}],"version-history":[{"count":15,"href":"https:\/\/tautastribunals.eu\/index.php?rest_route=\/wp\/v2\/posts\/56356\/revisions"}],"predecessor-version":[{"id":56418,"href":"https:\/\/tautastribunals.eu\/index.php?rest_route=\/wp\/v2\/posts\/56356\/revisions\/56418"}],"wp:attachment":[{"href":"https:\/\/tautastribunals.eu\/index.php?rest_route=%2Fwp%2Fv2%2Fmedia&parent=56356"}],"wp:term":[{"taxonomy":"category","embeddable":true,"href":"https:\/\/tautastribunals.eu\/index.php?rest_route=%2Fwp%2Fv2%2Fcategories&post=56356"},{"taxonomy":"post_tag","embeddable":true,"href":"https:\/\/tautastribunals.eu\/index.php?rest_route=%2Fwp%2Fv2%2Ftags&post=56356"}],"curies":[{"name":"wp","href":"https:\/\/api.w.org\/{rel}","templated":true}]}}