{"id":56185,"date":"2020-05-20T23:38:21","date_gmt":"2020-05-20T20:38:21","guid":{"rendered":"https:\/\/tautastribunals.eu\/?p=56185"},"modified":"2020-05-21T01:28:31","modified_gmt":"2020-05-20T22:28:31","slug":"lasitajs-r-plavnieka-holo-murgs","status":"publish","type":"post","link":"https:\/\/tautastribunals.eu\/?p=56185","title":{"rendered":"Las\u012bt\u0101js. R. P\u013cavnieka holo- murgs !"},"content":{"rendered":"\n<figure class=\"wp-block-image\"><img decoding=\"async\" loading=\"lazy\" width=\"800\" height=\"112\" src=\"https:\/\/tautastribunals.eu\/wp-content\/uploads\/2019\/11\/www.tautastribunals.eu-12-800x112.png\" alt=\"\" class=\"wp-image-53856\" srcset=\"https:\/\/tautastribunals.eu\/wp-content\/uploads\/2019\/11\/www.tautastribunals.eu-12-800x112.png 800w, https:\/\/tautastribunals.eu\/wp-content\/uploads\/2019\/11\/www.tautastribunals.eu-12-300x42.png 300w, https:\/\/tautastribunals.eu\/wp-content\/uploads\/2019\/11\/www.tautastribunals.eu-12-768x108.png 768w, https:\/\/tautastribunals.eu\/wp-content\/uploads\/2019\/11\/www.tautastribunals.eu-12.png 950w\" sizes=\"(max-width: 800px) 100vw, 800px\" \/><\/figure>\n\n\n\n<p><strong>Amerik\u0101 <\/strong>dzimu\u0161ais <strong>Richards P\u013cavnieks<\/strong>, kur\u0161 ir iem\u0101c\u012bjies v\u0101cu valodu, bet ne latvie\u0161u valodu, ir topo\u0161ais v\u0113stures doktors, kur\u0161 uzrakst\u012bjis gr\u0101matu, kur\u0101 apgalvo to pa\u0161u, ko <strong>PSRS <\/strong>\u2013 \u017e\u012bdus esot \u0161\u0101vu\u0161i latvie\u0161i <strong>Viktors Ar\u0101js<\/strong> un <strong>Sta\u0146islavs \u0160teins<\/strong>. <\/p>\n\n\n\n<p>Pats atz\u012bst, ka izmantojis p\u0113tot\nlietu, izmantojis<strong> PSRS<\/strong> un <strong>A-V\u0101cijas arh\u012bvus<\/strong>. Ne v\u0101rda par pa\u0161u\naps\u016bdz\u0113to aizst\u0101v\u012bb\u0101 teikto. T\u0101pat atz\u012bst, ka sabr\u016bkot<strong> PSRS<\/strong>, p\u0101rc\u0113lies\nno <strong>ASV<\/strong> uz <strong>Maskavu<\/strong>, k\u0101 ar\u012b dal\u0101s iespaidos par t\u0101, k\u0101 vi\u0146u\niespaidojusi viz\u012bte <strong>Izra\u0113l\u0101.<\/strong><\/p>\n\n\n\n<p>Iedom\u0101jos, k\u0101d\u0113\u013c latvie\u0161u\nv\u0113sturnieks nep\u0113ta komunistu genoc\u012bdu pret latvie\u0161iem, bet m\u0113\u0123ina 2 latvie\u0161us\naps\u016bdz\u0113t vis\u0101 holokaust\u0101 ? Izr\u0101d\u0101s, ka vi\u0146\u0161 ir <strong>Saula Kagana<\/strong><em>(p\u0113ckara\nebreju restit\u016bcijas procesa izveidot\u0101js)stipendi\u0101ts<\/em>. <\/p>\n\n\n\n<p>\u0160\u012b gr\u0101mata \u0161oned\u0113\u013c ar <strong>\u201eLatvijas\nMediji\u201c <\/strong>starpniec\u012bbu ir izdota latvie\u0161u valod\u0101. Virz\u012bt\u0101js \u2013 antilatviskais <strong>Uldis\nNeiburgs<\/strong>.<\/p>\n\n\n\n<p>Intervija:<br> <a href=\"https:\/\/www.latviesi.com\/jaunumi\/raksts\/intervija-ar-amerikas-latvieti-holokausta-petnieku-ricardu-plavnieku\">https:\/\/www.latviesi.com\/jaunumi\/raksts\/intervija-ar-amerikas-latvieti-holokausta-petnieku-ricardu-plavnieku<\/a><\/p>\n\n\n\n<figure class=\"wp-block-embed-soundcloud wp-block-embed is-type-rich is-provider-soundcloud wp-embed-aspect-4-3 wp-has-aspect-ratio\"><div class=\"wp-block-embed__wrapper\">\n<iframe loading=\"lazy\" title=\"LW Interviews: Latvian Holocaust Historian Richards Plavnieks by Latvia Weekly\" width=\"500\" height=\"400\" scrolling=\"no\" frameborder=\"no\" src=\"https:\/\/w.soundcloud.com\/player\/?visual=true&#038;url=https%3A%2F%2Fapi.soundcloud.com%2Ftracks%2F666273881&#038;show_artwork=true&#038;maxwidth=500&#038;maxheight=750&#038;dnt=1\"><\/iframe>\n<\/div><figcaption><strong>Noziedznieks Plavnieks !<\/strong><\/figcaption><\/figure>\n\n\n\n<p><strong>Saula Kagana<\/strong> holokausta stipendi\u0101ts <strong>Richards Plavnieks<\/strong>.<br> <a href=\"http:\/\/fellowships.claimscon.org\/fellows\/cohort-ii\/richards-plavnieks\/\">http:\/\/fellowships.claimscon.org\/fellows\/cohort-ii\/richards-plavnieks\/<\/a><\/p>\n\n\n\n<p style=\"font-size:23px\" class=\"has-text-color has-background has-very-light-gray-color has-vivid-red-background-color\">LRTT. Cionistu k\u0101rt\u0113j\u0101s n\u0101ves agonijas g\u013cotas<\/p>\n\n\n\n<p style=\"font-size:14px\" class=\"has-text-color has-background has-very-light-gray-color has-very-dark-gray-background-color\">\u0160o las\u012bt\u0101ja inform\u0101ciju negrib\u0113j\u0101s<strong> \u201ciemest\u201d <\/strong>parastaj\u0101 koment\u0101ru groz\u0101, jo ar\u012b pats <strong>Las\u012bt\u0101js <\/strong>veic t\u0101l\u0101ku, protams, neapzin\u0101tu, bet tom\u0113r dezinform\u0101ciju atk\u0101rtojot de\u0123ener\u0101ta<strong> P\u013cavnieka<\/strong> sac\u012bto, ka izmantoti ir <strong>PSRS un V\u0101cijas arh\u012bvi<\/strong>. <\/p>\n\n\n\n<p class=\"has-text-color has-background has-medium-font-size has-very-light-gray-color has-very-dark-gray-background-color\"><strong>PSRS <\/strong>un<strong> V\u0101cijas<\/strong> arh\u012bvos atrodas <strong>Paties\u012bba,<\/strong> un proti, ka latvie\u0161iem nebija nek\u0101das<strong> \u201cdar\u012b\u0161anas\u201d <\/strong>ar \u017e\u012bdu \u0161au\u0161anu. <\/p>\n\n\n\n<p style=\"font-size:14px\" class=\"has-text-color has-background has-very-light-gray-color has-very-dark-gray-background-color\">To visu veica<strong> v\u0101cu augst\u0101kas varas iest\u0101des<\/strong> sadarbojoties ar <strong>PSRS NKVD<\/strong><em>(kgb).<\/em> To visu jau no tiem pa\u0161iem<strong> PSRS<\/strong> arh\u012bviem bija izzin\u0101jis <strong>A. Gr\u016btups<\/strong> un <strong>I. Ronis<\/strong>. Noziedznieks <strong>P\u013cavnieks<\/strong> un noziedznieks<strong> Neiburgs<\/strong> ir <strong>Izra\u0113las <\/strong>slepeno dienestu darbinieki un pien\u0101ks diena, kad vi\u0146i <strong>st\u0101sies TRIBUN\u0100LA priek\u0161\u0101 par v\u0113stures vilto\u0161anu un genoc\u012bdu pret latvie\u0161u tautu.<\/strong> Vi\u0146iem tiks izpild\u012bts <strong>ASM,<\/strong> par to vi\u0146i var ne\u0161aub\u012bties.<\/p>\n\n\n\n<figure class=\"wp-block-embed-wordpress wp-block-embed is-type-wp-embed is-provider-latvijas-republikas-tautas\"><div class=\"wp-block-embed__wrapper\">\n<blockquote class=\"wp-embedded-content\" data-secret=\"dbmnpUD3q5\"><a href=\"https:\/\/tautastribunals.eu\/?p=24881\">Bez Gr\u016btupa b\u016bs gr\u016bti aptur\u0113t \u017e\u012bdu neliet\u012bbu<\/a><\/blockquote><iframe title=\"&#8222;Bez Gr\u016btupa b\u016bs gr\u016bti aptur\u0113t \u017e\u012bdu neliet\u012bbu&#8220; &#8212; Latvijas Republikas tautas\" class=\"wp-embedded-content\" sandbox=\"allow-scripts\" security=\"restricted\" style=\"position: absolute; clip: rect(1px, 1px, 1px, 1px);\" src=\"https:\/\/tautastribunals.eu\/?p=24881&#038;embed=true#?secret=dbmnpUD3q5\" data-secret=\"dbmnpUD3q5\" width=\"500\" height=\"282\" frameborder=\"0\" marginwidth=\"0\" marginheight=\"0\" scrolling=\"no\"><\/iframe>\n<\/div><\/figure>\n\n\n\n<h4><\/h4>\n\n\n\n<figure class=\"wp-block-image\"><img decoding=\"async\" src=\"https:\/\/tautastribunals.eu\/wp-content\/uploads\/2016\/12\/Uldis-Neiburgs.L.Granti%C5%86%C5%A1.Cionisms.LRTT.-Dzintars..PNG\" alt=\"https:\/\/tautastribunals.eu\/wp-content\/uploads\/2016\/12\/Uldis-Neiburgs.L.Granti%C5%86%C5%A1.Cionisms.LRTT.-Dzintars..PNG\"\/><\/figure>\n\n\n\n<p>U. Neiburga raksts ir klasisks NACION\u0100L\u0100 NAIDA KURIN\u0100\u0160ANAS piem\u0113rs !<\/p>\n\n\n\n<h2><a href=\"http:\/\/www.la.lv\/rumbulas-tragedija-pratam-neaptverama\/\">Asin\u012bm pielietas ielas un knup\u012b\u0161i sarkan\u0101 snieg\u0101 !!!<\/a><br>\n<\/h2>\n\n\n\n<p><strong>U. Neiburgs \u201euzcepis\u201c<\/strong> pr\u0101tam neaptveramu murgu ainu ! <\/p>\n\n\n\n<p>T\u0101ds haoss pie v\u0101cie\u0161iem nenotika, par to nep\u0101rprotami rakst\u012bja<strong> Andris Gr\u016btups. <\/strong><\/p>\n\n\n\n<p>Advok\u0101ts- v\u0113sturnieks <strong>A. Gr\u016btups<\/strong>, kur\u0161 bija veicis dokument\u0101lu izp\u0113ti \u0161aj\u0101 jaut\u0101jum\u0101, skaidri pasac\u012bja:<a href=\"http:\/\/tautastribunals.eu\/?p=20774\"><strong>\u201eNeviens latvietis nevienu \u017e\u012bdu nav no\u0161\u0101vis !\u201c<\/strong><\/a><\/p>\n\n\n\n<p style=\"font-size:14px\" class=\"has-text-color has-background has-very-light-gray-color has-very-dark-gray-background-color\">Neviens latvietis\nnevienu \u017e\u012bdu nav no\u0161\u0101vis, jo t\u0101du patva\u013cu v\u0101cu <strong>SD <\/strong>nepie\u013c\u0101va ! L\u016bk, tie\u0161i\ntas ar\u012b ir rakst\u012bts <strong>PSRS<\/strong> un <strong>V\u0101cijas ARH\u012aVOS<\/strong> ! <\/p>\n\n\n\n<p>20.05.20                   L. Granti\u0146\u0161<\/p>\n\n\n\n<p style=\"font-size:24px\" class=\"has-text-color has-background has-very-light-gray-color has-very-dark-gray-background-color\">S\u0101tanisma(neiburga &amp; p\u013cavnieka) beigas !<\/p>\n\n\n\n<figure class=\"wp-block-embed-youtube wp-block-embed is-type-video is-provider-youtube wp-embed-aspect-16-9 wp-has-aspect-ratio\"><div class=\"wp-block-embed__wrapper\">\n<iframe loading=\"lazy\" title=\"\u041c\u044b \u0432 \u043d\u0430\u0447\u0430\u043b\u0435 \u043e\u0433\u0440\u043e\u043c\u043d\u044b\u0445 \u043f\u0440\u0435\u043e\u0431\u0440\u0430\u0437\u043e\u0432\u0430\u043d\u0438\u0439, \u043a\u043e\u0442\u043e\u0440\u044b\u0435 \u043f\u043e\u0442\u0440\u044f\u0441\u0443\u0442 \u043c\u0438\u0440\" width=\"500\" height=\"281\" src=\"https:\/\/www.youtube.com\/embed\/sHhf78kKNUM?feature=oembed&#038;wmode=opaque\" frameborder=\"0\" allow=\"accelerometer; autoplay; encrypted-media; gyroscope; picture-in-picture\" allowfullscreen><\/iframe>\n<\/div><\/figure>\n","protected":false},"excerpt":{"rendered":"<p>Amerik\u0101 dzimu\u0161ais Richards P\u013cavnieks, kur\u0161 ir iem\u0101c\u012bjies v\u0101cu valodu, bet ne latvie\u0161u valodu, ir topo\u0161ais v\u0113stures doktors, kur\u0161 uzrakst\u012bjis gr\u0101matu, kur\u0101 apgalvo to pa\u0161u, ko PSRS \u2013 \u017e\u012bdus esot \u0161\u0101vu\u0161i latvie\u0161i Viktors Ar\u0101js un&#46;&#46;&#46;<\/p>\n","protected":false},"author":1,"featured_media":0,"comment_status":"open","ping_status":"open","sticky":false,"template":"","format":"standard","meta":[],"categories":[1],"tags":[],"_links":{"self":[{"href":"https:\/\/tautastribunals.eu\/index.php?rest_route=\/wp\/v2\/posts\/56185"}],"collection":[{"href":"https:\/\/tautastribunals.eu\/index.php?rest_route=\/wp\/v2\/posts"}],"about":[{"href":"https:\/\/tautastribunals.eu\/index.php?rest_route=\/wp\/v2\/types\/post"}],"author":[{"embeddable":true,"href":"https:\/\/tautastribunals.eu\/index.php?rest_route=\/wp\/v2\/users\/1"}],"replies":[{"embeddable":true,"href":"https:\/\/tautastribunals.eu\/index.php?rest_route=%2Fwp%2Fv2%2Fcomments&post=56185"}],"version-history":[{"count":14,"href":"https:\/\/tautastribunals.eu\/index.php?rest_route=\/wp\/v2\/posts\/56185\/revisions"}],"predecessor-version":[{"id":56199,"href":"https:\/\/tautastribunals.eu\/index.php?rest_route=\/wp\/v2\/posts\/56185\/revisions\/56199"}],"wp:attachment":[{"href":"https:\/\/tautastribunals.eu\/index.php?rest_route=%2Fwp%2Fv2%2Fmedia&parent=56185"}],"wp:term":[{"taxonomy":"category","embeddable":true,"href":"https:\/\/tautastribunals.eu\/index.php?rest_route=%2Fwp%2Fv2%2Fcategories&post=56185"},{"taxonomy":"post_tag","embeddable":true,"href":"https:\/\/tautastribunals.eu\/index.php?rest_route=%2Fwp%2Fv2%2Ftags&post=56185"}],"curies":[{"name":"wp","href":"https:\/\/api.w.org\/{rel}","templated":true}]}}